{"id":5460,"date":"2017-10-04T21:18:57","date_gmt":"2017-10-04T21:18:57","guid":{"rendered":"http:\/\/vientosur.top\/museo\/\/?p=5460"},"modified":"2017-10-04T21:18:57","modified_gmt":"2017-10-04T21:18:57","slug":"google-y-museo-violeta-parra-celebran-100-anos-de-la-artista-con-doodle","status":"publish","type":"post","link":"http:\/\/vientosur.top\/museo\/google-y-museo-violeta-parra-celebran-100-anos-de-la-artista-con-doodle\/","title":{"rendered":"Google y Museo Violeta Parra celebraron 100 a\u00f1os de la artista con doodle"},"content":{"rendered":"<p>La ilustraci\u00f3n -publicada en el motor de b\u00fasqueda el 4 de octubre- es de la autor\u00eda de la <em>doodler<\/em> francesa H\u00e9l\u00e8ne Leroux, quien estuvo detr\u00e1s del exitoso doodle de San Valent\u00edn, <a href=\"https:\/\/www.google.com\/doodles\/valentines-day-2017-day-1\">\u201cLos Pangolines del Amor\u201d<\/a>. En esta entrega, la conceptualizaci\u00f3n naci\u00f3 de la misma obra de Violeta, espec\u00edficamente, de la arpillera titulada <a href=\"http:\/\/vientosur.top\/museo\/2016\/01\/04\/arbol-vida\/\"><em>El \u00c1rbol de la Vida<\/em><\/a>, obra que est\u00e1 en exhibici\u00f3n en la Sala Divina del <a href=\"http:\/\/vientosur.top\/museo\/\">Museo Violeta Parra<\/a>, ubicado en Santiago de Chile.<\/p>\n<p>&nbsp;<\/p>\n<p>Google cont\u00f3 con la colaboraci\u00f3n de la Fundaci\u00f3n Violeta Parra y el <a href=\"http:\/\/vientosur.top\/museo\/\">Museo Violeta Parra<\/a>, en el que se exhibe su obra visual, po\u00e9tica y musical.<\/p>\n<p>&nbsp;<\/p>\n<p>\u201cPara el museo era importante sumar el mundo digital a las conmemoraciones de Correos de Chile, Metro de Santiago y tantas otras instituciones que han desarrollado\u00a0 un sello para el aniversario. El trabajo con\u00a0Google\u00a0fue muy eficiente y coordinado. \u00a1El resultado super\u00f3 las expectativas! Fue una gratificante experiencia\u201d, se\u00f1ala Cecilia Garc\u00eda-Huidobro, Directora del Museo Violeta Parra.<\/p>\n<p>&nbsp;<\/p>\n<p>A partir de hoy, Violeta Parra se suma a la lista cada vez m\u00e1s larga de artistas chilenos homenajeados a trav\u00e9s de un doodle, que hoy incluye a <a href=\"https:\/\/www.google.com\/doodles\/gabriela-mistrals-126th-birthday\">Gabriela Mistral<\/a>, <a href=\"https:\/\/www.google.com\/doodles\/pablo-nerudas-birthday\">Pablo Neruda<\/a>, <a href=\"https:\/\/www.google.com\/doodles\/marcela-pazs-110th-birthday\">Marcela Paz<\/a>, <a href=\"https:\/\/www.google.com\/doodles\/matilde-perezs-99th-birthday\">Matilde P\u00e9rez<\/a> y <a href=\"https:\/\/www.google.com\/doodles\/roberto-mattas-101st-birthday\">Roberto Matta<\/a>.<\/p>\n<p>&nbsp;<\/p>\n","protected":false},"excerpt":{"rendered":"<p>La ilustraci\u00f3n -publicada en el motor de b\u00fasqueda el 4 de octubre- es de la autor\u00eda de la doodler francesa H\u00e9l\u00e8ne Leroux, quien estuvo detr\u00e1s del exitoso doodle de San Valent\u00edn, \u201cLos Pangolines del Amor\u201d. En esta entrega, la conceptualizaci\u00f3n naci\u00f3 de la misma obra de Violeta, espec\u00edficamente, de la arpillera titulada El \u00c1rbol de [&hellip;]<\/p>\n","protected":false},"author":5,"featured_media":5461,"comment_status":"open","ping_status":"open","sticky":false,"template":"","format":"standard","meta":{"site-sidebar-layout":"default","site-content-layout":"","ast-site-content-layout":"default","site-content-style":"default","site-sidebar-style":"default","ast-global-header-display":"","ast-banner-title-visibility":"","ast-main-header-display":"","ast-hfb-above-header-display":"","ast-hfb-below-header-display":"","ast-hfb-mobile-header-display":"","site-post-title":"","ast-breadcrumbs-content":"","ast-featured-img":"","footer-sml-layout":"","theme-transparent-header-meta":"","adv-header-id-meta":"","stick-header-meta":"","header-above-stick-meta":"","header-main-stick-meta":"","header-below-stick-meta":"","astra-migrate-meta-layouts":"default","ast-page-background-enabled":"default","ast-page-background-meta":{"desktop":{"background-color":"var(--ast-global-color-4)","background-image":"","background-repeat":"repeat","background-position":"center center","background-size":"auto","background-attachment":"scroll","background-type":"","background-media":"","overlay-type":"","overlay-color":"","overlay-opacity":"","overlay-gradient":""},"tablet":{"background-color":"","background-image":"","background-repeat":"repeat","background-position":"center center","background-size":"auto","background-attachment":"scroll","background-type":"","background-media":"","overlay-type":"","overlay-color":"","overlay-opacity":"","overlay-gradient":""},"mobile":{"background-color":"","background-image":"","background-repeat":"repeat","background-position":"center center","background-size":"auto","background-attachment":"scroll","background-type":"","background-media":"","overlay-type":"","overlay-color":"","overlay-opacity":"","overlay-gradient":""}},"ast-content-background-meta":{"desktop":{"background-color":"var(--ast-global-color-5)","background-image":"","background-repeat":"repeat","background-position":"center center","background-size":"auto","background-attachment":"scroll","background-type":"","background-media":"","overlay-type":"","overlay-color":"","overlay-opacity":"","overlay-gradient":""},"tablet":{"background-color":"var(--ast-global-color-5)","background-image":"","background-repeat":"repeat","background-position":"center center","background-size":"auto","background-attachment":"scroll","background-type":"","background-media":"","overlay-type":"","overlay-color":"","overlay-opacity":"","overlay-gradient":""},"mobile":{"background-color":"var(--ast-global-color-5)","background-image":"","background-repeat":"repeat","background-position":"center center","background-size":"auto","background-attachment":"scroll","background-type":"","background-media":"","overlay-type":"","overlay-color":"","overlay-opacity":"","overlay-gradient":""}},"footnotes":""},"categories":[59,8,61],"tags":[],"class_list":["post-5460","post","type-post","status-publish","format-standard","has-post-thumbnail","hentry","category-destacado-noticia","category-noticias","category-novedades"],"yoast_head":"<!-- This site is optimized with the Yoast SEO plugin v25.4 - https:\/\/yoast.com\/wordpress\/plugins\/seo\/ -->\n<title>Google y Museo Violeta Parra celebraron 100 a\u00f1os de la artista con doodle - Museo Violeta Parra<\/title>\n<meta name=\"robots\" content=\"index, follow, max-snippet:-1, max-image-preview:large, max-video-preview:-1\" \/>\n<link rel=\"canonical\" href=\"http:\/\/vientosur.top\/museo\/google-y-museo-violeta-parra-celebran-100-anos-de-la-artista-con-doodle\/\" \/>\n<meta property=\"og:locale\" content=\"es_ES\" \/>\n<meta property=\"og:type\" content=\"article\" \/>\n<meta property=\"og:title\" content=\"Google y Museo Violeta Parra celebraron 100 a\u00f1os de la artista con doodle - Museo Violeta Parra\" \/>\n<meta property=\"og:description\" content=\"La ilustraci\u00f3n -publicada en el motor de b\u00fasqueda el 4 de octubre- es de la autor\u00eda de la doodler francesa H\u00e9l\u00e8ne Leroux, quien estuvo detr\u00e1s del exitoso doodle de San Valent\u00edn, \u201cLos Pangolines del Amor\u201d. En esta entrega, la conceptualizaci\u00f3n naci\u00f3 de la misma obra de Violeta, espec\u00edficamente, de la arpillera titulada El \u00c1rbol de [&hellip;]\" \/>\n<meta property=\"og:url\" content=\"http:\/\/vientosur.top\/museo\/google-y-museo-violeta-parra-celebran-100-anos-de-la-artista-con-doodle\/\" \/>\n<meta property=\"og:site_name\" content=\"Museo Violeta Parra\" \/>\n<meta property=\"article:published_time\" content=\"2017-10-04T21:18:57+00:00\" \/>\n<meta property=\"og:image\" content=\"http:\/\/vientosur.top\/museo\/wp-content\/uploads\/2017\/10\/violeta-parra-2017-hires.png\" \/>\n\t<meta property=\"og:image:width\" content=\"2348\" \/>\n\t<meta property=\"og:image:height\" content=\"1000\" \/>\n\t<meta property=\"og:image:type\" content=\"image\/png\" \/>\n<meta name=\"author\" content=\"admin\" \/>\n<meta name=\"twitter:card\" content=\"summary_large_image\" \/>\n<meta name=\"twitter:label1\" content=\"Escrito por\" \/>\n\t<meta name=\"twitter:data1\" content=\"admin\" \/>\n\t<meta name=\"twitter:label2\" content=\"Tiempo de lectura\" \/>\n\t<meta name=\"twitter:data2\" content=\"1 minuto\" \/>\n<script type=\"application\/ld+json\" class=\"yoast-schema-graph\">{\"@context\":\"https:\/\/schema.org\",\"@graph\":[{\"@type\":\"WebPage\",\"@id\":\"http:\/\/vientosur.top\/museo\/google-y-museo-violeta-parra-celebran-100-anos-de-la-artista-con-doodle\/\",\"url\":\"http:\/\/vientosur.top\/museo\/google-y-museo-violeta-parra-celebran-100-anos-de-la-artista-con-doodle\/\",\"name\":\"Google y Museo Violeta Parra celebraron 100 a\u00f1os de la artista con doodle - Museo Violeta Parra\",\"isPartOf\":{\"@id\":\"http:\/\/vientosur.top\/museo\/#website\"},\"primaryImageOfPage\":{\"@id\":\"http:\/\/vientosur.top\/museo\/google-y-museo-violeta-parra-celebran-100-anos-de-la-artista-con-doodle\/#primaryimage\"},\"image\":{\"@id\":\"http:\/\/vientosur.top\/museo\/google-y-museo-violeta-parra-celebran-100-anos-de-la-artista-con-doodle\/#primaryimage\"},\"thumbnailUrl\":\"http:\/\/vientosur.top\/museo\/wp-content\/uploads\/2017\/10\/violeta-parra-2017-hires.png\",\"datePublished\":\"2017-10-04T21:18:57+00:00\",\"author\":{\"@id\":\"http:\/\/vientosur.top\/museo\/#\/schema\/person\/20c79d3c38800971feec8c2693c3dd9c\"},\"breadcrumb\":{\"@id\":\"http:\/\/vientosur.top\/museo\/google-y-museo-violeta-parra-celebran-100-anos-de-la-artista-con-doodle\/#breadcrumb\"},\"inLanguage\":\"es\",\"potentialAction\":[{\"@type\":\"ReadAction\",\"target\":[\"http:\/\/vientosur.top\/museo\/google-y-museo-violeta-parra-celebran-100-anos-de-la-artista-con-doodle\/\"]}]},{\"@type\":\"ImageObject\",\"inLanguage\":\"es\",\"@id\":\"http:\/\/vientosur.top\/museo\/google-y-museo-violeta-parra-celebran-100-anos-de-la-artista-con-doodle\/#primaryimage\",\"url\":\"http:\/\/vientosur.top\/museo\/wp-content\/uploads\/2017\/10\/violeta-parra-2017-hires.png\",\"contentUrl\":\"http:\/\/vientosur.top\/museo\/wp-content\/uploads\/2017\/10\/violeta-parra-2017-hires.png\",\"width\":2348,\"height\":1000},{\"@type\":\"BreadcrumbList\",\"@id\":\"http:\/\/vientosur.top\/museo\/google-y-museo-violeta-parra-celebran-100-anos-de-la-artista-con-doodle\/#breadcrumb\",\"itemListElement\":[{\"@type\":\"ListItem\",\"position\":1,\"name\":\"Portada\",\"item\":\"http:\/\/vientosur.top\/museo\/\"},{\"@type\":\"ListItem\",\"position\":2,\"name\":\"Google y Museo Violeta Parra celebraron 100 a\u00f1os de la artista con doodle\"}]},{\"@type\":\"WebSite\",\"@id\":\"http:\/\/vientosur.top\/museo\/#website\",\"url\":\"http:\/\/vientosur.top\/museo\/\",\"name\":\"Museo Violeta Parra\",\"description\":\"Espacio que alberga tanto la memoria y legado creativo de la artista\",\"potentialAction\":[{\"@type\":\"SearchAction\",\"target\":{\"@type\":\"EntryPoint\",\"urlTemplate\":\"http:\/\/vientosur.top\/museo\/?s={search_term_string}\"},\"query-input\":{\"@type\":\"PropertyValueSpecification\",\"valueRequired\":true,\"valueName\":\"search_term_string\"}}],\"inLanguage\":\"es\"},{\"@type\":\"Person\",\"@id\":\"http:\/\/vientosur.top\/museo\/#\/schema\/person\/20c79d3c38800971feec8c2693c3dd9c\",\"name\":\"admin\",\"image\":{\"@type\":\"ImageObject\",\"inLanguage\":\"es\",\"@id\":\"http:\/\/vientosur.top\/museo\/#\/schema\/person\/image\/\",\"url\":\"https:\/\/secure.gravatar.com\/avatar\/713677ece3ffa642287213a80e5b773bce9ab81c269dd6d95102a990951c922f?s=96&d=mm&r=g\",\"contentUrl\":\"https:\/\/secure.gravatar.com\/avatar\/713677ece3ffa642287213a80e5b773bce9ab81c269dd6d95102a990951c922f?s=96&d=mm&r=g\",\"caption\":\"admin\"},\"sameAs\":[\"http:\/\/vientosur.top\/museo\"],\"url\":\"http:\/\/vientosur.top\/museo\/author\/comunicacionesmvp\/\"}]}<\/script>\n<!-- \/ Yoast SEO plugin. -->","yoast_head_json":{"title":"Google y Museo Violeta Parra celebraron 100 a\u00f1os de la artista con doodle - Museo Violeta Parra","robots":{"index":"index","follow":"follow","max-snippet":"max-snippet:-1","max-image-preview":"max-image-preview:large","max-video-preview":"max-video-preview:-1"},"canonical":"http:\/\/vientosur.top\/museo\/google-y-museo-violeta-parra-celebran-100-anos-de-la-artista-con-doodle\/","og_locale":"es_ES","og_type":"article","og_title":"Google y Museo Violeta Parra celebraron 100 a\u00f1os de la artista con doodle - Museo Violeta Parra","og_description":"La ilustraci\u00f3n -publicada en el motor de b\u00fasqueda el 4 de octubre- es de la autor\u00eda de la doodler francesa H\u00e9l\u00e8ne Leroux, quien estuvo detr\u00e1s del exitoso doodle de San Valent\u00edn, \u201cLos Pangolines del Amor\u201d. En esta entrega, la conceptualizaci\u00f3n naci\u00f3 de la misma obra de Violeta, espec\u00edficamente, de la arpillera titulada El \u00c1rbol de [&hellip;]","og_url":"http:\/\/vientosur.top\/museo\/google-y-museo-violeta-parra-celebran-100-anos-de-la-artista-con-doodle\/","og_site_name":"Museo Violeta Parra","article_published_time":"2017-10-04T21:18:57+00:00","og_image":[{"width":2348,"height":1000,"url":"http:\/\/vientosur.top\/museo\/wp-content\/uploads\/2017\/10\/violeta-parra-2017-hires.png","type":"image\/png"}],"author":"admin","twitter_card":"summary_large_image","twitter_misc":{"Escrito por":"admin","Tiempo de lectura":"1 minuto"},"schema":{"@context":"https:\/\/schema.org","@graph":[{"@type":"WebPage","@id":"http:\/\/vientosur.top\/museo\/google-y-museo-violeta-parra-celebran-100-anos-de-la-artista-con-doodle\/","url":"http:\/\/vientosur.top\/museo\/google-y-museo-violeta-parra-celebran-100-anos-de-la-artista-con-doodle\/","name":"Google y Museo Violeta Parra celebraron 100 a\u00f1os de la artista con doodle - Museo Violeta Parra","isPartOf":{"@id":"http:\/\/vientosur.top\/museo\/#website"},"primaryImageOfPage":{"@id":"http:\/\/vientosur.top\/museo\/google-y-museo-violeta-parra-celebran-100-anos-de-la-artista-con-doodle\/#primaryimage"},"image":{"@id":"http:\/\/vientosur.top\/museo\/google-y-museo-violeta-parra-celebran-100-anos-de-la-artista-con-doodle\/#primaryimage"},"thumbnailUrl":"http:\/\/vientosur.top\/museo\/wp-content\/uploads\/2017\/10\/violeta-parra-2017-hires.png","datePublished":"2017-10-04T21:18:57+00:00","author":{"@id":"http:\/\/vientosur.top\/museo\/#\/schema\/person\/20c79d3c38800971feec8c2693c3dd9c"},"breadcrumb":{"@id":"http:\/\/vientosur.top\/museo\/google-y-museo-violeta-parra-celebran-100-anos-de-la-artista-con-doodle\/#breadcrumb"},"inLanguage":"es","potentialAction":[{"@type":"ReadAction","target":["http:\/\/vientosur.top\/museo\/google-y-museo-violeta-parra-celebran-100-anos-de-la-artista-con-doodle\/"]}]},{"@type":"ImageObject","inLanguage":"es","@id":"http:\/\/vientosur.top\/museo\/google-y-museo-violeta-parra-celebran-100-anos-de-la-artista-con-doodle\/#primaryimage","url":"http:\/\/vientosur.top\/museo\/wp-content\/uploads\/2017\/10\/violeta-parra-2017-hires.png","contentUrl":"http:\/\/vientosur.top\/museo\/wp-content\/uploads\/2017\/10\/violeta-parra-2017-hires.png","width":2348,"height":1000},{"@type":"BreadcrumbList","@id":"http:\/\/vientosur.top\/museo\/google-y-museo-violeta-parra-celebran-100-anos-de-la-artista-con-doodle\/#breadcrumb","itemListElement":[{"@type":"ListItem","position":1,"name":"Portada","item":"http:\/\/vientosur.top\/museo\/"},{"@type":"ListItem","position":2,"name":"Google y Museo Violeta Parra celebraron 100 a\u00f1os de la artista con doodle"}]},{"@type":"WebSite","@id":"http:\/\/vientosur.top\/museo\/#website","url":"http:\/\/vientosur.top\/museo\/","name":"Museo Violeta Parra","description":"Espacio que alberga tanto la memoria y legado creativo de la artista","potentialAction":[{"@type":"SearchAction","target":{"@type":"EntryPoint","urlTemplate":"http:\/\/vientosur.top\/museo\/?s={search_term_string}"},"query-input":{"@type":"PropertyValueSpecification","valueRequired":true,"valueName":"search_term_string"}}],"inLanguage":"es"},{"@type":"Person","@id":"http:\/\/vientosur.top\/museo\/#\/schema\/person\/20c79d3c38800971feec8c2693c3dd9c","name":"admin","image":{"@type":"ImageObject","inLanguage":"es","@id":"http:\/\/vientosur.top\/museo\/#\/schema\/person\/image\/","url":"https:\/\/secure.gravatar.com\/avatar\/713677ece3ffa642287213a80e5b773bce9ab81c269dd6d95102a990951c922f?s=96&d=mm&r=g","contentUrl":"https:\/\/secure.gravatar.com\/avatar\/713677ece3ffa642287213a80e5b773bce9ab81c269dd6d95102a990951c922f?s=96&d=mm&r=g","caption":"admin"},"sameAs":["http:\/\/vientosur.top\/museo"],"url":"http:\/\/vientosur.top\/museo\/author\/comunicacionesmvp\/"}]}},"_links":{"self":[{"href":"http:\/\/vientosur.top\/museo\/wp-json\/wp\/v2\/posts\/5460","targetHints":{"allow":["GET"]}}],"collection":[{"href":"http:\/\/vientosur.top\/museo\/wp-json\/wp\/v2\/posts"}],"about":[{"href":"http:\/\/vientosur.top\/museo\/wp-json\/wp\/v2\/types\/post"}],"author":[{"embeddable":true,"href":"http:\/\/vientosur.top\/museo\/wp-json\/wp\/v2\/users\/5"}],"replies":[{"embeddable":true,"href":"http:\/\/vientosur.top\/museo\/wp-json\/wp\/v2\/comments?post=5460"}],"version-history":[{"count":0,"href":"http:\/\/vientosur.top\/museo\/wp-json\/wp\/v2\/posts\/5460\/revisions"}],"wp:featuredmedia":[{"embeddable":true,"href":"http:\/\/vientosur.top\/museo\/wp-json\/wp\/v2\/media\/5461"}],"wp:attachment":[{"href":"http:\/\/vientosur.top\/museo\/wp-json\/wp\/v2\/media?parent=5460"}],"wp:term":[{"taxonomy":"category","embeddable":true,"href":"http:\/\/vientosur.top\/museo\/wp-json\/wp\/v2\/categories?post=5460"},{"taxonomy":"post_tag","embeddable":true,"href":"http:\/\/vientosur.top\/museo\/wp-json\/wp\/v2\/tags?post=5460"}],"curies":[{"name":"wp","href":"https:\/\/api.w.org\/{rel}","templated":true}]}}