{"id":5468,"date":"2017-10-05T12:41:02","date_gmt":"2017-10-05T12:41:02","guid":{"rendered":"http:\/\/vientosur.top\/museo\/\/?p=5468"},"modified":"2017-10-05T12:41:02","modified_gmt":"2017-10-05T12:41:02","slug":"museo-violeta-parra-celebra-los-100-anos-de-violeta-con-programacion-especial-durante-octubre","status":"publish","type":"post","link":"http:\/\/vientosur.top\/museo\/museo-violeta-parra-celebra-los-100-anos-de-violeta-con-programacion-especial-durante-octubre\/","title":{"rendered":"Museo Violeta Parra celebra los 100 a\u00f1os de la artista con programaci\u00f3n especial en octubre"},"content":{"rendered":"<p><strong><br \/>\n<\/strong>El Museo Violeta Parra celebrar\u00e1 los 100 a\u00f1os de la artista con diversas presentaciones musicales a las 16:00 horas, entre las que destacan: Homenaje del Sindicato de Folkloristas (s\u00e1bado 7), Coro Barbagelata (domingo 8), Canto Mayor de Algarrobo (s\u00e1bado 14), Tita Parra (domingo 15), Mar\u00eda Esther Zamora y Pepe Fuentes (s\u00e1bado 21), Isabel Parra (domingo 22), The League of Guitarists (s\u00e1bado 28) y el Coro Madrigalistas de la Universidad de Playa Ancha (domingo 29). Los espect\u00e1culos en la explanada son abiertos al p\u00fablico por orden de llegada y los que se realizan en el auditorio cuentan con reserva gratuita de entradas por el sitio web <a href=\"http:\/\/vientosur.top\/museo\">www.museovioletaparra.cl<\/a>, desde el lunes anterior a su realizaci\u00f3n.<\/p>\n<p>&nbsp;<\/p>\n<p>Al programa de extensi\u00f3n cultural tambi\u00e9n se suman las charlas: \u201cVioleta Parra. El canto de todos\u201d por Patricia Stambuk (martes 11 a las 16:00 horas), \u201cVioleta Parra: creadora de mundos y canciones\u201d por el music\u00f3logo Juan Pablo Gonz\u00e1lez (mi\u00e9rcoles 12 a las 18:30 horas), \u201cVioleta Parra en el Wallmapu\u201d por Elisa Loncon, Paula Miranda y Allison Ramay (jueves 19 a las 16:00 horas) e \u00abIm\u00e1genes del Chile de Violeta Parra (1917-1967) en el Archivo Fotogr\u00e1fico de la Biblioteca Nacional\u00bb por Soledad Abarca (jueves 26 a las 16:00 horas). \u00a0<a href=\"http:\/\/vientosur.top\/museo\/\/actividades\/actividad\">Ver toda la programaci\u00f3n de octubre en este enlace<\/a>.<\/p>\n<p>&nbsp;<\/p>\n<p>&nbsp;<\/p>\n<p><a href=\"http:\/\/vientosur.top\/museo\/\/wp-content\/uploads\/2017\/10\/Carteleraoctubre.png\"><img fetchpriority=\"high\" decoding=\"async\" class=\"alignnone wp-image-5453\" src=\"http:\/\/vientosur.top\/museo\/\/wp-content\/uploads\/2017\/10\/Carteleraoctubre-176x300.png\" alt=\"\" width=\"850\" height=\"1446\" \/><\/a><\/p>\n","protected":false},"excerpt":{"rendered":"<p>El Museo Violeta Parra celebrar\u00e1 los 100 a\u00f1os de la artista con diversas presentaciones musicales a las 16:00 horas, entre las que destacan: Homenaje del Sindicato de Folkloristas (s\u00e1bado 7), Coro Barbagelata (domingo 8), Canto Mayor de Algarrobo (s\u00e1bado 14), Tita Parra (domingo 15), Mar\u00eda Esther Zamora y Pepe Fuentes (s\u00e1bado 21), Isabel Parra (domingo [&hellip;]<\/p>\n","protected":false},"author":5,"featured_media":10,"comment_status":"open","ping_status":"open","sticky":false,"template":"","format":"standard","meta":{"site-sidebar-layout":"default","site-content-layout":"","ast-site-content-layout":"default","site-content-style":"default","site-sidebar-style":"default","ast-global-header-display":"","ast-banner-title-visibility":"","ast-main-header-display":"","ast-hfb-above-header-display":"","ast-hfb-below-header-display":"","ast-hfb-mobile-header-display":"","site-post-title":"","ast-breadcrumbs-content":"","ast-featured-img":"","footer-sml-layout":"","theme-transparent-header-meta":"","adv-header-id-meta":"","stick-header-meta":"","header-above-stick-meta":"","header-main-stick-meta":"","header-below-stick-meta":"","astra-migrate-meta-layouts":"default","ast-page-background-enabled":"default","ast-page-background-meta":{"desktop":{"background-color":"var(--ast-global-color-4)","background-image":"","background-repeat":"repeat","background-position":"center center","background-size":"auto","background-attachment":"scroll","background-type":"","background-media":"","overlay-type":"","overlay-color":"","overlay-opacity":"","overlay-gradient":""},"tablet":{"background-color":"","background-image":"","background-repeat":"repeat","background-position":"center center","background-size":"auto","background-attachment":"scroll","background-type":"","background-media":"","overlay-type":"","overlay-color":"","overlay-opacity":"","overlay-gradient":""},"mobile":{"background-color":"","background-image":"","background-repeat":"repeat","background-position":"center center","background-size":"auto","background-attachment":"scroll","background-type":"","background-media":"","overlay-type":"","overlay-color":"","overlay-opacity":"","overlay-gradient":""}},"ast-content-background-meta":{"desktop":{"background-color":"var(--ast-global-color-5)","background-image":"","background-repeat":"repeat","background-position":"center center","background-size":"auto","background-attachment":"scroll","background-type":"","background-media":"","overlay-type":"","overlay-color":"","overlay-opacity":"","overlay-gradient":""},"tablet":{"background-color":"var(--ast-global-color-5)","background-image":"","background-repeat":"repeat","background-position":"center center","background-size":"auto","background-attachment":"scroll","background-type":"","background-media":"","overlay-type":"","overlay-color":"","overlay-opacity":"","overlay-gradient":""},"mobile":{"background-color":"var(--ast-global-color-5)","background-image":"","background-repeat":"repeat","background-position":"center center","background-size":"auto","background-attachment":"scroll","background-type":"","background-media":"","overlay-type":"","overlay-color":"","overlay-opacity":"","overlay-gradient":""}},"footnotes":""},"categories":[59,8,61],"tags":[],"class_list":["post-5468","post","type-post","status-publish","format-standard","has-post-thumbnail","hentry","category-destacado-noticia","category-noticias","category-novedades"],"yoast_head":"<!-- This site is optimized with the Yoast SEO plugin v25.4 - https:\/\/yoast.com\/wordpress\/plugins\/seo\/ -->\n<title>Museo Violeta Parra celebra los 100 a\u00f1os de la artista con programaci\u00f3n especial en octubre - Museo Violeta Parra<\/title>\n<meta name=\"robots\" content=\"index, follow, max-snippet:-1, max-image-preview:large, max-video-preview:-1\" \/>\n<link rel=\"canonical\" href=\"http:\/\/vientosur.top\/museo\/museo-violeta-parra-celebra-los-100-anos-de-violeta-con-programacion-especial-durante-octubre\/\" \/>\n<meta property=\"og:locale\" content=\"es_ES\" \/>\n<meta property=\"og:type\" content=\"article\" \/>\n<meta property=\"og:title\" content=\"Museo Violeta Parra celebra los 100 a\u00f1os de la artista con programaci\u00f3n especial en octubre - Museo Violeta Parra\" \/>\n<meta property=\"og:description\" content=\"El Museo Violeta Parra celebrar\u00e1 los 100 a\u00f1os de la artista con diversas presentaciones musicales a las 16:00 horas, entre las que destacan: Homenaje del Sindicato de Folkloristas (s\u00e1bado 7), Coro Barbagelata (domingo 8), Canto Mayor de Algarrobo (s\u00e1bado 14), Tita Parra (domingo 15), Mar\u00eda Esther Zamora y Pepe Fuentes (s\u00e1bado 21), Isabel Parra (domingo [&hellip;]\" \/>\n<meta property=\"og:url\" content=\"http:\/\/vientosur.top\/museo\/museo-violeta-parra-celebra-los-100-anos-de-violeta-con-programacion-especial-durante-octubre\/\" \/>\n<meta property=\"og:site_name\" content=\"Museo Violeta Parra\" \/>\n<meta property=\"article:published_time\" content=\"2017-10-05T12:41:02+00:00\" \/>\n<meta name=\"author\" content=\"admin\" \/>\n<meta name=\"twitter:card\" content=\"summary_large_image\" \/>\n<meta name=\"twitter:label1\" content=\"Escrito por\" \/>\n\t<meta name=\"twitter:data1\" content=\"admin\" \/>\n\t<meta name=\"twitter:label2\" content=\"Tiempo de lectura\" \/>\n\t<meta name=\"twitter:data2\" content=\"1 minuto\" \/>\n<script type=\"application\/ld+json\" class=\"yoast-schema-graph\">{\"@context\":\"https:\/\/schema.org\",\"@graph\":[{\"@type\":\"WebPage\",\"@id\":\"http:\/\/vientosur.top\/museo\/museo-violeta-parra-celebra-los-100-anos-de-violeta-con-programacion-especial-durante-octubre\/\",\"url\":\"http:\/\/vientosur.top\/museo\/museo-violeta-parra-celebra-los-100-anos-de-violeta-con-programacion-especial-durante-octubre\/\",\"name\":\"Museo Violeta Parra celebra los 100 a\u00f1os de la artista con programaci\u00f3n especial en octubre - Museo Violeta Parra\",\"isPartOf\":{\"@id\":\"http:\/\/vientosur.top\/museo\/#website\"},\"primaryImageOfPage\":{\"@id\":\"http:\/\/vientosur.top\/museo\/museo-violeta-parra-celebra-los-100-anos-de-violeta-con-programacion-especial-durante-octubre\/#primaryimage\"},\"image\":{\"@id\":\"http:\/\/vientosur.top\/museo\/museo-violeta-parra-celebra-los-100-anos-de-violeta-con-programacion-especial-durante-octubre\/#primaryimage\"},\"thumbnailUrl\":\"\",\"datePublished\":\"2017-10-05T12:41:02+00:00\",\"author\":{\"@id\":\"http:\/\/vientosur.top\/museo\/#\/schema\/person\/20c79d3c38800971feec8c2693c3dd9c\"},\"breadcrumb\":{\"@id\":\"http:\/\/vientosur.top\/museo\/museo-violeta-parra-celebra-los-100-anos-de-violeta-con-programacion-especial-durante-octubre\/#breadcrumb\"},\"inLanguage\":\"es\",\"potentialAction\":[{\"@type\":\"ReadAction\",\"target\":[\"http:\/\/vientosur.top\/museo\/museo-violeta-parra-celebra-los-100-anos-de-violeta-con-programacion-especial-durante-octubre\/\"]}]},{\"@type\":\"ImageObject\",\"inLanguage\":\"es\",\"@id\":\"http:\/\/vientosur.top\/museo\/museo-violeta-parra-celebra-los-100-anos-de-violeta-con-programacion-especial-durante-octubre\/#primaryimage\",\"url\":\"\",\"contentUrl\":\"\"},{\"@type\":\"BreadcrumbList\",\"@id\":\"http:\/\/vientosur.top\/museo\/museo-violeta-parra-celebra-los-100-anos-de-violeta-con-programacion-especial-durante-octubre\/#breadcrumb\",\"itemListElement\":[{\"@type\":\"ListItem\",\"position\":1,\"name\":\"Portada\",\"item\":\"http:\/\/vientosur.top\/museo\/\"},{\"@type\":\"ListItem\",\"position\":2,\"name\":\"Museo Violeta Parra celebra los 100 a\u00f1os de la artista con programaci\u00f3n especial en octubre\"}]},{\"@type\":\"WebSite\",\"@id\":\"http:\/\/vientosur.top\/museo\/#website\",\"url\":\"http:\/\/vientosur.top\/museo\/\",\"name\":\"Museo Violeta Parra\",\"description\":\"Espacio que alberga tanto la memoria y legado creativo de la artista\",\"potentialAction\":[{\"@type\":\"SearchAction\",\"target\":{\"@type\":\"EntryPoint\",\"urlTemplate\":\"http:\/\/vientosur.top\/museo\/?s={search_term_string}\"},\"query-input\":{\"@type\":\"PropertyValueSpecification\",\"valueRequired\":true,\"valueName\":\"search_term_string\"}}],\"inLanguage\":\"es\"},{\"@type\":\"Person\",\"@id\":\"http:\/\/vientosur.top\/museo\/#\/schema\/person\/20c79d3c38800971feec8c2693c3dd9c\",\"name\":\"admin\",\"image\":{\"@type\":\"ImageObject\",\"inLanguage\":\"es\",\"@id\":\"http:\/\/vientosur.top\/museo\/#\/schema\/person\/image\/\",\"url\":\"https:\/\/secure.gravatar.com\/avatar\/713677ece3ffa642287213a80e5b773bce9ab81c269dd6d95102a990951c922f?s=96&d=mm&r=g\",\"contentUrl\":\"https:\/\/secure.gravatar.com\/avatar\/713677ece3ffa642287213a80e5b773bce9ab81c269dd6d95102a990951c922f?s=96&d=mm&r=g\",\"caption\":\"admin\"},\"sameAs\":[\"http:\/\/vientosur.top\/museo\"],\"url\":\"http:\/\/vientosur.top\/museo\/author\/comunicacionesmvp\/\"}]}<\/script>\n<!-- \/ Yoast SEO plugin. -->","yoast_head_json":{"title":"Museo Violeta Parra celebra los 100 a\u00f1os de la artista con programaci\u00f3n especial en octubre - Museo Violeta Parra","robots":{"index":"index","follow":"follow","max-snippet":"max-snippet:-1","max-image-preview":"max-image-preview:large","max-video-preview":"max-video-preview:-1"},"canonical":"http:\/\/vientosur.top\/museo\/museo-violeta-parra-celebra-los-100-anos-de-violeta-con-programacion-especial-durante-octubre\/","og_locale":"es_ES","og_type":"article","og_title":"Museo Violeta Parra celebra los 100 a\u00f1os de la artista con programaci\u00f3n especial en octubre - Museo Violeta Parra","og_description":"El Museo Violeta Parra celebrar\u00e1 los 100 a\u00f1os de la artista con diversas presentaciones musicales a las 16:00 horas, entre las que destacan: Homenaje del Sindicato de Folkloristas (s\u00e1bado 7), Coro Barbagelata (domingo 8), Canto Mayor de Algarrobo (s\u00e1bado 14), Tita Parra (domingo 15), Mar\u00eda Esther Zamora y Pepe Fuentes (s\u00e1bado 21), Isabel Parra (domingo [&hellip;]","og_url":"http:\/\/vientosur.top\/museo\/museo-violeta-parra-celebra-los-100-anos-de-violeta-con-programacion-especial-durante-octubre\/","og_site_name":"Museo Violeta Parra","article_published_time":"2017-10-05T12:41:02+00:00","author":"admin","twitter_card":"summary_large_image","twitter_misc":{"Escrito por":"admin","Tiempo de lectura":"1 minuto"},"schema":{"@context":"https:\/\/schema.org","@graph":[{"@type":"WebPage","@id":"http:\/\/vientosur.top\/museo\/museo-violeta-parra-celebra-los-100-anos-de-violeta-con-programacion-especial-durante-octubre\/","url":"http:\/\/vientosur.top\/museo\/museo-violeta-parra-celebra-los-100-anos-de-violeta-con-programacion-especial-durante-octubre\/","name":"Museo Violeta Parra celebra los 100 a\u00f1os de la artista con programaci\u00f3n especial en octubre - Museo Violeta Parra","isPartOf":{"@id":"http:\/\/vientosur.top\/museo\/#website"},"primaryImageOfPage":{"@id":"http:\/\/vientosur.top\/museo\/museo-violeta-parra-celebra-los-100-anos-de-violeta-con-programacion-especial-durante-octubre\/#primaryimage"},"image":{"@id":"http:\/\/vientosur.top\/museo\/museo-violeta-parra-celebra-los-100-anos-de-violeta-con-programacion-especial-durante-octubre\/#primaryimage"},"thumbnailUrl":"","datePublished":"2017-10-05T12:41:02+00:00","author":{"@id":"http:\/\/vientosur.top\/museo\/#\/schema\/person\/20c79d3c38800971feec8c2693c3dd9c"},"breadcrumb":{"@id":"http:\/\/vientosur.top\/museo\/museo-violeta-parra-celebra-los-100-anos-de-violeta-con-programacion-especial-durante-octubre\/#breadcrumb"},"inLanguage":"es","potentialAction":[{"@type":"ReadAction","target":["http:\/\/vientosur.top\/museo\/museo-violeta-parra-celebra-los-100-anos-de-violeta-con-programacion-especial-durante-octubre\/"]}]},{"@type":"ImageObject","inLanguage":"es","@id":"http:\/\/vientosur.top\/museo\/museo-violeta-parra-celebra-los-100-anos-de-violeta-con-programacion-especial-durante-octubre\/#primaryimage","url":"","contentUrl":""},{"@type":"BreadcrumbList","@id":"http:\/\/vientosur.top\/museo\/museo-violeta-parra-celebra-los-100-anos-de-violeta-con-programacion-especial-durante-octubre\/#breadcrumb","itemListElement":[{"@type":"ListItem","position":1,"name":"Portada","item":"http:\/\/vientosur.top\/museo\/"},{"@type":"ListItem","position":2,"name":"Museo Violeta Parra celebra los 100 a\u00f1os de la artista con programaci\u00f3n especial en octubre"}]},{"@type":"WebSite","@id":"http:\/\/vientosur.top\/museo\/#website","url":"http:\/\/vientosur.top\/museo\/","name":"Museo Violeta Parra","description":"Espacio que alberga tanto la memoria y legado creativo de la artista","potentialAction":[{"@type":"SearchAction","target":{"@type":"EntryPoint","urlTemplate":"http:\/\/vientosur.top\/museo\/?s={search_term_string}"},"query-input":{"@type":"PropertyValueSpecification","valueRequired":true,"valueName":"search_term_string"}}],"inLanguage":"es"},{"@type":"Person","@id":"http:\/\/vientosur.top\/museo\/#\/schema\/person\/20c79d3c38800971feec8c2693c3dd9c","name":"admin","image":{"@type":"ImageObject","inLanguage":"es","@id":"http:\/\/vientosur.top\/museo\/#\/schema\/person\/image\/","url":"https:\/\/secure.gravatar.com\/avatar\/713677ece3ffa642287213a80e5b773bce9ab81c269dd6d95102a990951c922f?s=96&d=mm&r=g","contentUrl":"https:\/\/secure.gravatar.com\/avatar\/713677ece3ffa642287213a80e5b773bce9ab81c269dd6d95102a990951c922f?s=96&d=mm&r=g","caption":"admin"},"sameAs":["http:\/\/vientosur.top\/museo"],"url":"http:\/\/vientosur.top\/museo\/author\/comunicacionesmvp\/"}]}},"_links":{"self":[{"href":"http:\/\/vientosur.top\/museo\/wp-json\/wp\/v2\/posts\/5468","targetHints":{"allow":["GET"]}}],"collection":[{"href":"http:\/\/vientosur.top\/museo\/wp-json\/wp\/v2\/posts"}],"about":[{"href":"http:\/\/vientosur.top\/museo\/wp-json\/wp\/v2\/types\/post"}],"author":[{"embeddable":true,"href":"http:\/\/vientosur.top\/museo\/wp-json\/wp\/v2\/users\/5"}],"replies":[{"embeddable":true,"href":"http:\/\/vientosur.top\/museo\/wp-json\/wp\/v2\/comments?post=5468"}],"version-history":[{"count":0,"href":"http:\/\/vientosur.top\/museo\/wp-json\/wp\/v2\/posts\/5468\/revisions"}],"wp:featuredmedia":[{"embeddable":true,"href":"http:\/\/vientosur.top\/museo\/wp-json\/"}],"wp:attachment":[{"href":"http:\/\/vientosur.top\/museo\/wp-json\/wp\/v2\/media?parent=5468"}],"wp:term":[{"taxonomy":"category","embeddable":true,"href":"http:\/\/vientosur.top\/museo\/wp-json\/wp\/v2\/categories?post=5468"},{"taxonomy":"post_tag","embeddable":true,"href":"http:\/\/vientosur.top\/museo\/wp-json\/wp\/v2\/tags?post=5468"}],"curies":[{"name":"wp","href":"https:\/\/api.w.org\/{rel}","templated":true}]}}