{"id":5477,"date":"2017-10-05T14:53:31","date_gmt":"2017-10-05T14:53:31","guid":{"rendered":"http:\/\/vientosur.top\/museo\/\/?p=5477"},"modified":"2017-10-05T14:53:31","modified_gmt":"2017-10-05T14:53:31","slug":"este-fin-de-semana-homenaje-del-sindicato-de-folkloristas-y-del-coro-barbagelata-a-violeta-parra","status":"publish","type":"post","link":"http:\/\/vientosur.top\/museo\/este-fin-de-semana-homenaje-del-sindicato-de-folkloristas-y-del-coro-barbagelata-a-violeta-parra\/","title":{"rendered":"Sindicato de Folkloristas y Coro Barbagelata homenajearon a Violeta en el museo"},"content":{"rendered":"<p>&nbsp;<\/p>\n<p><strong>Homenaje del Sindicato de Folkloristas\u00a0<\/strong><\/p>\n<p>Los m\u00fasicos del Sindicato de Folkloristas y Guitarristas de Chile rindieron un homenaje el s\u00e1bado 7 de octubre a las 16:00 horas, en el marco del ciclo anual de cuecas del Museo Violeta Parra, a la artista nacida hace 100 a\u00f1os. El D\u00fao de la Fuente se present\u00f3 junto a Ra\u00fal Toledo y su grupo Los Capicelli.<\/p>\n<div class=\"gmail_default\">\n<p>Ra\u00fal Toledo, es autor, compositor e interprete de nuestro folklore, con una trayectoria mayor a 20 a\u00f1os y junto a su Grupo Los Capicelli hoy es uno de los mejores exponentes de la cueca urbana, tomando el repertorio tradicional como el de creaci\u00f3n y d\u00e1ndole su sello.<\/p>\n<\/div>\n<div class=\"gmail_default\">\n<p>El D\u00fao de la Fuente, una propuesta que toma lo mejor de tradici\u00f3n folkl\u00f3rica chilena, d\u00f3nde sus integrantes le aporta trabajos, estudio y sello propio, tanto Eduardo Guti\u00e9rrez como Pablo Fuentes han dedicado m\u00e1s de m\u00e1s de 20 a\u00f1os a cultivar lo que hoy comparten con el p\u00fablico.<\/p>\n<p><a href=\"https:\/\/www.facebook.com\/1619584511618297\/photos\/?tab=album&amp;album_id=2000498273526917\" target=\"_blank\" rel=\"noopener noreferrer\"><strong>Ver galer\u00eda de im\u00e1genes<\/strong><\/a><\/p>\n<\/div>\n<div><\/div>\n<div><\/div>\n<div class=\"gmail_default\">\n<p><strong>Coro Barbagelata\u00a0<\/strong><\/p>\n<p>El domingo 8 de octubre a las 16:00 horas el\u00a0<span class=\"il\">Coro<\/span>\u00a0<span class=\"il\">Barbagelata<\/span>\u00a0se present\u00f3 en la explanada del museo. Esta agrupaci\u00f3n naci\u00f3 a principios de la d\u00e9cada de los 70, por iniciativa de Don Constantino Jaime Bourgade (fundador y director musical), junto a muchos estudiantes del ex Instituto Pedag\u00f3gico de la Universidad de Chile. En la actualidad, sus integrantes provienen de otros\u00a0<span class=\"il\">coros<\/span>\u00a0y diversas profesiones. La direcci\u00f3n coral est\u00e1 a cargo de Mariano Berazaluce Donoso.<\/p>\n<div><\/div>\n<div>El repertorio del Coro Barbagelata incluye\u00a0m\u00fasica folkl\u00f3rica chilena, latinoamericana y tambi\u00e9n m\u00fasica religiosa de diferentes compositores. Esta agrupaci\u00f3n ha podido difundir en Francia el proyecto \u201cEcos de Chile\u201d y \u201cVioleta\u201d, con\u00a0 el cual se homenaje\u00f3 a la artista en mayo de 2017.<\/div>\n<p>&nbsp;<\/p>\n<\/div>\n","protected":false},"excerpt":{"rendered":"<p>&nbsp; Homenaje del Sindicato de Folkloristas\u00a0 Los m\u00fasicos del Sindicato de Folkloristas y Guitarristas de Chile rindieron un homenaje el s\u00e1bado 7 de octubre a las 16:00 horas, en el marco del ciclo anual de cuecas del Museo Violeta Parra, a la artista nacida hace 100 a\u00f1os. El D\u00fao de la Fuente se present\u00f3 junto [&hellip;]<\/p>\n","protected":false},"author":5,"featured_media":5553,"comment_status":"open","ping_status":"open","sticky":false,"template":"","format":"standard","meta":{"site-sidebar-layout":"default","site-content-layout":"","ast-site-content-layout":"default","site-content-style":"default","site-sidebar-style":"default","ast-global-header-display":"","ast-banner-title-visibility":"","ast-main-header-display":"","ast-hfb-above-header-display":"","ast-hfb-below-header-display":"","ast-hfb-mobile-header-display":"","site-post-title":"","ast-breadcrumbs-content":"","ast-featured-img":"","footer-sml-layout":"","theme-transparent-header-meta":"","adv-header-id-meta":"","stick-header-meta":"","header-above-stick-meta":"","header-main-stick-meta":"","header-below-stick-meta":"","astra-migrate-meta-layouts":"default","ast-page-background-enabled":"default","ast-page-background-meta":{"desktop":{"background-color":"var(--ast-global-color-4)","background-image":"","background-repeat":"repeat","background-position":"center center","background-size":"auto","background-attachment":"scroll","background-type":"","background-media":"","overlay-type":"","overlay-color":"","overlay-opacity":"","overlay-gradient":""},"tablet":{"background-color":"","background-image":"","background-repeat":"repeat","background-position":"center center","background-size":"auto","background-attachment":"scroll","background-type":"","background-media":"","overlay-type":"","overlay-color":"","overlay-opacity":"","overlay-gradient":""},"mobile":{"background-color":"","background-image":"","background-repeat":"repeat","background-position":"center center","background-size":"auto","background-attachment":"scroll","background-type":"","background-media":"","overlay-type":"","overlay-color":"","overlay-opacity":"","overlay-gradient":""}},"ast-content-background-meta":{"desktop":{"background-color":"var(--ast-global-color-5)","background-image":"","background-repeat":"repeat","background-position":"center center","background-size":"auto","background-attachment":"scroll","background-type":"","background-media":"","overlay-type":"","overlay-color":"","overlay-opacity":"","overlay-gradient":""},"tablet":{"background-color":"var(--ast-global-color-5)","background-image":"","background-repeat":"repeat","background-position":"center center","background-size":"auto","background-attachment":"scroll","background-type":"","background-media":"","overlay-type":"","overlay-color":"","overlay-opacity":"","overlay-gradient":""},"mobile":{"background-color":"var(--ast-global-color-5)","background-image":"","background-repeat":"repeat","background-position":"center center","background-size":"auto","background-attachment":"scroll","background-type":"","background-media":"","overlay-type":"","overlay-color":"","overlay-opacity":"","overlay-gradient":""}},"footnotes":""},"categories":[59,8,61],"tags":[],"class_list":["post-5477","post","type-post","status-publish","format-standard","has-post-thumbnail","hentry","category-destacado-noticia","category-noticias","category-novedades"],"yoast_head":"<!-- This site is optimized with the Yoast SEO plugin v25.4 - https:\/\/yoast.com\/wordpress\/plugins\/seo\/ -->\n<title>Sindicato de Folkloristas y Coro Barbagelata homenajearon a Violeta en el museo - Museo Violeta Parra<\/title>\n<meta name=\"robots\" content=\"index, follow, max-snippet:-1, max-image-preview:large, max-video-preview:-1\" \/>\n<link rel=\"canonical\" href=\"http:\/\/vientosur.top\/museo\/este-fin-de-semana-homenaje-del-sindicato-de-folkloristas-y-del-coro-barbagelata-a-violeta-parra\/\" \/>\n<meta property=\"og:locale\" content=\"es_ES\" \/>\n<meta property=\"og:type\" content=\"article\" \/>\n<meta property=\"og:title\" content=\"Sindicato de Folkloristas y Coro Barbagelata homenajearon a Violeta en el museo - Museo Violeta Parra\" \/>\n<meta property=\"og:description\" content=\"&nbsp; Homenaje del Sindicato de Folkloristas\u00a0 Los m\u00fasicos del Sindicato de Folkloristas y Guitarristas de Chile rindieron un homenaje el s\u00e1bado 7 de octubre a las 16:00 horas, en el marco del ciclo anual de cuecas del Museo Violeta Parra, a la artista nacida hace 100 a\u00f1os. El D\u00fao de la Fuente se present\u00f3 junto [&hellip;]\" \/>\n<meta property=\"og:url\" content=\"http:\/\/vientosur.top\/museo\/este-fin-de-semana-homenaje-del-sindicato-de-folkloristas-y-del-coro-barbagelata-a-violeta-parra\/\" \/>\n<meta property=\"og:site_name\" content=\"Museo Violeta Parra\" \/>\n<meta property=\"article:published_time\" content=\"2017-10-05T14:53:31+00:00\" \/>\n<meta property=\"og:image\" content=\"http:\/\/vientosur.top\/museo\/wp-content\/uploads\/2017\/10\/22219787_2000521660191245_8464412979129102259_o.jpg\" \/>\n\t<meta property=\"og:image:width\" content=\"2048\" \/>\n\t<meta property=\"og:image:height\" content=\"1361\" \/>\n\t<meta property=\"og:image:type\" content=\"image\/jpeg\" \/>\n<meta name=\"author\" content=\"admin\" \/>\n<meta name=\"twitter:card\" content=\"summary_large_image\" \/>\n<meta name=\"twitter:label1\" content=\"Escrito por\" \/>\n\t<meta name=\"twitter:data1\" content=\"admin\" \/>\n\t<meta name=\"twitter:label2\" content=\"Tiempo de lectura\" \/>\n\t<meta name=\"twitter:data2\" content=\"2 minutos\" \/>\n<script type=\"application\/ld+json\" class=\"yoast-schema-graph\">{\"@context\":\"https:\/\/schema.org\",\"@graph\":[{\"@type\":\"WebPage\",\"@id\":\"http:\/\/vientosur.top\/museo\/este-fin-de-semana-homenaje-del-sindicato-de-folkloristas-y-del-coro-barbagelata-a-violeta-parra\/\",\"url\":\"http:\/\/vientosur.top\/museo\/este-fin-de-semana-homenaje-del-sindicato-de-folkloristas-y-del-coro-barbagelata-a-violeta-parra\/\",\"name\":\"Sindicato de Folkloristas y Coro Barbagelata homenajearon a Violeta en el museo - Museo Violeta Parra\",\"isPartOf\":{\"@id\":\"http:\/\/vientosur.top\/museo\/#website\"},\"primaryImageOfPage\":{\"@id\":\"http:\/\/vientosur.top\/museo\/este-fin-de-semana-homenaje-del-sindicato-de-folkloristas-y-del-coro-barbagelata-a-violeta-parra\/#primaryimage\"},\"image\":{\"@id\":\"http:\/\/vientosur.top\/museo\/este-fin-de-semana-homenaje-del-sindicato-de-folkloristas-y-del-coro-barbagelata-a-violeta-parra\/#primaryimage\"},\"thumbnailUrl\":\"http:\/\/vientosur.top\/museo\/wp-content\/uploads\/2017\/10\/22219787_2000521660191245_8464412979129102259_o.jpg\",\"datePublished\":\"2017-10-05T14:53:31+00:00\",\"author\":{\"@id\":\"http:\/\/vientosur.top\/museo\/#\/schema\/person\/20c79d3c38800971feec8c2693c3dd9c\"},\"breadcrumb\":{\"@id\":\"http:\/\/vientosur.top\/museo\/este-fin-de-semana-homenaje-del-sindicato-de-folkloristas-y-del-coro-barbagelata-a-violeta-parra\/#breadcrumb\"},\"inLanguage\":\"es\",\"potentialAction\":[{\"@type\":\"ReadAction\",\"target\":[\"http:\/\/vientosur.top\/museo\/este-fin-de-semana-homenaje-del-sindicato-de-folkloristas-y-del-coro-barbagelata-a-violeta-parra\/\"]}]},{\"@type\":\"ImageObject\",\"inLanguage\":\"es\",\"@id\":\"http:\/\/vientosur.top\/museo\/este-fin-de-semana-homenaje-del-sindicato-de-folkloristas-y-del-coro-barbagelata-a-violeta-parra\/#primaryimage\",\"url\":\"http:\/\/vientosur.top\/museo\/wp-content\/uploads\/2017\/10\/22219787_2000521660191245_8464412979129102259_o.jpg\",\"contentUrl\":\"http:\/\/vientosur.top\/museo\/wp-content\/uploads\/2017\/10\/22219787_2000521660191245_8464412979129102259_o.jpg\",\"width\":2048,\"height\":1361},{\"@type\":\"BreadcrumbList\",\"@id\":\"http:\/\/vientosur.top\/museo\/este-fin-de-semana-homenaje-del-sindicato-de-folkloristas-y-del-coro-barbagelata-a-violeta-parra\/#breadcrumb\",\"itemListElement\":[{\"@type\":\"ListItem\",\"position\":1,\"name\":\"Portada\",\"item\":\"http:\/\/vientosur.top\/museo\/\"},{\"@type\":\"ListItem\",\"position\":2,\"name\":\"Sindicato de Folkloristas y Coro Barbagelata homenajearon a Violeta en el museo\"}]},{\"@type\":\"WebSite\",\"@id\":\"http:\/\/vientosur.top\/museo\/#website\",\"url\":\"http:\/\/vientosur.top\/museo\/\",\"name\":\"Museo Violeta Parra\",\"description\":\"Espacio que alberga tanto la memoria y legado creativo de la artista\",\"potentialAction\":[{\"@type\":\"SearchAction\",\"target\":{\"@type\":\"EntryPoint\",\"urlTemplate\":\"http:\/\/vientosur.top\/museo\/?s={search_term_string}\"},\"query-input\":{\"@type\":\"PropertyValueSpecification\",\"valueRequired\":true,\"valueName\":\"search_term_string\"}}],\"inLanguage\":\"es\"},{\"@type\":\"Person\",\"@id\":\"http:\/\/vientosur.top\/museo\/#\/schema\/person\/20c79d3c38800971feec8c2693c3dd9c\",\"name\":\"admin\",\"image\":{\"@type\":\"ImageObject\",\"inLanguage\":\"es\",\"@id\":\"http:\/\/vientosur.top\/museo\/#\/schema\/person\/image\/\",\"url\":\"https:\/\/secure.gravatar.com\/avatar\/713677ece3ffa642287213a80e5b773bce9ab81c269dd6d95102a990951c922f?s=96&d=mm&r=g\",\"contentUrl\":\"https:\/\/secure.gravatar.com\/avatar\/713677ece3ffa642287213a80e5b773bce9ab81c269dd6d95102a990951c922f?s=96&d=mm&r=g\",\"caption\":\"admin\"},\"sameAs\":[\"http:\/\/vientosur.top\/museo\"],\"url\":\"http:\/\/vientosur.top\/museo\/author\/comunicacionesmvp\/\"}]}<\/script>\n<!-- \/ Yoast SEO plugin. -->","yoast_head_json":{"title":"Sindicato de Folkloristas y Coro Barbagelata homenajearon a Violeta en el museo - Museo Violeta Parra","robots":{"index":"index","follow":"follow","max-snippet":"max-snippet:-1","max-image-preview":"max-image-preview:large","max-video-preview":"max-video-preview:-1"},"canonical":"http:\/\/vientosur.top\/museo\/este-fin-de-semana-homenaje-del-sindicato-de-folkloristas-y-del-coro-barbagelata-a-violeta-parra\/","og_locale":"es_ES","og_type":"article","og_title":"Sindicato de Folkloristas y Coro Barbagelata homenajearon a Violeta en el museo - Museo Violeta Parra","og_description":"&nbsp; Homenaje del Sindicato de Folkloristas\u00a0 Los m\u00fasicos del Sindicato de Folkloristas y Guitarristas de Chile rindieron un homenaje el s\u00e1bado 7 de octubre a las 16:00 horas, en el marco del ciclo anual de cuecas del Museo Violeta Parra, a la artista nacida hace 100 a\u00f1os. El D\u00fao de la Fuente se present\u00f3 junto [&hellip;]","og_url":"http:\/\/vientosur.top\/museo\/este-fin-de-semana-homenaje-del-sindicato-de-folkloristas-y-del-coro-barbagelata-a-violeta-parra\/","og_site_name":"Museo Violeta Parra","article_published_time":"2017-10-05T14:53:31+00:00","og_image":[{"width":2048,"height":1361,"url":"http:\/\/vientosur.top\/museo\/wp-content\/uploads\/2017\/10\/22219787_2000521660191245_8464412979129102259_o.jpg","type":"image\/jpeg"}],"author":"admin","twitter_card":"summary_large_image","twitter_misc":{"Escrito por":"admin","Tiempo de lectura":"2 minutos"},"schema":{"@context":"https:\/\/schema.org","@graph":[{"@type":"WebPage","@id":"http:\/\/vientosur.top\/museo\/este-fin-de-semana-homenaje-del-sindicato-de-folkloristas-y-del-coro-barbagelata-a-violeta-parra\/","url":"http:\/\/vientosur.top\/museo\/este-fin-de-semana-homenaje-del-sindicato-de-folkloristas-y-del-coro-barbagelata-a-violeta-parra\/","name":"Sindicato de Folkloristas y Coro Barbagelata homenajearon a Violeta en el museo - Museo Violeta Parra","isPartOf":{"@id":"http:\/\/vientosur.top\/museo\/#website"},"primaryImageOfPage":{"@id":"http:\/\/vientosur.top\/museo\/este-fin-de-semana-homenaje-del-sindicato-de-folkloristas-y-del-coro-barbagelata-a-violeta-parra\/#primaryimage"},"image":{"@id":"http:\/\/vientosur.top\/museo\/este-fin-de-semana-homenaje-del-sindicato-de-folkloristas-y-del-coro-barbagelata-a-violeta-parra\/#primaryimage"},"thumbnailUrl":"http:\/\/vientosur.top\/museo\/wp-content\/uploads\/2017\/10\/22219787_2000521660191245_8464412979129102259_o.jpg","datePublished":"2017-10-05T14:53:31+00:00","author":{"@id":"http:\/\/vientosur.top\/museo\/#\/schema\/person\/20c79d3c38800971feec8c2693c3dd9c"},"breadcrumb":{"@id":"http:\/\/vientosur.top\/museo\/este-fin-de-semana-homenaje-del-sindicato-de-folkloristas-y-del-coro-barbagelata-a-violeta-parra\/#breadcrumb"},"inLanguage":"es","potentialAction":[{"@type":"ReadAction","target":["http:\/\/vientosur.top\/museo\/este-fin-de-semana-homenaje-del-sindicato-de-folkloristas-y-del-coro-barbagelata-a-violeta-parra\/"]}]},{"@type":"ImageObject","inLanguage":"es","@id":"http:\/\/vientosur.top\/museo\/este-fin-de-semana-homenaje-del-sindicato-de-folkloristas-y-del-coro-barbagelata-a-violeta-parra\/#primaryimage","url":"http:\/\/vientosur.top\/museo\/wp-content\/uploads\/2017\/10\/22219787_2000521660191245_8464412979129102259_o.jpg","contentUrl":"http:\/\/vientosur.top\/museo\/wp-content\/uploads\/2017\/10\/22219787_2000521660191245_8464412979129102259_o.jpg","width":2048,"height":1361},{"@type":"BreadcrumbList","@id":"http:\/\/vientosur.top\/museo\/este-fin-de-semana-homenaje-del-sindicato-de-folkloristas-y-del-coro-barbagelata-a-violeta-parra\/#breadcrumb","itemListElement":[{"@type":"ListItem","position":1,"name":"Portada","item":"http:\/\/vientosur.top\/museo\/"},{"@type":"ListItem","position":2,"name":"Sindicato de Folkloristas y Coro Barbagelata homenajearon a Violeta en el museo"}]},{"@type":"WebSite","@id":"http:\/\/vientosur.top\/museo\/#website","url":"http:\/\/vientosur.top\/museo\/","name":"Museo Violeta Parra","description":"Espacio que alberga tanto la memoria y legado creativo de la artista","potentialAction":[{"@type":"SearchAction","target":{"@type":"EntryPoint","urlTemplate":"http:\/\/vientosur.top\/museo\/?s={search_term_string}"},"query-input":{"@type":"PropertyValueSpecification","valueRequired":true,"valueName":"search_term_string"}}],"inLanguage":"es"},{"@type":"Person","@id":"http:\/\/vientosur.top\/museo\/#\/schema\/person\/20c79d3c38800971feec8c2693c3dd9c","name":"admin","image":{"@type":"ImageObject","inLanguage":"es","@id":"http:\/\/vientosur.top\/museo\/#\/schema\/person\/image\/","url":"https:\/\/secure.gravatar.com\/avatar\/713677ece3ffa642287213a80e5b773bce9ab81c269dd6d95102a990951c922f?s=96&d=mm&r=g","contentUrl":"https:\/\/secure.gravatar.com\/avatar\/713677ece3ffa642287213a80e5b773bce9ab81c269dd6d95102a990951c922f?s=96&d=mm&r=g","caption":"admin"},"sameAs":["http:\/\/vientosur.top\/museo"],"url":"http:\/\/vientosur.top\/museo\/author\/comunicacionesmvp\/"}]}},"_links":{"self":[{"href":"http:\/\/vientosur.top\/museo\/wp-json\/wp\/v2\/posts\/5477","targetHints":{"allow":["GET"]}}],"collection":[{"href":"http:\/\/vientosur.top\/museo\/wp-json\/wp\/v2\/posts"}],"about":[{"href":"http:\/\/vientosur.top\/museo\/wp-json\/wp\/v2\/types\/post"}],"author":[{"embeddable":true,"href":"http:\/\/vientosur.top\/museo\/wp-json\/wp\/v2\/users\/5"}],"replies":[{"embeddable":true,"href":"http:\/\/vientosur.top\/museo\/wp-json\/wp\/v2\/comments?post=5477"}],"version-history":[{"count":0,"href":"http:\/\/vientosur.top\/museo\/wp-json\/wp\/v2\/posts\/5477\/revisions"}],"wp:featuredmedia":[{"embeddable":true,"href":"http:\/\/vientosur.top\/museo\/wp-json\/wp\/v2\/media\/5553"}],"wp:attachment":[{"href":"http:\/\/vientosur.top\/museo\/wp-json\/wp\/v2\/media?parent=5477"}],"wp:term":[{"taxonomy":"category","embeddable":true,"href":"http:\/\/vientosur.top\/museo\/wp-json\/wp\/v2\/categories?post=5477"},{"taxonomy":"post_tag","embeddable":true,"href":"http:\/\/vientosur.top\/museo\/wp-json\/wp\/v2\/tags?post=5477"}],"curies":[{"name":"wp","href":"https:\/\/api.w.org\/{rel}","templated":true}]}}