{"id":5503,"date":"2017-10-06T21:23:47","date_gmt":"2017-10-06T21:23:47","guid":{"rendered":"http:\/\/vientosur.top\/museo\/\/?p=5503"},"modified":"2017-10-06T21:23:47","modified_gmt":"2017-10-06T21:23:47","slug":"especial-asi-celebramos-el-4-de-octubre-en-el-museo-violeta-parra","status":"publish","type":"post","link":"http:\/\/vientosur.top\/museo\/especial-asi-celebramos-el-4-de-octubre-en-el-museo-violeta-parra\/","title":{"rendered":"Especial: As\u00ed celebramos el 4 de octubre en el Museo Violeta Parra"},"content":{"rendered":"<p>Con un acto oficial por la ma\u00f1ana y \u00abFiesta en casa de Violeta\u00bb por la tarde el Museo Violeta Parra celebr\u00f3 los 100 a\u00f1os de la artista el mi\u00e9rcoles 4 de octubre.<\/p>\n<p>&nbsp;<\/p>\n<p><strong>Ceremonia oficial<\/strong><br \/>\n<a href=\"https:\/\/www.facebook.com\/pg\/MuseoVioletaParra\/photos\/?tab=album&amp;album_id=1999487686961309\" target=\"_blank\" rel=\"noopener noreferrer\">Galer\u00eda de im\u00e1genes<\/a><br \/>\n<a href=\"https:\/\/www.facebook.com\/consejodelacultura\/videos\/10155730944817346\/\" target=\"_blank\" rel=\"noopener noreferrer\">Inauguraci\u00f3n de la Sala La Jardinera<\/a><br \/>\n<a href=\"https:\/\/www.facebook.com\/MuseoVioletaParra\/videos\/2000086093568135\/\" target=\"_blank\" rel=\"noopener noreferrer\">Discurso de Carlos Aldunate, Presidente del Directorio de la Fundaci\u00f3n Museo Violeta Parra<\/a><br \/>\n<a href=\"https:\/\/www.facebook.com\/MuseoVioletaParra\/videos\/1999922570251154\/\" target=\"_blank\" rel=\"noopener noreferrer\">Discurso de Isabel Parra, Presidenta de la Fundaci\u00f3n Violeta Parra\u00a0<\/a><br \/>\n<a href=\"https:\/\/prensa.presidencia.cl\/discurso.aspx?id=62388\" target=\"_blank\" rel=\"noopener noreferrer\">Discurso de la Presidenta Michelle Bachelet<\/a><br \/>\n<a href=\"https:\/\/www.facebook.com\/MuseoVioletaParra\/videos\/1999991093577635\/\" target=\"_blank\" rel=\"noopener noreferrer\">\u00abAmigos tengo por cientos\u00bb, le\u00eddo por Amparo Noguera y H\u00e9ctor Morales de TVN\u00a0<\/a><br \/>\n<a href=\"https:\/\/www.facebook.com\/MuseoVioletaParra\/videos\/1999968793579865\/\" target=\"_blank\" rel=\"noopener noreferrer\">Video resumen\u00a0<\/a><\/p>\n<p>&nbsp;<\/p>\n<p><strong>Fiesta en casa de Violeta<\/strong><br \/>\n<a href=\"https:\/\/www.facebook.com\/pg\/MuseoVioletaParra\/photos\/?tab=album&amp;album_id=1999506586959419\" target=\"_blank\" rel=\"noopener noreferrer\">Galer\u00eda de im\u00e1genes<\/a><br \/>\n<a href=\"https:\/\/www.facebook.com\/MuseoVioletaParra\/videos\/1999948620248549\/\" target=\"_blank\" rel=\"noopener noreferrer\">Presentaci\u00f3n de Las Primas<\/a><br \/>\n<a href=\"https:\/\/www.facebook.com\/MuseoVioletaParra\/videos\/1999966796913398\/\" target=\"_blank\" rel=\"noopener noreferrer\">Organilleros y chinchineros de la familia Lizana<\/a><br \/>\n<a href=\"https:\/\/www.facebook.com\/MuseoVioletaParra\/videos\/1999978663578878\/\" target=\"_blank\" rel=\"noopener noreferrer\">Presentaci\u00f3n de As\u00ed e&#8217; la Cosa<\/a><br \/>\n<a href=\"https:\/\/www.facebook.com\/MuseoVioletaParra\/videos\/1999551300288281\/\" target=\"_blank\" rel=\"noopener noreferrer\">Cierre de la fiesta<\/a><br \/>\n<a href=\"https:\/\/www.facebook.com\/MuseoVioletaParra\/videos\/1999969243579820\/\" target=\"_blank\" rel=\"noopener noreferrer\">Video resumen<\/a><\/p>\n<p>&nbsp;<\/p>\n<p><strong>Entrevistas<\/strong><br \/>\n<a href=\"https:\/\/www.facebook.com\/MuseoVioletaParra\/videos\/1999949296915148\/\" target=\"_blank\" rel=\"noopener noreferrer\">Poeta Ra\u00fal Zurita<\/a><br \/>\n<a href=\"https:\/\/www.facebook.com\/MuseoVioletaParra\/videos\/1999938656916212\/\" target=\"_blank\" rel=\"noopener noreferrer\">Padre Joaqu\u00edn Alliende<\/a><\/p>\n","protected":false},"excerpt":{"rendered":"<p>Con un acto oficial por la ma\u00f1ana y \u00abFiesta en casa de Violeta\u00bb por la tarde el Museo Violeta Parra celebr\u00f3 los 100 a\u00f1os de la artista el mi\u00e9rcoles 4 de octubre. &nbsp; Ceremonia oficial Galer\u00eda de im\u00e1genes Inauguraci\u00f3n de la Sala La Jardinera Discurso de Carlos Aldunate, Presidente del Directorio de la Fundaci\u00f3n Museo [&hellip;]<\/p>\n","protected":false},"author":5,"featured_media":5512,"comment_status":"open","ping_status":"open","sticky":false,"template":"","format":"standard","meta":{"site-sidebar-layout":"default","site-content-layout":"","ast-site-content-layout":"default","site-content-style":"default","site-sidebar-style":"default","ast-global-header-display":"","ast-banner-title-visibility":"","ast-main-header-display":"","ast-hfb-above-header-display":"","ast-hfb-below-header-display":"","ast-hfb-mobile-header-display":"","site-post-title":"","ast-breadcrumbs-content":"","ast-featured-img":"","footer-sml-layout":"","theme-transparent-header-meta":"","adv-header-id-meta":"","stick-header-meta":"","header-above-stick-meta":"","header-main-stick-meta":"","header-below-stick-meta":"","astra-migrate-meta-layouts":"default","ast-page-background-enabled":"default","ast-page-background-meta":{"desktop":{"background-color":"var(--ast-global-color-4)","background-image":"","background-repeat":"repeat","background-position":"center center","background-size":"auto","background-attachment":"scroll","background-type":"","background-media":"","overlay-type":"","overlay-color":"","overlay-opacity":"","overlay-gradient":""},"tablet":{"background-color":"","background-image":"","background-repeat":"repeat","background-position":"center center","background-size":"auto","background-attachment":"scroll","background-type":"","background-media":"","overlay-type":"","overlay-color":"","overlay-opacity":"","overlay-gradient":""},"mobile":{"background-color":"","background-image":"","background-repeat":"repeat","background-position":"center center","background-size":"auto","background-attachment":"scroll","background-type":"","background-media":"","overlay-type":"","overlay-color":"","overlay-opacity":"","overlay-gradient":""}},"ast-content-background-meta":{"desktop":{"background-color":"var(--ast-global-color-5)","background-image":"","background-repeat":"repeat","background-position":"center center","background-size":"auto","background-attachment":"scroll","background-type":"","background-media":"","overlay-type":"","overlay-color":"","overlay-opacity":"","overlay-gradient":""},"tablet":{"background-color":"var(--ast-global-color-5)","background-image":"","background-repeat":"repeat","background-position":"center center","background-size":"auto","background-attachment":"scroll","background-type":"","background-media":"","overlay-type":"","overlay-color":"","overlay-opacity":"","overlay-gradient":""},"mobile":{"background-color":"var(--ast-global-color-5)","background-image":"","background-repeat":"repeat","background-position":"center center","background-size":"auto","background-attachment":"scroll","background-type":"","background-media":"","overlay-type":"","overlay-color":"","overlay-opacity":"","overlay-gradient":""}},"footnotes":""},"categories":[59,8,61],"tags":[],"class_list":["post-5503","post","type-post","status-publish","format-standard","has-post-thumbnail","hentry","category-destacado-noticia","category-noticias","category-novedades"],"yoast_head":"<!-- This site is optimized with the Yoast SEO plugin v25.4 - https:\/\/yoast.com\/wordpress\/plugins\/seo\/ -->\n<title>Especial: As\u00ed celebramos el 4 de octubre en el Museo Violeta Parra - Museo Violeta Parra<\/title>\n<meta name=\"robots\" content=\"index, follow, max-snippet:-1, max-image-preview:large, max-video-preview:-1\" \/>\n<link rel=\"canonical\" href=\"http:\/\/vientosur.top\/museo\/especial-asi-celebramos-el-4-de-octubre-en-el-museo-violeta-parra\/\" \/>\n<meta property=\"og:locale\" content=\"es_ES\" \/>\n<meta property=\"og:type\" content=\"article\" \/>\n<meta property=\"og:title\" content=\"Especial: As\u00ed celebramos el 4 de octubre en el Museo Violeta Parra - Museo Violeta Parra\" \/>\n<meta property=\"og:description\" content=\"Con un acto oficial por la ma\u00f1ana y \u00abFiesta en casa de Violeta\u00bb por la tarde el Museo Violeta Parra celebr\u00f3 los 100 a\u00f1os de la artista el mi\u00e9rcoles 4 de octubre. &nbsp; Ceremonia oficial Galer\u00eda de im\u00e1genes Inauguraci\u00f3n de la Sala La Jardinera Discurso de Carlos Aldunate, Presidente del Directorio de la Fundaci\u00f3n Museo [&hellip;]\" \/>\n<meta property=\"og:url\" content=\"http:\/\/vientosur.top\/museo\/especial-asi-celebramos-el-4-de-octubre-en-el-museo-violeta-parra\/\" \/>\n<meta property=\"og:site_name\" content=\"Museo Violeta Parra\" \/>\n<meta property=\"article:published_time\" content=\"2017-10-06T21:23:47+00:00\" \/>\n<meta property=\"og:image\" content=\"http:\/\/vientosur.top\/museo\/wp-content\/uploads\/2017\/10\/asicelebramos2.jpg\" \/>\n\t<meta property=\"og:image:width\" content=\"1500\" \/>\n\t<meta property=\"og:image:height\" content=\"831\" \/>\n\t<meta property=\"og:image:type\" content=\"image\/jpeg\" \/>\n<meta name=\"author\" content=\"admin\" \/>\n<meta name=\"twitter:card\" content=\"summary_large_image\" \/>\n<meta name=\"twitter:label1\" content=\"Escrito por\" \/>\n\t<meta name=\"twitter:data1\" content=\"admin\" \/>\n\t<meta name=\"twitter:label2\" content=\"Tiempo de lectura\" \/>\n\t<meta name=\"twitter:data2\" content=\"1 minuto\" \/>\n<script type=\"application\/ld+json\" class=\"yoast-schema-graph\">{\"@context\":\"https:\/\/schema.org\",\"@graph\":[{\"@type\":\"WebPage\",\"@id\":\"http:\/\/vientosur.top\/museo\/especial-asi-celebramos-el-4-de-octubre-en-el-museo-violeta-parra\/\",\"url\":\"http:\/\/vientosur.top\/museo\/especial-asi-celebramos-el-4-de-octubre-en-el-museo-violeta-parra\/\",\"name\":\"Especial: As\u00ed celebramos el 4 de octubre en el Museo Violeta Parra - Museo Violeta Parra\",\"isPartOf\":{\"@id\":\"http:\/\/vientosur.top\/museo\/#website\"},\"primaryImageOfPage\":{\"@id\":\"http:\/\/vientosur.top\/museo\/especial-asi-celebramos-el-4-de-octubre-en-el-museo-violeta-parra\/#primaryimage\"},\"image\":{\"@id\":\"http:\/\/vientosur.top\/museo\/especial-asi-celebramos-el-4-de-octubre-en-el-museo-violeta-parra\/#primaryimage\"},\"thumbnailUrl\":\"http:\/\/vientosur.top\/museo\/wp-content\/uploads\/2017\/10\/asicelebramos2.jpg\",\"datePublished\":\"2017-10-06T21:23:47+00:00\",\"author\":{\"@id\":\"http:\/\/vientosur.top\/museo\/#\/schema\/person\/20c79d3c38800971feec8c2693c3dd9c\"},\"breadcrumb\":{\"@id\":\"http:\/\/vientosur.top\/museo\/especial-asi-celebramos-el-4-de-octubre-en-el-museo-violeta-parra\/#breadcrumb\"},\"inLanguage\":\"es\",\"potentialAction\":[{\"@type\":\"ReadAction\",\"target\":[\"http:\/\/vientosur.top\/museo\/especial-asi-celebramos-el-4-de-octubre-en-el-museo-violeta-parra\/\"]}]},{\"@type\":\"ImageObject\",\"inLanguage\":\"es\",\"@id\":\"http:\/\/vientosur.top\/museo\/especial-asi-celebramos-el-4-de-octubre-en-el-museo-violeta-parra\/#primaryimage\",\"url\":\"http:\/\/vientosur.top\/museo\/wp-content\/uploads\/2017\/10\/asicelebramos2.jpg\",\"contentUrl\":\"http:\/\/vientosur.top\/museo\/wp-content\/uploads\/2017\/10\/asicelebramos2.jpg\",\"width\":1500,\"height\":831},{\"@type\":\"BreadcrumbList\",\"@id\":\"http:\/\/vientosur.top\/museo\/especial-asi-celebramos-el-4-de-octubre-en-el-museo-violeta-parra\/#breadcrumb\",\"itemListElement\":[{\"@type\":\"ListItem\",\"position\":1,\"name\":\"Portada\",\"item\":\"http:\/\/vientosur.top\/museo\/\"},{\"@type\":\"ListItem\",\"position\":2,\"name\":\"Especial: As\u00ed celebramos el 4 de octubre en el Museo Violeta Parra\"}]},{\"@type\":\"WebSite\",\"@id\":\"http:\/\/vientosur.top\/museo\/#website\",\"url\":\"http:\/\/vientosur.top\/museo\/\",\"name\":\"Museo Violeta Parra\",\"description\":\"Espacio que alberga tanto la memoria y legado creativo de la artista\",\"potentialAction\":[{\"@type\":\"SearchAction\",\"target\":{\"@type\":\"EntryPoint\",\"urlTemplate\":\"http:\/\/vientosur.top\/museo\/?s={search_term_string}\"},\"query-input\":{\"@type\":\"PropertyValueSpecification\",\"valueRequired\":true,\"valueName\":\"search_term_string\"}}],\"inLanguage\":\"es\"},{\"@type\":\"Person\",\"@id\":\"http:\/\/vientosur.top\/museo\/#\/schema\/person\/20c79d3c38800971feec8c2693c3dd9c\",\"name\":\"admin\",\"image\":{\"@type\":\"ImageObject\",\"inLanguage\":\"es\",\"@id\":\"http:\/\/vientosur.top\/museo\/#\/schema\/person\/image\/\",\"url\":\"https:\/\/secure.gravatar.com\/avatar\/713677ece3ffa642287213a80e5b773bce9ab81c269dd6d95102a990951c922f?s=96&d=mm&r=g\",\"contentUrl\":\"https:\/\/secure.gravatar.com\/avatar\/713677ece3ffa642287213a80e5b773bce9ab81c269dd6d95102a990951c922f?s=96&d=mm&r=g\",\"caption\":\"admin\"},\"sameAs\":[\"http:\/\/vientosur.top\/museo\"],\"url\":\"http:\/\/vientosur.top\/museo\/author\/comunicacionesmvp\/\"}]}<\/script>\n<!-- \/ Yoast SEO plugin. -->","yoast_head_json":{"title":"Especial: As\u00ed celebramos el 4 de octubre en el Museo Violeta Parra - Museo Violeta Parra","robots":{"index":"index","follow":"follow","max-snippet":"max-snippet:-1","max-image-preview":"max-image-preview:large","max-video-preview":"max-video-preview:-1"},"canonical":"http:\/\/vientosur.top\/museo\/especial-asi-celebramos-el-4-de-octubre-en-el-museo-violeta-parra\/","og_locale":"es_ES","og_type":"article","og_title":"Especial: As\u00ed celebramos el 4 de octubre en el Museo Violeta Parra - Museo Violeta Parra","og_description":"Con un acto oficial por la ma\u00f1ana y \u00abFiesta en casa de Violeta\u00bb por la tarde el Museo Violeta Parra celebr\u00f3 los 100 a\u00f1os de la artista el mi\u00e9rcoles 4 de octubre. &nbsp; Ceremonia oficial Galer\u00eda de im\u00e1genes Inauguraci\u00f3n de la Sala La Jardinera Discurso de Carlos Aldunate, Presidente del Directorio de la Fundaci\u00f3n Museo [&hellip;]","og_url":"http:\/\/vientosur.top\/museo\/especial-asi-celebramos-el-4-de-octubre-en-el-museo-violeta-parra\/","og_site_name":"Museo Violeta Parra","article_published_time":"2017-10-06T21:23:47+00:00","og_image":[{"width":1500,"height":831,"url":"http:\/\/vientosur.top\/museo\/wp-content\/uploads\/2017\/10\/asicelebramos2.jpg","type":"image\/jpeg"}],"author":"admin","twitter_card":"summary_large_image","twitter_misc":{"Escrito por":"admin","Tiempo de lectura":"1 minuto"},"schema":{"@context":"https:\/\/schema.org","@graph":[{"@type":"WebPage","@id":"http:\/\/vientosur.top\/museo\/especial-asi-celebramos-el-4-de-octubre-en-el-museo-violeta-parra\/","url":"http:\/\/vientosur.top\/museo\/especial-asi-celebramos-el-4-de-octubre-en-el-museo-violeta-parra\/","name":"Especial: As\u00ed celebramos el 4 de octubre en el Museo Violeta Parra - Museo Violeta Parra","isPartOf":{"@id":"http:\/\/vientosur.top\/museo\/#website"},"primaryImageOfPage":{"@id":"http:\/\/vientosur.top\/museo\/especial-asi-celebramos-el-4-de-octubre-en-el-museo-violeta-parra\/#primaryimage"},"image":{"@id":"http:\/\/vientosur.top\/museo\/especial-asi-celebramos-el-4-de-octubre-en-el-museo-violeta-parra\/#primaryimage"},"thumbnailUrl":"http:\/\/vientosur.top\/museo\/wp-content\/uploads\/2017\/10\/asicelebramos2.jpg","datePublished":"2017-10-06T21:23:47+00:00","author":{"@id":"http:\/\/vientosur.top\/museo\/#\/schema\/person\/20c79d3c38800971feec8c2693c3dd9c"},"breadcrumb":{"@id":"http:\/\/vientosur.top\/museo\/especial-asi-celebramos-el-4-de-octubre-en-el-museo-violeta-parra\/#breadcrumb"},"inLanguage":"es","potentialAction":[{"@type":"ReadAction","target":["http:\/\/vientosur.top\/museo\/especial-asi-celebramos-el-4-de-octubre-en-el-museo-violeta-parra\/"]}]},{"@type":"ImageObject","inLanguage":"es","@id":"http:\/\/vientosur.top\/museo\/especial-asi-celebramos-el-4-de-octubre-en-el-museo-violeta-parra\/#primaryimage","url":"http:\/\/vientosur.top\/museo\/wp-content\/uploads\/2017\/10\/asicelebramos2.jpg","contentUrl":"http:\/\/vientosur.top\/museo\/wp-content\/uploads\/2017\/10\/asicelebramos2.jpg","width":1500,"height":831},{"@type":"BreadcrumbList","@id":"http:\/\/vientosur.top\/museo\/especial-asi-celebramos-el-4-de-octubre-en-el-museo-violeta-parra\/#breadcrumb","itemListElement":[{"@type":"ListItem","position":1,"name":"Portada","item":"http:\/\/vientosur.top\/museo\/"},{"@type":"ListItem","position":2,"name":"Especial: As\u00ed celebramos el 4 de octubre en el Museo Violeta Parra"}]},{"@type":"WebSite","@id":"http:\/\/vientosur.top\/museo\/#website","url":"http:\/\/vientosur.top\/museo\/","name":"Museo Violeta Parra","description":"Espacio que alberga tanto la memoria y legado creativo de la artista","potentialAction":[{"@type":"SearchAction","target":{"@type":"EntryPoint","urlTemplate":"http:\/\/vientosur.top\/museo\/?s={search_term_string}"},"query-input":{"@type":"PropertyValueSpecification","valueRequired":true,"valueName":"search_term_string"}}],"inLanguage":"es"},{"@type":"Person","@id":"http:\/\/vientosur.top\/museo\/#\/schema\/person\/20c79d3c38800971feec8c2693c3dd9c","name":"admin","image":{"@type":"ImageObject","inLanguage":"es","@id":"http:\/\/vientosur.top\/museo\/#\/schema\/person\/image\/","url":"https:\/\/secure.gravatar.com\/avatar\/713677ece3ffa642287213a80e5b773bce9ab81c269dd6d95102a990951c922f?s=96&d=mm&r=g","contentUrl":"https:\/\/secure.gravatar.com\/avatar\/713677ece3ffa642287213a80e5b773bce9ab81c269dd6d95102a990951c922f?s=96&d=mm&r=g","caption":"admin"},"sameAs":["http:\/\/vientosur.top\/museo"],"url":"http:\/\/vientosur.top\/museo\/author\/comunicacionesmvp\/"}]}},"_links":{"self":[{"href":"http:\/\/vientosur.top\/museo\/wp-json\/wp\/v2\/posts\/5503","targetHints":{"allow":["GET"]}}],"collection":[{"href":"http:\/\/vientosur.top\/museo\/wp-json\/wp\/v2\/posts"}],"about":[{"href":"http:\/\/vientosur.top\/museo\/wp-json\/wp\/v2\/types\/post"}],"author":[{"embeddable":true,"href":"http:\/\/vientosur.top\/museo\/wp-json\/wp\/v2\/users\/5"}],"replies":[{"embeddable":true,"href":"http:\/\/vientosur.top\/museo\/wp-json\/wp\/v2\/comments?post=5503"}],"version-history":[{"count":0,"href":"http:\/\/vientosur.top\/museo\/wp-json\/wp\/v2\/posts\/5503\/revisions"}],"wp:featuredmedia":[{"embeddable":true,"href":"http:\/\/vientosur.top\/museo\/wp-json\/wp\/v2\/media\/5512"}],"wp:attachment":[{"href":"http:\/\/vientosur.top\/museo\/wp-json\/wp\/v2\/media?parent=5503"}],"wp:term":[{"taxonomy":"category","embeddable":true,"href":"http:\/\/vientosur.top\/museo\/wp-json\/wp\/v2\/categories?post=5503"},{"taxonomy":"post_tag","embeddable":true,"href":"http:\/\/vientosur.top\/museo\/wp-json\/wp\/v2\/tags?post=5503"}],"curies":[{"name":"wp","href":"https:\/\/api.w.org\/{rel}","templated":true}]}}