{"id":5542,"date":"2017-10-10T14:07:38","date_gmt":"2017-10-10T14:07:38","guid":{"rendered":"http:\/\/vientosur.top\/museo\/\/?p=5542"},"modified":"2017-10-10T14:07:38","modified_gmt":"2017-10-10T14:07:38","slug":"especial-asi-cubrio-la-prensa-los-100-anos-de-violeta-parra","status":"publish","type":"post","link":"http:\/\/vientosur.top\/museo\/especial-asi-cubrio-la-prensa-los-100-anos-de-violeta-parra\/","title":{"rendered":"Especial: Cobertura de prensa por los 100 a\u00f1os de Violeta Parra"},"content":{"rendered":"<p><a href=\"http:\/\/www.milenio.com\/cultura\/legado-violeta_parra-centenario_0_1042095786.html\" target=\"_blank\" rel=\"noopener noreferrer\">A cien a\u00f1os de Violeta Parra, el mundo dice gracias\u00a0<\/a>(Milenio)<a href=\"https:\/\/www.publimetro.cl\/cl\/noticias\/2017\/10\/04\/google-conmemora-centenario-violeta-parra-doodle-inspirado-arbol-la-vida.html\" target=\"_blank\" rel=\"noopener noreferrer\"><u>Google conmemora el centenario de Violeta Parra con doodle inspirado en el \u00ab\u00c1rbol de la Vida\u00bb<\/u><\/a>\u00a0(Publimetro)<a href=\"http:\/\/www.concierto.cl\/2017\/10\/directora-museo-violeta-parra-una-creadora-universal-genio\/\" target=\"_blank\" rel=\"noopener noreferrer\">Directora Museo Violeta Parra: Ella era \u201cuna creadora universal y un genio\u201d<\/a>\u00a0(Radio Concierto)<a href=\"http:\/\/www.france24.com\/es\/20171004-chile-centenario-violeta-parra\" target=\"_blank\" rel=\"noopener noreferrer\">Chile celebra el centenario de Violeta Parra, autora de \u2018Gracias a la vida\u2019<\/a>\u00a0(AFP)<a href=\"http:\/\/impresa.elmercurio.com\/Pages\/NewsDetail.aspx?dt=2017-10-05&amp;dtB=05-10-2017{9ad45858cf65d5dbd28c293160045998eabc8b7a5d99a9051855ea2e64ecdf24}200:00:00&amp;PaginaId=8&amp;bodyid=1\" target=\"_blank\" rel=\"noopener noreferrer\">Celebraciones y festejos en los 100 a\u00f1os de Violeta Parra<\/a> (El Mercurio)<a href=\"http:\/\/www.elmostrador.cl\/cultura\/2017\/10\/06\/obras-artisticas-de-violeta-parra-se-convertiran-en-monumento-nacional\/\" target=\"_blank\" rel=\"noopener noreferrer\">Obras art\u00edsticas de Violeta Parra se convertir\u00e1n en Monumento Nacional<\/a>\u00a0(El Mostrador)<a href=\"https:\/\/elpais.com\/cultura\/2017\/10\/04\/actualidad\/1507130847_797931.html\" target=\"_blank\" rel=\"noopener noreferrer\">Violeta Parra, gracias a la vida por sus canciones<\/a>\u00a0(El Pa\u00eds)<a href=\"http:\/\/www.t13.cl\/radio\/tendencias\/cultura\/mesa-central\/noticia\/isabel-parra-repente-aparece-violeta-parra-no-reconozco\" target=\"_blank\" rel=\"noopener noreferrer\">Isabel Parra: \u00abDe repente aparece una Violeta Parra que no reconozco\u00bb\u00a0<\/a>(Tele13 Radio)<a href=\"http:\/\/www.cnnchile.com\/noticia\/2017\/10\/04\/homenajes-violeta-parra-en-el-100deg-aniversario-de-su-nacimiento\" target=\"_blank\" rel=\"noopener noreferrer\">Homenajes a Violeta Parra en el 100\u00b0\u00a0aniversario de su nacimiento<\/a>\u00a0(CNN Chile)<a href=\"http:\/\/www.cnnchile.com\/noticia\/2017\/10\/04\/cnn-prime-violeta100-anos\" target=\"_blank\" rel=\"noopener noreferrer\">Editorial \u201cVioleta Parra 100 a\u00f1os\u201d<\/a>\u00a0(CNN Chile)<a href=\"http:\/\/www.24horas.cl\/nacional\/la-moneda-se-ilumina-por-los-100-anos-de-violeta-parra-2524861\" target=\"_blank\" rel=\"noopener noreferrer\">La Moneda se ilumina por los 100 a\u00f1os de Violeta Parra<\/a>\u00a0(24 Horas)<a href=\"http:\/\/www.24horas.cl\/tendencias\/espectaculosycultura\/obras-visuales-del-museo-violeta-parra-son-declaradas-monumento-historico-nacional-2524533\" target=\"_blank\" rel=\"noopener noreferrer\">Obras visuales del museo Violeta Parra son declaradas Monumento Hist\u00f3rico Nacional. Entrevista a la Directora del Museo Violeta Parra<\/a>\u00a0(24 Horas)<a href=\"http:\/\/www.ahoranoticias.cl\/noticias\/tendencias\/206936-ex-miembro-de-nsync-acusa-que-no-lo-dejan-donar-sangre-para-victimas-de-las-vegas-por-ser-gay.html\" target=\"_blank\" rel=\"noopener noreferrer\">Las actividades para conmemorar el Centenario de Violeta Parra<\/a>\u00a0(Ahora Noticias)<a href=\"http:\/\/www.chvnoticias.cl\/nacional\/chile-celebra-los-100-anos-del-nacimiento-de-violeta-parra\/2017-10-04\/145949.html\" target=\"_blank\" rel=\"noopener noreferrer\"><u>Chile celebra los 100 a\u00f1os del nacimiento de Violeta Parra<\/u><\/a>\u00a0(CHV Noticias)<a href=\"http:\/\/www.tvn.cl\/programas\/muybuenosdias\/destacados\/los-100-anos-de-violeta-parra-se-celebran-en-su-museo-2524106\" target=\"_blank\" rel=\"noopener noreferrer\">Los\u00a0100 a\u00f1os de Violeta se celebran en su museo<\/a>\u00a0(TVN)<a href=\"http:\/\/spanish.xinhuanet.com\/2017-10\/05\/c_136659694.htm\" target=\"_blank\" rel=\"noopener noreferrer\">Violeta Parra, gran\u00a0\u00edcono de la cultura chilena, cumple un siglo<\/a>\u00a0(Agencia de noticias\u00a0Xinhua)<u><a href=\"https:\/\/www.publimetro.cl\/cl\/entretenimiento\/2017\/10\/03\/violeta-cincuenta-anos-la-indiferencia.html\" target=\"_blank\" rel=\"noopener noreferrer\">Violeta, a cincuenta a\u00f1os de la indiferencia<\/a>\u00a0<\/u>\u00a0(Publimetro)<a href=\"http:\/\/www.biobiochile.cl\/noticias\/artes-y-cultura\/actualidad-cultural\/2017\/10\/03\/museo-violeta-parra-invita-a-celebrar-los-100-anos-de-la-artista-con-musica-al-aire-libre.shtml\" target=\"_blank\" rel=\"noopener noreferrer\">Museo Violeta Parra invita a celebrar los 100 a\u00f1os de la artista con m\u00fasica al aire libre <\/a>(Bio Bio)<a href=\"http:\/\/www.soychile.cl\/Santiago\/Sociedad\/2017\/10\/06\/491347\/Directora-museo-Violeta-Parra-tras-centenario-Ahora-se-ve-que-ella-nunca-se-ha-ido.aspx\" target=\"_blank\" rel=\"noopener noreferrer\">Directora del Museo Violeta Parra tras centenario: \u00abAhora se ve que ella nunca se ha ido\u00bb<\/a> (Digital FM)<a href=\"http:\/\/www.bbc.com\/mundo\/noticias-41484969\" target=\"_blank\" rel=\"noopener noreferrer\">3 canciones de Violeta Parra que, a 100 a\u00f1os de su nacimiento, muestran por qu\u00e9 es tan trascendental para la m\u00fasica de A. Latina, seg\u00fan su nieta Javiera<\/a> (BBC)http:\/\/www.biobiochile.cl\/noticias\/artes-y-cultura\/actualidad-cultural\/2017\/10\/03\/museo-violeta-parra-invita-a-celebrar-los-100-anos-de-la-artista-con-musica-al-aire-libre.shtml<strong>Especiales radiales<\/strong><a href=\"http:\/\/www.rockandpop.cl\/2017\/10\/rpstars-violeta-parra-parte-1\/?utm_source=rp&amp;utm_medium=home&amp;utm_campaign=autopromo\" target=\"_blank\" rel=\"noopener noreferrer\">#RPStars 1<\/a>\u00a0(Rock&amp;Pop)<a href=\"http:\/\/www.rockandpop.cl\/2017\/10\/rpstars-violeta-parra-parte-2\/?utm_source=rp&amp;utm_medium=home&amp;utm_campaign=autopromo\" target=\"_blank\" rel=\"noopener noreferrer\">#RPStars2<\/a> (Rock&amp;Pop)<a href=\"http:\/\/tv.los40.cl\/tv\/category\/ultravioletaenlos40\/\" target=\"_blank\" rel=\"noopener noreferrer\">UltraVioleta<\/a> (Los 40)<strong>Especiales prensa escrita<\/strong><a href=\"http:\/\/www.quepasa.cl\/articulo\/cultura\/2017\/09\/especial-violeta-parra-100-anos.shtml\/\" target=\"_blank\" rel=\"noopener noreferrer\">Violeta Parra 100 a\u00f1os<\/a> (Revista Qu\u00e9 Pasa)<a href=\"http:\/\/www.theclinic.cl\/etiqueta\/violeta-parra\/\" target=\"_blank\" rel=\"noopener noreferrer\">Violeta Parra<\/a> (The Clinic)Violeta 100 a\u00f1os (Suplemento KU)<a href=\"http:\/\/www.australtemuco.cl\/impresa\/2017\/09\/24\/papel\/?loc=http:\/\/www.australtemuco.cl\/impresa\/2017\/09\/24\/full\/suplemento-ku\/1\/\" target=\"_blank\" rel=\"noopener noreferrer\">Especial 1<\/a><a href=\"http:\/\/www.australtemuco.cl\/impresa\/2017\/10\/01\/papel\/?loc=http:\/\/www.australtemuco.cl\/impresa\/2017\/10\/01\/full\/suplemento-ku\/1\/\" target=\"_blank\" rel=\"noopener noreferrer\">Especial 2<\/a>&nbsp;<\/p>\n","protected":false},"excerpt":{"rendered":"<p>A cien a\u00f1os de Violeta Parra, el mundo dice gracias\u00a0(Milenio)Google conmemora el centenario de Violeta Parra con doodle inspirado en el \u00ab\u00c1rbol de la Vida\u00bb\u00a0(Publimetro)Directora Museo Violeta Parra: Ella era \u201cuna creadora universal y un genio\u201d\u00a0(Radio Concierto)Chile celebra el centenario de Violeta Parra, autora de \u2018Gracias a la vida\u2019\u00a0(AFP)Celebraciones y festejos en los 100 a\u00f1os [&hellip;]<\/p>\n","protected":false},"author":5,"featured_media":5561,"comment_status":"open","ping_status":"open","sticky":false,"template":"","format":"standard","meta":{"site-sidebar-layout":"default","site-content-layout":"","ast-site-content-layout":"default","site-content-style":"default","site-sidebar-style":"default","ast-global-header-display":"","ast-banner-title-visibility":"","ast-main-header-display":"","ast-hfb-above-header-display":"","ast-hfb-below-header-display":"","ast-hfb-mobile-header-display":"","site-post-title":"","ast-breadcrumbs-content":"","ast-featured-img":"","footer-sml-layout":"","theme-transparent-header-meta":"","adv-header-id-meta":"","stick-header-meta":"","header-above-stick-meta":"","header-main-stick-meta":"","header-below-stick-meta":"","astra-migrate-meta-layouts":"default","ast-page-background-enabled":"default","ast-page-background-meta":{"desktop":{"background-color":"var(--ast-global-color-4)","background-image":"","background-repeat":"repeat","background-position":"center center","background-size":"auto","background-attachment":"scroll","background-type":"","background-media":"","overlay-type":"","overlay-color":"","overlay-opacity":"","overlay-gradient":""},"tablet":{"background-color":"","background-image":"","background-repeat":"repeat","background-position":"center center","background-size":"auto","background-attachment":"scroll","background-type":"","background-media":"","overlay-type":"","overlay-color":"","overlay-opacity":"","overlay-gradient":""},"mobile":{"background-color":"","background-image":"","background-repeat":"repeat","background-position":"center center","background-size":"auto","background-attachment":"scroll","background-type":"","background-media":"","overlay-type":"","overlay-color":"","overlay-opacity":"","overlay-gradient":""}},"ast-content-background-meta":{"desktop":{"background-color":"var(--ast-global-color-5)","background-image":"","background-repeat":"repeat","background-position":"center center","background-size":"auto","background-attachment":"scroll","background-type":"","background-media":"","overlay-type":"","overlay-color":"","overlay-opacity":"","overlay-gradient":""},"tablet":{"background-color":"var(--ast-global-color-5)","background-image":"","background-repeat":"repeat","background-position":"center center","background-size":"auto","background-attachment":"scroll","background-type":"","background-media":"","overlay-type":"","overlay-color":"","overlay-opacity":"","overlay-gradient":""},"mobile":{"background-color":"var(--ast-global-color-5)","background-image":"","background-repeat":"repeat","background-position":"center center","background-size":"auto","background-attachment":"scroll","background-type":"","background-media":"","overlay-type":"","overlay-color":"","overlay-opacity":"","overlay-gradient":""}},"footnotes":""},"categories":[59,94,8,61],"tags":[],"class_list":["post-5542","post","type-post","status-publish","format-standard","has-post-thumbnail","hentry","category-destacado-noticia","category-museo-en-los-medios","category-noticias","category-novedades"],"yoast_head":"<!-- This site is optimized with the Yoast SEO plugin v25.4 - https:\/\/yoast.com\/wordpress\/plugins\/seo\/ -->\n<title>Especial: Cobertura de prensa por los 100 a\u00f1os de Violeta Parra - Museo Violeta Parra<\/title>\n<meta name=\"robots\" content=\"index, follow, max-snippet:-1, max-image-preview:large, max-video-preview:-1\" \/>\n<link rel=\"canonical\" href=\"http:\/\/vientosur.top\/museo\/especial-asi-cubrio-la-prensa-los-100-anos-de-violeta-parra\/\" \/>\n<meta property=\"og:locale\" content=\"es_ES\" \/>\n<meta property=\"og:type\" content=\"article\" \/>\n<meta property=\"og:title\" content=\"Especial: Cobertura de prensa por los 100 a\u00f1os de Violeta Parra - Museo Violeta Parra\" \/>\n<meta property=\"og:description\" content=\"A cien a\u00f1os de Violeta Parra, el mundo dice gracias\u00a0(Milenio)Google conmemora el centenario de Violeta Parra con doodle inspirado en el \u00ab\u00c1rbol de la Vida\u00bb\u00a0(Publimetro)Directora Museo Violeta Parra: Ella era \u201cuna creadora universal y un genio\u201d\u00a0(Radio Concierto)Chile celebra el centenario de Violeta Parra, autora de \u2018Gracias a la vida\u2019\u00a0(AFP)Celebraciones y festejos en los 100 a\u00f1os [&hellip;]\" \/>\n<meta property=\"og:url\" content=\"http:\/\/vientosur.top\/museo\/especial-asi-cubrio-la-prensa-los-100-anos-de-violeta-parra\/\" \/>\n<meta property=\"og:site_name\" content=\"Museo Violeta Parra\" \/>\n<meta property=\"article:published_time\" content=\"2017-10-10T14:07:38+00:00\" \/>\n<meta property=\"og:image\" content=\"http:\/\/vientosur.top\/museo\/wp-content\/uploads\/2017\/10\/violeta100-1.jpg\" \/>\n\t<meta property=\"og:image:width\" content=\"1194\" \/>\n\t<meta property=\"og:image:height\" content=\"555\" \/>\n\t<meta property=\"og:image:type\" content=\"image\/jpeg\" \/>\n<meta name=\"author\" content=\"admin\" \/>\n<meta name=\"twitter:card\" content=\"summary_large_image\" \/>\n<meta name=\"twitter:label1\" content=\"Escrito por\" \/>\n\t<meta name=\"twitter:data1\" content=\"admin\" \/>\n\t<meta name=\"twitter:label2\" content=\"Tiempo de lectura\" \/>\n\t<meta name=\"twitter:data2\" content=\"2 minutos\" \/>\n<script type=\"application\/ld+json\" class=\"yoast-schema-graph\">{\"@context\":\"https:\/\/schema.org\",\"@graph\":[{\"@type\":\"WebPage\",\"@id\":\"http:\/\/vientosur.top\/museo\/especial-asi-cubrio-la-prensa-los-100-anos-de-violeta-parra\/\",\"url\":\"http:\/\/vientosur.top\/museo\/especial-asi-cubrio-la-prensa-los-100-anos-de-violeta-parra\/\",\"name\":\"Especial: Cobertura de prensa por los 100 a\u00f1os de Violeta Parra - Museo Violeta Parra\",\"isPartOf\":{\"@id\":\"http:\/\/vientosur.top\/museo\/#website\"},\"primaryImageOfPage\":{\"@id\":\"http:\/\/vientosur.top\/museo\/especial-asi-cubrio-la-prensa-los-100-anos-de-violeta-parra\/#primaryimage\"},\"image\":{\"@id\":\"http:\/\/vientosur.top\/museo\/especial-asi-cubrio-la-prensa-los-100-anos-de-violeta-parra\/#primaryimage\"},\"thumbnailUrl\":\"http:\/\/vientosur.top\/museo\/wp-content\/uploads\/2017\/10\/violeta100-1.jpg\",\"datePublished\":\"2017-10-10T14:07:38+00:00\",\"author\":{\"@id\":\"http:\/\/vientosur.top\/museo\/#\/schema\/person\/20c79d3c38800971feec8c2693c3dd9c\"},\"breadcrumb\":{\"@id\":\"http:\/\/vientosur.top\/museo\/especial-asi-cubrio-la-prensa-los-100-anos-de-violeta-parra\/#breadcrumb\"},\"inLanguage\":\"es\",\"potentialAction\":[{\"@type\":\"ReadAction\",\"target\":[\"http:\/\/vientosur.top\/museo\/especial-asi-cubrio-la-prensa-los-100-anos-de-violeta-parra\/\"]}]},{\"@type\":\"ImageObject\",\"inLanguage\":\"es\",\"@id\":\"http:\/\/vientosur.top\/museo\/especial-asi-cubrio-la-prensa-los-100-anos-de-violeta-parra\/#primaryimage\",\"url\":\"http:\/\/vientosur.top\/museo\/wp-content\/uploads\/2017\/10\/violeta100-1.jpg\",\"contentUrl\":\"http:\/\/vientosur.top\/museo\/wp-content\/uploads\/2017\/10\/violeta100-1.jpg\",\"width\":1194,\"height\":555},{\"@type\":\"BreadcrumbList\",\"@id\":\"http:\/\/vientosur.top\/museo\/especial-asi-cubrio-la-prensa-los-100-anos-de-violeta-parra\/#breadcrumb\",\"itemListElement\":[{\"@type\":\"ListItem\",\"position\":1,\"name\":\"Portada\",\"item\":\"http:\/\/vientosur.top\/museo\/\"},{\"@type\":\"ListItem\",\"position\":2,\"name\":\"Especial: Cobertura de prensa por los 100 a\u00f1os de Violeta Parra\"}]},{\"@type\":\"WebSite\",\"@id\":\"http:\/\/vientosur.top\/museo\/#website\",\"url\":\"http:\/\/vientosur.top\/museo\/\",\"name\":\"Museo Violeta Parra\",\"description\":\"Espacio que alberga tanto la memoria y legado creativo de la artista\",\"potentialAction\":[{\"@type\":\"SearchAction\",\"target\":{\"@type\":\"EntryPoint\",\"urlTemplate\":\"http:\/\/vientosur.top\/museo\/?s={search_term_string}\"},\"query-input\":{\"@type\":\"PropertyValueSpecification\",\"valueRequired\":true,\"valueName\":\"search_term_string\"}}],\"inLanguage\":\"es\"},{\"@type\":\"Person\",\"@id\":\"http:\/\/vientosur.top\/museo\/#\/schema\/person\/20c79d3c38800971feec8c2693c3dd9c\",\"name\":\"admin\",\"image\":{\"@type\":\"ImageObject\",\"inLanguage\":\"es\",\"@id\":\"http:\/\/vientosur.top\/museo\/#\/schema\/person\/image\/\",\"url\":\"https:\/\/secure.gravatar.com\/avatar\/713677ece3ffa642287213a80e5b773bce9ab81c269dd6d95102a990951c922f?s=96&d=mm&r=g\",\"contentUrl\":\"https:\/\/secure.gravatar.com\/avatar\/713677ece3ffa642287213a80e5b773bce9ab81c269dd6d95102a990951c922f?s=96&d=mm&r=g\",\"caption\":\"admin\"},\"sameAs\":[\"http:\/\/vientosur.top\/museo\"],\"url\":\"http:\/\/vientosur.top\/museo\/author\/comunicacionesmvp\/\"}]}<\/script>\n<!-- \/ Yoast SEO plugin. -->","yoast_head_json":{"title":"Especial: Cobertura de prensa por los 100 a\u00f1os de Violeta Parra - Museo Violeta Parra","robots":{"index":"index","follow":"follow","max-snippet":"max-snippet:-1","max-image-preview":"max-image-preview:large","max-video-preview":"max-video-preview:-1"},"canonical":"http:\/\/vientosur.top\/museo\/especial-asi-cubrio-la-prensa-los-100-anos-de-violeta-parra\/","og_locale":"es_ES","og_type":"article","og_title":"Especial: Cobertura de prensa por los 100 a\u00f1os de Violeta Parra - Museo Violeta Parra","og_description":"A cien a\u00f1os de Violeta Parra, el mundo dice gracias\u00a0(Milenio)Google conmemora el centenario de Violeta Parra con doodle inspirado en el \u00ab\u00c1rbol de la Vida\u00bb\u00a0(Publimetro)Directora Museo Violeta Parra: Ella era \u201cuna creadora universal y un genio\u201d\u00a0(Radio Concierto)Chile celebra el centenario de Violeta Parra, autora de \u2018Gracias a la vida\u2019\u00a0(AFP)Celebraciones y festejos en los 100 a\u00f1os [&hellip;]","og_url":"http:\/\/vientosur.top\/museo\/especial-asi-cubrio-la-prensa-los-100-anos-de-violeta-parra\/","og_site_name":"Museo Violeta Parra","article_published_time":"2017-10-10T14:07:38+00:00","og_image":[{"width":1194,"height":555,"url":"http:\/\/vientosur.top\/museo\/wp-content\/uploads\/2017\/10\/violeta100-1.jpg","type":"image\/jpeg"}],"author":"admin","twitter_card":"summary_large_image","twitter_misc":{"Escrito por":"admin","Tiempo de lectura":"2 minutos"},"schema":{"@context":"https:\/\/schema.org","@graph":[{"@type":"WebPage","@id":"http:\/\/vientosur.top\/museo\/especial-asi-cubrio-la-prensa-los-100-anos-de-violeta-parra\/","url":"http:\/\/vientosur.top\/museo\/especial-asi-cubrio-la-prensa-los-100-anos-de-violeta-parra\/","name":"Especial: Cobertura de prensa por los 100 a\u00f1os de Violeta Parra - Museo Violeta Parra","isPartOf":{"@id":"http:\/\/vientosur.top\/museo\/#website"},"primaryImageOfPage":{"@id":"http:\/\/vientosur.top\/museo\/especial-asi-cubrio-la-prensa-los-100-anos-de-violeta-parra\/#primaryimage"},"image":{"@id":"http:\/\/vientosur.top\/museo\/especial-asi-cubrio-la-prensa-los-100-anos-de-violeta-parra\/#primaryimage"},"thumbnailUrl":"http:\/\/vientosur.top\/museo\/wp-content\/uploads\/2017\/10\/violeta100-1.jpg","datePublished":"2017-10-10T14:07:38+00:00","author":{"@id":"http:\/\/vientosur.top\/museo\/#\/schema\/person\/20c79d3c38800971feec8c2693c3dd9c"},"breadcrumb":{"@id":"http:\/\/vientosur.top\/museo\/especial-asi-cubrio-la-prensa-los-100-anos-de-violeta-parra\/#breadcrumb"},"inLanguage":"es","potentialAction":[{"@type":"ReadAction","target":["http:\/\/vientosur.top\/museo\/especial-asi-cubrio-la-prensa-los-100-anos-de-violeta-parra\/"]}]},{"@type":"ImageObject","inLanguage":"es","@id":"http:\/\/vientosur.top\/museo\/especial-asi-cubrio-la-prensa-los-100-anos-de-violeta-parra\/#primaryimage","url":"http:\/\/vientosur.top\/museo\/wp-content\/uploads\/2017\/10\/violeta100-1.jpg","contentUrl":"http:\/\/vientosur.top\/museo\/wp-content\/uploads\/2017\/10\/violeta100-1.jpg","width":1194,"height":555},{"@type":"BreadcrumbList","@id":"http:\/\/vientosur.top\/museo\/especial-asi-cubrio-la-prensa-los-100-anos-de-violeta-parra\/#breadcrumb","itemListElement":[{"@type":"ListItem","position":1,"name":"Portada","item":"http:\/\/vientosur.top\/museo\/"},{"@type":"ListItem","position":2,"name":"Especial: Cobertura de prensa por los 100 a\u00f1os de Violeta Parra"}]},{"@type":"WebSite","@id":"http:\/\/vientosur.top\/museo\/#website","url":"http:\/\/vientosur.top\/museo\/","name":"Museo Violeta Parra","description":"Espacio que alberga tanto la memoria y legado creativo de la artista","potentialAction":[{"@type":"SearchAction","target":{"@type":"EntryPoint","urlTemplate":"http:\/\/vientosur.top\/museo\/?s={search_term_string}"},"query-input":{"@type":"PropertyValueSpecification","valueRequired":true,"valueName":"search_term_string"}}],"inLanguage":"es"},{"@type":"Person","@id":"http:\/\/vientosur.top\/museo\/#\/schema\/person\/20c79d3c38800971feec8c2693c3dd9c","name":"admin","image":{"@type":"ImageObject","inLanguage":"es","@id":"http:\/\/vientosur.top\/museo\/#\/schema\/person\/image\/","url":"https:\/\/secure.gravatar.com\/avatar\/713677ece3ffa642287213a80e5b773bce9ab81c269dd6d95102a990951c922f?s=96&d=mm&r=g","contentUrl":"https:\/\/secure.gravatar.com\/avatar\/713677ece3ffa642287213a80e5b773bce9ab81c269dd6d95102a990951c922f?s=96&d=mm&r=g","caption":"admin"},"sameAs":["http:\/\/vientosur.top\/museo"],"url":"http:\/\/vientosur.top\/museo\/author\/comunicacionesmvp\/"}]}},"_links":{"self":[{"href":"http:\/\/vientosur.top\/museo\/wp-json\/wp\/v2\/posts\/5542","targetHints":{"allow":["GET"]}}],"collection":[{"href":"http:\/\/vientosur.top\/museo\/wp-json\/wp\/v2\/posts"}],"about":[{"href":"http:\/\/vientosur.top\/museo\/wp-json\/wp\/v2\/types\/post"}],"author":[{"embeddable":true,"href":"http:\/\/vientosur.top\/museo\/wp-json\/wp\/v2\/users\/5"}],"replies":[{"embeddable":true,"href":"http:\/\/vientosur.top\/museo\/wp-json\/wp\/v2\/comments?post=5542"}],"version-history":[{"count":0,"href":"http:\/\/vientosur.top\/museo\/wp-json\/wp\/v2\/posts\/5542\/revisions"}],"wp:featuredmedia":[{"embeddable":true,"href":"http:\/\/vientosur.top\/museo\/wp-json\/wp\/v2\/media\/5561"}],"wp:attachment":[{"href":"http:\/\/vientosur.top\/museo\/wp-json\/wp\/v2\/media?parent=5542"}],"wp:term":[{"taxonomy":"category","embeddable":true,"href":"http:\/\/vientosur.top\/museo\/wp-json\/wp\/v2\/categories?post=5542"},{"taxonomy":"post_tag","embeddable":true,"href":"http:\/\/vientosur.top\/museo\/wp-json\/wp\/v2\/tags?post=5542"}],"curies":[{"name":"wp","href":"https:\/\/api.w.org\/{rel}","templated":true}]}}