{"id":5546,"date":"2017-10-10T15:45:25","date_gmt":"2017-10-10T15:45:25","guid":{"rendered":"http:\/\/vientosur.top\/museo\/\/?p=5546"},"modified":"2017-10-10T15:45:25","modified_gmt":"2017-10-10T15:45:25","slug":"museo-violeta-parra-obsequiara-postal-conmemorativa-a-sus-visitantes-durante-el-mes-de-octubre","status":"publish","type":"post","link":"http:\/\/vientosur.top\/museo\/museo-violeta-parra-obsequiara-postal-conmemorativa-a-sus-visitantes-durante-el-mes-de-octubre\/","title":{"rendered":"Museo Violeta Parra obsequiar\u00e1 postal conmemorativa a sus visitantes durante el mes de octubre"},"content":{"rendered":"<p>El mi\u00e9rcoles 4 de octubre celebramos los 100 a\u00f1os del nacimiento de la artista. Desde ese d\u00eda el museo exhibe en la Sala Divina el \u00f3leo \u00abFiesta en casa de Violeta\u00bb, obra perteneciente a Milena Rojas Cereceda. Todos los visitantes que ingresen al museo recibir\u00e1n una postal conmemorativa que trae la pintura en su portada y, al reverso, la letra de la canci\u00f3n \u00abEl d\u00eda de tu cumplea\u00f1os\u00bb.<\/p>\n<p>&nbsp;<\/p>\n<p><iframe src=\"https:\/\/player.vimeo.com\/video\/235964540\" width=\"640\" height=\"360\" frameborder=\"0\" allowfullscreen=\"allowfullscreen\"><\/iframe><\/p>\n<p><a href=\"https:\/\/vimeo.com\/235964540\">Violeta Parra 100 a\u00f1os<\/a> from <a href=\"https:\/\/vimeo.com\/consejocultura\">Consejo de la Cultura &#8211; Chile<\/a> on <a href=\"https:\/\/vimeo.com\">Vimeo<\/a>.<\/p>\n<p>&nbsp;<\/p>\n","protected":false},"excerpt":{"rendered":"<p>El mi\u00e9rcoles 4 de octubre celebramos los 100 a\u00f1os del nacimiento de la artista. Desde ese d\u00eda el museo exhibe en la Sala Divina el \u00f3leo \u00abFiesta en casa de Violeta\u00bb, obra perteneciente a Milena Rojas Cereceda. Todos los visitantes que ingresen al museo recibir\u00e1n una postal conmemorativa que trae la pintura en su portada [&hellip;]<\/p>\n","protected":false},"author":5,"featured_media":5449,"comment_status":"open","ping_status":"open","sticky":false,"template":"","format":"standard","meta":{"site-sidebar-layout":"default","site-content-layout":"","ast-site-content-layout":"default","site-content-style":"default","site-sidebar-style":"default","ast-global-header-display":"","ast-banner-title-visibility":"","ast-main-header-display":"","ast-hfb-above-header-display":"","ast-hfb-below-header-display":"","ast-hfb-mobile-header-display":"","site-post-title":"","ast-breadcrumbs-content":"","ast-featured-img":"","footer-sml-layout":"","theme-transparent-header-meta":"","adv-header-id-meta":"","stick-header-meta":"","header-above-stick-meta":"","header-main-stick-meta":"","header-below-stick-meta":"","astra-migrate-meta-layouts":"default","ast-page-background-enabled":"default","ast-page-background-meta":{"desktop":{"background-color":"var(--ast-global-color-4)","background-image":"","background-repeat":"repeat","background-position":"center center","background-size":"auto","background-attachment":"scroll","background-type":"","background-media":"","overlay-type":"","overlay-color":"","overlay-opacity":"","overlay-gradient":""},"tablet":{"background-color":"","background-image":"","background-repeat":"repeat","background-position":"center center","background-size":"auto","background-attachment":"scroll","background-type":"","background-media":"","overlay-type":"","overlay-color":"","overlay-opacity":"","overlay-gradient":""},"mobile":{"background-color":"","background-image":"","background-repeat":"repeat","background-position":"center center","background-size":"auto","background-attachment":"scroll","background-type":"","background-media":"","overlay-type":"","overlay-color":"","overlay-opacity":"","overlay-gradient":""}},"ast-content-background-meta":{"desktop":{"background-color":"var(--ast-global-color-5)","background-image":"","background-repeat":"repeat","background-position":"center center","background-size":"auto","background-attachment":"scroll","background-type":"","background-media":"","overlay-type":"","overlay-color":"","overlay-opacity":"","overlay-gradient":""},"tablet":{"background-color":"var(--ast-global-color-5)","background-image":"","background-repeat":"repeat","background-position":"center center","background-size":"auto","background-attachment":"scroll","background-type":"","background-media":"","overlay-type":"","overlay-color":"","overlay-opacity":"","overlay-gradient":""},"mobile":{"background-color":"var(--ast-global-color-5)","background-image":"","background-repeat":"repeat","background-position":"center center","background-size":"auto","background-attachment":"scroll","background-type":"","background-media":"","overlay-type":"","overlay-color":"","overlay-opacity":"","overlay-gradient":""}},"footnotes":""},"categories":[59,8,61],"tags":[],"class_list":["post-5546","post","type-post","status-publish","format-standard","has-post-thumbnail","hentry","category-destacado-noticia","category-noticias","category-novedades"],"yoast_head":"<!-- This site is optimized with the Yoast SEO plugin v25.4 - https:\/\/yoast.com\/wordpress\/plugins\/seo\/ -->\n<title>Museo Violeta Parra obsequiar\u00e1 postal conmemorativa a sus visitantes durante el mes de octubre - Museo Violeta Parra<\/title>\n<meta name=\"robots\" content=\"index, follow, max-snippet:-1, max-image-preview:large, max-video-preview:-1\" \/>\n<link rel=\"canonical\" href=\"http:\/\/vientosur.top\/museo\/museo-violeta-parra-obsequiara-postal-conmemorativa-a-sus-visitantes-durante-el-mes-de-octubre\/\" \/>\n<meta property=\"og:locale\" content=\"es_ES\" \/>\n<meta property=\"og:type\" content=\"article\" \/>\n<meta property=\"og:title\" content=\"Museo Violeta Parra obsequiar\u00e1 postal conmemorativa a sus visitantes durante el mes de octubre - Museo Violeta Parra\" \/>\n<meta property=\"og:description\" content=\"El mi\u00e9rcoles 4 de octubre celebramos los 100 a\u00f1os del nacimiento de la artista. Desde ese d\u00eda el museo exhibe en la Sala Divina el \u00f3leo \u00abFiesta en casa de Violeta\u00bb, obra perteneciente a Milena Rojas Cereceda. Todos los visitantes que ingresen al museo recibir\u00e1n una postal conmemorativa que trae la pintura en su portada [&hellip;]\" \/>\n<meta property=\"og:url\" content=\"http:\/\/vientosur.top\/museo\/museo-violeta-parra-obsequiara-postal-conmemorativa-a-sus-visitantes-durante-el-mes-de-octubre\/\" \/>\n<meta property=\"og:site_name\" content=\"Museo Violeta Parra\" \/>\n<meta property=\"article:published_time\" content=\"2017-10-10T15:45:25+00:00\" \/>\n<meta property=\"og:image\" content=\"http:\/\/vientosur.top\/museo\/wp-content\/uploads\/2017\/10\/fiestaencasa.jpg\" \/>\n\t<meta property=\"og:image:width\" content=\"2200\" \/>\n\t<meta property=\"og:image:height\" content=\"1262\" \/>\n\t<meta property=\"og:image:type\" content=\"image\/jpeg\" \/>\n<meta name=\"author\" content=\"admin\" \/>\n<meta name=\"twitter:card\" content=\"summary_large_image\" \/>\n<meta name=\"twitter:label1\" content=\"Escrito por\" \/>\n\t<meta name=\"twitter:data1\" content=\"admin\" \/>\n<script type=\"application\/ld+json\" class=\"yoast-schema-graph\">{\"@context\":\"https:\/\/schema.org\",\"@graph\":[{\"@type\":\"WebPage\",\"@id\":\"http:\/\/vientosur.top\/museo\/museo-violeta-parra-obsequiara-postal-conmemorativa-a-sus-visitantes-durante-el-mes-de-octubre\/\",\"url\":\"http:\/\/vientosur.top\/museo\/museo-violeta-parra-obsequiara-postal-conmemorativa-a-sus-visitantes-durante-el-mes-de-octubre\/\",\"name\":\"Museo Violeta Parra obsequiar\u00e1 postal conmemorativa a sus visitantes durante el mes de octubre - Museo Violeta Parra\",\"isPartOf\":{\"@id\":\"http:\/\/vientosur.top\/museo\/#website\"},\"primaryImageOfPage\":{\"@id\":\"http:\/\/vientosur.top\/museo\/museo-violeta-parra-obsequiara-postal-conmemorativa-a-sus-visitantes-durante-el-mes-de-octubre\/#primaryimage\"},\"image\":{\"@id\":\"http:\/\/vientosur.top\/museo\/museo-violeta-parra-obsequiara-postal-conmemorativa-a-sus-visitantes-durante-el-mes-de-octubre\/#primaryimage\"},\"thumbnailUrl\":\"http:\/\/vientosur.top\/museo\/wp-content\/uploads\/2017\/10\/fiestaencasa.jpg\",\"datePublished\":\"2017-10-10T15:45:25+00:00\",\"author\":{\"@id\":\"http:\/\/vientosur.top\/museo\/#\/schema\/person\/20c79d3c38800971feec8c2693c3dd9c\"},\"breadcrumb\":{\"@id\":\"http:\/\/vientosur.top\/museo\/museo-violeta-parra-obsequiara-postal-conmemorativa-a-sus-visitantes-durante-el-mes-de-octubre\/#breadcrumb\"},\"inLanguage\":\"es\",\"potentialAction\":[{\"@type\":\"ReadAction\",\"target\":[\"http:\/\/vientosur.top\/museo\/museo-violeta-parra-obsequiara-postal-conmemorativa-a-sus-visitantes-durante-el-mes-de-octubre\/\"]}]},{\"@type\":\"ImageObject\",\"inLanguage\":\"es\",\"@id\":\"http:\/\/vientosur.top\/museo\/museo-violeta-parra-obsequiara-postal-conmemorativa-a-sus-visitantes-durante-el-mes-de-octubre\/#primaryimage\",\"url\":\"http:\/\/vientosur.top\/museo\/wp-content\/uploads\/2017\/10\/fiestaencasa.jpg\",\"contentUrl\":\"http:\/\/vientosur.top\/museo\/wp-content\/uploads\/2017\/10\/fiestaencasa.jpg\",\"width\":2200,\"height\":1262},{\"@type\":\"BreadcrumbList\",\"@id\":\"http:\/\/vientosur.top\/museo\/museo-violeta-parra-obsequiara-postal-conmemorativa-a-sus-visitantes-durante-el-mes-de-octubre\/#breadcrumb\",\"itemListElement\":[{\"@type\":\"ListItem\",\"position\":1,\"name\":\"Portada\",\"item\":\"http:\/\/vientosur.top\/museo\/\"},{\"@type\":\"ListItem\",\"position\":2,\"name\":\"Museo Violeta Parra obsequiar\u00e1 postal conmemorativa a sus visitantes durante el mes de octubre\"}]},{\"@type\":\"WebSite\",\"@id\":\"http:\/\/vientosur.top\/museo\/#website\",\"url\":\"http:\/\/vientosur.top\/museo\/\",\"name\":\"Museo Violeta Parra\",\"description\":\"Espacio que alberga tanto la memoria y legado creativo de la artista\",\"potentialAction\":[{\"@type\":\"SearchAction\",\"target\":{\"@type\":\"EntryPoint\",\"urlTemplate\":\"http:\/\/vientosur.top\/museo\/?s={search_term_string}\"},\"query-input\":{\"@type\":\"PropertyValueSpecification\",\"valueRequired\":true,\"valueName\":\"search_term_string\"}}],\"inLanguage\":\"es\"},{\"@type\":\"Person\",\"@id\":\"http:\/\/vientosur.top\/museo\/#\/schema\/person\/20c79d3c38800971feec8c2693c3dd9c\",\"name\":\"admin\",\"image\":{\"@type\":\"ImageObject\",\"inLanguage\":\"es\",\"@id\":\"http:\/\/vientosur.top\/museo\/#\/schema\/person\/image\/\",\"url\":\"https:\/\/secure.gravatar.com\/avatar\/713677ece3ffa642287213a80e5b773bce9ab81c269dd6d95102a990951c922f?s=96&d=mm&r=g\",\"contentUrl\":\"https:\/\/secure.gravatar.com\/avatar\/713677ece3ffa642287213a80e5b773bce9ab81c269dd6d95102a990951c922f?s=96&d=mm&r=g\",\"caption\":\"admin\"},\"sameAs\":[\"http:\/\/vientosur.top\/museo\"],\"url\":\"http:\/\/vientosur.top\/museo\/author\/comunicacionesmvp\/\"}]}<\/script>\n<!-- \/ Yoast SEO plugin. -->","yoast_head_json":{"title":"Museo Violeta Parra obsequiar\u00e1 postal conmemorativa a sus visitantes durante el mes de octubre - Museo Violeta Parra","robots":{"index":"index","follow":"follow","max-snippet":"max-snippet:-1","max-image-preview":"max-image-preview:large","max-video-preview":"max-video-preview:-1"},"canonical":"http:\/\/vientosur.top\/museo\/museo-violeta-parra-obsequiara-postal-conmemorativa-a-sus-visitantes-durante-el-mes-de-octubre\/","og_locale":"es_ES","og_type":"article","og_title":"Museo Violeta Parra obsequiar\u00e1 postal conmemorativa a sus visitantes durante el mes de octubre - Museo Violeta Parra","og_description":"El mi\u00e9rcoles 4 de octubre celebramos los 100 a\u00f1os del nacimiento de la artista. Desde ese d\u00eda el museo exhibe en la Sala Divina el \u00f3leo \u00abFiesta en casa de Violeta\u00bb, obra perteneciente a Milena Rojas Cereceda. Todos los visitantes que ingresen al museo recibir\u00e1n una postal conmemorativa que trae la pintura en su portada [&hellip;]","og_url":"http:\/\/vientosur.top\/museo\/museo-violeta-parra-obsequiara-postal-conmemorativa-a-sus-visitantes-durante-el-mes-de-octubre\/","og_site_name":"Museo Violeta Parra","article_published_time":"2017-10-10T15:45:25+00:00","og_image":[{"width":2200,"height":1262,"url":"http:\/\/vientosur.top\/museo\/wp-content\/uploads\/2017\/10\/fiestaencasa.jpg","type":"image\/jpeg"}],"author":"admin","twitter_card":"summary_large_image","twitter_misc":{"Escrito por":"admin"},"schema":{"@context":"https:\/\/schema.org","@graph":[{"@type":"WebPage","@id":"http:\/\/vientosur.top\/museo\/museo-violeta-parra-obsequiara-postal-conmemorativa-a-sus-visitantes-durante-el-mes-de-octubre\/","url":"http:\/\/vientosur.top\/museo\/museo-violeta-parra-obsequiara-postal-conmemorativa-a-sus-visitantes-durante-el-mes-de-octubre\/","name":"Museo Violeta Parra obsequiar\u00e1 postal conmemorativa a sus visitantes durante el mes de octubre - Museo Violeta Parra","isPartOf":{"@id":"http:\/\/vientosur.top\/museo\/#website"},"primaryImageOfPage":{"@id":"http:\/\/vientosur.top\/museo\/museo-violeta-parra-obsequiara-postal-conmemorativa-a-sus-visitantes-durante-el-mes-de-octubre\/#primaryimage"},"image":{"@id":"http:\/\/vientosur.top\/museo\/museo-violeta-parra-obsequiara-postal-conmemorativa-a-sus-visitantes-durante-el-mes-de-octubre\/#primaryimage"},"thumbnailUrl":"http:\/\/vientosur.top\/museo\/wp-content\/uploads\/2017\/10\/fiestaencasa.jpg","datePublished":"2017-10-10T15:45:25+00:00","author":{"@id":"http:\/\/vientosur.top\/museo\/#\/schema\/person\/20c79d3c38800971feec8c2693c3dd9c"},"breadcrumb":{"@id":"http:\/\/vientosur.top\/museo\/museo-violeta-parra-obsequiara-postal-conmemorativa-a-sus-visitantes-durante-el-mes-de-octubre\/#breadcrumb"},"inLanguage":"es","potentialAction":[{"@type":"ReadAction","target":["http:\/\/vientosur.top\/museo\/museo-violeta-parra-obsequiara-postal-conmemorativa-a-sus-visitantes-durante-el-mes-de-octubre\/"]}]},{"@type":"ImageObject","inLanguage":"es","@id":"http:\/\/vientosur.top\/museo\/museo-violeta-parra-obsequiara-postal-conmemorativa-a-sus-visitantes-durante-el-mes-de-octubre\/#primaryimage","url":"http:\/\/vientosur.top\/museo\/wp-content\/uploads\/2017\/10\/fiestaencasa.jpg","contentUrl":"http:\/\/vientosur.top\/museo\/wp-content\/uploads\/2017\/10\/fiestaencasa.jpg","width":2200,"height":1262},{"@type":"BreadcrumbList","@id":"http:\/\/vientosur.top\/museo\/museo-violeta-parra-obsequiara-postal-conmemorativa-a-sus-visitantes-durante-el-mes-de-octubre\/#breadcrumb","itemListElement":[{"@type":"ListItem","position":1,"name":"Portada","item":"http:\/\/vientosur.top\/museo\/"},{"@type":"ListItem","position":2,"name":"Museo Violeta Parra obsequiar\u00e1 postal conmemorativa a sus visitantes durante el mes de octubre"}]},{"@type":"WebSite","@id":"http:\/\/vientosur.top\/museo\/#website","url":"http:\/\/vientosur.top\/museo\/","name":"Museo Violeta Parra","description":"Espacio que alberga tanto la memoria y legado creativo de la artista","potentialAction":[{"@type":"SearchAction","target":{"@type":"EntryPoint","urlTemplate":"http:\/\/vientosur.top\/museo\/?s={search_term_string}"},"query-input":{"@type":"PropertyValueSpecification","valueRequired":true,"valueName":"search_term_string"}}],"inLanguage":"es"},{"@type":"Person","@id":"http:\/\/vientosur.top\/museo\/#\/schema\/person\/20c79d3c38800971feec8c2693c3dd9c","name":"admin","image":{"@type":"ImageObject","inLanguage":"es","@id":"http:\/\/vientosur.top\/museo\/#\/schema\/person\/image\/","url":"https:\/\/secure.gravatar.com\/avatar\/713677ece3ffa642287213a80e5b773bce9ab81c269dd6d95102a990951c922f?s=96&d=mm&r=g","contentUrl":"https:\/\/secure.gravatar.com\/avatar\/713677ece3ffa642287213a80e5b773bce9ab81c269dd6d95102a990951c922f?s=96&d=mm&r=g","caption":"admin"},"sameAs":["http:\/\/vientosur.top\/museo"],"url":"http:\/\/vientosur.top\/museo\/author\/comunicacionesmvp\/"}]}},"_links":{"self":[{"href":"http:\/\/vientosur.top\/museo\/wp-json\/wp\/v2\/posts\/5546","targetHints":{"allow":["GET"]}}],"collection":[{"href":"http:\/\/vientosur.top\/museo\/wp-json\/wp\/v2\/posts"}],"about":[{"href":"http:\/\/vientosur.top\/museo\/wp-json\/wp\/v2\/types\/post"}],"author":[{"embeddable":true,"href":"http:\/\/vientosur.top\/museo\/wp-json\/wp\/v2\/users\/5"}],"replies":[{"embeddable":true,"href":"http:\/\/vientosur.top\/museo\/wp-json\/wp\/v2\/comments?post=5546"}],"version-history":[{"count":0,"href":"http:\/\/vientosur.top\/museo\/wp-json\/wp\/v2\/posts\/5546\/revisions"}],"wp:featuredmedia":[{"embeddable":true,"href":"http:\/\/vientosur.top\/museo\/wp-json\/wp\/v2\/media\/5449"}],"wp:attachment":[{"href":"http:\/\/vientosur.top\/museo\/wp-json\/wp\/v2\/media?parent=5546"}],"wp:term":[{"taxonomy":"category","embeddable":true,"href":"http:\/\/vientosur.top\/museo\/wp-json\/wp\/v2\/categories?post=5546"},{"taxonomy":"post_tag","embeddable":true,"href":"http:\/\/vientosur.top\/museo\/wp-json\/wp\/v2\/tags?post=5546"}],"curies":[{"name":"wp","href":"https:\/\/api.w.org\/{rel}","templated":true}]}}