{"id":5584,"date":"2017-10-11T20:31:59","date_gmt":"2017-10-11T20:31:59","guid":{"rendered":"http:\/\/vientosur.top\/museo\/\/?p=5584"},"modified":"2017-10-11T20:31:59","modified_gmt":"2017-10-11T20:31:59","slug":"cuartetas-de-isabel-parra-para-la-celebracion-de-los-100-anos-de-violeta","status":"publish","type":"post","link":"http:\/\/vientosur.top\/museo\/cuartetas-de-isabel-parra-para-la-celebracion-de-los-100-anos-de-violeta\/","title":{"rendered":"Cuartetas de Isabel Parra para la celebraci\u00f3n de los 100 a\u00f1os de Violeta"},"content":{"rendered":"<p>Compartimos el manuscrito de las palabras pronunciadas por Isabel Parra, Presidenta de la Fundaci\u00f3n Violeta Parra, en la ceremonia oficial del 4 de octubre de 2017 para la conmemoraci\u00f3n de los 100 a\u00f1os de Violeta Parra. Fotograf\u00eda por Marcelo Machuca.<\/p>\n<p>&nbsp;<\/p>\n<p><a href=\"http:\/\/vientosur.top\/museo\/\/wp-content\/uploads\/2017\/10\/Cuartetas1.png\"><img fetchpriority=\"high\" decoding=\"async\" class=\"alignnone wp-image-5586\" src=\"http:\/\/vientosur.top\/museo\/\/wp-content\/uploads\/2017\/10\/Cuartetas1-1024x692.png\" alt=\"\" width=\"870\" height=\"588\" \/><\/a> <a href=\"http:\/\/vientosur.top\/museo\/\/wp-content\/uploads\/2017\/10\/Cuartetas2.png\"><img decoding=\"async\" class=\"alignnone wp-image-5587\" src=\"http:\/\/vientosur.top\/museo\/\/wp-content\/uploads\/2017\/10\/Cuartetas2-1024x691.png\" alt=\"\" width=\"870\" height=\"587\" \/><\/a><\/p>\n<p><a href=\"http:\/\/vientosur.top\/museo\/\/wp-content\/uploads\/2017\/10\/Cuartetas3.png\"><img decoding=\"async\" class=\"alignnone wp-image-5588\" src=\"http:\/\/vientosur.top\/museo\/\/wp-content\/uploads\/2017\/10\/Cuartetas3-1024x690.png\" alt=\"\" width=\"870\" height=\"587\" \/><\/a><\/p>\n<p><a href=\"http:\/\/vientosur.top\/museo\/\/wp-content\/uploads\/2017\/10\/Cuartetas4.png\"><img loading=\"lazy\" decoding=\"async\" class=\"alignnone wp-image-5589\" src=\"http:\/\/vientosur.top\/museo\/\/wp-content\/uploads\/2017\/10\/Cuartetas4-1024x690.png\" alt=\"\" width=\"870\" height=\"586\" \/><\/a><\/p>\n<p><a href=\"http:\/\/vientosur.top\/museo\/\/wp-content\/uploads\/2017\/10\/Cuartetas5.png\"><img loading=\"lazy\" decoding=\"async\" class=\"alignnone wp-image-5590\" src=\"http:\/\/vientosur.top\/museo\/\/wp-content\/uploads\/2017\/10\/Cuartetas5-1024x692.png\" alt=\"\" width=\"870\" height=\"588\" \/><\/a><\/p>\n<p><a href=\"http:\/\/vientosur.top\/museo\/\/wp-content\/uploads\/2017\/10\/Cuartetas6.png\"><img loading=\"lazy\" decoding=\"async\" class=\"alignnone wp-image-5591\" src=\"http:\/\/vientosur.top\/museo\/\/wp-content\/uploads\/2017\/10\/Cuartetas6-1024x694.png\" alt=\"\" width=\"870\" height=\"590\" \/><\/a><\/p>\n<p>&nbsp;<\/p>\n<p>&nbsp;<\/p>\n","protected":false},"excerpt":{"rendered":"<p>Compartimos el manuscrito de las palabras pronunciadas por Isabel Parra, Presidenta de la Fundaci\u00f3n Violeta Parra, en la ceremonia oficial del 4 de octubre de 2017 para la conmemoraci\u00f3n de los 100 a\u00f1os de Violeta Parra. Fotograf\u00eda por Marcelo Machuca. &nbsp; &nbsp; &nbsp;<\/p>\n","protected":false},"author":5,"featured_media":5585,"comment_status":"open","ping_status":"open","sticky":false,"template":"","format":"standard","meta":{"site-sidebar-layout":"default","site-content-layout":"","ast-site-content-layout":"default","site-content-style":"default","site-sidebar-style":"default","ast-global-header-display":"","ast-banner-title-visibility":"","ast-main-header-display":"","ast-hfb-above-header-display":"","ast-hfb-below-header-display":"","ast-hfb-mobile-header-display":"","site-post-title":"","ast-breadcrumbs-content":"","ast-featured-img":"","footer-sml-layout":"","theme-transparent-header-meta":"","adv-header-id-meta":"","stick-header-meta":"","header-above-stick-meta":"","header-main-stick-meta":"","header-below-stick-meta":"","astra-migrate-meta-layouts":"default","ast-page-background-enabled":"default","ast-page-background-meta":{"desktop":{"background-color":"var(--ast-global-color-4)","background-image":"","background-repeat":"repeat","background-position":"center center","background-size":"auto","background-attachment":"scroll","background-type":"","background-media":"","overlay-type":"","overlay-color":"","overlay-opacity":"","overlay-gradient":""},"tablet":{"background-color":"","background-image":"","background-repeat":"repeat","background-position":"center center","background-size":"auto","background-attachment":"scroll","background-type":"","background-media":"","overlay-type":"","overlay-color":"","overlay-opacity":"","overlay-gradient":""},"mobile":{"background-color":"","background-image":"","background-repeat":"repeat","background-position":"center center","background-size":"auto","background-attachment":"scroll","background-type":"","background-media":"","overlay-type":"","overlay-color":"","overlay-opacity":"","overlay-gradient":""}},"ast-content-background-meta":{"desktop":{"background-color":"var(--ast-global-color-5)","background-image":"","background-repeat":"repeat","background-position":"center center","background-size":"auto","background-attachment":"scroll","background-type":"","background-media":"","overlay-type":"","overlay-color":"","overlay-opacity":"","overlay-gradient":""},"tablet":{"background-color":"var(--ast-global-color-5)","background-image":"","background-repeat":"repeat","background-position":"center center","background-size":"auto","background-attachment":"scroll","background-type":"","background-media":"","overlay-type":"","overlay-color":"","overlay-opacity":"","overlay-gradient":""},"mobile":{"background-color":"var(--ast-global-color-5)","background-image":"","background-repeat":"repeat","background-position":"center center","background-size":"auto","background-attachment":"scroll","background-type":"","background-media":"","overlay-type":"","overlay-color":"","overlay-opacity":"","overlay-gradient":""}},"footnotes":""},"categories":[59,8,61],"tags":[],"class_list":["post-5584","post","type-post","status-publish","format-standard","has-post-thumbnail","hentry","category-destacado-noticia","category-noticias","category-novedades"],"yoast_head":"<!-- This site is optimized with the Yoast SEO plugin v25.4 - https:\/\/yoast.com\/wordpress\/plugins\/seo\/ -->\n<title>Cuartetas de Isabel Parra para la celebraci\u00f3n de los 100 a\u00f1os de Violeta - Museo Violeta Parra<\/title>\n<meta name=\"robots\" content=\"index, follow, max-snippet:-1, max-image-preview:large, max-video-preview:-1\" \/>\n<link rel=\"canonical\" href=\"http:\/\/vientosur.top\/museo\/cuartetas-de-isabel-parra-para-la-celebracion-de-los-100-anos-de-violeta\/\" \/>\n<meta property=\"og:locale\" content=\"es_ES\" \/>\n<meta property=\"og:type\" content=\"article\" \/>\n<meta property=\"og:title\" content=\"Cuartetas de Isabel Parra para la celebraci\u00f3n de los 100 a\u00f1os de Violeta - Museo Violeta Parra\" \/>\n<meta property=\"og:description\" content=\"Compartimos el manuscrito de las palabras pronunciadas por Isabel Parra, Presidenta de la Fundaci\u00f3n Violeta Parra, en la ceremonia oficial del 4 de octubre de 2017 para la conmemoraci\u00f3n de los 100 a\u00f1os de Violeta Parra. Fotograf\u00eda por Marcelo Machuca. &nbsp; &nbsp; &nbsp;\" \/>\n<meta property=\"og:url\" content=\"http:\/\/vientosur.top\/museo\/cuartetas-de-isabel-parra-para-la-celebracion-de-los-100-anos-de-violeta\/\" \/>\n<meta property=\"og:site_name\" content=\"Museo Violeta Parra\" \/>\n<meta property=\"article:published_time\" content=\"2017-10-11T20:31:59+00:00\" \/>\n<meta property=\"og:image\" content=\"http:\/\/vientosur.top\/museo\/wp-content\/uploads\/2017\/10\/IMG_7730.jpg\" \/>\n\t<meta property=\"og:image:width\" content=\"1200\" \/>\n\t<meta property=\"og:image:height\" content=\"800\" \/>\n\t<meta property=\"og:image:type\" content=\"image\/jpeg\" \/>\n<meta name=\"author\" content=\"admin\" \/>\n<meta name=\"twitter:card\" content=\"summary_large_image\" \/>\n<meta name=\"twitter:label1\" content=\"Escrito por\" \/>\n\t<meta name=\"twitter:data1\" content=\"admin\" \/>\n<script type=\"application\/ld+json\" class=\"yoast-schema-graph\">{\"@context\":\"https:\/\/schema.org\",\"@graph\":[{\"@type\":\"WebPage\",\"@id\":\"http:\/\/vientosur.top\/museo\/cuartetas-de-isabel-parra-para-la-celebracion-de-los-100-anos-de-violeta\/\",\"url\":\"http:\/\/vientosur.top\/museo\/cuartetas-de-isabel-parra-para-la-celebracion-de-los-100-anos-de-violeta\/\",\"name\":\"Cuartetas de Isabel Parra para la celebraci\u00f3n de los 100 a\u00f1os de Violeta - Museo Violeta Parra\",\"isPartOf\":{\"@id\":\"http:\/\/vientosur.top\/museo\/#website\"},\"primaryImageOfPage\":{\"@id\":\"http:\/\/vientosur.top\/museo\/cuartetas-de-isabel-parra-para-la-celebracion-de-los-100-anos-de-violeta\/#primaryimage\"},\"image\":{\"@id\":\"http:\/\/vientosur.top\/museo\/cuartetas-de-isabel-parra-para-la-celebracion-de-los-100-anos-de-violeta\/#primaryimage\"},\"thumbnailUrl\":\"http:\/\/vientosur.top\/museo\/wp-content\/uploads\/2017\/10\/IMG_7730.jpg\",\"datePublished\":\"2017-10-11T20:31:59+00:00\",\"author\":{\"@id\":\"http:\/\/vientosur.top\/museo\/#\/schema\/person\/20c79d3c38800971feec8c2693c3dd9c\"},\"breadcrumb\":{\"@id\":\"http:\/\/vientosur.top\/museo\/cuartetas-de-isabel-parra-para-la-celebracion-de-los-100-anos-de-violeta\/#breadcrumb\"},\"inLanguage\":\"es\",\"potentialAction\":[{\"@type\":\"ReadAction\",\"target\":[\"http:\/\/vientosur.top\/museo\/cuartetas-de-isabel-parra-para-la-celebracion-de-los-100-anos-de-violeta\/\"]}]},{\"@type\":\"ImageObject\",\"inLanguage\":\"es\",\"@id\":\"http:\/\/vientosur.top\/museo\/cuartetas-de-isabel-parra-para-la-celebracion-de-los-100-anos-de-violeta\/#primaryimage\",\"url\":\"http:\/\/vientosur.top\/museo\/wp-content\/uploads\/2017\/10\/IMG_7730.jpg\",\"contentUrl\":\"http:\/\/vientosur.top\/museo\/wp-content\/uploads\/2017\/10\/IMG_7730.jpg\",\"width\":1200,\"height\":800},{\"@type\":\"BreadcrumbList\",\"@id\":\"http:\/\/vientosur.top\/museo\/cuartetas-de-isabel-parra-para-la-celebracion-de-los-100-anos-de-violeta\/#breadcrumb\",\"itemListElement\":[{\"@type\":\"ListItem\",\"position\":1,\"name\":\"Portada\",\"item\":\"http:\/\/vientosur.top\/museo\/\"},{\"@type\":\"ListItem\",\"position\":2,\"name\":\"Cuartetas de Isabel Parra para la celebraci\u00f3n de los 100 a\u00f1os de Violeta\"}]},{\"@type\":\"WebSite\",\"@id\":\"http:\/\/vientosur.top\/museo\/#website\",\"url\":\"http:\/\/vientosur.top\/museo\/\",\"name\":\"Museo Violeta Parra\",\"description\":\"Espacio que alberga tanto la memoria y legado creativo de la artista\",\"potentialAction\":[{\"@type\":\"SearchAction\",\"target\":{\"@type\":\"EntryPoint\",\"urlTemplate\":\"http:\/\/vientosur.top\/museo\/?s={search_term_string}\"},\"query-input\":{\"@type\":\"PropertyValueSpecification\",\"valueRequired\":true,\"valueName\":\"search_term_string\"}}],\"inLanguage\":\"es\"},{\"@type\":\"Person\",\"@id\":\"http:\/\/vientosur.top\/museo\/#\/schema\/person\/20c79d3c38800971feec8c2693c3dd9c\",\"name\":\"admin\",\"image\":{\"@type\":\"ImageObject\",\"inLanguage\":\"es\",\"@id\":\"http:\/\/vientosur.top\/museo\/#\/schema\/person\/image\/\",\"url\":\"https:\/\/secure.gravatar.com\/avatar\/713677ece3ffa642287213a80e5b773bce9ab81c269dd6d95102a990951c922f?s=96&d=mm&r=g\",\"contentUrl\":\"https:\/\/secure.gravatar.com\/avatar\/713677ece3ffa642287213a80e5b773bce9ab81c269dd6d95102a990951c922f?s=96&d=mm&r=g\",\"caption\":\"admin\"},\"sameAs\":[\"http:\/\/vientosur.top\/museo\"],\"url\":\"http:\/\/vientosur.top\/museo\/author\/comunicacionesmvp\/\"}]}<\/script>\n<!-- \/ Yoast SEO plugin. -->","yoast_head_json":{"title":"Cuartetas de Isabel Parra para la celebraci\u00f3n de los 100 a\u00f1os de Violeta - Museo Violeta Parra","robots":{"index":"index","follow":"follow","max-snippet":"max-snippet:-1","max-image-preview":"max-image-preview:large","max-video-preview":"max-video-preview:-1"},"canonical":"http:\/\/vientosur.top\/museo\/cuartetas-de-isabel-parra-para-la-celebracion-de-los-100-anos-de-violeta\/","og_locale":"es_ES","og_type":"article","og_title":"Cuartetas de Isabel Parra para la celebraci\u00f3n de los 100 a\u00f1os de Violeta - Museo Violeta Parra","og_description":"Compartimos el manuscrito de las palabras pronunciadas por Isabel Parra, Presidenta de la Fundaci\u00f3n Violeta Parra, en la ceremonia oficial del 4 de octubre de 2017 para la conmemoraci\u00f3n de los 100 a\u00f1os de Violeta Parra. Fotograf\u00eda por Marcelo Machuca. &nbsp; &nbsp; &nbsp;","og_url":"http:\/\/vientosur.top\/museo\/cuartetas-de-isabel-parra-para-la-celebracion-de-los-100-anos-de-violeta\/","og_site_name":"Museo Violeta Parra","article_published_time":"2017-10-11T20:31:59+00:00","og_image":[{"width":1200,"height":800,"url":"http:\/\/vientosur.top\/museo\/wp-content\/uploads\/2017\/10\/IMG_7730.jpg","type":"image\/jpeg"}],"author":"admin","twitter_card":"summary_large_image","twitter_misc":{"Escrito por":"admin"},"schema":{"@context":"https:\/\/schema.org","@graph":[{"@type":"WebPage","@id":"http:\/\/vientosur.top\/museo\/cuartetas-de-isabel-parra-para-la-celebracion-de-los-100-anos-de-violeta\/","url":"http:\/\/vientosur.top\/museo\/cuartetas-de-isabel-parra-para-la-celebracion-de-los-100-anos-de-violeta\/","name":"Cuartetas de Isabel Parra para la celebraci\u00f3n de los 100 a\u00f1os de Violeta - Museo Violeta Parra","isPartOf":{"@id":"http:\/\/vientosur.top\/museo\/#website"},"primaryImageOfPage":{"@id":"http:\/\/vientosur.top\/museo\/cuartetas-de-isabel-parra-para-la-celebracion-de-los-100-anos-de-violeta\/#primaryimage"},"image":{"@id":"http:\/\/vientosur.top\/museo\/cuartetas-de-isabel-parra-para-la-celebracion-de-los-100-anos-de-violeta\/#primaryimage"},"thumbnailUrl":"http:\/\/vientosur.top\/museo\/wp-content\/uploads\/2017\/10\/IMG_7730.jpg","datePublished":"2017-10-11T20:31:59+00:00","author":{"@id":"http:\/\/vientosur.top\/museo\/#\/schema\/person\/20c79d3c38800971feec8c2693c3dd9c"},"breadcrumb":{"@id":"http:\/\/vientosur.top\/museo\/cuartetas-de-isabel-parra-para-la-celebracion-de-los-100-anos-de-violeta\/#breadcrumb"},"inLanguage":"es","potentialAction":[{"@type":"ReadAction","target":["http:\/\/vientosur.top\/museo\/cuartetas-de-isabel-parra-para-la-celebracion-de-los-100-anos-de-violeta\/"]}]},{"@type":"ImageObject","inLanguage":"es","@id":"http:\/\/vientosur.top\/museo\/cuartetas-de-isabel-parra-para-la-celebracion-de-los-100-anos-de-violeta\/#primaryimage","url":"http:\/\/vientosur.top\/museo\/wp-content\/uploads\/2017\/10\/IMG_7730.jpg","contentUrl":"http:\/\/vientosur.top\/museo\/wp-content\/uploads\/2017\/10\/IMG_7730.jpg","width":1200,"height":800},{"@type":"BreadcrumbList","@id":"http:\/\/vientosur.top\/museo\/cuartetas-de-isabel-parra-para-la-celebracion-de-los-100-anos-de-violeta\/#breadcrumb","itemListElement":[{"@type":"ListItem","position":1,"name":"Portada","item":"http:\/\/vientosur.top\/museo\/"},{"@type":"ListItem","position":2,"name":"Cuartetas de Isabel Parra para la celebraci\u00f3n de los 100 a\u00f1os de Violeta"}]},{"@type":"WebSite","@id":"http:\/\/vientosur.top\/museo\/#website","url":"http:\/\/vientosur.top\/museo\/","name":"Museo Violeta Parra","description":"Espacio que alberga tanto la memoria y legado creativo de la artista","potentialAction":[{"@type":"SearchAction","target":{"@type":"EntryPoint","urlTemplate":"http:\/\/vientosur.top\/museo\/?s={search_term_string}"},"query-input":{"@type":"PropertyValueSpecification","valueRequired":true,"valueName":"search_term_string"}}],"inLanguage":"es"},{"@type":"Person","@id":"http:\/\/vientosur.top\/museo\/#\/schema\/person\/20c79d3c38800971feec8c2693c3dd9c","name":"admin","image":{"@type":"ImageObject","inLanguage":"es","@id":"http:\/\/vientosur.top\/museo\/#\/schema\/person\/image\/","url":"https:\/\/secure.gravatar.com\/avatar\/713677ece3ffa642287213a80e5b773bce9ab81c269dd6d95102a990951c922f?s=96&d=mm&r=g","contentUrl":"https:\/\/secure.gravatar.com\/avatar\/713677ece3ffa642287213a80e5b773bce9ab81c269dd6d95102a990951c922f?s=96&d=mm&r=g","caption":"admin"},"sameAs":["http:\/\/vientosur.top\/museo"],"url":"http:\/\/vientosur.top\/museo\/author\/comunicacionesmvp\/"}]}},"_links":{"self":[{"href":"http:\/\/vientosur.top\/museo\/wp-json\/wp\/v2\/posts\/5584","targetHints":{"allow":["GET"]}}],"collection":[{"href":"http:\/\/vientosur.top\/museo\/wp-json\/wp\/v2\/posts"}],"about":[{"href":"http:\/\/vientosur.top\/museo\/wp-json\/wp\/v2\/types\/post"}],"author":[{"embeddable":true,"href":"http:\/\/vientosur.top\/museo\/wp-json\/wp\/v2\/users\/5"}],"replies":[{"embeddable":true,"href":"http:\/\/vientosur.top\/museo\/wp-json\/wp\/v2\/comments?post=5584"}],"version-history":[{"count":0,"href":"http:\/\/vientosur.top\/museo\/wp-json\/wp\/v2\/posts\/5584\/revisions"}],"wp:featuredmedia":[{"embeddable":true,"href":"http:\/\/vientosur.top\/museo\/wp-json\/wp\/v2\/media\/5585"}],"wp:attachment":[{"href":"http:\/\/vientosur.top\/museo\/wp-json\/wp\/v2\/media?parent=5584"}],"wp:term":[{"taxonomy":"category","embeddable":true,"href":"http:\/\/vientosur.top\/museo\/wp-json\/wp\/v2\/categories?post=5584"},{"taxonomy":"post_tag","embeddable":true,"href":"http:\/\/vientosur.top\/museo\/wp-json\/wp\/v2\/tags?post=5584"}],"curies":[{"name":"wp","href":"https:\/\/api.w.org\/{rel}","templated":true}]}}