{"id":5602,"date":"2017-10-12T19:11:58","date_gmt":"2017-10-12T19:11:58","guid":{"rendered":"http:\/\/vientosur.top\/museo\/\/?p=5602"},"modified":"2017-10-12T19:11:58","modified_gmt":"2017-10-12T19:11:58","slug":"daniel-viglietti-visito-museo-violeta-parra","status":"publish","type":"post","link":"http:\/\/vientosur.top\/museo\/daniel-viglietti-visito-museo-violeta-parra\/","title":{"rendered":"Daniel Viglietti visit\u00f3 Museo Violeta Parra"},"content":{"rendered":"<p>El cantautor uruguayo recorri\u00f3 el museo en compa\u00f1\u00eda de Lourdes Villafa\u00f1a y Roberto Stirling. El conductor de los programas de radio\u00a0\u00a0\u00abT\u00edmpano\u00bb y \u00abP\u00e1rpado\u00bb se reuni\u00f3 con Isabel Parra, Presidenta de la Fundaci\u00f3n Violeta Parra, y Tita Parra.<\/p>\n<p>\u00abEsto es como un rel\u00e1mpago, una iluminaci\u00f3n, que trae resplandores de otras \u00e9pocas, de gente que conoc\u00ed \u2014empezando por la propia Violeta\u2014 pero tambi\u00e9n de todo el contexto, de una cierta etapa de su vida. Tambi\u00e9n, en lo personal de mis experiencias en Chile, y la maravilla de la obra de Violeta que tengo en mi memoria, en los cajones de mis archivos, en mis programas de radio. La obra pl\u00e1stica es muy emocionante, muy fuerte. Es un museo coloquial, a m\u00ed me gusta mucho la dimensi\u00f3n de este museo\u00bb, se\u00f1al\u00f3 el artista.<\/p>\n","protected":false},"excerpt":{"rendered":"<p>El cantautor uruguayo recorri\u00f3 el museo en compa\u00f1\u00eda de Lourdes Villafa\u00f1a y Roberto Stirling. El conductor de los programas de radio\u00a0\u00a0\u00abT\u00edmpano\u00bb y \u00abP\u00e1rpado\u00bb se reuni\u00f3 con Isabel Parra, Presidenta de la Fundaci\u00f3n Violeta Parra, y Tita Parra. \u00abEsto es como un rel\u00e1mpago, una iluminaci\u00f3n, que trae resplandores de otras \u00e9pocas, de gente que conoc\u00ed \u2014empezando [&hellip;]<\/p>\n","protected":false},"author":5,"featured_media":5603,"comment_status":"open","ping_status":"open","sticky":false,"template":"","format":"standard","meta":{"site-sidebar-layout":"default","site-content-layout":"","ast-site-content-layout":"default","site-content-style":"default","site-sidebar-style":"default","ast-global-header-display":"","ast-banner-title-visibility":"","ast-main-header-display":"","ast-hfb-above-header-display":"","ast-hfb-below-header-display":"","ast-hfb-mobile-header-display":"","site-post-title":"","ast-breadcrumbs-content":"","ast-featured-img":"","footer-sml-layout":"","theme-transparent-header-meta":"","adv-header-id-meta":"","stick-header-meta":"","header-above-stick-meta":"","header-main-stick-meta":"","header-below-stick-meta":"","astra-migrate-meta-layouts":"default","ast-page-background-enabled":"default","ast-page-background-meta":{"desktop":{"background-color":"var(--ast-global-color-4)","background-image":"","background-repeat":"repeat","background-position":"center center","background-size":"auto","background-attachment":"scroll","background-type":"","background-media":"","overlay-type":"","overlay-color":"","overlay-opacity":"","overlay-gradient":""},"tablet":{"background-color":"","background-image":"","background-repeat":"repeat","background-position":"center center","background-size":"auto","background-attachment":"scroll","background-type":"","background-media":"","overlay-type":"","overlay-color":"","overlay-opacity":"","overlay-gradient":""},"mobile":{"background-color":"","background-image":"","background-repeat":"repeat","background-position":"center center","background-size":"auto","background-attachment":"scroll","background-type":"","background-media":"","overlay-type":"","overlay-color":"","overlay-opacity":"","overlay-gradient":""}},"ast-content-background-meta":{"desktop":{"background-color":"var(--ast-global-color-5)","background-image":"","background-repeat":"repeat","background-position":"center center","background-size":"auto","background-attachment":"scroll","background-type":"","background-media":"","overlay-type":"","overlay-color":"","overlay-opacity":"","overlay-gradient":""},"tablet":{"background-color":"var(--ast-global-color-5)","background-image":"","background-repeat":"repeat","background-position":"center center","background-size":"auto","background-attachment":"scroll","background-type":"","background-media":"","overlay-type":"","overlay-color":"","overlay-opacity":"","overlay-gradient":""},"mobile":{"background-color":"var(--ast-global-color-5)","background-image":"","background-repeat":"repeat","background-position":"center center","background-size":"auto","background-attachment":"scroll","background-type":"","background-media":"","overlay-type":"","overlay-color":"","overlay-opacity":"","overlay-gradient":""}},"footnotes":""},"categories":[59,8,61],"tags":[],"class_list":["post-5602","post","type-post","status-publish","format-standard","has-post-thumbnail","hentry","category-destacado-noticia","category-noticias","category-novedades"],"yoast_head":"<!-- This site is optimized with the Yoast SEO plugin v25.4 - https:\/\/yoast.com\/wordpress\/plugins\/seo\/ -->\n<title>Daniel Viglietti visit\u00f3 Museo Violeta Parra - Museo Violeta Parra<\/title>\n<meta name=\"robots\" content=\"index, follow, max-snippet:-1, max-image-preview:large, max-video-preview:-1\" \/>\n<link rel=\"canonical\" href=\"http:\/\/vientosur.top\/museo\/daniel-viglietti-visito-museo-violeta-parra\/\" \/>\n<meta property=\"og:locale\" content=\"es_ES\" \/>\n<meta property=\"og:type\" content=\"article\" \/>\n<meta property=\"og:title\" content=\"Daniel Viglietti visit\u00f3 Museo Violeta Parra - Museo Violeta Parra\" \/>\n<meta property=\"og:description\" content=\"El cantautor uruguayo recorri\u00f3 el museo en compa\u00f1\u00eda de Lourdes Villafa\u00f1a y Roberto Stirling. El conductor de los programas de radio\u00a0\u00a0\u00abT\u00edmpano\u00bb y \u00abP\u00e1rpado\u00bb se reuni\u00f3 con Isabel Parra, Presidenta de la Fundaci\u00f3n Violeta Parra, y Tita Parra. \u00abEsto es como un rel\u00e1mpago, una iluminaci\u00f3n, que trae resplandores de otras \u00e9pocas, de gente que conoc\u00ed \u2014empezando [&hellip;]\" \/>\n<meta property=\"og:url\" content=\"http:\/\/vientosur.top\/museo\/daniel-viglietti-visito-museo-violeta-parra\/\" \/>\n<meta property=\"og:site_name\" content=\"Museo Violeta Parra\" \/>\n<meta property=\"article:published_time\" content=\"2017-10-12T19:11:58+00:00\" \/>\n<meta property=\"og:image\" content=\"http:\/\/vientosur.top\/museo\/wp-content\/uploads\/2017\/10\/DSC_0282.jpg\" \/>\n\t<meta property=\"og:image:width\" content=\"1083\" \/>\n\t<meta property=\"og:image:height\" content=\"720\" \/>\n\t<meta property=\"og:image:type\" content=\"image\/jpeg\" \/>\n<meta name=\"author\" content=\"admin\" \/>\n<meta name=\"twitter:card\" content=\"summary_large_image\" \/>\n<meta name=\"twitter:label1\" content=\"Escrito por\" \/>\n\t<meta name=\"twitter:data1\" content=\"admin\" \/>\n\t<meta name=\"twitter:label2\" content=\"Tiempo de lectura\" \/>\n\t<meta name=\"twitter:data2\" content=\"1 minuto\" \/>\n<script type=\"application\/ld+json\" class=\"yoast-schema-graph\">{\"@context\":\"https:\/\/schema.org\",\"@graph\":[{\"@type\":\"WebPage\",\"@id\":\"http:\/\/vientosur.top\/museo\/daniel-viglietti-visito-museo-violeta-parra\/\",\"url\":\"http:\/\/vientosur.top\/museo\/daniel-viglietti-visito-museo-violeta-parra\/\",\"name\":\"Daniel Viglietti visit\u00f3 Museo Violeta Parra - Museo Violeta Parra\",\"isPartOf\":{\"@id\":\"http:\/\/vientosur.top\/museo\/#website\"},\"primaryImageOfPage\":{\"@id\":\"http:\/\/vientosur.top\/museo\/daniel-viglietti-visito-museo-violeta-parra\/#primaryimage\"},\"image\":{\"@id\":\"http:\/\/vientosur.top\/museo\/daniel-viglietti-visito-museo-violeta-parra\/#primaryimage\"},\"thumbnailUrl\":\"http:\/\/vientosur.top\/museo\/wp-content\/uploads\/2017\/10\/DSC_0282.jpg\",\"datePublished\":\"2017-10-12T19:11:58+00:00\",\"author\":{\"@id\":\"http:\/\/vientosur.top\/museo\/#\/schema\/person\/20c79d3c38800971feec8c2693c3dd9c\"},\"breadcrumb\":{\"@id\":\"http:\/\/vientosur.top\/museo\/daniel-viglietti-visito-museo-violeta-parra\/#breadcrumb\"},\"inLanguage\":\"es\",\"potentialAction\":[{\"@type\":\"ReadAction\",\"target\":[\"http:\/\/vientosur.top\/museo\/daniel-viglietti-visito-museo-violeta-parra\/\"]}]},{\"@type\":\"ImageObject\",\"inLanguage\":\"es\",\"@id\":\"http:\/\/vientosur.top\/museo\/daniel-viglietti-visito-museo-violeta-parra\/#primaryimage\",\"url\":\"http:\/\/vientosur.top\/museo\/wp-content\/uploads\/2017\/10\/DSC_0282.jpg\",\"contentUrl\":\"http:\/\/vientosur.top\/museo\/wp-content\/uploads\/2017\/10\/DSC_0282.jpg\",\"width\":1083,\"height\":720},{\"@type\":\"BreadcrumbList\",\"@id\":\"http:\/\/vientosur.top\/museo\/daniel-viglietti-visito-museo-violeta-parra\/#breadcrumb\",\"itemListElement\":[{\"@type\":\"ListItem\",\"position\":1,\"name\":\"Portada\",\"item\":\"http:\/\/vientosur.top\/museo\/\"},{\"@type\":\"ListItem\",\"position\":2,\"name\":\"Daniel Viglietti visit\u00f3 Museo Violeta Parra\"}]},{\"@type\":\"WebSite\",\"@id\":\"http:\/\/vientosur.top\/museo\/#website\",\"url\":\"http:\/\/vientosur.top\/museo\/\",\"name\":\"Museo Violeta Parra\",\"description\":\"Espacio que alberga tanto la memoria y legado creativo de la artista\",\"potentialAction\":[{\"@type\":\"SearchAction\",\"target\":{\"@type\":\"EntryPoint\",\"urlTemplate\":\"http:\/\/vientosur.top\/museo\/?s={search_term_string}\"},\"query-input\":{\"@type\":\"PropertyValueSpecification\",\"valueRequired\":true,\"valueName\":\"search_term_string\"}}],\"inLanguage\":\"es\"},{\"@type\":\"Person\",\"@id\":\"http:\/\/vientosur.top\/museo\/#\/schema\/person\/20c79d3c38800971feec8c2693c3dd9c\",\"name\":\"admin\",\"image\":{\"@type\":\"ImageObject\",\"inLanguage\":\"es\",\"@id\":\"http:\/\/vientosur.top\/museo\/#\/schema\/person\/image\/\",\"url\":\"https:\/\/secure.gravatar.com\/avatar\/713677ece3ffa642287213a80e5b773bce9ab81c269dd6d95102a990951c922f?s=96&d=mm&r=g\",\"contentUrl\":\"https:\/\/secure.gravatar.com\/avatar\/713677ece3ffa642287213a80e5b773bce9ab81c269dd6d95102a990951c922f?s=96&d=mm&r=g\",\"caption\":\"admin\"},\"sameAs\":[\"http:\/\/vientosur.top\/museo\"],\"url\":\"http:\/\/vientosur.top\/museo\/author\/comunicacionesmvp\/\"}]}<\/script>\n<!-- \/ Yoast SEO plugin. -->","yoast_head_json":{"title":"Daniel Viglietti visit\u00f3 Museo Violeta Parra - Museo Violeta Parra","robots":{"index":"index","follow":"follow","max-snippet":"max-snippet:-1","max-image-preview":"max-image-preview:large","max-video-preview":"max-video-preview:-1"},"canonical":"http:\/\/vientosur.top\/museo\/daniel-viglietti-visito-museo-violeta-parra\/","og_locale":"es_ES","og_type":"article","og_title":"Daniel Viglietti visit\u00f3 Museo Violeta Parra - Museo Violeta Parra","og_description":"El cantautor uruguayo recorri\u00f3 el museo en compa\u00f1\u00eda de Lourdes Villafa\u00f1a y Roberto Stirling. El conductor de los programas de radio\u00a0\u00a0\u00abT\u00edmpano\u00bb y \u00abP\u00e1rpado\u00bb se reuni\u00f3 con Isabel Parra, Presidenta de la Fundaci\u00f3n Violeta Parra, y Tita Parra. \u00abEsto es como un rel\u00e1mpago, una iluminaci\u00f3n, que trae resplandores de otras \u00e9pocas, de gente que conoc\u00ed \u2014empezando [&hellip;]","og_url":"http:\/\/vientosur.top\/museo\/daniel-viglietti-visito-museo-violeta-parra\/","og_site_name":"Museo Violeta Parra","article_published_time":"2017-10-12T19:11:58+00:00","og_image":[{"width":1083,"height":720,"url":"http:\/\/vientosur.top\/museo\/wp-content\/uploads\/2017\/10\/DSC_0282.jpg","type":"image\/jpeg"}],"author":"admin","twitter_card":"summary_large_image","twitter_misc":{"Escrito por":"admin","Tiempo de lectura":"1 minuto"},"schema":{"@context":"https:\/\/schema.org","@graph":[{"@type":"WebPage","@id":"http:\/\/vientosur.top\/museo\/daniel-viglietti-visito-museo-violeta-parra\/","url":"http:\/\/vientosur.top\/museo\/daniel-viglietti-visito-museo-violeta-parra\/","name":"Daniel Viglietti visit\u00f3 Museo Violeta Parra - Museo Violeta Parra","isPartOf":{"@id":"http:\/\/vientosur.top\/museo\/#website"},"primaryImageOfPage":{"@id":"http:\/\/vientosur.top\/museo\/daniel-viglietti-visito-museo-violeta-parra\/#primaryimage"},"image":{"@id":"http:\/\/vientosur.top\/museo\/daniel-viglietti-visito-museo-violeta-parra\/#primaryimage"},"thumbnailUrl":"http:\/\/vientosur.top\/museo\/wp-content\/uploads\/2017\/10\/DSC_0282.jpg","datePublished":"2017-10-12T19:11:58+00:00","author":{"@id":"http:\/\/vientosur.top\/museo\/#\/schema\/person\/20c79d3c38800971feec8c2693c3dd9c"},"breadcrumb":{"@id":"http:\/\/vientosur.top\/museo\/daniel-viglietti-visito-museo-violeta-parra\/#breadcrumb"},"inLanguage":"es","potentialAction":[{"@type":"ReadAction","target":["http:\/\/vientosur.top\/museo\/daniel-viglietti-visito-museo-violeta-parra\/"]}]},{"@type":"ImageObject","inLanguage":"es","@id":"http:\/\/vientosur.top\/museo\/daniel-viglietti-visito-museo-violeta-parra\/#primaryimage","url":"http:\/\/vientosur.top\/museo\/wp-content\/uploads\/2017\/10\/DSC_0282.jpg","contentUrl":"http:\/\/vientosur.top\/museo\/wp-content\/uploads\/2017\/10\/DSC_0282.jpg","width":1083,"height":720},{"@type":"BreadcrumbList","@id":"http:\/\/vientosur.top\/museo\/daniel-viglietti-visito-museo-violeta-parra\/#breadcrumb","itemListElement":[{"@type":"ListItem","position":1,"name":"Portada","item":"http:\/\/vientosur.top\/museo\/"},{"@type":"ListItem","position":2,"name":"Daniel Viglietti visit\u00f3 Museo Violeta Parra"}]},{"@type":"WebSite","@id":"http:\/\/vientosur.top\/museo\/#website","url":"http:\/\/vientosur.top\/museo\/","name":"Museo Violeta Parra","description":"Espacio que alberga tanto la memoria y legado creativo de la artista","potentialAction":[{"@type":"SearchAction","target":{"@type":"EntryPoint","urlTemplate":"http:\/\/vientosur.top\/museo\/?s={search_term_string}"},"query-input":{"@type":"PropertyValueSpecification","valueRequired":true,"valueName":"search_term_string"}}],"inLanguage":"es"},{"@type":"Person","@id":"http:\/\/vientosur.top\/museo\/#\/schema\/person\/20c79d3c38800971feec8c2693c3dd9c","name":"admin","image":{"@type":"ImageObject","inLanguage":"es","@id":"http:\/\/vientosur.top\/museo\/#\/schema\/person\/image\/","url":"https:\/\/secure.gravatar.com\/avatar\/713677ece3ffa642287213a80e5b773bce9ab81c269dd6d95102a990951c922f?s=96&d=mm&r=g","contentUrl":"https:\/\/secure.gravatar.com\/avatar\/713677ece3ffa642287213a80e5b773bce9ab81c269dd6d95102a990951c922f?s=96&d=mm&r=g","caption":"admin"},"sameAs":["http:\/\/vientosur.top\/museo"],"url":"http:\/\/vientosur.top\/museo\/author\/comunicacionesmvp\/"}]}},"_links":{"self":[{"href":"http:\/\/vientosur.top\/museo\/wp-json\/wp\/v2\/posts\/5602","targetHints":{"allow":["GET"]}}],"collection":[{"href":"http:\/\/vientosur.top\/museo\/wp-json\/wp\/v2\/posts"}],"about":[{"href":"http:\/\/vientosur.top\/museo\/wp-json\/wp\/v2\/types\/post"}],"author":[{"embeddable":true,"href":"http:\/\/vientosur.top\/museo\/wp-json\/wp\/v2\/users\/5"}],"replies":[{"embeddable":true,"href":"http:\/\/vientosur.top\/museo\/wp-json\/wp\/v2\/comments?post=5602"}],"version-history":[{"count":0,"href":"http:\/\/vientosur.top\/museo\/wp-json\/wp\/v2\/posts\/5602\/revisions"}],"wp:featuredmedia":[{"embeddable":true,"href":"http:\/\/vientosur.top\/museo\/wp-json\/wp\/v2\/media\/5603"}],"wp:attachment":[{"href":"http:\/\/vientosur.top\/museo\/wp-json\/wp\/v2\/media?parent=5602"}],"wp:term":[{"taxonomy":"category","embeddable":true,"href":"http:\/\/vientosur.top\/museo\/wp-json\/wp\/v2\/categories?post=5602"},{"taxonomy":"post_tag","embeddable":true,"href":"http:\/\/vientosur.top\/museo\/wp-json\/wp\/v2\/tags?post=5602"}],"curies":[{"name":"wp","href":"https:\/\/api.w.org\/{rel}","templated":true}]}}