{"id":5658,"date":"2017-10-16T19:23:54","date_gmt":"2017-10-16T19:23:54","guid":{"rendered":"http:\/\/vientosur.top\/museo\/\/?p=5658"},"modified":"2017-10-16T19:23:54","modified_gmt":"2017-10-16T19:23:54","slug":"desde-los-balcones-de-la-moneda-se-homenajeo-a-violeta-parra","status":"publish","type":"post","link":"http:\/\/vientosur.top\/museo\/desde-los-balcones-de-la-moneda-se-homenajeo-a-violeta-parra\/","title":{"rendered":"Desde los balcones de La Moneda se homenaje\u00f3 a Violeta Parra"},"content":{"rendered":"<p>Inmediatamente despu\u00e9s de la promulgaci\u00f3n del nuevo Ministerio de las Culturas, las Artes y el Patrimonio de Chile, el Palacio de la Moneda se llen\u00f3 de luz para recibir el homenaje de la Orquesta Juvenil Metropolitana (FOJI) que interpret\u00f3 temas de Violeta Parra con diferentes arreglos. Fue recibida con una ovaci\u00f3n del p\u00fablico que repletaba el lugar por el alto nivel art\u00edstico y ejecuci\u00f3n profesional de sus j\u00f3venes integrantes.<\/p>\n<p>A continuaci\u00f3n, desde los balcones se asomaron Isabel Parra, junto a sus hijas Tita Parra y Milena Rojas, \u00c1lvaro Henr\u00edquez, Gepe, Paz Binimelis y Vasti Michel quienes recordaron los temas m\u00e1s conocidos de Violeta Parra, a trav\u00e9s de sus originales interpretaciones. Ante la presencia de S.E la Presidenta de la Rep\u00fablica y el Ministro de Cultura, entre muchas autoridades presentes, el concierto fue una cumbre dentro de los numerosos festejos que se han llevado a cabo tanto en Chile como en todo el mundo, con motivo de los 100 a\u00f1os de Violeta Parra.<\/p>\n<p><a href=\"http:\/\/vientosur.top\/museo\/\/wp-content\/uploads\/2017\/10\/IMG_1623.jpg\"><img fetchpriority=\"high\" decoding=\"async\" class=\"alignnone wp-image-5701 size-large\" src=\"http:\/\/vientosur.top\/museo\/\/wp-content\/uploads\/2017\/10\/IMG_1623-1024x682.jpg\" alt=\"\" width=\"1024\" height=\"682\" \/><\/a><\/p>\n<p>S.E. la Presidenta de la Rep\u00fablica, Michelle Bachelet; Ernesto Ottone, Ministro de Cultura; Cecilia Garc\u00eda-Huidobro, Directora del Museo Violeta Parra; \u00c1ngel Cabeza, Director DIBAM.<\/p>\n<p>Fotograf\u00eda: Presidencia<\/p>\n<p>&nbsp;<\/p>\n","protected":false},"excerpt":{"rendered":"<p>Inmediatamente despu\u00e9s de la promulgaci\u00f3n del nuevo Ministerio de las Culturas, las Artes y el Patrimonio de Chile, el Palacio de la Moneda se llen\u00f3 de luz para recibir el homenaje de la Orquesta Juvenil Metropolitana (FOJI) que interpret\u00f3 temas de Violeta Parra con diferentes arreglos. Fue recibida con una ovaci\u00f3n del p\u00fablico que repletaba [&hellip;]<\/p>\n","protected":false},"author":5,"featured_media":5706,"comment_status":"open","ping_status":"open","sticky":false,"template":"","format":"standard","meta":{"site-sidebar-layout":"default","site-content-layout":"","ast-site-content-layout":"default","site-content-style":"default","site-sidebar-style":"default","ast-global-header-display":"","ast-banner-title-visibility":"","ast-main-header-display":"","ast-hfb-above-header-display":"","ast-hfb-below-header-display":"","ast-hfb-mobile-header-display":"","site-post-title":"","ast-breadcrumbs-content":"","ast-featured-img":"","footer-sml-layout":"","theme-transparent-header-meta":"","adv-header-id-meta":"","stick-header-meta":"","header-above-stick-meta":"","header-main-stick-meta":"","header-below-stick-meta":"","astra-migrate-meta-layouts":"default","ast-page-background-enabled":"default","ast-page-background-meta":{"desktop":{"background-color":"var(--ast-global-color-4)","background-image":"","background-repeat":"repeat","background-position":"center center","background-size":"auto","background-attachment":"scroll","background-type":"","background-media":"","overlay-type":"","overlay-color":"","overlay-opacity":"","overlay-gradient":""},"tablet":{"background-color":"","background-image":"","background-repeat":"repeat","background-position":"center center","background-size":"auto","background-attachment":"scroll","background-type":"","background-media":"","overlay-type":"","overlay-color":"","overlay-opacity":"","overlay-gradient":""},"mobile":{"background-color":"","background-image":"","background-repeat":"repeat","background-position":"center center","background-size":"auto","background-attachment":"scroll","background-type":"","background-media":"","overlay-type":"","overlay-color":"","overlay-opacity":"","overlay-gradient":""}},"ast-content-background-meta":{"desktop":{"background-color":"var(--ast-global-color-5)","background-image":"","background-repeat":"repeat","background-position":"center center","background-size":"auto","background-attachment":"scroll","background-type":"","background-media":"","overlay-type":"","overlay-color":"","overlay-opacity":"","overlay-gradient":""},"tablet":{"background-color":"var(--ast-global-color-5)","background-image":"","background-repeat":"repeat","background-position":"center center","background-size":"auto","background-attachment":"scroll","background-type":"","background-media":"","overlay-type":"","overlay-color":"","overlay-opacity":"","overlay-gradient":""},"mobile":{"background-color":"var(--ast-global-color-5)","background-image":"","background-repeat":"repeat","background-position":"center center","background-size":"auto","background-attachment":"scroll","background-type":"","background-media":"","overlay-type":"","overlay-color":"","overlay-opacity":"","overlay-gradient":""}},"footnotes":""},"categories":[59,8,61,1],"tags":[],"class_list":["post-5658","post","type-post","status-publish","format-standard","has-post-thumbnail","hentry","category-destacado-noticia","category-noticias","category-novedades","category-sin-categoria"],"yoast_head":"<!-- This site is optimized with the Yoast SEO plugin v25.4 - https:\/\/yoast.com\/wordpress\/plugins\/seo\/ -->\n<title>Desde los balcones de La Moneda se homenaje\u00f3 a Violeta Parra - Museo Violeta Parra<\/title>\n<meta name=\"robots\" content=\"index, follow, max-snippet:-1, max-image-preview:large, max-video-preview:-1\" \/>\n<link rel=\"canonical\" href=\"http:\/\/vientosur.top\/museo\/desde-los-balcones-de-la-moneda-se-homenajeo-a-violeta-parra\/\" \/>\n<meta property=\"og:locale\" content=\"es_ES\" \/>\n<meta property=\"og:type\" content=\"article\" \/>\n<meta property=\"og:title\" content=\"Desde los balcones de La Moneda se homenaje\u00f3 a Violeta Parra - Museo Violeta Parra\" \/>\n<meta property=\"og:description\" content=\"Inmediatamente despu\u00e9s de la promulgaci\u00f3n del nuevo Ministerio de las Culturas, las Artes y el Patrimonio de Chile, el Palacio de la Moneda se llen\u00f3 de luz para recibir el homenaje de la Orquesta Juvenil Metropolitana (FOJI) que interpret\u00f3 temas de Violeta Parra con diferentes arreglos. Fue recibida con una ovaci\u00f3n del p\u00fablico que repletaba [&hellip;]\" \/>\n<meta property=\"og:url\" content=\"http:\/\/vientosur.top\/museo\/desde-los-balcones-de-la-moneda-se-homenajeo-a-violeta-parra\/\" \/>\n<meta property=\"og:site_name\" content=\"Museo Violeta Parra\" \/>\n<meta property=\"article:published_time\" content=\"2017-10-16T19:23:54+00:00\" \/>\n<meta property=\"og:image\" content=\"http:\/\/vientosur.top\/museo\/wp-content\/uploads\/2017\/10\/IMG_1624-1.jpg\" \/>\n\t<meta property=\"og:image:width\" content=\"1198\" \/>\n\t<meta property=\"og:image:height\" content=\"788\" \/>\n\t<meta property=\"og:image:type\" content=\"image\/jpeg\" \/>\n<meta name=\"author\" content=\"admin\" \/>\n<meta name=\"twitter:card\" content=\"summary_large_image\" \/>\n<meta name=\"twitter:label1\" content=\"Escrito por\" \/>\n\t<meta name=\"twitter:data1\" content=\"admin\" \/>\n\t<meta name=\"twitter:label2\" content=\"Tiempo de lectura\" \/>\n\t<meta name=\"twitter:data2\" content=\"1 minuto\" \/>\n<script type=\"application\/ld+json\" class=\"yoast-schema-graph\">{\"@context\":\"https:\/\/schema.org\",\"@graph\":[{\"@type\":\"WebPage\",\"@id\":\"http:\/\/vientosur.top\/museo\/desde-los-balcones-de-la-moneda-se-homenajeo-a-violeta-parra\/\",\"url\":\"http:\/\/vientosur.top\/museo\/desde-los-balcones-de-la-moneda-se-homenajeo-a-violeta-parra\/\",\"name\":\"Desde los balcones de La Moneda se homenaje\u00f3 a Violeta Parra - Museo Violeta Parra\",\"isPartOf\":{\"@id\":\"http:\/\/vientosur.top\/museo\/#website\"},\"primaryImageOfPage\":{\"@id\":\"http:\/\/vientosur.top\/museo\/desde-los-balcones-de-la-moneda-se-homenajeo-a-violeta-parra\/#primaryimage\"},\"image\":{\"@id\":\"http:\/\/vientosur.top\/museo\/desde-los-balcones-de-la-moneda-se-homenajeo-a-violeta-parra\/#primaryimage\"},\"thumbnailUrl\":\"http:\/\/vientosur.top\/museo\/wp-content\/uploads\/2017\/10\/IMG_1624-1.jpg\",\"datePublished\":\"2017-10-16T19:23:54+00:00\",\"author\":{\"@id\":\"http:\/\/vientosur.top\/museo\/#\/schema\/person\/20c79d3c38800971feec8c2693c3dd9c\"},\"breadcrumb\":{\"@id\":\"http:\/\/vientosur.top\/museo\/desde-los-balcones-de-la-moneda-se-homenajeo-a-violeta-parra\/#breadcrumb\"},\"inLanguage\":\"es\",\"potentialAction\":[{\"@type\":\"ReadAction\",\"target\":[\"http:\/\/vientosur.top\/museo\/desde-los-balcones-de-la-moneda-se-homenajeo-a-violeta-parra\/\"]}]},{\"@type\":\"ImageObject\",\"inLanguage\":\"es\",\"@id\":\"http:\/\/vientosur.top\/museo\/desde-los-balcones-de-la-moneda-se-homenajeo-a-violeta-parra\/#primaryimage\",\"url\":\"http:\/\/vientosur.top\/museo\/wp-content\/uploads\/2017\/10\/IMG_1624-1.jpg\",\"contentUrl\":\"http:\/\/vientosur.top\/museo\/wp-content\/uploads\/2017\/10\/IMG_1624-1.jpg\",\"width\":1198,\"height\":788},{\"@type\":\"BreadcrumbList\",\"@id\":\"http:\/\/vientosur.top\/museo\/desde-los-balcones-de-la-moneda-se-homenajeo-a-violeta-parra\/#breadcrumb\",\"itemListElement\":[{\"@type\":\"ListItem\",\"position\":1,\"name\":\"Portada\",\"item\":\"http:\/\/vientosur.top\/museo\/\"},{\"@type\":\"ListItem\",\"position\":2,\"name\":\"Desde los balcones de La Moneda se homenaje\u00f3 a Violeta Parra\"}]},{\"@type\":\"WebSite\",\"@id\":\"http:\/\/vientosur.top\/museo\/#website\",\"url\":\"http:\/\/vientosur.top\/museo\/\",\"name\":\"Museo Violeta Parra\",\"description\":\"Espacio que alberga tanto la memoria y legado creativo de la artista\",\"potentialAction\":[{\"@type\":\"SearchAction\",\"target\":{\"@type\":\"EntryPoint\",\"urlTemplate\":\"http:\/\/vientosur.top\/museo\/?s={search_term_string}\"},\"query-input\":{\"@type\":\"PropertyValueSpecification\",\"valueRequired\":true,\"valueName\":\"search_term_string\"}}],\"inLanguage\":\"es\"},{\"@type\":\"Person\",\"@id\":\"http:\/\/vientosur.top\/museo\/#\/schema\/person\/20c79d3c38800971feec8c2693c3dd9c\",\"name\":\"admin\",\"image\":{\"@type\":\"ImageObject\",\"inLanguage\":\"es\",\"@id\":\"http:\/\/vientosur.top\/museo\/#\/schema\/person\/image\/\",\"url\":\"https:\/\/secure.gravatar.com\/avatar\/713677ece3ffa642287213a80e5b773bce9ab81c269dd6d95102a990951c922f?s=96&d=mm&r=g\",\"contentUrl\":\"https:\/\/secure.gravatar.com\/avatar\/713677ece3ffa642287213a80e5b773bce9ab81c269dd6d95102a990951c922f?s=96&d=mm&r=g\",\"caption\":\"admin\"},\"sameAs\":[\"http:\/\/vientosur.top\/museo\"],\"url\":\"http:\/\/vientosur.top\/museo\/author\/comunicacionesmvp\/\"}]}<\/script>\n<!-- \/ Yoast SEO plugin. -->","yoast_head_json":{"title":"Desde los balcones de La Moneda se homenaje\u00f3 a Violeta Parra - Museo Violeta Parra","robots":{"index":"index","follow":"follow","max-snippet":"max-snippet:-1","max-image-preview":"max-image-preview:large","max-video-preview":"max-video-preview:-1"},"canonical":"http:\/\/vientosur.top\/museo\/desde-los-balcones-de-la-moneda-se-homenajeo-a-violeta-parra\/","og_locale":"es_ES","og_type":"article","og_title":"Desde los balcones de La Moneda se homenaje\u00f3 a Violeta Parra - Museo Violeta Parra","og_description":"Inmediatamente despu\u00e9s de la promulgaci\u00f3n del nuevo Ministerio de las Culturas, las Artes y el Patrimonio de Chile, el Palacio de la Moneda se llen\u00f3 de luz para recibir el homenaje de la Orquesta Juvenil Metropolitana (FOJI) que interpret\u00f3 temas de Violeta Parra con diferentes arreglos. Fue recibida con una ovaci\u00f3n del p\u00fablico que repletaba [&hellip;]","og_url":"http:\/\/vientosur.top\/museo\/desde-los-balcones-de-la-moneda-se-homenajeo-a-violeta-parra\/","og_site_name":"Museo Violeta Parra","article_published_time":"2017-10-16T19:23:54+00:00","og_image":[{"width":1198,"height":788,"url":"http:\/\/vientosur.top\/museo\/wp-content\/uploads\/2017\/10\/IMG_1624-1.jpg","type":"image\/jpeg"}],"author":"admin","twitter_card":"summary_large_image","twitter_misc":{"Escrito por":"admin","Tiempo de lectura":"1 minuto"},"schema":{"@context":"https:\/\/schema.org","@graph":[{"@type":"WebPage","@id":"http:\/\/vientosur.top\/museo\/desde-los-balcones-de-la-moneda-se-homenajeo-a-violeta-parra\/","url":"http:\/\/vientosur.top\/museo\/desde-los-balcones-de-la-moneda-se-homenajeo-a-violeta-parra\/","name":"Desde los balcones de La Moneda se homenaje\u00f3 a Violeta Parra - Museo Violeta Parra","isPartOf":{"@id":"http:\/\/vientosur.top\/museo\/#website"},"primaryImageOfPage":{"@id":"http:\/\/vientosur.top\/museo\/desde-los-balcones-de-la-moneda-se-homenajeo-a-violeta-parra\/#primaryimage"},"image":{"@id":"http:\/\/vientosur.top\/museo\/desde-los-balcones-de-la-moneda-se-homenajeo-a-violeta-parra\/#primaryimage"},"thumbnailUrl":"http:\/\/vientosur.top\/museo\/wp-content\/uploads\/2017\/10\/IMG_1624-1.jpg","datePublished":"2017-10-16T19:23:54+00:00","author":{"@id":"http:\/\/vientosur.top\/museo\/#\/schema\/person\/20c79d3c38800971feec8c2693c3dd9c"},"breadcrumb":{"@id":"http:\/\/vientosur.top\/museo\/desde-los-balcones-de-la-moneda-se-homenajeo-a-violeta-parra\/#breadcrumb"},"inLanguage":"es","potentialAction":[{"@type":"ReadAction","target":["http:\/\/vientosur.top\/museo\/desde-los-balcones-de-la-moneda-se-homenajeo-a-violeta-parra\/"]}]},{"@type":"ImageObject","inLanguage":"es","@id":"http:\/\/vientosur.top\/museo\/desde-los-balcones-de-la-moneda-se-homenajeo-a-violeta-parra\/#primaryimage","url":"http:\/\/vientosur.top\/museo\/wp-content\/uploads\/2017\/10\/IMG_1624-1.jpg","contentUrl":"http:\/\/vientosur.top\/museo\/wp-content\/uploads\/2017\/10\/IMG_1624-1.jpg","width":1198,"height":788},{"@type":"BreadcrumbList","@id":"http:\/\/vientosur.top\/museo\/desde-los-balcones-de-la-moneda-se-homenajeo-a-violeta-parra\/#breadcrumb","itemListElement":[{"@type":"ListItem","position":1,"name":"Portada","item":"http:\/\/vientosur.top\/museo\/"},{"@type":"ListItem","position":2,"name":"Desde los balcones de La Moneda se homenaje\u00f3 a Violeta Parra"}]},{"@type":"WebSite","@id":"http:\/\/vientosur.top\/museo\/#website","url":"http:\/\/vientosur.top\/museo\/","name":"Museo Violeta Parra","description":"Espacio que alberga tanto la memoria y legado creativo de la artista","potentialAction":[{"@type":"SearchAction","target":{"@type":"EntryPoint","urlTemplate":"http:\/\/vientosur.top\/museo\/?s={search_term_string}"},"query-input":{"@type":"PropertyValueSpecification","valueRequired":true,"valueName":"search_term_string"}}],"inLanguage":"es"},{"@type":"Person","@id":"http:\/\/vientosur.top\/museo\/#\/schema\/person\/20c79d3c38800971feec8c2693c3dd9c","name":"admin","image":{"@type":"ImageObject","inLanguage":"es","@id":"http:\/\/vientosur.top\/museo\/#\/schema\/person\/image\/","url":"https:\/\/secure.gravatar.com\/avatar\/713677ece3ffa642287213a80e5b773bce9ab81c269dd6d95102a990951c922f?s=96&d=mm&r=g","contentUrl":"https:\/\/secure.gravatar.com\/avatar\/713677ece3ffa642287213a80e5b773bce9ab81c269dd6d95102a990951c922f?s=96&d=mm&r=g","caption":"admin"},"sameAs":["http:\/\/vientosur.top\/museo"],"url":"http:\/\/vientosur.top\/museo\/author\/comunicacionesmvp\/"}]}},"_links":{"self":[{"href":"http:\/\/vientosur.top\/museo\/wp-json\/wp\/v2\/posts\/5658","targetHints":{"allow":["GET"]}}],"collection":[{"href":"http:\/\/vientosur.top\/museo\/wp-json\/wp\/v2\/posts"}],"about":[{"href":"http:\/\/vientosur.top\/museo\/wp-json\/wp\/v2\/types\/post"}],"author":[{"embeddable":true,"href":"http:\/\/vientosur.top\/museo\/wp-json\/wp\/v2\/users\/5"}],"replies":[{"embeddable":true,"href":"http:\/\/vientosur.top\/museo\/wp-json\/wp\/v2\/comments?post=5658"}],"version-history":[{"count":0,"href":"http:\/\/vientosur.top\/museo\/wp-json\/wp\/v2\/posts\/5658\/revisions"}],"wp:featuredmedia":[{"embeddable":true,"href":"http:\/\/vientosur.top\/museo\/wp-json\/wp\/v2\/media\/5706"}],"wp:attachment":[{"href":"http:\/\/vientosur.top\/museo\/wp-json\/wp\/v2\/media?parent=5658"}],"wp:term":[{"taxonomy":"category","embeddable":true,"href":"http:\/\/vientosur.top\/museo\/wp-json\/wp\/v2\/categories?post=5658"},{"taxonomy":"post_tag","embeddable":true,"href":"http:\/\/vientosur.top\/museo\/wp-json\/wp\/v2\/tags?post=5658"}],"curies":[{"name":"wp","href":"https:\/\/api.w.org\/{rel}","templated":true}]}}