{"id":5675,"date":"2017-10-16T20:20:15","date_gmt":"2017-10-16T20:20:15","guid":{"rendered":"http:\/\/vientosur.top\/museo\/\/?p=5675"},"modified":"2017-10-16T20:20:15","modified_gmt":"2017-10-16T20:20:15","slug":"se-promulgo-el-ministerio-de-las-culturas-las-artes-y-el-patrimonio","status":"publish","type":"post","link":"http:\/\/vientosur.top\/museo\/se-promulgo-el-ministerio-de-las-culturas-las-artes-y-el-patrimonio\/","title":{"rendered":"Se promulg\u00f3 el Ministerio de las Culturas, las Artes y el Patrimonio"},"content":{"rendered":"<p>Un nutrido grupo de autoridades, intelectuales, artistas, pensadores, acad\u00e9micos y gestores repletaron el Patio de los Naranjos en La Moneda, para recibir las palabras de S.E. la Presidenta Michelle Bachelet y posterior firma del decreto que da existencia a la nueva institucionalidad cultural. \u201cEl Museo Violeta Parra es administrado por una fundaci\u00f3n y esa fundaci\u00f3n se relacionar\u00e1, de ahora en adelante, con el nuevo ministerio para los temas administrativos y financieros, de manera que seguiremos con \u00a0atenci\u00f3n colaborativa los pasos del proceso de implementaci\u00f3n \u201d, se\u00f1ala la Directora del museo; Cecilia Garc\u00eda-Huidobro, quien fuera Directora Nacional del Consejo Nacional de la Cultura y las Artes.<\/p>\n<p>&nbsp;<\/p>\n<p>Observa en este v\u00eddeo parte de la interpretaci\u00f3n de \u201cLa Jardinera\u201d de Violeta Parra, por la Orquesta Andina de Valpara\u00edso durante la ceremonia.<\/p>\n<p><a href=\"http:\/\/vientosur.top\/museo\/\/wp-content\/uploads\/2017\/10\/IMG_1621.mp4\">V\u00eddeo<\/a><\/p>\n","protected":false},"excerpt":{"rendered":"<p>Un nutrido grupo de autoridades, intelectuales, artistas, pensadores, acad\u00e9micos y gestores repletaron el Patio de los Naranjos en La Moneda, para recibir las palabras de S.E. la Presidenta Michelle Bachelet y posterior firma del decreto que da existencia a la nueva institucionalidad cultural. \u201cEl Museo Violeta Parra es administrado por una fundaci\u00f3n y esa fundaci\u00f3n [&hellip;]<\/p>\n","protected":false},"author":5,"featured_media":5700,"comment_status":"open","ping_status":"open","sticky":false,"template":"","format":"standard","meta":{"site-sidebar-layout":"default","site-content-layout":"","ast-site-content-layout":"default","site-content-style":"default","site-sidebar-style":"default","ast-global-header-display":"","ast-banner-title-visibility":"","ast-main-header-display":"","ast-hfb-above-header-display":"","ast-hfb-below-header-display":"","ast-hfb-mobile-header-display":"","site-post-title":"","ast-breadcrumbs-content":"","ast-featured-img":"","footer-sml-layout":"","theme-transparent-header-meta":"","adv-header-id-meta":"","stick-header-meta":"","header-above-stick-meta":"","header-main-stick-meta":"","header-below-stick-meta":"","astra-migrate-meta-layouts":"default","ast-page-background-enabled":"default","ast-page-background-meta":{"desktop":{"background-color":"var(--ast-global-color-4)","background-image":"","background-repeat":"repeat","background-position":"center center","background-size":"auto","background-attachment":"scroll","background-type":"","background-media":"","overlay-type":"","overlay-color":"","overlay-opacity":"","overlay-gradient":""},"tablet":{"background-color":"","background-image":"","background-repeat":"repeat","background-position":"center center","background-size":"auto","background-attachment":"scroll","background-type":"","background-media":"","overlay-type":"","overlay-color":"","overlay-opacity":"","overlay-gradient":""},"mobile":{"background-color":"","background-image":"","background-repeat":"repeat","background-position":"center center","background-size":"auto","background-attachment":"scroll","background-type":"","background-media":"","overlay-type":"","overlay-color":"","overlay-opacity":"","overlay-gradient":""}},"ast-content-background-meta":{"desktop":{"background-color":"var(--ast-global-color-5)","background-image":"","background-repeat":"repeat","background-position":"center center","background-size":"auto","background-attachment":"scroll","background-type":"","background-media":"","overlay-type":"","overlay-color":"","overlay-opacity":"","overlay-gradient":""},"tablet":{"background-color":"var(--ast-global-color-5)","background-image":"","background-repeat":"repeat","background-position":"center center","background-size":"auto","background-attachment":"scroll","background-type":"","background-media":"","overlay-type":"","overlay-color":"","overlay-opacity":"","overlay-gradient":""},"mobile":{"background-color":"var(--ast-global-color-5)","background-image":"","background-repeat":"repeat","background-position":"center center","background-size":"auto","background-attachment":"scroll","background-type":"","background-media":"","overlay-type":"","overlay-color":"","overlay-opacity":"","overlay-gradient":""}},"footnotes":""},"categories":[59,8,61,1],"tags":[],"class_list":["post-5675","post","type-post","status-publish","format-standard","has-post-thumbnail","hentry","category-destacado-noticia","category-noticias","category-novedades","category-sin-categoria"],"yoast_head":"<!-- This site is optimized with the Yoast SEO plugin v25.4 - https:\/\/yoast.com\/wordpress\/plugins\/seo\/ -->\n<title>Se promulg\u00f3 el Ministerio de las Culturas, las Artes y el Patrimonio - Museo Violeta Parra<\/title>\n<meta name=\"robots\" content=\"index, follow, max-snippet:-1, max-image-preview:large, max-video-preview:-1\" \/>\n<link rel=\"canonical\" href=\"http:\/\/vientosur.top\/museo\/se-promulgo-el-ministerio-de-las-culturas-las-artes-y-el-patrimonio\/\" \/>\n<meta property=\"og:locale\" content=\"es_ES\" \/>\n<meta property=\"og:type\" content=\"article\" \/>\n<meta property=\"og:title\" content=\"Se promulg\u00f3 el Ministerio de las Culturas, las Artes y el Patrimonio - Museo Violeta Parra\" \/>\n<meta property=\"og:description\" content=\"Un nutrido grupo de autoridades, intelectuales, artistas, pensadores, acad\u00e9micos y gestores repletaron el Patio de los Naranjos en La Moneda, para recibir las palabras de S.E. la Presidenta Michelle Bachelet y posterior firma del decreto que da existencia a la nueva institucionalidad cultural. \u201cEl Museo Violeta Parra es administrado por una fundaci\u00f3n y esa fundaci\u00f3n [&hellip;]\" \/>\n<meta property=\"og:url\" content=\"http:\/\/vientosur.top\/museo\/se-promulgo-el-ministerio-de-las-culturas-las-artes-y-el-patrimonio\/\" \/>\n<meta property=\"og:site_name\" content=\"Museo Violeta Parra\" \/>\n<meta property=\"article:published_time\" content=\"2017-10-16T20:20:15+00:00\" \/>\n<meta property=\"og:image\" content=\"http:\/\/vientosur.top\/museo\/wp-content\/uploads\/2017\/10\/La-Jardinera-promulgacion-de-ministerio-2.png\" \/>\n\t<meta property=\"og:image:width\" content=\"1180\" \/>\n\t<meta property=\"og:image:height\" content=\"517\" \/>\n\t<meta property=\"og:image:type\" content=\"image\/png\" \/>\n<meta name=\"author\" content=\"admin\" \/>\n<meta name=\"twitter:card\" content=\"summary_large_image\" \/>\n<meta name=\"twitter:label1\" content=\"Escrito por\" \/>\n\t<meta name=\"twitter:data1\" content=\"admin\" \/>\n\t<meta name=\"twitter:label2\" content=\"Tiempo de lectura\" \/>\n\t<meta name=\"twitter:data2\" content=\"1 minuto\" \/>\n<script type=\"application\/ld+json\" class=\"yoast-schema-graph\">{\"@context\":\"https:\/\/schema.org\",\"@graph\":[{\"@type\":\"WebPage\",\"@id\":\"http:\/\/vientosur.top\/museo\/se-promulgo-el-ministerio-de-las-culturas-las-artes-y-el-patrimonio\/\",\"url\":\"http:\/\/vientosur.top\/museo\/se-promulgo-el-ministerio-de-las-culturas-las-artes-y-el-patrimonio\/\",\"name\":\"Se promulg\u00f3 el Ministerio de las Culturas, las Artes y el Patrimonio - Museo Violeta Parra\",\"isPartOf\":{\"@id\":\"http:\/\/vientosur.top\/museo\/#website\"},\"primaryImageOfPage\":{\"@id\":\"http:\/\/vientosur.top\/museo\/se-promulgo-el-ministerio-de-las-culturas-las-artes-y-el-patrimonio\/#primaryimage\"},\"image\":{\"@id\":\"http:\/\/vientosur.top\/museo\/se-promulgo-el-ministerio-de-las-culturas-las-artes-y-el-patrimonio\/#primaryimage\"},\"thumbnailUrl\":\"http:\/\/vientosur.top\/museo\/wp-content\/uploads\/2017\/10\/La-Jardinera-promulgacion-de-ministerio-2.png\",\"datePublished\":\"2017-10-16T20:20:15+00:00\",\"author\":{\"@id\":\"http:\/\/vientosur.top\/museo\/#\/schema\/person\/20c79d3c38800971feec8c2693c3dd9c\"},\"breadcrumb\":{\"@id\":\"http:\/\/vientosur.top\/museo\/se-promulgo-el-ministerio-de-las-culturas-las-artes-y-el-patrimonio\/#breadcrumb\"},\"inLanguage\":\"es\",\"potentialAction\":[{\"@type\":\"ReadAction\",\"target\":[\"http:\/\/vientosur.top\/museo\/se-promulgo-el-ministerio-de-las-culturas-las-artes-y-el-patrimonio\/\"]}]},{\"@type\":\"ImageObject\",\"inLanguage\":\"es\",\"@id\":\"http:\/\/vientosur.top\/museo\/se-promulgo-el-ministerio-de-las-culturas-las-artes-y-el-patrimonio\/#primaryimage\",\"url\":\"http:\/\/vientosur.top\/museo\/wp-content\/uploads\/2017\/10\/La-Jardinera-promulgacion-de-ministerio-2.png\",\"contentUrl\":\"http:\/\/vientosur.top\/museo\/wp-content\/uploads\/2017\/10\/La-Jardinera-promulgacion-de-ministerio-2.png\",\"width\":1180,\"height\":517},{\"@type\":\"BreadcrumbList\",\"@id\":\"http:\/\/vientosur.top\/museo\/se-promulgo-el-ministerio-de-las-culturas-las-artes-y-el-patrimonio\/#breadcrumb\",\"itemListElement\":[{\"@type\":\"ListItem\",\"position\":1,\"name\":\"Portada\",\"item\":\"http:\/\/vientosur.top\/museo\/\"},{\"@type\":\"ListItem\",\"position\":2,\"name\":\"Se promulg\u00f3 el Ministerio de las Culturas, las Artes y el Patrimonio\"}]},{\"@type\":\"WebSite\",\"@id\":\"http:\/\/vientosur.top\/museo\/#website\",\"url\":\"http:\/\/vientosur.top\/museo\/\",\"name\":\"Museo Violeta Parra\",\"description\":\"Espacio que alberga tanto la memoria y legado creativo de la artista\",\"potentialAction\":[{\"@type\":\"SearchAction\",\"target\":{\"@type\":\"EntryPoint\",\"urlTemplate\":\"http:\/\/vientosur.top\/museo\/?s={search_term_string}\"},\"query-input\":{\"@type\":\"PropertyValueSpecification\",\"valueRequired\":true,\"valueName\":\"search_term_string\"}}],\"inLanguage\":\"es\"},{\"@type\":\"Person\",\"@id\":\"http:\/\/vientosur.top\/museo\/#\/schema\/person\/20c79d3c38800971feec8c2693c3dd9c\",\"name\":\"admin\",\"image\":{\"@type\":\"ImageObject\",\"inLanguage\":\"es\",\"@id\":\"http:\/\/vientosur.top\/museo\/#\/schema\/person\/image\/\",\"url\":\"https:\/\/secure.gravatar.com\/avatar\/713677ece3ffa642287213a80e5b773bce9ab81c269dd6d95102a990951c922f?s=96&d=mm&r=g\",\"contentUrl\":\"https:\/\/secure.gravatar.com\/avatar\/713677ece3ffa642287213a80e5b773bce9ab81c269dd6d95102a990951c922f?s=96&d=mm&r=g\",\"caption\":\"admin\"},\"sameAs\":[\"http:\/\/vientosur.top\/museo\"],\"url\":\"http:\/\/vientosur.top\/museo\/author\/comunicacionesmvp\/\"}]}<\/script>\n<!-- \/ Yoast SEO plugin. -->","yoast_head_json":{"title":"Se promulg\u00f3 el Ministerio de las Culturas, las Artes y el Patrimonio - Museo Violeta Parra","robots":{"index":"index","follow":"follow","max-snippet":"max-snippet:-1","max-image-preview":"max-image-preview:large","max-video-preview":"max-video-preview:-1"},"canonical":"http:\/\/vientosur.top\/museo\/se-promulgo-el-ministerio-de-las-culturas-las-artes-y-el-patrimonio\/","og_locale":"es_ES","og_type":"article","og_title":"Se promulg\u00f3 el Ministerio de las Culturas, las Artes y el Patrimonio - Museo Violeta Parra","og_description":"Un nutrido grupo de autoridades, intelectuales, artistas, pensadores, acad\u00e9micos y gestores repletaron el Patio de los Naranjos en La Moneda, para recibir las palabras de S.E. la Presidenta Michelle Bachelet y posterior firma del decreto que da existencia a la nueva institucionalidad cultural. \u201cEl Museo Violeta Parra es administrado por una fundaci\u00f3n y esa fundaci\u00f3n [&hellip;]","og_url":"http:\/\/vientosur.top\/museo\/se-promulgo-el-ministerio-de-las-culturas-las-artes-y-el-patrimonio\/","og_site_name":"Museo Violeta Parra","article_published_time":"2017-10-16T20:20:15+00:00","og_image":[{"width":1180,"height":517,"url":"http:\/\/vientosur.top\/museo\/wp-content\/uploads\/2017\/10\/La-Jardinera-promulgacion-de-ministerio-2.png","type":"image\/png"}],"author":"admin","twitter_card":"summary_large_image","twitter_misc":{"Escrito por":"admin","Tiempo de lectura":"1 minuto"},"schema":{"@context":"https:\/\/schema.org","@graph":[{"@type":"WebPage","@id":"http:\/\/vientosur.top\/museo\/se-promulgo-el-ministerio-de-las-culturas-las-artes-y-el-patrimonio\/","url":"http:\/\/vientosur.top\/museo\/se-promulgo-el-ministerio-de-las-culturas-las-artes-y-el-patrimonio\/","name":"Se promulg\u00f3 el Ministerio de las Culturas, las Artes y el Patrimonio - Museo Violeta Parra","isPartOf":{"@id":"http:\/\/vientosur.top\/museo\/#website"},"primaryImageOfPage":{"@id":"http:\/\/vientosur.top\/museo\/se-promulgo-el-ministerio-de-las-culturas-las-artes-y-el-patrimonio\/#primaryimage"},"image":{"@id":"http:\/\/vientosur.top\/museo\/se-promulgo-el-ministerio-de-las-culturas-las-artes-y-el-patrimonio\/#primaryimage"},"thumbnailUrl":"http:\/\/vientosur.top\/museo\/wp-content\/uploads\/2017\/10\/La-Jardinera-promulgacion-de-ministerio-2.png","datePublished":"2017-10-16T20:20:15+00:00","author":{"@id":"http:\/\/vientosur.top\/museo\/#\/schema\/person\/20c79d3c38800971feec8c2693c3dd9c"},"breadcrumb":{"@id":"http:\/\/vientosur.top\/museo\/se-promulgo-el-ministerio-de-las-culturas-las-artes-y-el-patrimonio\/#breadcrumb"},"inLanguage":"es","potentialAction":[{"@type":"ReadAction","target":["http:\/\/vientosur.top\/museo\/se-promulgo-el-ministerio-de-las-culturas-las-artes-y-el-patrimonio\/"]}]},{"@type":"ImageObject","inLanguage":"es","@id":"http:\/\/vientosur.top\/museo\/se-promulgo-el-ministerio-de-las-culturas-las-artes-y-el-patrimonio\/#primaryimage","url":"http:\/\/vientosur.top\/museo\/wp-content\/uploads\/2017\/10\/La-Jardinera-promulgacion-de-ministerio-2.png","contentUrl":"http:\/\/vientosur.top\/museo\/wp-content\/uploads\/2017\/10\/La-Jardinera-promulgacion-de-ministerio-2.png","width":1180,"height":517},{"@type":"BreadcrumbList","@id":"http:\/\/vientosur.top\/museo\/se-promulgo-el-ministerio-de-las-culturas-las-artes-y-el-patrimonio\/#breadcrumb","itemListElement":[{"@type":"ListItem","position":1,"name":"Portada","item":"http:\/\/vientosur.top\/museo\/"},{"@type":"ListItem","position":2,"name":"Se promulg\u00f3 el Ministerio de las Culturas, las Artes y el Patrimonio"}]},{"@type":"WebSite","@id":"http:\/\/vientosur.top\/museo\/#website","url":"http:\/\/vientosur.top\/museo\/","name":"Museo Violeta Parra","description":"Espacio que alberga tanto la memoria y legado creativo de la artista","potentialAction":[{"@type":"SearchAction","target":{"@type":"EntryPoint","urlTemplate":"http:\/\/vientosur.top\/museo\/?s={search_term_string}"},"query-input":{"@type":"PropertyValueSpecification","valueRequired":true,"valueName":"search_term_string"}}],"inLanguage":"es"},{"@type":"Person","@id":"http:\/\/vientosur.top\/museo\/#\/schema\/person\/20c79d3c38800971feec8c2693c3dd9c","name":"admin","image":{"@type":"ImageObject","inLanguage":"es","@id":"http:\/\/vientosur.top\/museo\/#\/schema\/person\/image\/","url":"https:\/\/secure.gravatar.com\/avatar\/713677ece3ffa642287213a80e5b773bce9ab81c269dd6d95102a990951c922f?s=96&d=mm&r=g","contentUrl":"https:\/\/secure.gravatar.com\/avatar\/713677ece3ffa642287213a80e5b773bce9ab81c269dd6d95102a990951c922f?s=96&d=mm&r=g","caption":"admin"},"sameAs":["http:\/\/vientosur.top\/museo"],"url":"http:\/\/vientosur.top\/museo\/author\/comunicacionesmvp\/"}]}},"_links":{"self":[{"href":"http:\/\/vientosur.top\/museo\/wp-json\/wp\/v2\/posts\/5675","targetHints":{"allow":["GET"]}}],"collection":[{"href":"http:\/\/vientosur.top\/museo\/wp-json\/wp\/v2\/posts"}],"about":[{"href":"http:\/\/vientosur.top\/museo\/wp-json\/wp\/v2\/types\/post"}],"author":[{"embeddable":true,"href":"http:\/\/vientosur.top\/museo\/wp-json\/wp\/v2\/users\/5"}],"replies":[{"embeddable":true,"href":"http:\/\/vientosur.top\/museo\/wp-json\/wp\/v2\/comments?post=5675"}],"version-history":[{"count":0,"href":"http:\/\/vientosur.top\/museo\/wp-json\/wp\/v2\/posts\/5675\/revisions"}],"wp:featuredmedia":[{"embeddable":true,"href":"http:\/\/vientosur.top\/museo\/wp-json\/wp\/v2\/media\/5700"}],"wp:attachment":[{"href":"http:\/\/vientosur.top\/museo\/wp-json\/wp\/v2\/media?parent=5675"}],"wp:term":[{"taxonomy":"category","embeddable":true,"href":"http:\/\/vientosur.top\/museo\/wp-json\/wp\/v2\/categories?post=5675"},{"taxonomy":"post_tag","embeddable":true,"href":"http:\/\/vientosur.top\/museo\/wp-json\/wp\/v2\/tags?post=5675"}],"curies":[{"name":"wp","href":"https:\/\/api.w.org\/{rel}","templated":true}]}}