{"id":5719,"date":"2017-10-17T19:39:17","date_gmt":"2017-10-17T19:39:17","guid":{"rendered":"http:\/\/vientosur.top\/museo\/\/?p=5719"},"modified":"2017-10-17T19:39:17","modified_gmt":"2017-10-17T19:39:17","slug":"reserva-tu-entrada-gratis-para-este-domingo-isabel-parra-y-milena-rojas-presentan-violeta-por-todas-partes","status":"publish","type":"post","link":"http:\/\/vientosur.top\/museo\/reserva-tu-entrada-gratis-para-este-domingo-isabel-parra-y-milena-rojas-presentan-violeta-por-todas-partes\/","title":{"rendered":"Isabel Parra y Milena Rojas presentaron \u00abVioleta por todas partes\u00bb en Sala Antar"},"content":{"rendered":"<p>Luego de su exitosa gira por Europa, la cantautora volvi\u00f3 a presentarse en Sala Antar \u2014acompa\u00f1ada por Milena Rojas y Sim\u00f3n Gonz\u00e1lez\u2014 en el marco de las celebraciones por los 100 a\u00f1os del natalicio de Violeta. El domingo 22 de octubre la artista recibi\u00f3 el Sello de Excelencia, otorgado por el Consejo Nacional de la Cultura y las Artes junto al Sindicato de Folkloristas y Guitarristas de Chile.<\/p>\n<p>&nbsp;<\/p>\n<p><strong>100 a\u00f1os<\/strong><\/p>\n<p>&nbsp;<\/p>\n<p>Compartimos el manuscrito de las palabras pronunciadas por Isabel Parra, Presidenta de la Fundaci\u00f3n Violeta Parra, en la ceremonia oficial del 4 de octubre de 2017 para la conmemoraci\u00f3n de los 100 a\u00f1os de Violeta Parra. Fotograf\u00eda por Marcelo Machuca.<br \/>\n<a href=\"http:\/\/vientosur.top\/museo\/\/wp-content\/uploads\/2017\/10\/Cuartetas1.png\"><br \/>\n<\/a><a href=\"http:\/\/vientosur.top\/museo\/\/wp-content\/uploads\/2017\/10\/Cuartetas1.png\"><img fetchpriority=\"high\" decoding=\"async\" class=\"alignleft wp-image-5586 size-large\" src=\"http:\/\/vientosur.top\/museo\/\/wp-content\/uploads\/2017\/10\/Cuartetas1-1024x692.png\" alt=\"\" width=\"1024\" height=\"692\" \/><\/a><a href=\"http:\/\/vientosur.top\/museo\/\/wp-content\/uploads\/2017\/10\/Cuartetas2.png\"><img decoding=\"async\" class=\"alignleft wp-image-5587 size-large\" src=\"http:\/\/vientosur.top\/museo\/\/wp-content\/uploads\/2017\/10\/Cuartetas2-1024x691.png\" alt=\"\" width=\"1024\" height=\"691\" \/><\/a><a href=\"http:\/\/vientosur.top\/museo\/\/wp-content\/uploads\/2017\/10\/Cuartetas1.png\"><br \/>\n<\/a><\/p>\n<p><img decoding=\"async\" class=\"alignleft wp-image-5588 size-large\" src=\"http:\/\/vientosur.top\/museo\/\/wp-content\/uploads\/2017\/10\/Cuartetas3-1024x690.png\" alt=\"\" width=\"1024\" height=\"690\" \/><a href=\"http:\/\/vientosur.top\/museo\/\/wp-content\/uploads\/2017\/10\/Cuartetas4.png\"><img loading=\"lazy\" decoding=\"async\" class=\"alignleft wp-image-5589 size-large\" src=\"http:\/\/vientosur.top\/museo\/\/wp-content\/uploads\/2017\/10\/Cuartetas4-1024x690.png\" alt=\"\" width=\"1024\" height=\"690\" \/><\/a><a href=\"http:\/\/vientosur.top\/museo\/\/wp-content\/uploads\/2017\/10\/Cuartetas5.png\"><img loading=\"lazy\" decoding=\"async\" class=\"alignleft wp-image-5590 size-large\" src=\"http:\/\/vientosur.top\/museo\/\/wp-content\/uploads\/2017\/10\/Cuartetas5-1024x692.png\" alt=\"\" width=\"1024\" height=\"692\" \/><\/a><\/p>\n<p><a href=\"http:\/\/vientosur.top\/museo\/\/wp-content\/uploads\/2017\/10\/Cuartetas6.png\"><img loading=\"lazy\" decoding=\"async\" class=\"alignleft wp-image-5591 size-large\" src=\"http:\/\/vientosur.top\/museo\/\/wp-content\/uploads\/2017\/10\/Cuartetas6-1024x694.png\" alt=\"\" width=\"1024\" height=\"694\" \/><\/a><\/p>\n","protected":false},"excerpt":{"rendered":"<p>Luego de su exitosa gira por Europa, la cantautora volvi\u00f3 a presentarse en Sala Antar \u2014acompa\u00f1ada por Milena Rojas y Sim\u00f3n Gonz\u00e1lez\u2014 en el marco de las celebraciones por los 100 a\u00f1os del natalicio de Violeta. El domingo 22 de octubre la artista recibi\u00f3 el Sello de Excelencia, otorgado por el Consejo Nacional de la [&hellip;]<\/p>\n","protected":false},"author":5,"featured_media":5785,"comment_status":"open","ping_status":"open","sticky":false,"template":"","format":"standard","meta":{"site-sidebar-layout":"default","site-content-layout":"","ast-site-content-layout":"default","site-content-style":"default","site-sidebar-style":"default","ast-global-header-display":"","ast-banner-title-visibility":"","ast-main-header-display":"","ast-hfb-above-header-display":"","ast-hfb-below-header-display":"","ast-hfb-mobile-header-display":"","site-post-title":"","ast-breadcrumbs-content":"","ast-featured-img":"","footer-sml-layout":"","theme-transparent-header-meta":"","adv-header-id-meta":"","stick-header-meta":"","header-above-stick-meta":"","header-main-stick-meta":"","header-below-stick-meta":"","astra-migrate-meta-layouts":"default","ast-page-background-enabled":"default","ast-page-background-meta":{"desktop":{"background-color":"var(--ast-global-color-4)","background-image":"","background-repeat":"repeat","background-position":"center center","background-size":"auto","background-attachment":"scroll","background-type":"","background-media":"","overlay-type":"","overlay-color":"","overlay-opacity":"","overlay-gradient":""},"tablet":{"background-color":"","background-image":"","background-repeat":"repeat","background-position":"center center","background-size":"auto","background-attachment":"scroll","background-type":"","background-media":"","overlay-type":"","overlay-color":"","overlay-opacity":"","overlay-gradient":""},"mobile":{"background-color":"","background-image":"","background-repeat":"repeat","background-position":"center center","background-size":"auto","background-attachment":"scroll","background-type":"","background-media":"","overlay-type":"","overlay-color":"","overlay-opacity":"","overlay-gradient":""}},"ast-content-background-meta":{"desktop":{"background-color":"var(--ast-global-color-5)","background-image":"","background-repeat":"repeat","background-position":"center center","background-size":"auto","background-attachment":"scroll","background-type":"","background-media":"","overlay-type":"","overlay-color":"","overlay-opacity":"","overlay-gradient":""},"tablet":{"background-color":"var(--ast-global-color-5)","background-image":"","background-repeat":"repeat","background-position":"center center","background-size":"auto","background-attachment":"scroll","background-type":"","background-media":"","overlay-type":"","overlay-color":"","overlay-opacity":"","overlay-gradient":""},"mobile":{"background-color":"var(--ast-global-color-5)","background-image":"","background-repeat":"repeat","background-position":"center center","background-size":"auto","background-attachment":"scroll","background-type":"","background-media":"","overlay-type":"","overlay-color":"","overlay-opacity":"","overlay-gradient":""}},"footnotes":""},"categories":[59,8,61],"tags":[],"class_list":["post-5719","post","type-post","status-publish","format-standard","has-post-thumbnail","hentry","category-destacado-noticia","category-noticias","category-novedades"],"yoast_head":"<!-- This site is optimized with the Yoast SEO plugin v25.4 - https:\/\/yoast.com\/wordpress\/plugins\/seo\/ -->\n<title>Isabel Parra y Milena Rojas presentaron &quot;Violeta por todas partes&quot; en Sala Antar - Museo Violeta Parra<\/title>\n<meta name=\"robots\" content=\"index, follow, max-snippet:-1, max-image-preview:large, max-video-preview:-1\" \/>\n<link rel=\"canonical\" href=\"http:\/\/vientosur.top\/museo\/reserva-tu-entrada-gratis-para-este-domingo-isabel-parra-y-milena-rojas-presentan-violeta-por-todas-partes\/\" \/>\n<meta property=\"og:locale\" content=\"es_ES\" \/>\n<meta property=\"og:type\" content=\"article\" \/>\n<meta property=\"og:title\" content=\"Isabel Parra y Milena Rojas presentaron &quot;Violeta por todas partes&quot; en Sala Antar - Museo Violeta Parra\" \/>\n<meta property=\"og:description\" content=\"Luego de su exitosa gira por Europa, la cantautora volvi\u00f3 a presentarse en Sala Antar \u2014acompa\u00f1ada por Milena Rojas y Sim\u00f3n Gonz\u00e1lez\u2014 en el marco de las celebraciones por los 100 a\u00f1os del natalicio de Violeta. El domingo 22 de octubre la artista recibi\u00f3 el Sello de Excelencia, otorgado por el Consejo Nacional de la [&hellip;]\" \/>\n<meta property=\"og:url\" content=\"http:\/\/vientosur.top\/museo\/reserva-tu-entrada-gratis-para-este-domingo-isabel-parra-y-milena-rojas-presentan-violeta-por-todas-partes\/\" \/>\n<meta property=\"og:site_name\" content=\"Museo Violeta Parra\" \/>\n<meta property=\"article:published_time\" content=\"2017-10-17T19:39:17+00:00\" \/>\n<meta property=\"og:image\" content=\"http:\/\/vientosur.top\/museo\/wp-content\/uploads\/2017\/10\/3.jpg\" \/>\n\t<meta property=\"og:image:width\" content=\"1200\" \/>\n\t<meta property=\"og:image:height\" content=\"675\" \/>\n\t<meta property=\"og:image:type\" content=\"image\/jpeg\" \/>\n<meta name=\"author\" content=\"admin\" \/>\n<meta name=\"twitter:card\" content=\"summary_large_image\" \/>\n<meta name=\"twitter:label1\" content=\"Escrito por\" \/>\n\t<meta name=\"twitter:data1\" content=\"admin\" \/>\n\t<meta name=\"twitter:label2\" content=\"Tiempo de lectura\" \/>\n\t<meta name=\"twitter:data2\" content=\"1 minuto\" \/>\n<script type=\"application\/ld+json\" class=\"yoast-schema-graph\">{\"@context\":\"https:\/\/schema.org\",\"@graph\":[{\"@type\":\"WebPage\",\"@id\":\"http:\/\/vientosur.top\/museo\/reserva-tu-entrada-gratis-para-este-domingo-isabel-parra-y-milena-rojas-presentan-violeta-por-todas-partes\/\",\"url\":\"http:\/\/vientosur.top\/museo\/reserva-tu-entrada-gratis-para-este-domingo-isabel-parra-y-milena-rojas-presentan-violeta-por-todas-partes\/\",\"name\":\"Isabel Parra y Milena Rojas presentaron \\\"Violeta por todas partes\\\" en Sala Antar - Museo Violeta Parra\",\"isPartOf\":{\"@id\":\"http:\/\/vientosur.top\/museo\/#website\"},\"primaryImageOfPage\":{\"@id\":\"http:\/\/vientosur.top\/museo\/reserva-tu-entrada-gratis-para-este-domingo-isabel-parra-y-milena-rojas-presentan-violeta-por-todas-partes\/#primaryimage\"},\"image\":{\"@id\":\"http:\/\/vientosur.top\/museo\/reserva-tu-entrada-gratis-para-este-domingo-isabel-parra-y-milena-rojas-presentan-violeta-por-todas-partes\/#primaryimage\"},\"thumbnailUrl\":\"http:\/\/vientosur.top\/museo\/wp-content\/uploads\/2017\/10\/3.jpg\",\"datePublished\":\"2017-10-17T19:39:17+00:00\",\"author\":{\"@id\":\"http:\/\/vientosur.top\/museo\/#\/schema\/person\/20c79d3c38800971feec8c2693c3dd9c\"},\"breadcrumb\":{\"@id\":\"http:\/\/vientosur.top\/museo\/reserva-tu-entrada-gratis-para-este-domingo-isabel-parra-y-milena-rojas-presentan-violeta-por-todas-partes\/#breadcrumb\"},\"inLanguage\":\"es\",\"potentialAction\":[{\"@type\":\"ReadAction\",\"target\":[\"http:\/\/vientosur.top\/museo\/reserva-tu-entrada-gratis-para-este-domingo-isabel-parra-y-milena-rojas-presentan-violeta-por-todas-partes\/\"]}]},{\"@type\":\"ImageObject\",\"inLanguage\":\"es\",\"@id\":\"http:\/\/vientosur.top\/museo\/reserva-tu-entrada-gratis-para-este-domingo-isabel-parra-y-milena-rojas-presentan-violeta-por-todas-partes\/#primaryimage\",\"url\":\"http:\/\/vientosur.top\/museo\/wp-content\/uploads\/2017\/10\/3.jpg\",\"contentUrl\":\"http:\/\/vientosur.top\/museo\/wp-content\/uploads\/2017\/10\/3.jpg\",\"width\":1200,\"height\":675},{\"@type\":\"BreadcrumbList\",\"@id\":\"http:\/\/vientosur.top\/museo\/reserva-tu-entrada-gratis-para-este-domingo-isabel-parra-y-milena-rojas-presentan-violeta-por-todas-partes\/#breadcrumb\",\"itemListElement\":[{\"@type\":\"ListItem\",\"position\":1,\"name\":\"Portada\",\"item\":\"http:\/\/vientosur.top\/museo\/\"},{\"@type\":\"ListItem\",\"position\":2,\"name\":\"Isabel Parra y Milena Rojas presentaron \u00abVioleta por todas partes\u00bb en Sala Antar\"}]},{\"@type\":\"WebSite\",\"@id\":\"http:\/\/vientosur.top\/museo\/#website\",\"url\":\"http:\/\/vientosur.top\/museo\/\",\"name\":\"Museo Violeta Parra\",\"description\":\"Espacio que alberga tanto la memoria y legado creativo de la artista\",\"potentialAction\":[{\"@type\":\"SearchAction\",\"target\":{\"@type\":\"EntryPoint\",\"urlTemplate\":\"http:\/\/vientosur.top\/museo\/?s={search_term_string}\"},\"query-input\":{\"@type\":\"PropertyValueSpecification\",\"valueRequired\":true,\"valueName\":\"search_term_string\"}}],\"inLanguage\":\"es\"},{\"@type\":\"Person\",\"@id\":\"http:\/\/vientosur.top\/museo\/#\/schema\/person\/20c79d3c38800971feec8c2693c3dd9c\",\"name\":\"admin\",\"image\":{\"@type\":\"ImageObject\",\"inLanguage\":\"es\",\"@id\":\"http:\/\/vientosur.top\/museo\/#\/schema\/person\/image\/\",\"url\":\"https:\/\/secure.gravatar.com\/avatar\/713677ece3ffa642287213a80e5b773bce9ab81c269dd6d95102a990951c922f?s=96&d=mm&r=g\",\"contentUrl\":\"https:\/\/secure.gravatar.com\/avatar\/713677ece3ffa642287213a80e5b773bce9ab81c269dd6d95102a990951c922f?s=96&d=mm&r=g\",\"caption\":\"admin\"},\"sameAs\":[\"http:\/\/vientosur.top\/museo\"],\"url\":\"http:\/\/vientosur.top\/museo\/author\/comunicacionesmvp\/\"}]}<\/script>\n<!-- \/ Yoast SEO plugin. -->","yoast_head_json":{"title":"Isabel Parra y Milena Rojas presentaron \"Violeta por todas partes\" en Sala Antar - Museo Violeta Parra","robots":{"index":"index","follow":"follow","max-snippet":"max-snippet:-1","max-image-preview":"max-image-preview:large","max-video-preview":"max-video-preview:-1"},"canonical":"http:\/\/vientosur.top\/museo\/reserva-tu-entrada-gratis-para-este-domingo-isabel-parra-y-milena-rojas-presentan-violeta-por-todas-partes\/","og_locale":"es_ES","og_type":"article","og_title":"Isabel Parra y Milena Rojas presentaron \"Violeta por todas partes\" en Sala Antar - Museo Violeta Parra","og_description":"Luego de su exitosa gira por Europa, la cantautora volvi\u00f3 a presentarse en Sala Antar \u2014acompa\u00f1ada por Milena Rojas y Sim\u00f3n Gonz\u00e1lez\u2014 en el marco de las celebraciones por los 100 a\u00f1os del natalicio de Violeta. El domingo 22 de octubre la artista recibi\u00f3 el Sello de Excelencia, otorgado por el Consejo Nacional de la [&hellip;]","og_url":"http:\/\/vientosur.top\/museo\/reserva-tu-entrada-gratis-para-este-domingo-isabel-parra-y-milena-rojas-presentan-violeta-por-todas-partes\/","og_site_name":"Museo Violeta Parra","article_published_time":"2017-10-17T19:39:17+00:00","og_image":[{"width":1200,"height":675,"url":"http:\/\/vientosur.top\/museo\/wp-content\/uploads\/2017\/10\/3.jpg","type":"image\/jpeg"}],"author":"admin","twitter_card":"summary_large_image","twitter_misc":{"Escrito por":"admin","Tiempo de lectura":"1 minuto"},"schema":{"@context":"https:\/\/schema.org","@graph":[{"@type":"WebPage","@id":"http:\/\/vientosur.top\/museo\/reserva-tu-entrada-gratis-para-este-domingo-isabel-parra-y-milena-rojas-presentan-violeta-por-todas-partes\/","url":"http:\/\/vientosur.top\/museo\/reserva-tu-entrada-gratis-para-este-domingo-isabel-parra-y-milena-rojas-presentan-violeta-por-todas-partes\/","name":"Isabel Parra y Milena Rojas presentaron \"Violeta por todas partes\" en Sala Antar - Museo Violeta Parra","isPartOf":{"@id":"http:\/\/vientosur.top\/museo\/#website"},"primaryImageOfPage":{"@id":"http:\/\/vientosur.top\/museo\/reserva-tu-entrada-gratis-para-este-domingo-isabel-parra-y-milena-rojas-presentan-violeta-por-todas-partes\/#primaryimage"},"image":{"@id":"http:\/\/vientosur.top\/museo\/reserva-tu-entrada-gratis-para-este-domingo-isabel-parra-y-milena-rojas-presentan-violeta-por-todas-partes\/#primaryimage"},"thumbnailUrl":"http:\/\/vientosur.top\/museo\/wp-content\/uploads\/2017\/10\/3.jpg","datePublished":"2017-10-17T19:39:17+00:00","author":{"@id":"http:\/\/vientosur.top\/museo\/#\/schema\/person\/20c79d3c38800971feec8c2693c3dd9c"},"breadcrumb":{"@id":"http:\/\/vientosur.top\/museo\/reserva-tu-entrada-gratis-para-este-domingo-isabel-parra-y-milena-rojas-presentan-violeta-por-todas-partes\/#breadcrumb"},"inLanguage":"es","potentialAction":[{"@type":"ReadAction","target":["http:\/\/vientosur.top\/museo\/reserva-tu-entrada-gratis-para-este-domingo-isabel-parra-y-milena-rojas-presentan-violeta-por-todas-partes\/"]}]},{"@type":"ImageObject","inLanguage":"es","@id":"http:\/\/vientosur.top\/museo\/reserva-tu-entrada-gratis-para-este-domingo-isabel-parra-y-milena-rojas-presentan-violeta-por-todas-partes\/#primaryimage","url":"http:\/\/vientosur.top\/museo\/wp-content\/uploads\/2017\/10\/3.jpg","contentUrl":"http:\/\/vientosur.top\/museo\/wp-content\/uploads\/2017\/10\/3.jpg","width":1200,"height":675},{"@type":"BreadcrumbList","@id":"http:\/\/vientosur.top\/museo\/reserva-tu-entrada-gratis-para-este-domingo-isabel-parra-y-milena-rojas-presentan-violeta-por-todas-partes\/#breadcrumb","itemListElement":[{"@type":"ListItem","position":1,"name":"Portada","item":"http:\/\/vientosur.top\/museo\/"},{"@type":"ListItem","position":2,"name":"Isabel Parra y Milena Rojas presentaron \u00abVioleta por todas partes\u00bb en Sala Antar"}]},{"@type":"WebSite","@id":"http:\/\/vientosur.top\/museo\/#website","url":"http:\/\/vientosur.top\/museo\/","name":"Museo Violeta Parra","description":"Espacio que alberga tanto la memoria y legado creativo de la artista","potentialAction":[{"@type":"SearchAction","target":{"@type":"EntryPoint","urlTemplate":"http:\/\/vientosur.top\/museo\/?s={search_term_string}"},"query-input":{"@type":"PropertyValueSpecification","valueRequired":true,"valueName":"search_term_string"}}],"inLanguage":"es"},{"@type":"Person","@id":"http:\/\/vientosur.top\/museo\/#\/schema\/person\/20c79d3c38800971feec8c2693c3dd9c","name":"admin","image":{"@type":"ImageObject","inLanguage":"es","@id":"http:\/\/vientosur.top\/museo\/#\/schema\/person\/image\/","url":"https:\/\/secure.gravatar.com\/avatar\/713677ece3ffa642287213a80e5b773bce9ab81c269dd6d95102a990951c922f?s=96&d=mm&r=g","contentUrl":"https:\/\/secure.gravatar.com\/avatar\/713677ece3ffa642287213a80e5b773bce9ab81c269dd6d95102a990951c922f?s=96&d=mm&r=g","caption":"admin"},"sameAs":["http:\/\/vientosur.top\/museo"],"url":"http:\/\/vientosur.top\/museo\/author\/comunicacionesmvp\/"}]}},"_links":{"self":[{"href":"http:\/\/vientosur.top\/museo\/wp-json\/wp\/v2\/posts\/5719","targetHints":{"allow":["GET"]}}],"collection":[{"href":"http:\/\/vientosur.top\/museo\/wp-json\/wp\/v2\/posts"}],"about":[{"href":"http:\/\/vientosur.top\/museo\/wp-json\/wp\/v2\/types\/post"}],"author":[{"embeddable":true,"href":"http:\/\/vientosur.top\/museo\/wp-json\/wp\/v2\/users\/5"}],"replies":[{"embeddable":true,"href":"http:\/\/vientosur.top\/museo\/wp-json\/wp\/v2\/comments?post=5719"}],"version-history":[{"count":0,"href":"http:\/\/vientosur.top\/museo\/wp-json\/wp\/v2\/posts\/5719\/revisions"}],"wp:featuredmedia":[{"embeddable":true,"href":"http:\/\/vientosur.top\/museo\/wp-json\/wp\/v2\/media\/5785"}],"wp:attachment":[{"href":"http:\/\/vientosur.top\/museo\/wp-json\/wp\/v2\/media?parent=5719"}],"wp:term":[{"taxonomy":"category","embeddable":true,"href":"http:\/\/vientosur.top\/museo\/wp-json\/wp\/v2\/categories?post=5719"},{"taxonomy":"post_tag","embeddable":true,"href":"http:\/\/vientosur.top\/museo\/wp-json\/wp\/v2\/tags?post=5719"}],"curies":[{"name":"wp","href":"https:\/\/api.w.org\/{rel}","templated":true}]}}