{"id":5731,"date":"2017-10-17T20:45:48","date_gmt":"2017-10-17T20:45:48","guid":{"rendered":"http:\/\/vientosur.top\/museo\/\/?p=5731"},"modified":"2017-10-17T20:45:48","modified_gmt":"2017-10-17T20:45:48","slug":"isabel-parra-recibira-sello-de-excelencia-del-folklore-en-recital-violeta-por-todas-partes","status":"publish","type":"post","link":"http:\/\/vientosur.top\/museo\/isabel-parra-recibira-sello-de-excelencia-del-folklore-en-recital-violeta-por-todas-partes\/","title":{"rendered":"Isabel Parra recibi\u00f3 el Sello de Excelencia del Folklore en recital \u201cVioleta por todas partes\u201d"},"content":{"rendered":"<p><strong><em>La cantautora fue reconocida por el Consejo Nacional de la Cultura y las Artes y el Sindicato de Folkloristas en la Sala Antar del Museo Violeta Parra.<\/em><\/strong><\/p>\n<p>&nbsp;<\/p>\n<p>El reconocimiento fue entregado al comenzar el <a href=\"http:\/\/vientosur.top\/museo\/\/2017\/10\/17\/reserva-tu-entrada-gratis-para-este-domingo-isabel-parra-y-milena-rojas-presentan-violeta-por-todas-partes\/\">recital \u201cVioleta por todas partes\u201d,\u00a0\u00a0<\/a>\u00a0que realiz\u00f3 junto a su hija Milena Rojas Cereceda y al m\u00fasico invitado Sim\u00f3n Gonz\u00e1lez el domingo 22 de octubre.<\/p>\n<p>El Sello a la Excelencia es un reconocimiento a los cultores del folklore que se entrega hace m\u00e1s de una d\u00e9cada en el marco del encuentro \u201cEntrecuecas\u201d, realizado desde 2007 en el marco del D\u00eda Nacional del Folklore que se conmemora el 4 de octubre de cada a\u00f1o, con motivo del d\u00eda del natalicio de Violeta. Este a\u00f1o los dos artistas galardonados fueron Tito Fern\u00e1ndez e Isabel Parra.<\/p>\n<p>El premio consiste en una medalla circular con un cu\u00f1o de la Casa de Moneda\u00a0 y una estatuilla de arcilla de Violeta Parra, realizada por el artesano Jorge Vallejos de la Asociaci\u00f3n de Pintores y Escultores de Chile.<\/p>\n<p><strong><br \/>\nUna de las grandes voces<\/strong><\/p>\n<p>&nbsp;<\/p>\n<p>Iv\u00e1n Vidal, Presidente del Sindicato de Folkloristas y Guitarristas de Chile, cuenta que \u201cIsabel ten\u00eda 20 a\u00f1os cuando entr\u00f3 al sindicato. Cumple con todos los requisitos para recibir este premio. Tiene toda la competencia para llevarse este reconocimiento por haber creado, junto a su hermano, la Pe\u00f1a de los Parra y dar la partida al movimiento de la Nueva Canci\u00f3n Chilena, junto a V\u00edctor Jara, Tito Fern\u00e1ndez, Rolando Alarc\u00f3n y muchos m\u00e1s. Es una de las grandes voces de nuestro pa\u00eds\u201d.<\/p>\n<p>Por su parte Cecilia Garc\u00eda-Huidobro, Directora del Museo Violeta Parra, se\u00f1ala que para la instituci\u00f3n es \u201cun honor que este significativo y merecido reconocimiento se haya llevado a cabo en su Auditorio\u201d.<\/p>\n<p>Algunos de los m\u00fasicos que han recibido el Sello de Excelencia son: Pedro Gajardo (BAFOCHI), Tito Ibarra, Mira Guti\u00e9rrez Lazo, V\u00edctor Ibarra Negrete, Mario Rojas, \u00a0Sergio Rodr\u00edguez (Tierra Chilena), Horacio Salinas (Inti Illimani Hist\u00f3rico), Jorge Y\u00e1\u00f1ez, Margot Loyola Palacios, Pepe Fuentes y Mar\u00eda Esther Zamora, Vicente Bianchi, Valent\u00edn Trujillo y Ginette Acevedo, entre otros.<\/p>\n<p>&nbsp;<\/p>\n<p><a href=\"https:\/\/www.facebook.com\/pg\/MuseoVioletaParra\/photos\/?tab=album&amp;album_id=2007269462849798\" target=\"_blank\" rel=\"noopener noreferrer\"><strong>Ver galer\u00eda de im\u00e1genes<\/strong><\/a><\/p>\n<p>&nbsp;<\/p>\n<p>&nbsp;<\/p>\n","protected":false},"excerpt":{"rendered":"<p>La cantautora fue reconocida por el Consejo Nacional de la Cultura y las Artes y el Sindicato de Folkloristas en la Sala Antar del Museo Violeta Parra. &nbsp; El reconocimiento fue entregado al comenzar el recital \u201cVioleta por todas partes\u201d,\u00a0\u00a0\u00a0que realiz\u00f3 junto a su hija Milena Rojas Cereceda y al m\u00fasico invitado Sim\u00f3n Gonz\u00e1lez el [&hellip;]<\/p>\n","protected":false},"author":5,"featured_media":5784,"comment_status":"open","ping_status":"open","sticky":false,"template":"","format":"standard","meta":{"site-sidebar-layout":"default","site-content-layout":"","ast-site-content-layout":"default","site-content-style":"default","site-sidebar-style":"default","ast-global-header-display":"","ast-banner-title-visibility":"","ast-main-header-display":"","ast-hfb-above-header-display":"","ast-hfb-below-header-display":"","ast-hfb-mobile-header-display":"","site-post-title":"","ast-breadcrumbs-content":"","ast-featured-img":"","footer-sml-layout":"","theme-transparent-header-meta":"","adv-header-id-meta":"","stick-header-meta":"","header-above-stick-meta":"","header-main-stick-meta":"","header-below-stick-meta":"","astra-migrate-meta-layouts":"default","ast-page-background-enabled":"default","ast-page-background-meta":{"desktop":{"background-color":"var(--ast-global-color-4)","background-image":"","background-repeat":"repeat","background-position":"center center","background-size":"auto","background-attachment":"scroll","background-type":"","background-media":"","overlay-type":"","overlay-color":"","overlay-opacity":"","overlay-gradient":""},"tablet":{"background-color":"","background-image":"","background-repeat":"repeat","background-position":"center center","background-size":"auto","background-attachment":"scroll","background-type":"","background-media":"","overlay-type":"","overlay-color":"","overlay-opacity":"","overlay-gradient":""},"mobile":{"background-color":"","background-image":"","background-repeat":"repeat","background-position":"center center","background-size":"auto","background-attachment":"scroll","background-type":"","background-media":"","overlay-type":"","overlay-color":"","overlay-opacity":"","overlay-gradient":""}},"ast-content-background-meta":{"desktop":{"background-color":"var(--ast-global-color-5)","background-image":"","background-repeat":"repeat","background-position":"center center","background-size":"auto","background-attachment":"scroll","background-type":"","background-media":"","overlay-type":"","overlay-color":"","overlay-opacity":"","overlay-gradient":""},"tablet":{"background-color":"var(--ast-global-color-5)","background-image":"","background-repeat":"repeat","background-position":"center center","background-size":"auto","background-attachment":"scroll","background-type":"","background-media":"","overlay-type":"","overlay-color":"","overlay-opacity":"","overlay-gradient":""},"mobile":{"background-color":"var(--ast-global-color-5)","background-image":"","background-repeat":"repeat","background-position":"center center","background-size":"auto","background-attachment":"scroll","background-type":"","background-media":"","overlay-type":"","overlay-color":"","overlay-opacity":"","overlay-gradient":""}},"footnotes":""},"categories":[59,8,61],"tags":[],"class_list":["post-5731","post","type-post","status-publish","format-standard","has-post-thumbnail","hentry","category-destacado-noticia","category-noticias","category-novedades"],"yoast_head":"<!-- This site is optimized with the Yoast SEO plugin v25.4 - https:\/\/yoast.com\/wordpress\/plugins\/seo\/ -->\n<title>Isabel Parra recibi\u00f3 el Sello de Excelencia del Folklore en recital \u201cVioleta por todas partes\u201d - Museo Violeta Parra<\/title>\n<meta name=\"robots\" content=\"index, follow, max-snippet:-1, max-image-preview:large, max-video-preview:-1\" \/>\n<link rel=\"canonical\" href=\"http:\/\/vientosur.top\/museo\/isabel-parra-recibira-sello-de-excelencia-del-folklore-en-recital-violeta-por-todas-partes\/\" \/>\n<meta property=\"og:locale\" content=\"es_ES\" \/>\n<meta property=\"og:type\" content=\"article\" \/>\n<meta property=\"og:title\" content=\"Isabel Parra recibi\u00f3 el Sello de Excelencia del Folklore en recital \u201cVioleta por todas partes\u201d - Museo Violeta Parra\" \/>\n<meta property=\"og:description\" content=\"La cantautora fue reconocida por el Consejo Nacional de la Cultura y las Artes y el Sindicato de Folkloristas en la Sala Antar del Museo Violeta Parra. &nbsp; El reconocimiento fue entregado al comenzar el recital \u201cVioleta por todas partes\u201d,\u00a0\u00a0\u00a0que realiz\u00f3 junto a su hija Milena Rojas Cereceda y al m\u00fasico invitado Sim\u00f3n Gonz\u00e1lez el [&hellip;]\" \/>\n<meta property=\"og:url\" content=\"http:\/\/vientosur.top\/museo\/isabel-parra-recibira-sello-de-excelencia-del-folklore-en-recital-violeta-por-todas-partes\/\" \/>\n<meta property=\"og:site_name\" content=\"Museo Violeta Parra\" \/>\n<meta property=\"article:published_time\" content=\"2017-10-17T20:45:48+00:00\" \/>\n<meta property=\"og:image\" content=\"http:\/\/vientosur.top\/museo\/wp-content\/uploads\/2017\/10\/selo.png\" \/>\n\t<meta property=\"og:image:width\" content=\"1280\" \/>\n\t<meta property=\"og:image:height\" content=\"720\" \/>\n\t<meta property=\"og:image:type\" content=\"image\/png\" \/>\n<meta name=\"author\" content=\"admin\" \/>\n<meta name=\"twitter:card\" content=\"summary_large_image\" \/>\n<meta name=\"twitter:label1\" content=\"Escrito por\" \/>\n\t<meta name=\"twitter:data1\" content=\"admin\" \/>\n\t<meta name=\"twitter:label2\" content=\"Tiempo de lectura\" \/>\n\t<meta name=\"twitter:data2\" content=\"2 minutos\" \/>\n<script type=\"application\/ld+json\" class=\"yoast-schema-graph\">{\"@context\":\"https:\/\/schema.org\",\"@graph\":[{\"@type\":\"WebPage\",\"@id\":\"http:\/\/vientosur.top\/museo\/isabel-parra-recibira-sello-de-excelencia-del-folklore-en-recital-violeta-por-todas-partes\/\",\"url\":\"http:\/\/vientosur.top\/museo\/isabel-parra-recibira-sello-de-excelencia-del-folklore-en-recital-violeta-por-todas-partes\/\",\"name\":\"Isabel Parra recibi\u00f3 el Sello de Excelencia del Folklore en recital \u201cVioleta por todas partes\u201d - Museo Violeta Parra\",\"isPartOf\":{\"@id\":\"http:\/\/vientosur.top\/museo\/#website\"},\"primaryImageOfPage\":{\"@id\":\"http:\/\/vientosur.top\/museo\/isabel-parra-recibira-sello-de-excelencia-del-folklore-en-recital-violeta-por-todas-partes\/#primaryimage\"},\"image\":{\"@id\":\"http:\/\/vientosur.top\/museo\/isabel-parra-recibira-sello-de-excelencia-del-folklore-en-recital-violeta-por-todas-partes\/#primaryimage\"},\"thumbnailUrl\":\"http:\/\/vientosur.top\/museo\/wp-content\/uploads\/2017\/10\/selo.png\",\"datePublished\":\"2017-10-17T20:45:48+00:00\",\"author\":{\"@id\":\"http:\/\/vientosur.top\/museo\/#\/schema\/person\/20c79d3c38800971feec8c2693c3dd9c\"},\"breadcrumb\":{\"@id\":\"http:\/\/vientosur.top\/museo\/isabel-parra-recibira-sello-de-excelencia-del-folklore-en-recital-violeta-por-todas-partes\/#breadcrumb\"},\"inLanguage\":\"es\",\"potentialAction\":[{\"@type\":\"ReadAction\",\"target\":[\"http:\/\/vientosur.top\/museo\/isabel-parra-recibira-sello-de-excelencia-del-folklore-en-recital-violeta-por-todas-partes\/\"]}]},{\"@type\":\"ImageObject\",\"inLanguage\":\"es\",\"@id\":\"http:\/\/vientosur.top\/museo\/isabel-parra-recibira-sello-de-excelencia-del-folklore-en-recital-violeta-por-todas-partes\/#primaryimage\",\"url\":\"http:\/\/vientosur.top\/museo\/wp-content\/uploads\/2017\/10\/selo.png\",\"contentUrl\":\"http:\/\/vientosur.top\/museo\/wp-content\/uploads\/2017\/10\/selo.png\",\"width\":1280,\"height\":720},{\"@type\":\"BreadcrumbList\",\"@id\":\"http:\/\/vientosur.top\/museo\/isabel-parra-recibira-sello-de-excelencia-del-folklore-en-recital-violeta-por-todas-partes\/#breadcrumb\",\"itemListElement\":[{\"@type\":\"ListItem\",\"position\":1,\"name\":\"Portada\",\"item\":\"http:\/\/vientosur.top\/museo\/\"},{\"@type\":\"ListItem\",\"position\":2,\"name\":\"Isabel Parra recibi\u00f3 el Sello de Excelencia del Folklore en recital \u201cVioleta por todas partes\u201d\"}]},{\"@type\":\"WebSite\",\"@id\":\"http:\/\/vientosur.top\/museo\/#website\",\"url\":\"http:\/\/vientosur.top\/museo\/\",\"name\":\"Museo Violeta Parra\",\"description\":\"Espacio que alberga tanto la memoria y legado creativo de la artista\",\"potentialAction\":[{\"@type\":\"SearchAction\",\"target\":{\"@type\":\"EntryPoint\",\"urlTemplate\":\"http:\/\/vientosur.top\/museo\/?s={search_term_string}\"},\"query-input\":{\"@type\":\"PropertyValueSpecification\",\"valueRequired\":true,\"valueName\":\"search_term_string\"}}],\"inLanguage\":\"es\"},{\"@type\":\"Person\",\"@id\":\"http:\/\/vientosur.top\/museo\/#\/schema\/person\/20c79d3c38800971feec8c2693c3dd9c\",\"name\":\"admin\",\"image\":{\"@type\":\"ImageObject\",\"inLanguage\":\"es\",\"@id\":\"http:\/\/vientosur.top\/museo\/#\/schema\/person\/image\/\",\"url\":\"https:\/\/secure.gravatar.com\/avatar\/713677ece3ffa642287213a80e5b773bce9ab81c269dd6d95102a990951c922f?s=96&d=mm&r=g\",\"contentUrl\":\"https:\/\/secure.gravatar.com\/avatar\/713677ece3ffa642287213a80e5b773bce9ab81c269dd6d95102a990951c922f?s=96&d=mm&r=g\",\"caption\":\"admin\"},\"sameAs\":[\"http:\/\/vientosur.top\/museo\"],\"url\":\"http:\/\/vientosur.top\/museo\/author\/comunicacionesmvp\/\"}]}<\/script>\n<!-- \/ Yoast SEO plugin. -->","yoast_head_json":{"title":"Isabel Parra recibi\u00f3 el Sello de Excelencia del Folklore en recital \u201cVioleta por todas partes\u201d - Museo Violeta Parra","robots":{"index":"index","follow":"follow","max-snippet":"max-snippet:-1","max-image-preview":"max-image-preview:large","max-video-preview":"max-video-preview:-1"},"canonical":"http:\/\/vientosur.top\/museo\/isabel-parra-recibira-sello-de-excelencia-del-folklore-en-recital-violeta-por-todas-partes\/","og_locale":"es_ES","og_type":"article","og_title":"Isabel Parra recibi\u00f3 el Sello de Excelencia del Folklore en recital \u201cVioleta por todas partes\u201d - Museo Violeta Parra","og_description":"La cantautora fue reconocida por el Consejo Nacional de la Cultura y las Artes y el Sindicato de Folkloristas en la Sala Antar del Museo Violeta Parra. &nbsp; El reconocimiento fue entregado al comenzar el recital \u201cVioleta por todas partes\u201d,\u00a0\u00a0\u00a0que realiz\u00f3 junto a su hija Milena Rojas Cereceda y al m\u00fasico invitado Sim\u00f3n Gonz\u00e1lez el [&hellip;]","og_url":"http:\/\/vientosur.top\/museo\/isabel-parra-recibira-sello-de-excelencia-del-folklore-en-recital-violeta-por-todas-partes\/","og_site_name":"Museo Violeta Parra","article_published_time":"2017-10-17T20:45:48+00:00","og_image":[{"width":1280,"height":720,"url":"http:\/\/vientosur.top\/museo\/wp-content\/uploads\/2017\/10\/selo.png","type":"image\/png"}],"author":"admin","twitter_card":"summary_large_image","twitter_misc":{"Escrito por":"admin","Tiempo de lectura":"2 minutos"},"schema":{"@context":"https:\/\/schema.org","@graph":[{"@type":"WebPage","@id":"http:\/\/vientosur.top\/museo\/isabel-parra-recibira-sello-de-excelencia-del-folklore-en-recital-violeta-por-todas-partes\/","url":"http:\/\/vientosur.top\/museo\/isabel-parra-recibira-sello-de-excelencia-del-folklore-en-recital-violeta-por-todas-partes\/","name":"Isabel Parra recibi\u00f3 el Sello de Excelencia del Folklore en recital \u201cVioleta por todas partes\u201d - Museo Violeta Parra","isPartOf":{"@id":"http:\/\/vientosur.top\/museo\/#website"},"primaryImageOfPage":{"@id":"http:\/\/vientosur.top\/museo\/isabel-parra-recibira-sello-de-excelencia-del-folklore-en-recital-violeta-por-todas-partes\/#primaryimage"},"image":{"@id":"http:\/\/vientosur.top\/museo\/isabel-parra-recibira-sello-de-excelencia-del-folklore-en-recital-violeta-por-todas-partes\/#primaryimage"},"thumbnailUrl":"http:\/\/vientosur.top\/museo\/wp-content\/uploads\/2017\/10\/selo.png","datePublished":"2017-10-17T20:45:48+00:00","author":{"@id":"http:\/\/vientosur.top\/museo\/#\/schema\/person\/20c79d3c38800971feec8c2693c3dd9c"},"breadcrumb":{"@id":"http:\/\/vientosur.top\/museo\/isabel-parra-recibira-sello-de-excelencia-del-folklore-en-recital-violeta-por-todas-partes\/#breadcrumb"},"inLanguage":"es","potentialAction":[{"@type":"ReadAction","target":["http:\/\/vientosur.top\/museo\/isabel-parra-recibira-sello-de-excelencia-del-folklore-en-recital-violeta-por-todas-partes\/"]}]},{"@type":"ImageObject","inLanguage":"es","@id":"http:\/\/vientosur.top\/museo\/isabel-parra-recibira-sello-de-excelencia-del-folklore-en-recital-violeta-por-todas-partes\/#primaryimage","url":"http:\/\/vientosur.top\/museo\/wp-content\/uploads\/2017\/10\/selo.png","contentUrl":"http:\/\/vientosur.top\/museo\/wp-content\/uploads\/2017\/10\/selo.png","width":1280,"height":720},{"@type":"BreadcrumbList","@id":"http:\/\/vientosur.top\/museo\/isabel-parra-recibira-sello-de-excelencia-del-folklore-en-recital-violeta-por-todas-partes\/#breadcrumb","itemListElement":[{"@type":"ListItem","position":1,"name":"Portada","item":"http:\/\/vientosur.top\/museo\/"},{"@type":"ListItem","position":2,"name":"Isabel Parra recibi\u00f3 el Sello de Excelencia del Folklore en recital \u201cVioleta por todas partes\u201d"}]},{"@type":"WebSite","@id":"http:\/\/vientosur.top\/museo\/#website","url":"http:\/\/vientosur.top\/museo\/","name":"Museo Violeta Parra","description":"Espacio que alberga tanto la memoria y legado creativo de la artista","potentialAction":[{"@type":"SearchAction","target":{"@type":"EntryPoint","urlTemplate":"http:\/\/vientosur.top\/museo\/?s={search_term_string}"},"query-input":{"@type":"PropertyValueSpecification","valueRequired":true,"valueName":"search_term_string"}}],"inLanguage":"es"},{"@type":"Person","@id":"http:\/\/vientosur.top\/museo\/#\/schema\/person\/20c79d3c38800971feec8c2693c3dd9c","name":"admin","image":{"@type":"ImageObject","inLanguage":"es","@id":"http:\/\/vientosur.top\/museo\/#\/schema\/person\/image\/","url":"https:\/\/secure.gravatar.com\/avatar\/713677ece3ffa642287213a80e5b773bce9ab81c269dd6d95102a990951c922f?s=96&d=mm&r=g","contentUrl":"https:\/\/secure.gravatar.com\/avatar\/713677ece3ffa642287213a80e5b773bce9ab81c269dd6d95102a990951c922f?s=96&d=mm&r=g","caption":"admin"},"sameAs":["http:\/\/vientosur.top\/museo"],"url":"http:\/\/vientosur.top\/museo\/author\/comunicacionesmvp\/"}]}},"_links":{"self":[{"href":"http:\/\/vientosur.top\/museo\/wp-json\/wp\/v2\/posts\/5731","targetHints":{"allow":["GET"]}}],"collection":[{"href":"http:\/\/vientosur.top\/museo\/wp-json\/wp\/v2\/posts"}],"about":[{"href":"http:\/\/vientosur.top\/museo\/wp-json\/wp\/v2\/types\/post"}],"author":[{"embeddable":true,"href":"http:\/\/vientosur.top\/museo\/wp-json\/wp\/v2\/users\/5"}],"replies":[{"embeddable":true,"href":"http:\/\/vientosur.top\/museo\/wp-json\/wp\/v2\/comments?post=5731"}],"version-history":[{"count":0,"href":"http:\/\/vientosur.top\/museo\/wp-json\/wp\/v2\/posts\/5731\/revisions"}],"wp:featuredmedia":[{"embeddable":true,"href":"http:\/\/vientosur.top\/museo\/wp-json\/wp\/v2\/media\/5784"}],"wp:attachment":[{"href":"http:\/\/vientosur.top\/museo\/wp-json\/wp\/v2\/media?parent=5731"}],"wp:term":[{"taxonomy":"category","embeddable":true,"href":"http:\/\/vientosur.top\/museo\/wp-json\/wp\/v2\/categories?post=5731"},{"taxonomy":"post_tag","embeddable":true,"href":"http:\/\/vientosur.top\/museo\/wp-json\/wp\/v2\/tags?post=5731"}],"curies":[{"name":"wp","href":"https:\/\/api.w.org\/{rel}","templated":true}]}}