{"id":5768,"date":"2017-10-20T14:31:57","date_gmt":"2017-10-20T14:31:57","guid":{"rendered":"http:\/\/vientosur.top\/museo\/\/?p=5768"},"modified":"2017-10-20T14:31:57","modified_gmt":"2017-10-20T14:31:57","slug":"museo-violeta-parra-recordara-a-violeta-y-angel-con-altar-de-muertos","status":"publish","type":"post","link":"http:\/\/vientosur.top\/museo\/museo-violeta-parra-recordara-a-violeta-y-angel-con-altar-de-muertos\/","title":{"rendered":"Museo Violeta Parra inaugur\u00f3 altar de muertos en recuerdo de Violeta y \u00c1ngel Parra"},"content":{"rendered":"<p>El martes 24 de octubre al mediod\u00eda el Museo Violeta Parra inaugur\u00f3 un altar de muertos en honor a Violeta Parra (1917-1967) y a su hijo \u00c1ngel Parra (1943-2017). Esta actividad fue organizada, por segundo a\u00f1o consecutivo, en conjunto con la Embajada de M\u00e9xico.<br \/>\n<strong><br \/>\n<\/strong>La inauguraci\u00f3n cont\u00f3 con la participaci\u00f3n de Cecilia Garc\u00eda-Huidobro, Directora del Museo Violeta Parra; Rub\u00e9n Beltr\u00e1n, Embajador de M\u00e9xico en Chile; \u00c1ngel Cabeza, director de Bibliotecas, Archivos y Museos (DIBAM) y Andr\u00e9s Pascoe, encargado de Publicaciones, Comunicaci\u00f3n e Informaci\u00f3n y Cultura de la Oficina de la UNESCO en Santiago.<\/p>\n<p>\u00abVioleta Parra ten\u00eda una profunda vocaci\u00f3n latinoamericana, por lo que relevar una fiesta como el D\u00eda de los Muertos de M\u00e9xico de raigambre popular y declarada Patrimonio de la Humanidad , est\u00e1 en completa sinton\u00eda con su esp\u00edritu\u00bb, se\u00f1al\u00f3 Cecilia Garc\u00eda-Huidobro, Directora del Museo Violeta Parra.<\/p>\n<p>Las presentaciones culturales estuvieron a cargo del coro de ni\u00f1os del segundo b\u00e1sico de la Escuela M\u00e9xico de la comuna de Santiago y del conjunto de mariachis Cal y Canto.<\/p>\n<p>El altar de muertos estar\u00e1 en exhibici\u00f3n en la entrada de la Sala Antar desde el martes 24 de octubre hasta el domingo 29. La entrada al Museo Violeta Parra, y a todas sus actividades, es liberada.<\/p>\n<p><strong><br \/>\nPatrimonio Cultural Inmaterial\u00a0<\/strong><strong>de la Humanidad<\/strong><\/p>\n<p>\u201cEl D\u00eda de Muertos en la cosmovisi\u00f3n ind\u00edgena implica el retorno transitorio de las \u00e1nimas de los difuntos, quienes regresan a casa, al mundo de los vivos, para convivir con los familiares y para nutrirse de la esencia del alimento que se les ofrece en los altares puestos en sus honor. Su origen se ubica en el sincretismo entre la celebraci\u00f3n de los rituales religiosos cat\u00f3licos tra\u00eddos por los espa\u00f1oles y la conmemoraci\u00f3n del d\u00eda de muertos que los ind\u00edgenas realizaban desde los tiempos prehisp\u00e1nicos. La celebraci\u00f3n del D\u00eda de Muertos se lleva a cabo entre finales de octubre y los primeros d\u00edas de noviembre, si bien popularmente se asocia principalmente a los d\u00edas\u00a01 y 2 de noviembre\u201d, explica el sitio web de la Organizaci\u00f3n de las Naciones Unidas para la Educaci\u00f3n, la Ciencia y la Cultura (UNESCO). Las festividades ind\u00edgenas de celebraci\u00f3n del D\u00eda de Muertos forman parte de la Lista Representativa del Patrimonio Cultural Inmaterial de la Humanidad.<\/p>\n<p><a href=\"https:\/\/www.facebook.com\/pg\/MuseoVioletaParra\/photos\/?tab=album&amp;album_id=2007802352796509\" target=\"_blank\" rel=\"noopener noreferrer\"><strong>Ver galer\u00eda de im\u00e1genes\u00a0<\/strong><\/a><\/p>\n<p><iframe src=\"https:\/\/www.youtube.com\/embed\/0xWMWQoY-vM\" width=\"560\" height=\"315\" frameborder=\"0\" allowfullscreen=\"allowfullscreen\"><\/iframe><\/p>\n<p>&nbsp;<\/p>\n<p>&nbsp;<\/p>\n<p>&nbsp;<\/p>\n","protected":false},"excerpt":{"rendered":"<p>El martes 24 de octubre al mediod\u00eda el Museo Violeta Parra inaugur\u00f3 un altar de muertos en honor a Violeta Parra (1917-1967) y a su hijo \u00c1ngel Parra (1943-2017). Esta actividad fue organizada, por segundo a\u00f1o consecutivo, en conjunto con la Embajada de M\u00e9xico. La inauguraci\u00f3n cont\u00f3 con la participaci\u00f3n de Cecilia Garc\u00eda-Huidobro, Directora del [&hellip;]<\/p>\n","protected":false},"author":5,"featured_media":5813,"comment_status":"open","ping_status":"open","sticky":false,"template":"","format":"standard","meta":{"site-sidebar-layout":"default","site-content-layout":"","ast-site-content-layout":"default","site-content-style":"default","site-sidebar-style":"default","ast-global-header-display":"","ast-banner-title-visibility":"","ast-main-header-display":"","ast-hfb-above-header-display":"","ast-hfb-below-header-display":"","ast-hfb-mobile-header-display":"","site-post-title":"","ast-breadcrumbs-content":"","ast-featured-img":"","footer-sml-layout":"","theme-transparent-header-meta":"","adv-header-id-meta":"","stick-header-meta":"","header-above-stick-meta":"","header-main-stick-meta":"","header-below-stick-meta":"","astra-migrate-meta-layouts":"default","ast-page-background-enabled":"default","ast-page-background-meta":{"desktop":{"background-color":"var(--ast-global-color-4)","background-image":"","background-repeat":"repeat","background-position":"center center","background-size":"auto","background-attachment":"scroll","background-type":"","background-media":"","overlay-type":"","overlay-color":"","overlay-opacity":"","overlay-gradient":""},"tablet":{"background-color":"","background-image":"","background-repeat":"repeat","background-position":"center center","background-size":"auto","background-attachment":"scroll","background-type":"","background-media":"","overlay-type":"","overlay-color":"","overlay-opacity":"","overlay-gradient":""},"mobile":{"background-color":"","background-image":"","background-repeat":"repeat","background-position":"center center","background-size":"auto","background-attachment":"scroll","background-type":"","background-media":"","overlay-type":"","overlay-color":"","overlay-opacity":"","overlay-gradient":""}},"ast-content-background-meta":{"desktop":{"background-color":"var(--ast-global-color-5)","background-image":"","background-repeat":"repeat","background-position":"center center","background-size":"auto","background-attachment":"scroll","background-type":"","background-media":"","overlay-type":"","overlay-color":"","overlay-opacity":"","overlay-gradient":""},"tablet":{"background-color":"var(--ast-global-color-5)","background-image":"","background-repeat":"repeat","background-position":"center center","background-size":"auto","background-attachment":"scroll","background-type":"","background-media":"","overlay-type":"","overlay-color":"","overlay-opacity":"","overlay-gradient":""},"mobile":{"background-color":"var(--ast-global-color-5)","background-image":"","background-repeat":"repeat","background-position":"center center","background-size":"auto","background-attachment":"scroll","background-type":"","background-media":"","overlay-type":"","overlay-color":"","overlay-opacity":"","overlay-gradient":""}},"footnotes":""},"categories":[59,8,61],"tags":[],"class_list":["post-5768","post","type-post","status-publish","format-standard","has-post-thumbnail","hentry","category-destacado-noticia","category-noticias","category-novedades"],"yoast_head":"<!-- This site is optimized with the Yoast SEO plugin v25.4 - https:\/\/yoast.com\/wordpress\/plugins\/seo\/ -->\n<title>Museo Violeta Parra inaugur\u00f3 altar de muertos en recuerdo de Violeta y \u00c1ngel Parra - Museo Violeta Parra<\/title>\n<meta name=\"robots\" content=\"index, follow, max-snippet:-1, max-image-preview:large, max-video-preview:-1\" \/>\n<link rel=\"canonical\" href=\"http:\/\/vientosur.top\/museo\/museo-violeta-parra-recordara-a-violeta-y-angel-con-altar-de-muertos\/\" \/>\n<meta property=\"og:locale\" content=\"es_ES\" \/>\n<meta property=\"og:type\" content=\"article\" \/>\n<meta property=\"og:title\" content=\"Museo Violeta Parra inaugur\u00f3 altar de muertos en recuerdo de Violeta y \u00c1ngel Parra - Museo Violeta Parra\" \/>\n<meta property=\"og:description\" content=\"El martes 24 de octubre al mediod\u00eda el Museo Violeta Parra inaugur\u00f3 un altar de muertos en honor a Violeta Parra (1917-1967) y a su hijo \u00c1ngel Parra (1943-2017). Esta actividad fue organizada, por segundo a\u00f1o consecutivo, en conjunto con la Embajada de M\u00e9xico. La inauguraci\u00f3n cont\u00f3 con la participaci\u00f3n de Cecilia Garc\u00eda-Huidobro, Directora del [&hellip;]\" \/>\n<meta property=\"og:url\" content=\"http:\/\/vientosur.top\/museo\/museo-violeta-parra-recordara-a-violeta-y-angel-con-altar-de-muertos\/\" \/>\n<meta property=\"og:site_name\" content=\"Museo Violeta Parra\" \/>\n<meta property=\"article:published_time\" content=\"2017-10-20T14:31:57+00:00\" \/>\n<meta property=\"og:image\" content=\"http:\/\/vientosur.top\/museo\/wp-content\/uploads\/2017\/10\/altar.jpg\" \/>\n\t<meta property=\"og:image:width\" content=\"1200\" \/>\n\t<meta property=\"og:image:height\" content=\"900\" \/>\n\t<meta property=\"og:image:type\" content=\"image\/jpeg\" \/>\n<meta name=\"author\" content=\"admin\" \/>\n<meta name=\"twitter:card\" content=\"summary_large_image\" \/>\n<meta name=\"twitter:label1\" content=\"Escrito por\" \/>\n\t<meta name=\"twitter:data1\" content=\"admin\" \/>\n\t<meta name=\"twitter:label2\" content=\"Tiempo de lectura\" \/>\n\t<meta name=\"twitter:data2\" content=\"2 minutos\" \/>\n<script type=\"application\/ld+json\" class=\"yoast-schema-graph\">{\"@context\":\"https:\/\/schema.org\",\"@graph\":[{\"@type\":\"WebPage\",\"@id\":\"http:\/\/vientosur.top\/museo\/museo-violeta-parra-recordara-a-violeta-y-angel-con-altar-de-muertos\/\",\"url\":\"http:\/\/vientosur.top\/museo\/museo-violeta-parra-recordara-a-violeta-y-angel-con-altar-de-muertos\/\",\"name\":\"Museo Violeta Parra inaugur\u00f3 altar de muertos en recuerdo de Violeta y \u00c1ngel Parra - Museo Violeta Parra\",\"isPartOf\":{\"@id\":\"http:\/\/vientosur.top\/museo\/#website\"},\"primaryImageOfPage\":{\"@id\":\"http:\/\/vientosur.top\/museo\/museo-violeta-parra-recordara-a-violeta-y-angel-con-altar-de-muertos\/#primaryimage\"},\"image\":{\"@id\":\"http:\/\/vientosur.top\/museo\/museo-violeta-parra-recordara-a-violeta-y-angel-con-altar-de-muertos\/#primaryimage\"},\"thumbnailUrl\":\"http:\/\/vientosur.top\/museo\/wp-content\/uploads\/2017\/10\/altar.jpg\",\"datePublished\":\"2017-10-20T14:31:57+00:00\",\"author\":{\"@id\":\"http:\/\/vientosur.top\/museo\/#\/schema\/person\/20c79d3c38800971feec8c2693c3dd9c\"},\"breadcrumb\":{\"@id\":\"http:\/\/vientosur.top\/museo\/museo-violeta-parra-recordara-a-violeta-y-angel-con-altar-de-muertos\/#breadcrumb\"},\"inLanguage\":\"es\",\"potentialAction\":[{\"@type\":\"ReadAction\",\"target\":[\"http:\/\/vientosur.top\/museo\/museo-violeta-parra-recordara-a-violeta-y-angel-con-altar-de-muertos\/\"]}]},{\"@type\":\"ImageObject\",\"inLanguage\":\"es\",\"@id\":\"http:\/\/vientosur.top\/museo\/museo-violeta-parra-recordara-a-violeta-y-angel-con-altar-de-muertos\/#primaryimage\",\"url\":\"http:\/\/vientosur.top\/museo\/wp-content\/uploads\/2017\/10\/altar.jpg\",\"contentUrl\":\"http:\/\/vientosur.top\/museo\/wp-content\/uploads\/2017\/10\/altar.jpg\",\"width\":1200,\"height\":900},{\"@type\":\"BreadcrumbList\",\"@id\":\"http:\/\/vientosur.top\/museo\/museo-violeta-parra-recordara-a-violeta-y-angel-con-altar-de-muertos\/#breadcrumb\",\"itemListElement\":[{\"@type\":\"ListItem\",\"position\":1,\"name\":\"Portada\",\"item\":\"http:\/\/vientosur.top\/museo\/\"},{\"@type\":\"ListItem\",\"position\":2,\"name\":\"Museo Violeta Parra inaugur\u00f3 altar de muertos en recuerdo de Violeta y \u00c1ngel Parra\"}]},{\"@type\":\"WebSite\",\"@id\":\"http:\/\/vientosur.top\/museo\/#website\",\"url\":\"http:\/\/vientosur.top\/museo\/\",\"name\":\"Museo Violeta Parra\",\"description\":\"Espacio que alberga tanto la memoria y legado creativo de la artista\",\"potentialAction\":[{\"@type\":\"SearchAction\",\"target\":{\"@type\":\"EntryPoint\",\"urlTemplate\":\"http:\/\/vientosur.top\/museo\/?s={search_term_string}\"},\"query-input\":{\"@type\":\"PropertyValueSpecification\",\"valueRequired\":true,\"valueName\":\"search_term_string\"}}],\"inLanguage\":\"es\"},{\"@type\":\"Person\",\"@id\":\"http:\/\/vientosur.top\/museo\/#\/schema\/person\/20c79d3c38800971feec8c2693c3dd9c\",\"name\":\"admin\",\"image\":{\"@type\":\"ImageObject\",\"inLanguage\":\"es\",\"@id\":\"http:\/\/vientosur.top\/museo\/#\/schema\/person\/image\/\",\"url\":\"https:\/\/secure.gravatar.com\/avatar\/713677ece3ffa642287213a80e5b773bce9ab81c269dd6d95102a990951c922f?s=96&d=mm&r=g\",\"contentUrl\":\"https:\/\/secure.gravatar.com\/avatar\/713677ece3ffa642287213a80e5b773bce9ab81c269dd6d95102a990951c922f?s=96&d=mm&r=g\",\"caption\":\"admin\"},\"sameAs\":[\"http:\/\/vientosur.top\/museo\"],\"url\":\"http:\/\/vientosur.top\/museo\/author\/comunicacionesmvp\/\"}]}<\/script>\n<!-- \/ Yoast SEO plugin. -->","yoast_head_json":{"title":"Museo Violeta Parra inaugur\u00f3 altar de muertos en recuerdo de Violeta y \u00c1ngel Parra - Museo Violeta Parra","robots":{"index":"index","follow":"follow","max-snippet":"max-snippet:-1","max-image-preview":"max-image-preview:large","max-video-preview":"max-video-preview:-1"},"canonical":"http:\/\/vientosur.top\/museo\/museo-violeta-parra-recordara-a-violeta-y-angel-con-altar-de-muertos\/","og_locale":"es_ES","og_type":"article","og_title":"Museo Violeta Parra inaugur\u00f3 altar de muertos en recuerdo de Violeta y \u00c1ngel Parra - Museo Violeta Parra","og_description":"El martes 24 de octubre al mediod\u00eda el Museo Violeta Parra inaugur\u00f3 un altar de muertos en honor a Violeta Parra (1917-1967) y a su hijo \u00c1ngel Parra (1943-2017). Esta actividad fue organizada, por segundo a\u00f1o consecutivo, en conjunto con la Embajada de M\u00e9xico. La inauguraci\u00f3n cont\u00f3 con la participaci\u00f3n de Cecilia Garc\u00eda-Huidobro, Directora del [&hellip;]","og_url":"http:\/\/vientosur.top\/museo\/museo-violeta-parra-recordara-a-violeta-y-angel-con-altar-de-muertos\/","og_site_name":"Museo Violeta Parra","article_published_time":"2017-10-20T14:31:57+00:00","og_image":[{"width":1200,"height":900,"url":"http:\/\/vientosur.top\/museo\/wp-content\/uploads\/2017\/10\/altar.jpg","type":"image\/jpeg"}],"author":"admin","twitter_card":"summary_large_image","twitter_misc":{"Escrito por":"admin","Tiempo de lectura":"2 minutos"},"schema":{"@context":"https:\/\/schema.org","@graph":[{"@type":"WebPage","@id":"http:\/\/vientosur.top\/museo\/museo-violeta-parra-recordara-a-violeta-y-angel-con-altar-de-muertos\/","url":"http:\/\/vientosur.top\/museo\/museo-violeta-parra-recordara-a-violeta-y-angel-con-altar-de-muertos\/","name":"Museo Violeta Parra inaugur\u00f3 altar de muertos en recuerdo de Violeta y \u00c1ngel Parra - Museo Violeta Parra","isPartOf":{"@id":"http:\/\/vientosur.top\/museo\/#website"},"primaryImageOfPage":{"@id":"http:\/\/vientosur.top\/museo\/museo-violeta-parra-recordara-a-violeta-y-angel-con-altar-de-muertos\/#primaryimage"},"image":{"@id":"http:\/\/vientosur.top\/museo\/museo-violeta-parra-recordara-a-violeta-y-angel-con-altar-de-muertos\/#primaryimage"},"thumbnailUrl":"http:\/\/vientosur.top\/museo\/wp-content\/uploads\/2017\/10\/altar.jpg","datePublished":"2017-10-20T14:31:57+00:00","author":{"@id":"http:\/\/vientosur.top\/museo\/#\/schema\/person\/20c79d3c38800971feec8c2693c3dd9c"},"breadcrumb":{"@id":"http:\/\/vientosur.top\/museo\/museo-violeta-parra-recordara-a-violeta-y-angel-con-altar-de-muertos\/#breadcrumb"},"inLanguage":"es","potentialAction":[{"@type":"ReadAction","target":["http:\/\/vientosur.top\/museo\/museo-violeta-parra-recordara-a-violeta-y-angel-con-altar-de-muertos\/"]}]},{"@type":"ImageObject","inLanguage":"es","@id":"http:\/\/vientosur.top\/museo\/museo-violeta-parra-recordara-a-violeta-y-angel-con-altar-de-muertos\/#primaryimage","url":"http:\/\/vientosur.top\/museo\/wp-content\/uploads\/2017\/10\/altar.jpg","contentUrl":"http:\/\/vientosur.top\/museo\/wp-content\/uploads\/2017\/10\/altar.jpg","width":1200,"height":900},{"@type":"BreadcrumbList","@id":"http:\/\/vientosur.top\/museo\/museo-violeta-parra-recordara-a-violeta-y-angel-con-altar-de-muertos\/#breadcrumb","itemListElement":[{"@type":"ListItem","position":1,"name":"Portada","item":"http:\/\/vientosur.top\/museo\/"},{"@type":"ListItem","position":2,"name":"Museo Violeta Parra inaugur\u00f3 altar de muertos en recuerdo de Violeta y \u00c1ngel Parra"}]},{"@type":"WebSite","@id":"http:\/\/vientosur.top\/museo\/#website","url":"http:\/\/vientosur.top\/museo\/","name":"Museo Violeta Parra","description":"Espacio que alberga tanto la memoria y legado creativo de la artista","potentialAction":[{"@type":"SearchAction","target":{"@type":"EntryPoint","urlTemplate":"http:\/\/vientosur.top\/museo\/?s={search_term_string}"},"query-input":{"@type":"PropertyValueSpecification","valueRequired":true,"valueName":"search_term_string"}}],"inLanguage":"es"},{"@type":"Person","@id":"http:\/\/vientosur.top\/museo\/#\/schema\/person\/20c79d3c38800971feec8c2693c3dd9c","name":"admin","image":{"@type":"ImageObject","inLanguage":"es","@id":"http:\/\/vientosur.top\/museo\/#\/schema\/person\/image\/","url":"https:\/\/secure.gravatar.com\/avatar\/713677ece3ffa642287213a80e5b773bce9ab81c269dd6d95102a990951c922f?s=96&d=mm&r=g","contentUrl":"https:\/\/secure.gravatar.com\/avatar\/713677ece3ffa642287213a80e5b773bce9ab81c269dd6d95102a990951c922f?s=96&d=mm&r=g","caption":"admin"},"sameAs":["http:\/\/vientosur.top\/museo"],"url":"http:\/\/vientosur.top\/museo\/author\/comunicacionesmvp\/"}]}},"_links":{"self":[{"href":"http:\/\/vientosur.top\/museo\/wp-json\/wp\/v2\/posts\/5768","targetHints":{"allow":["GET"]}}],"collection":[{"href":"http:\/\/vientosur.top\/museo\/wp-json\/wp\/v2\/posts"}],"about":[{"href":"http:\/\/vientosur.top\/museo\/wp-json\/wp\/v2\/types\/post"}],"author":[{"embeddable":true,"href":"http:\/\/vientosur.top\/museo\/wp-json\/wp\/v2\/users\/5"}],"replies":[{"embeddable":true,"href":"http:\/\/vientosur.top\/museo\/wp-json\/wp\/v2\/comments?post=5768"}],"version-history":[{"count":0,"href":"http:\/\/vientosur.top\/museo\/wp-json\/wp\/v2\/posts\/5768\/revisions"}],"wp:featuredmedia":[{"embeddable":true,"href":"http:\/\/vientosur.top\/museo\/wp-json\/wp\/v2\/media\/5813"}],"wp:attachment":[{"href":"http:\/\/vientosur.top\/museo\/wp-json\/wp\/v2\/media?parent=5768"}],"wp:term":[{"taxonomy":"category","embeddable":true,"href":"http:\/\/vientosur.top\/museo\/wp-json\/wp\/v2\/categories?post=5768"},{"taxonomy":"post_tag","embeddable":true,"href":"http:\/\/vientosur.top\/museo\/wp-json\/wp\/v2\/tags?post=5768"}],"curies":[{"name":"wp","href":"https:\/\/api.w.org\/{rel}","templated":true}]}}