{"id":5793,"date":"2017-10-23T15:26:08","date_gmt":"2017-10-23T15:26:08","guid":{"rendered":"http:\/\/vientosur.top\/museo\/\/?p=5793"},"modified":"2017-10-23T15:26:08","modified_gmt":"2017-10-23T15:26:08","slug":"reserva-tu-entrada-gratis-para-este-sabado-the-league-of-guitarists-en-vivo","status":"publish","type":"post","link":"http:\/\/vientosur.top\/museo\/reserva-tu-entrada-gratis-para-este-sabado-the-league-of-guitarists-en-vivo\/","title":{"rendered":"The League of Guitarists se present\u00f3 en Sala Antar del Museo Violeta Parra"},"content":{"rendered":"<p><span class=\"il\">The<\/span>\u00a0<span class=\"il\">League<\/span>\u00a0<span class=\"il\">of<\/span>\u00a0Guitarists incluye a m\u00fasicos de todas partes del mundo. El grupo utiliza guitarras ac\u00fasticas en la Afinaci\u00f3n Guitar Craft, la cual extiende el rango s\u00f3nico de la afinaci\u00f3n tradicional de la guitarra. Su repertorio evoluciona constantemente y est\u00e1 abierto a todos los estilos. La m\u00fasica permanece siempre fiel a un enfoque conceptual com\u00fan, e incluye una rica variedad de composiciones originales. Una destacada y caracter\u00edstica parte del repertorio son las composiciones grupales improvisadas y\/o escritas conocidas como circulaciones.<\/p>\n<p>La agrupaci\u00f3n se present\u00f3 el domingo 28 de octubre en la Sala Antar del Museo Violeta Parra.<\/p>\n<p><strong><a href=\"https:\/\/www.facebook.com\/pg\/MuseoVioletaParra\/photos\/?tab=album&amp;album_id=2010520289191382\" target=\"_blank\" rel=\"noopener noreferrer\">Ver im\u00e1genes\u00a0<\/a><\/strong><\/p>\n<p>&nbsp;<\/p>\n<p>&nbsp;<\/p>\n","protected":false},"excerpt":{"rendered":"<p>The\u00a0League\u00a0of\u00a0Guitarists incluye a m\u00fasicos de todas partes del mundo. El grupo utiliza guitarras ac\u00fasticas en la Afinaci\u00f3n Guitar Craft, la cual extiende el rango s\u00f3nico de la afinaci\u00f3n tradicional de la guitarra. Su repertorio evoluciona constantemente y est\u00e1 abierto a todos los estilos. La m\u00fasica permanece siempre fiel a un enfoque conceptual com\u00fan, e incluye [&hellip;]<\/p>\n","protected":false},"author":5,"featured_media":5851,"comment_status":"open","ping_status":"open","sticky":false,"template":"","format":"standard","meta":{"site-sidebar-layout":"default","site-content-layout":"","ast-site-content-layout":"default","site-content-style":"default","site-sidebar-style":"default","ast-global-header-display":"","ast-banner-title-visibility":"","ast-main-header-display":"","ast-hfb-above-header-display":"","ast-hfb-below-header-display":"","ast-hfb-mobile-header-display":"","site-post-title":"","ast-breadcrumbs-content":"","ast-featured-img":"","footer-sml-layout":"","theme-transparent-header-meta":"","adv-header-id-meta":"","stick-header-meta":"","header-above-stick-meta":"","header-main-stick-meta":"","header-below-stick-meta":"","astra-migrate-meta-layouts":"default","ast-page-background-enabled":"default","ast-page-background-meta":{"desktop":{"background-color":"var(--ast-global-color-4)","background-image":"","background-repeat":"repeat","background-position":"center center","background-size":"auto","background-attachment":"scroll","background-type":"","background-media":"","overlay-type":"","overlay-color":"","overlay-opacity":"","overlay-gradient":""},"tablet":{"background-color":"","background-image":"","background-repeat":"repeat","background-position":"center center","background-size":"auto","background-attachment":"scroll","background-type":"","background-media":"","overlay-type":"","overlay-color":"","overlay-opacity":"","overlay-gradient":""},"mobile":{"background-color":"","background-image":"","background-repeat":"repeat","background-position":"center center","background-size":"auto","background-attachment":"scroll","background-type":"","background-media":"","overlay-type":"","overlay-color":"","overlay-opacity":"","overlay-gradient":""}},"ast-content-background-meta":{"desktop":{"background-color":"var(--ast-global-color-5)","background-image":"","background-repeat":"repeat","background-position":"center center","background-size":"auto","background-attachment":"scroll","background-type":"","background-media":"","overlay-type":"","overlay-color":"","overlay-opacity":"","overlay-gradient":""},"tablet":{"background-color":"var(--ast-global-color-5)","background-image":"","background-repeat":"repeat","background-position":"center center","background-size":"auto","background-attachment":"scroll","background-type":"","background-media":"","overlay-type":"","overlay-color":"","overlay-opacity":"","overlay-gradient":""},"mobile":{"background-color":"var(--ast-global-color-5)","background-image":"","background-repeat":"repeat","background-position":"center center","background-size":"auto","background-attachment":"scroll","background-type":"","background-media":"","overlay-type":"","overlay-color":"","overlay-opacity":"","overlay-gradient":""}},"footnotes":""},"categories":[59,8,61],"tags":[],"class_list":["post-5793","post","type-post","status-publish","format-standard","has-post-thumbnail","hentry","category-destacado-noticia","category-noticias","category-novedades"],"yoast_head":"<!-- This site is optimized with the Yoast SEO plugin v25.4 - https:\/\/yoast.com\/wordpress\/plugins\/seo\/ -->\n<title>The League of Guitarists se present\u00f3 en Sala Antar del Museo Violeta Parra - Museo Violeta Parra<\/title>\n<meta name=\"robots\" content=\"index, follow, max-snippet:-1, max-image-preview:large, max-video-preview:-1\" \/>\n<link rel=\"canonical\" href=\"http:\/\/vientosur.top\/museo\/reserva-tu-entrada-gratis-para-este-sabado-the-league-of-guitarists-en-vivo\/\" \/>\n<meta property=\"og:locale\" content=\"es_ES\" \/>\n<meta property=\"og:type\" content=\"article\" \/>\n<meta property=\"og:title\" content=\"The League of Guitarists se present\u00f3 en Sala Antar del Museo Violeta Parra - Museo Violeta Parra\" \/>\n<meta property=\"og:description\" content=\"The\u00a0League\u00a0of\u00a0Guitarists incluye a m\u00fasicos de todas partes del mundo. El grupo utiliza guitarras ac\u00fasticas en la Afinaci\u00f3n Guitar Craft, la cual extiende el rango s\u00f3nico de la afinaci\u00f3n tradicional de la guitarra. Su repertorio evoluciona constantemente y est\u00e1 abierto a todos los estilos. La m\u00fasica permanece siempre fiel a un enfoque conceptual com\u00fan, e incluye [&hellip;]\" \/>\n<meta property=\"og:url\" content=\"http:\/\/vientosur.top\/museo\/reserva-tu-entrada-gratis-para-este-sabado-the-league-of-guitarists-en-vivo\/\" \/>\n<meta property=\"og:site_name\" content=\"Museo Violeta Parra\" \/>\n<meta property=\"article:published_time\" content=\"2017-10-23T15:26:08+00:00\" \/>\n<meta property=\"og:image\" content=\"http:\/\/vientosur.top\/museo\/wp-content\/uploads\/2017\/10\/23000028_2010520349191376_3533391183992394688_o.jpg\" \/>\n\t<meta property=\"og:image:width\" content=\"2048\" \/>\n\t<meta property=\"og:image:height\" content=\"1361\" \/>\n\t<meta property=\"og:image:type\" content=\"image\/jpeg\" \/>\n<meta name=\"author\" content=\"admin\" \/>\n<meta name=\"twitter:card\" content=\"summary_large_image\" \/>\n<meta name=\"twitter:label1\" content=\"Escrito por\" \/>\n\t<meta name=\"twitter:data1\" content=\"admin\" \/>\n\t<meta name=\"twitter:label2\" content=\"Tiempo de lectura\" \/>\n\t<meta name=\"twitter:data2\" content=\"1 minuto\" \/>\n<script type=\"application\/ld+json\" class=\"yoast-schema-graph\">{\"@context\":\"https:\/\/schema.org\",\"@graph\":[{\"@type\":\"WebPage\",\"@id\":\"http:\/\/vientosur.top\/museo\/reserva-tu-entrada-gratis-para-este-sabado-the-league-of-guitarists-en-vivo\/\",\"url\":\"http:\/\/vientosur.top\/museo\/reserva-tu-entrada-gratis-para-este-sabado-the-league-of-guitarists-en-vivo\/\",\"name\":\"The League of Guitarists se present\u00f3 en Sala Antar del Museo Violeta Parra - Museo Violeta Parra\",\"isPartOf\":{\"@id\":\"http:\/\/vientosur.top\/museo\/#website\"},\"primaryImageOfPage\":{\"@id\":\"http:\/\/vientosur.top\/museo\/reserva-tu-entrada-gratis-para-este-sabado-the-league-of-guitarists-en-vivo\/#primaryimage\"},\"image\":{\"@id\":\"http:\/\/vientosur.top\/museo\/reserva-tu-entrada-gratis-para-este-sabado-the-league-of-guitarists-en-vivo\/#primaryimage\"},\"thumbnailUrl\":\"http:\/\/vientosur.top\/museo\/wp-content\/uploads\/2017\/10\/23000028_2010520349191376_3533391183992394688_o.jpg\",\"datePublished\":\"2017-10-23T15:26:08+00:00\",\"author\":{\"@id\":\"http:\/\/vientosur.top\/museo\/#\/schema\/person\/20c79d3c38800971feec8c2693c3dd9c\"},\"breadcrumb\":{\"@id\":\"http:\/\/vientosur.top\/museo\/reserva-tu-entrada-gratis-para-este-sabado-the-league-of-guitarists-en-vivo\/#breadcrumb\"},\"inLanguage\":\"es\",\"potentialAction\":[{\"@type\":\"ReadAction\",\"target\":[\"http:\/\/vientosur.top\/museo\/reserva-tu-entrada-gratis-para-este-sabado-the-league-of-guitarists-en-vivo\/\"]}]},{\"@type\":\"ImageObject\",\"inLanguage\":\"es\",\"@id\":\"http:\/\/vientosur.top\/museo\/reserva-tu-entrada-gratis-para-este-sabado-the-league-of-guitarists-en-vivo\/#primaryimage\",\"url\":\"http:\/\/vientosur.top\/museo\/wp-content\/uploads\/2017\/10\/23000028_2010520349191376_3533391183992394688_o.jpg\",\"contentUrl\":\"http:\/\/vientosur.top\/museo\/wp-content\/uploads\/2017\/10\/23000028_2010520349191376_3533391183992394688_o.jpg\",\"width\":2048,\"height\":1361},{\"@type\":\"BreadcrumbList\",\"@id\":\"http:\/\/vientosur.top\/museo\/reserva-tu-entrada-gratis-para-este-sabado-the-league-of-guitarists-en-vivo\/#breadcrumb\",\"itemListElement\":[{\"@type\":\"ListItem\",\"position\":1,\"name\":\"Portada\",\"item\":\"http:\/\/vientosur.top\/museo\/\"},{\"@type\":\"ListItem\",\"position\":2,\"name\":\"The League of Guitarists se present\u00f3 en Sala Antar del Museo Violeta Parra\"}]},{\"@type\":\"WebSite\",\"@id\":\"http:\/\/vientosur.top\/museo\/#website\",\"url\":\"http:\/\/vientosur.top\/museo\/\",\"name\":\"Museo Violeta Parra\",\"description\":\"Espacio que alberga tanto la memoria y legado creativo de la artista\",\"potentialAction\":[{\"@type\":\"SearchAction\",\"target\":{\"@type\":\"EntryPoint\",\"urlTemplate\":\"http:\/\/vientosur.top\/museo\/?s={search_term_string}\"},\"query-input\":{\"@type\":\"PropertyValueSpecification\",\"valueRequired\":true,\"valueName\":\"search_term_string\"}}],\"inLanguage\":\"es\"},{\"@type\":\"Person\",\"@id\":\"http:\/\/vientosur.top\/museo\/#\/schema\/person\/20c79d3c38800971feec8c2693c3dd9c\",\"name\":\"admin\",\"image\":{\"@type\":\"ImageObject\",\"inLanguage\":\"es\",\"@id\":\"http:\/\/vientosur.top\/museo\/#\/schema\/person\/image\/\",\"url\":\"https:\/\/secure.gravatar.com\/avatar\/713677ece3ffa642287213a80e5b773bce9ab81c269dd6d95102a990951c922f?s=96&d=mm&r=g\",\"contentUrl\":\"https:\/\/secure.gravatar.com\/avatar\/713677ece3ffa642287213a80e5b773bce9ab81c269dd6d95102a990951c922f?s=96&d=mm&r=g\",\"caption\":\"admin\"},\"sameAs\":[\"http:\/\/vientosur.top\/museo\"],\"url\":\"http:\/\/vientosur.top\/museo\/author\/comunicacionesmvp\/\"}]}<\/script>\n<!-- \/ Yoast SEO plugin. -->","yoast_head_json":{"title":"The League of Guitarists se present\u00f3 en Sala Antar del Museo Violeta Parra - Museo Violeta Parra","robots":{"index":"index","follow":"follow","max-snippet":"max-snippet:-1","max-image-preview":"max-image-preview:large","max-video-preview":"max-video-preview:-1"},"canonical":"http:\/\/vientosur.top\/museo\/reserva-tu-entrada-gratis-para-este-sabado-the-league-of-guitarists-en-vivo\/","og_locale":"es_ES","og_type":"article","og_title":"The League of Guitarists se present\u00f3 en Sala Antar del Museo Violeta Parra - Museo Violeta Parra","og_description":"The\u00a0League\u00a0of\u00a0Guitarists incluye a m\u00fasicos de todas partes del mundo. El grupo utiliza guitarras ac\u00fasticas en la Afinaci\u00f3n Guitar Craft, la cual extiende el rango s\u00f3nico de la afinaci\u00f3n tradicional de la guitarra. Su repertorio evoluciona constantemente y est\u00e1 abierto a todos los estilos. La m\u00fasica permanece siempre fiel a un enfoque conceptual com\u00fan, e incluye [&hellip;]","og_url":"http:\/\/vientosur.top\/museo\/reserva-tu-entrada-gratis-para-este-sabado-the-league-of-guitarists-en-vivo\/","og_site_name":"Museo Violeta Parra","article_published_time":"2017-10-23T15:26:08+00:00","og_image":[{"width":2048,"height":1361,"url":"http:\/\/vientosur.top\/museo\/wp-content\/uploads\/2017\/10\/23000028_2010520349191376_3533391183992394688_o.jpg","type":"image\/jpeg"}],"author":"admin","twitter_card":"summary_large_image","twitter_misc":{"Escrito por":"admin","Tiempo de lectura":"1 minuto"},"schema":{"@context":"https:\/\/schema.org","@graph":[{"@type":"WebPage","@id":"http:\/\/vientosur.top\/museo\/reserva-tu-entrada-gratis-para-este-sabado-the-league-of-guitarists-en-vivo\/","url":"http:\/\/vientosur.top\/museo\/reserva-tu-entrada-gratis-para-este-sabado-the-league-of-guitarists-en-vivo\/","name":"The League of Guitarists se present\u00f3 en Sala Antar del Museo Violeta Parra - Museo Violeta Parra","isPartOf":{"@id":"http:\/\/vientosur.top\/museo\/#website"},"primaryImageOfPage":{"@id":"http:\/\/vientosur.top\/museo\/reserva-tu-entrada-gratis-para-este-sabado-the-league-of-guitarists-en-vivo\/#primaryimage"},"image":{"@id":"http:\/\/vientosur.top\/museo\/reserva-tu-entrada-gratis-para-este-sabado-the-league-of-guitarists-en-vivo\/#primaryimage"},"thumbnailUrl":"http:\/\/vientosur.top\/museo\/wp-content\/uploads\/2017\/10\/23000028_2010520349191376_3533391183992394688_o.jpg","datePublished":"2017-10-23T15:26:08+00:00","author":{"@id":"http:\/\/vientosur.top\/museo\/#\/schema\/person\/20c79d3c38800971feec8c2693c3dd9c"},"breadcrumb":{"@id":"http:\/\/vientosur.top\/museo\/reserva-tu-entrada-gratis-para-este-sabado-the-league-of-guitarists-en-vivo\/#breadcrumb"},"inLanguage":"es","potentialAction":[{"@type":"ReadAction","target":["http:\/\/vientosur.top\/museo\/reserva-tu-entrada-gratis-para-este-sabado-the-league-of-guitarists-en-vivo\/"]}]},{"@type":"ImageObject","inLanguage":"es","@id":"http:\/\/vientosur.top\/museo\/reserva-tu-entrada-gratis-para-este-sabado-the-league-of-guitarists-en-vivo\/#primaryimage","url":"http:\/\/vientosur.top\/museo\/wp-content\/uploads\/2017\/10\/23000028_2010520349191376_3533391183992394688_o.jpg","contentUrl":"http:\/\/vientosur.top\/museo\/wp-content\/uploads\/2017\/10\/23000028_2010520349191376_3533391183992394688_o.jpg","width":2048,"height":1361},{"@type":"BreadcrumbList","@id":"http:\/\/vientosur.top\/museo\/reserva-tu-entrada-gratis-para-este-sabado-the-league-of-guitarists-en-vivo\/#breadcrumb","itemListElement":[{"@type":"ListItem","position":1,"name":"Portada","item":"http:\/\/vientosur.top\/museo\/"},{"@type":"ListItem","position":2,"name":"The League of Guitarists se present\u00f3 en Sala Antar del Museo Violeta Parra"}]},{"@type":"WebSite","@id":"http:\/\/vientosur.top\/museo\/#website","url":"http:\/\/vientosur.top\/museo\/","name":"Museo Violeta Parra","description":"Espacio que alberga tanto la memoria y legado creativo de la artista","potentialAction":[{"@type":"SearchAction","target":{"@type":"EntryPoint","urlTemplate":"http:\/\/vientosur.top\/museo\/?s={search_term_string}"},"query-input":{"@type":"PropertyValueSpecification","valueRequired":true,"valueName":"search_term_string"}}],"inLanguage":"es"},{"@type":"Person","@id":"http:\/\/vientosur.top\/museo\/#\/schema\/person\/20c79d3c38800971feec8c2693c3dd9c","name":"admin","image":{"@type":"ImageObject","inLanguage":"es","@id":"http:\/\/vientosur.top\/museo\/#\/schema\/person\/image\/","url":"https:\/\/secure.gravatar.com\/avatar\/713677ece3ffa642287213a80e5b773bce9ab81c269dd6d95102a990951c922f?s=96&d=mm&r=g","contentUrl":"https:\/\/secure.gravatar.com\/avatar\/713677ece3ffa642287213a80e5b773bce9ab81c269dd6d95102a990951c922f?s=96&d=mm&r=g","caption":"admin"},"sameAs":["http:\/\/vientosur.top\/museo"],"url":"http:\/\/vientosur.top\/museo\/author\/comunicacionesmvp\/"}]}},"_links":{"self":[{"href":"http:\/\/vientosur.top\/museo\/wp-json\/wp\/v2\/posts\/5793","targetHints":{"allow":["GET"]}}],"collection":[{"href":"http:\/\/vientosur.top\/museo\/wp-json\/wp\/v2\/posts"}],"about":[{"href":"http:\/\/vientosur.top\/museo\/wp-json\/wp\/v2\/types\/post"}],"author":[{"embeddable":true,"href":"http:\/\/vientosur.top\/museo\/wp-json\/wp\/v2\/users\/5"}],"replies":[{"embeddable":true,"href":"http:\/\/vientosur.top\/museo\/wp-json\/wp\/v2\/comments?post=5793"}],"version-history":[{"count":0,"href":"http:\/\/vientosur.top\/museo\/wp-json\/wp\/v2\/posts\/5793\/revisions"}],"wp:featuredmedia":[{"embeddable":true,"href":"http:\/\/vientosur.top\/museo\/wp-json\/wp\/v2\/media\/5851"}],"wp:attachment":[{"href":"http:\/\/vientosur.top\/museo\/wp-json\/wp\/v2\/media?parent=5793"}],"wp:term":[{"taxonomy":"category","embeddable":true,"href":"http:\/\/vientosur.top\/museo\/wp-json\/wp\/v2\/categories?post=5793"},{"taxonomy":"post_tag","embeddable":true,"href":"http:\/\/vientosur.top\/museo\/wp-json\/wp\/v2\/tags?post=5793"}],"curies":[{"name":"wp","href":"https:\/\/api.w.org\/{rel}","templated":true}]}}