{"id":5825,"date":"2017-10-26T12:31:16","date_gmt":"2017-10-26T12:31:16","guid":{"rendered":"http:\/\/vientosur.top\/museo\/\/?p=5825"},"modified":"2017-10-26T12:31:16","modified_gmt":"2017-10-26T12:31:16","slug":"violeta-parra-despues-de-vivir-un-siglo-columna-de-cecilia-garcia-huidobro-en-diario-el-pais","status":"publish","type":"post","link":"http:\/\/vientosur.top\/museo\/violeta-parra-despues-de-vivir-un-siglo-columna-de-cecilia-garcia-huidobro-en-diario-el-pais\/","title":{"rendered":"\u00abVioleta Parra: despu\u00e9s de vivir un siglo\u00bb Columna de Cecilia Garc\u00eda-Huidobro en diario El Pa\u00eds"},"content":{"rendered":"<p>A veces s\u00ed tiene que pasar un siglo para entrar, definitivamente, al pante\u00f3n de los inmortales. La celebraci\u00f3n de los 100 a\u00f1os de Violeta Parra ha desbordado las escuelas, las instituciones, los medios de comunicaci\u00f3n, la academia, las expresiones art\u00edsticas y miles de agrupaciones comunitarias. El pa\u00eds entero la ha homenajeado aut\u00e9nticamente, con una intensidad pocas veces vista. \u00bfPor qu\u00e9 una figura y no otra logra penetrar de manera tan profunda en el imaginario de las personas? \u00bfPuede un Gobierno crear una leyenda a partir de su propio deseo?<\/p>\n<p>Violeta Parra, en su tiempo, fue reconocida r\u00e1pidamente por el pueblo quien, desde los mercados, las plazas y calles la ungi\u00f3 como catalizadora de su identidad. No se necesit\u00f3 un decreto ni una campa\u00f1a comunicacional para calar hondo en el sentir popular. Tampoco se demor\u00f3 la \u00e9lite ilustrada en deslumbrarse con su genialidad expresiva; inclasificable por la versatilidad de su torrente art\u00edstico. Fue en el mundo institucional donde no ocup\u00f3 el lugar anhelado.<\/p>\n<p>Nacida en la pobreza rural del sur de Chile, en una \u00e9poca de pocas oportunidades, fue un ejemplo de emprendimiento. Solo con tes\u00f3n obstinado y con la certeza de su propio destino lleg\u00f3 a lo m\u00e1s alto, constituy\u00e9ndose en un pilar de Am\u00e9rica, conocida y valorada en el mundo entero. El ep\u00edteto\u00a0<em>folklorista\u00a0<\/em>con que se la ha clasificado durante mucho tiempo ha dado paso al de artista, abordando toda su complejidad y riqueza.<\/p>\n<p>Parti\u00f3 escuchando, mirando, recopilando. Ese acto de mirar al otro la distingue de otros artistas, puesto que dome\u00f1\u00f3 su voz creativa para que permeara en ella la sabidur\u00eda acumulada desde siglos, en una cantora rural, un guitarrero de pueblo, una costumbre campesina o un olvidado payador. No es casual que el acto de ver al otro haya culminado con la creaci\u00f3n de\u00a0<em>\u00daltimas composiciones<\/em>, como una suerte de canto del cisne que entrega su joya final. Es en la madurez cuando aquilata y fusiona legado con creaci\u00f3n, entregando un monumento po\u00e9tico y musical inigualable.<\/p>\n<p>Su fuente de conocimiento fue el pueblo de Chile. Cuando le preguntaron con qu\u00e9 arte de los que practicaba se quedar\u00eda, respondi\u00f3 que ella elegir\u00eda quedarse con la gente. Y es a esa gente la que vio como depositaria de sus obras. En el campo chileno fija la mirada esencial. La flora es m\u00ednima, las mariposas peque\u00f1as, la lluvia larga, el piso de tierra. Todo es modesto y es esa sencillez la que pone en valor porque es el marco de lo amado. Su extraordinaria capacidad de moverse en todos los mundos y situaciones se la dio ese mundo original. Aquello que se vio con desd\u00e9n, como pobre e insignificante, le despert\u00f3 la lucidez para sumergirse en la condici\u00f3n humana, trascendiendo tiempo y espacio. Se adentr\u00f3 en el Chile profundo que habl\u00f3, y habla, por ella, iluminando aquello que estaba oculto.<\/p>\n<p>Una enfermedad que la dej\u00f3 postrada algunos meses la impulsa a bordar con unas lanas que ten\u00eda a la mano el cubrecamas de su hija. Nuevamente, se expresa con lo m\u00ednimo, con lo que la tierra o lo cotidiano le entrega. Sin dise\u00f1o, ni dibujo previo y menos correcciones la obra apareci\u00f3 solo al estirar el lienzo. As\u00ed nacieron las arpilleras que llegaron a mostrarse en el Palais du Louvre. Bull\u00edan en su interior las palabras, las im\u00e1genes, los sonidos, los colores pero siempre en conexi\u00f3n con el territorio y su gente. Sin embargo, el costo de esta tarea fue inmenso, puesto que tuvo que poner su cuerpo y alma como prenda.<\/p>\n<p>Sus hijos \u00c1ngel e Isabel Parra cautelaron su obra por d\u00e9cadas, con el anhelo de construir un museo en su memoria. Los 100 a\u00f1os llegaron con la casa de Violeta lista. Las palabras que m\u00e1s se repiten en el libro de sugerencias y comentarios del museo son gratitud y emoci\u00f3n. Es que la fuerza de su mensaje no pasa por el intelecto; se va directo al coraz\u00f3n.<\/p>\n<p>Desde los balcones del Palacio de La Moneda se asomaron los m\u00fasicos ante un p\u00fablico multitudinario que cant\u00f3 ante miles de personas congregadas, incluyendo a la presidenta Michelle Bachelet. Al otro d\u00eda, Bono de U2 enton\u00f3 en el Estadio Nacional\u00a0<em>Gracias a la vida<\/em>, dese\u00e1ndole un feliz cumplea\u00f1os. El pa\u00eds entero corea todav\u00eda \u201cque viva tu nacimiento\/bello bot\u00f3n de rosal\/ Por la voluntad del cielo\/ \u00a1qu\u00e9 vivas cien a\u00f1os m\u00e1s!\u201d.<\/p>\n<div class=\"teads-inread sm-screen\">\n<p class=\"nota_pie\"><strong><br \/>\nCecilia Garc\u00eda-Huidobro<\/strong>\u00a0es experta en patrimonio y Directora del Museo Violeta Parra<\/p>\n<\/div>\n<p><strong><a href=\"https:\/\/elpais.com\/cultura\/2017\/10\/25\/actualidad\/1508967680_844357.html\" target=\"_blank\" rel=\"noopener noreferrer\">Leer columna en sitio del diario El Pa\u00eds\u00a0<\/a><\/strong><\/p>\n","protected":false},"excerpt":{"rendered":"<p>A veces s\u00ed tiene que pasar un siglo para entrar, definitivamente, al pante\u00f3n de los inmortales. La celebraci\u00f3n de los 100 a\u00f1os de Violeta Parra ha desbordado las escuelas, las instituciones, los medios de comunicaci\u00f3n, la academia, las expresiones art\u00edsticas y miles de agrupaciones comunitarias. El pa\u00eds entero la ha homenajeado aut\u00e9nticamente, con una intensidad [&hellip;]<\/p>\n","protected":false},"author":5,"featured_media":5826,"comment_status":"open","ping_status":"open","sticky":false,"template":"","format":"standard","meta":{"site-sidebar-layout":"default","site-content-layout":"","ast-site-content-layout":"default","site-content-style":"default","site-sidebar-style":"default","ast-global-header-display":"","ast-banner-title-visibility":"","ast-main-header-display":"","ast-hfb-above-header-display":"","ast-hfb-below-header-display":"","ast-hfb-mobile-header-display":"","site-post-title":"","ast-breadcrumbs-content":"","ast-featured-img":"","footer-sml-layout":"","theme-transparent-header-meta":"","adv-header-id-meta":"","stick-header-meta":"","header-above-stick-meta":"","header-main-stick-meta":"","header-below-stick-meta":"","astra-migrate-meta-layouts":"default","ast-page-background-enabled":"default","ast-page-background-meta":{"desktop":{"background-color":"var(--ast-global-color-4)","background-image":"","background-repeat":"repeat","background-position":"center center","background-size":"auto","background-attachment":"scroll","background-type":"","background-media":"","overlay-type":"","overlay-color":"","overlay-opacity":"","overlay-gradient":""},"tablet":{"background-color":"","background-image":"","background-repeat":"repeat","background-position":"center center","background-size":"auto","background-attachment":"scroll","background-type":"","background-media":"","overlay-type":"","overlay-color":"","overlay-opacity":"","overlay-gradient":""},"mobile":{"background-color":"","background-image":"","background-repeat":"repeat","background-position":"center center","background-size":"auto","background-attachment":"scroll","background-type":"","background-media":"","overlay-type":"","overlay-color":"","overlay-opacity":"","overlay-gradient":""}},"ast-content-background-meta":{"desktop":{"background-color":"var(--ast-global-color-5)","background-image":"","background-repeat":"repeat","background-position":"center center","background-size":"auto","background-attachment":"scroll","background-type":"","background-media":"","overlay-type":"","overlay-color":"","overlay-opacity":"","overlay-gradient":""},"tablet":{"background-color":"var(--ast-global-color-5)","background-image":"","background-repeat":"repeat","background-position":"center center","background-size":"auto","background-attachment":"scroll","background-type":"","background-media":"","overlay-type":"","overlay-color":"","overlay-opacity":"","overlay-gradient":""},"mobile":{"background-color":"var(--ast-global-color-5)","background-image":"","background-repeat":"repeat","background-position":"center center","background-size":"auto","background-attachment":"scroll","background-type":"","background-media":"","overlay-type":"","overlay-color":"","overlay-opacity":"","overlay-gradient":""}},"footnotes":""},"categories":[94,8,61],"tags":[],"class_list":["post-5825","post","type-post","status-publish","format-standard","has-post-thumbnail","hentry","category-museo-en-los-medios","category-noticias","category-novedades"],"yoast_head":"<!-- This site is optimized with the Yoast SEO plugin v25.4 - https:\/\/yoast.com\/wordpress\/plugins\/seo\/ -->\n<title>&quot;Violeta Parra: despu\u00e9s de vivir un siglo&quot; Columna de Cecilia Garc\u00eda-Huidobro en diario El Pa\u00eds - Museo Violeta Parra<\/title>\n<meta name=\"robots\" content=\"index, follow, max-snippet:-1, max-image-preview:large, max-video-preview:-1\" \/>\n<link rel=\"canonical\" href=\"http:\/\/vientosur.top\/museo\/violeta-parra-despues-de-vivir-un-siglo-columna-de-cecilia-garcia-huidobro-en-diario-el-pais\/\" \/>\n<meta property=\"og:locale\" content=\"es_ES\" \/>\n<meta property=\"og:type\" content=\"article\" \/>\n<meta property=\"og:title\" content=\"&quot;Violeta Parra: despu\u00e9s de vivir un siglo&quot; Columna de Cecilia Garc\u00eda-Huidobro en diario El Pa\u00eds - Museo Violeta Parra\" \/>\n<meta property=\"og:description\" content=\"A veces s\u00ed tiene que pasar un siglo para entrar, definitivamente, al pante\u00f3n de los inmortales. La celebraci\u00f3n de los 100 a\u00f1os de Violeta Parra ha desbordado las escuelas, las instituciones, los medios de comunicaci\u00f3n, la academia, las expresiones art\u00edsticas y miles de agrupaciones comunitarias. El pa\u00eds entero la ha homenajeado aut\u00e9nticamente, con una intensidad [&hellip;]\" \/>\n<meta property=\"og:url\" content=\"http:\/\/vientosur.top\/museo\/violeta-parra-despues-de-vivir-un-siglo-columna-de-cecilia-garcia-huidobro-en-diario-el-pais\/\" \/>\n<meta property=\"og:site_name\" content=\"Museo Violeta Parra\" \/>\n<meta property=\"article:published_time\" content=\"2017-10-26T12:31:16+00:00\" \/>\n<meta name=\"author\" content=\"admin\" \/>\n<meta name=\"twitter:card\" content=\"summary_large_image\" \/>\n<meta name=\"twitter:label1\" content=\"Escrito por\" \/>\n\t<meta name=\"twitter:data1\" content=\"admin\" \/>\n\t<meta name=\"twitter:label2\" content=\"Tiempo de lectura\" \/>\n\t<meta name=\"twitter:data2\" content=\"4 minutos\" \/>\n<script type=\"application\/ld+json\" class=\"yoast-schema-graph\">{\"@context\":\"https:\/\/schema.org\",\"@graph\":[{\"@type\":\"WebPage\",\"@id\":\"http:\/\/vientosur.top\/museo\/violeta-parra-despues-de-vivir-un-siglo-columna-de-cecilia-garcia-huidobro-en-diario-el-pais\/\",\"url\":\"http:\/\/vientosur.top\/museo\/violeta-parra-despues-de-vivir-un-siglo-columna-de-cecilia-garcia-huidobro-en-diario-el-pais\/\",\"name\":\"\\\"Violeta Parra: despu\u00e9s de vivir un siglo\\\" Columna de Cecilia Garc\u00eda-Huidobro en diario El Pa\u00eds - Museo Violeta Parra\",\"isPartOf\":{\"@id\":\"http:\/\/vientosur.top\/museo\/#website\"},\"primaryImageOfPage\":{\"@id\":\"http:\/\/vientosur.top\/museo\/violeta-parra-despues-de-vivir-un-siglo-columna-de-cecilia-garcia-huidobro-en-diario-el-pais\/#primaryimage\"},\"image\":{\"@id\":\"http:\/\/vientosur.top\/museo\/violeta-parra-despues-de-vivir-un-siglo-columna-de-cecilia-garcia-huidobro-en-diario-el-pais\/#primaryimage\"},\"thumbnailUrl\":\"\",\"datePublished\":\"2017-10-26T12:31:16+00:00\",\"author\":{\"@id\":\"http:\/\/vientosur.top\/museo\/#\/schema\/person\/20c79d3c38800971feec8c2693c3dd9c\"},\"breadcrumb\":{\"@id\":\"http:\/\/vientosur.top\/museo\/violeta-parra-despues-de-vivir-un-siglo-columna-de-cecilia-garcia-huidobro-en-diario-el-pais\/#breadcrumb\"},\"inLanguage\":\"es\",\"potentialAction\":[{\"@type\":\"ReadAction\",\"target\":[\"http:\/\/vientosur.top\/museo\/violeta-parra-despues-de-vivir-un-siglo-columna-de-cecilia-garcia-huidobro-en-diario-el-pais\/\"]}]},{\"@type\":\"ImageObject\",\"inLanguage\":\"es\",\"@id\":\"http:\/\/vientosur.top\/museo\/violeta-parra-despues-de-vivir-un-siglo-columna-de-cecilia-garcia-huidobro-en-diario-el-pais\/#primaryimage\",\"url\":\"\",\"contentUrl\":\"\"},{\"@type\":\"BreadcrumbList\",\"@id\":\"http:\/\/vientosur.top\/museo\/violeta-parra-despues-de-vivir-un-siglo-columna-de-cecilia-garcia-huidobro-en-diario-el-pais\/#breadcrumb\",\"itemListElement\":[{\"@type\":\"ListItem\",\"position\":1,\"name\":\"Portada\",\"item\":\"http:\/\/vientosur.top\/museo\/\"},{\"@type\":\"ListItem\",\"position\":2,\"name\":\"\u00abVioleta Parra: despu\u00e9s de vivir un siglo\u00bb Columna de Cecilia Garc\u00eda-Huidobro en diario El Pa\u00eds\"}]},{\"@type\":\"WebSite\",\"@id\":\"http:\/\/vientosur.top\/museo\/#website\",\"url\":\"http:\/\/vientosur.top\/museo\/\",\"name\":\"Museo Violeta Parra\",\"description\":\"Espacio que alberga tanto la memoria y legado creativo de la artista\",\"potentialAction\":[{\"@type\":\"SearchAction\",\"target\":{\"@type\":\"EntryPoint\",\"urlTemplate\":\"http:\/\/vientosur.top\/museo\/?s={search_term_string}\"},\"query-input\":{\"@type\":\"PropertyValueSpecification\",\"valueRequired\":true,\"valueName\":\"search_term_string\"}}],\"inLanguage\":\"es\"},{\"@type\":\"Person\",\"@id\":\"http:\/\/vientosur.top\/museo\/#\/schema\/person\/20c79d3c38800971feec8c2693c3dd9c\",\"name\":\"admin\",\"image\":{\"@type\":\"ImageObject\",\"inLanguage\":\"es\",\"@id\":\"http:\/\/vientosur.top\/museo\/#\/schema\/person\/image\/\",\"url\":\"https:\/\/secure.gravatar.com\/avatar\/713677ece3ffa642287213a80e5b773bce9ab81c269dd6d95102a990951c922f?s=96&d=mm&r=g\",\"contentUrl\":\"https:\/\/secure.gravatar.com\/avatar\/713677ece3ffa642287213a80e5b773bce9ab81c269dd6d95102a990951c922f?s=96&d=mm&r=g\",\"caption\":\"admin\"},\"sameAs\":[\"http:\/\/vientosur.top\/museo\"],\"url\":\"http:\/\/vientosur.top\/museo\/author\/comunicacionesmvp\/\"}]}<\/script>\n<!-- \/ Yoast SEO plugin. -->","yoast_head_json":{"title":"\"Violeta Parra: despu\u00e9s de vivir un siglo\" Columna de Cecilia Garc\u00eda-Huidobro en diario El Pa\u00eds - Museo Violeta Parra","robots":{"index":"index","follow":"follow","max-snippet":"max-snippet:-1","max-image-preview":"max-image-preview:large","max-video-preview":"max-video-preview:-1"},"canonical":"http:\/\/vientosur.top\/museo\/violeta-parra-despues-de-vivir-un-siglo-columna-de-cecilia-garcia-huidobro-en-diario-el-pais\/","og_locale":"es_ES","og_type":"article","og_title":"\"Violeta Parra: despu\u00e9s de vivir un siglo\" Columna de Cecilia Garc\u00eda-Huidobro en diario El Pa\u00eds - Museo Violeta Parra","og_description":"A veces s\u00ed tiene que pasar un siglo para entrar, definitivamente, al pante\u00f3n de los inmortales. La celebraci\u00f3n de los 100 a\u00f1os de Violeta Parra ha desbordado las escuelas, las instituciones, los medios de comunicaci\u00f3n, la academia, las expresiones art\u00edsticas y miles de agrupaciones comunitarias. El pa\u00eds entero la ha homenajeado aut\u00e9nticamente, con una intensidad [&hellip;]","og_url":"http:\/\/vientosur.top\/museo\/violeta-parra-despues-de-vivir-un-siglo-columna-de-cecilia-garcia-huidobro-en-diario-el-pais\/","og_site_name":"Museo Violeta Parra","article_published_time":"2017-10-26T12:31:16+00:00","author":"admin","twitter_card":"summary_large_image","twitter_misc":{"Escrito por":"admin","Tiempo de lectura":"4 minutos"},"schema":{"@context":"https:\/\/schema.org","@graph":[{"@type":"WebPage","@id":"http:\/\/vientosur.top\/museo\/violeta-parra-despues-de-vivir-un-siglo-columna-de-cecilia-garcia-huidobro-en-diario-el-pais\/","url":"http:\/\/vientosur.top\/museo\/violeta-parra-despues-de-vivir-un-siglo-columna-de-cecilia-garcia-huidobro-en-diario-el-pais\/","name":"\"Violeta Parra: despu\u00e9s de vivir un siglo\" Columna de Cecilia Garc\u00eda-Huidobro en diario El Pa\u00eds - Museo Violeta Parra","isPartOf":{"@id":"http:\/\/vientosur.top\/museo\/#website"},"primaryImageOfPage":{"@id":"http:\/\/vientosur.top\/museo\/violeta-parra-despues-de-vivir-un-siglo-columna-de-cecilia-garcia-huidobro-en-diario-el-pais\/#primaryimage"},"image":{"@id":"http:\/\/vientosur.top\/museo\/violeta-parra-despues-de-vivir-un-siglo-columna-de-cecilia-garcia-huidobro-en-diario-el-pais\/#primaryimage"},"thumbnailUrl":"","datePublished":"2017-10-26T12:31:16+00:00","author":{"@id":"http:\/\/vientosur.top\/museo\/#\/schema\/person\/20c79d3c38800971feec8c2693c3dd9c"},"breadcrumb":{"@id":"http:\/\/vientosur.top\/museo\/violeta-parra-despues-de-vivir-un-siglo-columna-de-cecilia-garcia-huidobro-en-diario-el-pais\/#breadcrumb"},"inLanguage":"es","potentialAction":[{"@type":"ReadAction","target":["http:\/\/vientosur.top\/museo\/violeta-parra-despues-de-vivir-un-siglo-columna-de-cecilia-garcia-huidobro-en-diario-el-pais\/"]}]},{"@type":"ImageObject","inLanguage":"es","@id":"http:\/\/vientosur.top\/museo\/violeta-parra-despues-de-vivir-un-siglo-columna-de-cecilia-garcia-huidobro-en-diario-el-pais\/#primaryimage","url":"","contentUrl":""},{"@type":"BreadcrumbList","@id":"http:\/\/vientosur.top\/museo\/violeta-parra-despues-de-vivir-un-siglo-columna-de-cecilia-garcia-huidobro-en-diario-el-pais\/#breadcrumb","itemListElement":[{"@type":"ListItem","position":1,"name":"Portada","item":"http:\/\/vientosur.top\/museo\/"},{"@type":"ListItem","position":2,"name":"\u00abVioleta Parra: despu\u00e9s de vivir un siglo\u00bb Columna de Cecilia Garc\u00eda-Huidobro en diario El Pa\u00eds"}]},{"@type":"WebSite","@id":"http:\/\/vientosur.top\/museo\/#website","url":"http:\/\/vientosur.top\/museo\/","name":"Museo Violeta Parra","description":"Espacio que alberga tanto la memoria y legado creativo de la artista","potentialAction":[{"@type":"SearchAction","target":{"@type":"EntryPoint","urlTemplate":"http:\/\/vientosur.top\/museo\/?s={search_term_string}"},"query-input":{"@type":"PropertyValueSpecification","valueRequired":true,"valueName":"search_term_string"}}],"inLanguage":"es"},{"@type":"Person","@id":"http:\/\/vientosur.top\/museo\/#\/schema\/person\/20c79d3c38800971feec8c2693c3dd9c","name":"admin","image":{"@type":"ImageObject","inLanguage":"es","@id":"http:\/\/vientosur.top\/museo\/#\/schema\/person\/image\/","url":"https:\/\/secure.gravatar.com\/avatar\/713677ece3ffa642287213a80e5b773bce9ab81c269dd6d95102a990951c922f?s=96&d=mm&r=g","contentUrl":"https:\/\/secure.gravatar.com\/avatar\/713677ece3ffa642287213a80e5b773bce9ab81c269dd6d95102a990951c922f?s=96&d=mm&r=g","caption":"admin"},"sameAs":["http:\/\/vientosur.top\/museo"],"url":"http:\/\/vientosur.top\/museo\/author\/comunicacionesmvp\/"}]}},"_links":{"self":[{"href":"http:\/\/vientosur.top\/museo\/wp-json\/wp\/v2\/posts\/5825","targetHints":{"allow":["GET"]}}],"collection":[{"href":"http:\/\/vientosur.top\/museo\/wp-json\/wp\/v2\/posts"}],"about":[{"href":"http:\/\/vientosur.top\/museo\/wp-json\/wp\/v2\/types\/post"}],"author":[{"embeddable":true,"href":"http:\/\/vientosur.top\/museo\/wp-json\/wp\/v2\/users\/5"}],"replies":[{"embeddable":true,"href":"http:\/\/vientosur.top\/museo\/wp-json\/wp\/v2\/comments?post=5825"}],"version-history":[{"count":0,"href":"http:\/\/vientosur.top\/museo\/wp-json\/wp\/v2\/posts\/5825\/revisions"}],"wp:featuredmedia":[{"embeddable":true,"href":"http:\/\/vientosur.top\/museo\/wp-json\/"}],"wp:attachment":[{"href":"http:\/\/vientosur.top\/museo\/wp-json\/wp\/v2\/media?parent=5825"}],"wp:term":[{"taxonomy":"category","embeddable":true,"href":"http:\/\/vientosur.top\/museo\/wp-json\/wp\/v2\/categories?post=5825"},{"taxonomy":"post_tag","embeddable":true,"href":"http:\/\/vientosur.top\/museo\/wp-json\/wp\/v2\/tags?post=5825"}],"curies":[{"name":"wp","href":"https:\/\/api.w.org\/{rel}","templated":true}]}}