{"id":5875,"date":"2017-10-31T20:57:37","date_gmt":"2017-10-31T20:57:37","guid":{"rendered":"http:\/\/vientosur.top\/museo\/\/?p=5875"},"modified":"2017-10-31T20:57:37","modified_gmt":"2017-10-31T20:57:37","slug":"daniel-viglietti-yo-considero-que-es-imposible-interpretar-a-violeta","status":"publish","type":"post","link":"http:\/\/vientosur.top\/museo\/daniel-viglietti-yo-considero-que-es-imposible-interpretar-a-violeta\/","title":{"rendered":"Daniel Viglietti: \u00abYo considero que es imposible interpretar a Violeta\u00bb"},"content":{"rendered":"<p><strong>El reconocido cantautor uruguayo recorri\u00f3 el Museo Violeta Parra el jueves 12 de octubre en compa\u00f1\u00eda de Lourdes Villafa\u00f1a y Roberto Stirling. Esa tarde el conductor de los programas de radio\u00a0\u00a0\u201cT\u00edmpano\u201d y \u201cP\u00e1rpado\u201d se reuni\u00f3 con Isabel Parra y Tita Parra. Hoy compartimos la conversaci\u00f3n que sostuvimos con el artista que nos dej\u00f3 a los 78 a\u00f1os, el 30 de octubre de 2017, en Montevideo.<\/strong><\/p>\n<p><strong>\u00a0<\/strong><\/p>\n<p><strong>\u2014\u00bfQu\u00e9 le pareci\u00f3 el Museo Violeta Parra?<\/strong><br \/>\n\u2014Me est\u00e1 pareciendo, porque esto es como un rel\u00e1mpago, como una iluminaci\u00f3n, que lleva su tiempo fijar, porque trae resplandores de otras \u00e9pocas, de gente que yo conoc\u00ed, bueno, empezando por la propia Violeta; pero tambi\u00e9n de todo el contexto de una cierta etapa de su vida, tambi\u00e9n en lo personal de mis experiencias en Chile y\u2026 la maravilla de su obra, la obra auditiva por supuesto que la tengo registrada en mi memoria y est\u00e1 en los cajones de mis archivos y en mis programas de radio. Siempre est\u00e1 viva, siempre presente. Pero la obra pl\u00e1stica no de esa manera, entonces eso es muy emocionante \u00bfno? Es muy fuerte y est\u00e1 concebido dentro de una estructura coloquial, es un museo coloquial, a diferencia de esas cosas enormes y desbordadas, a m\u00ed me gusta mucho la dimensi\u00f3n de este museo y s\u00e9 que hay un esfuerzo ac\u00e1 enorme que han tenido sus hijos, mis queridos amigos Isabel y \u00c1ngel, ahora se nos ha ido \u00c1ngel y me duele profundamente, hablaba hace un rato de \u00e9l con Isabel, s\u00e9 que han trabajado, que ha sido incesante, s\u00e9 que los apoyos no fueron f\u00e1ciles para obtenerse porque as\u00ed es el camino de la cultura, \u00bfno? Es un camino escarpado, a veces semi olvidado por los poderes, pero afortunadamente me entero de que ha habido apoyo, que esto ha sido resuelto medio la presencia de la Presidenta Bachelet, entre otras situaciones que imagino, y eso, bueno, reconforta. Yo en un peque\u00f1o acto de homenaje que hicimos hace poco en Montevideo junto al poeta Jorge Montealegre, cuando habl\u00e9 de Violeta tambi\u00e9n dije del sacrificio que ella tuvo que hacer para lograr hacer su trabajo, su propio sendero, desarrollar sus condiciones, su trabajo de recolecci\u00f3n que es fant\u00e1stico, y que es tan importante como el de autora, como el de artista pl\u00e1stica, es un trabajo formidable. Y bueno, todo eso lo defin\u00ed diciendo sacrificio, esfuerzo, todo y tambi\u00e9n agregu\u00e9 una frase que no es gratuita, que yo creo que tiene sentido y es que \u201cnadie es Violeta en su tierra\u201d, eso se reproduce en muchos pa\u00edses frente a valores culturales, artistas que demoran en ser reconocidos, \u00bfverdad? Por aquello de ser profeta en su tierra. El reconocimiento ha llegado, podr\u00eda decirse que las cosas tardan y tardan mucho, pero llegan. Y eso me reconforta, mirando hacia delante me reconforta cuando veo ni\u00f1os que vienen a descubrir a esta mujer fant\u00e1stica. Yo ahora la estoy definiendo siempre, he logrado un formula que me siento c\u00f3modo para definirla, y yo digo que ella es \u201cla \u00fanica violeta que naci\u00f3 de una parra\u201d.<\/p>\n<figure id=\"attachment_5883\" aria-describedby=\"caption-attachment-5883\" style=\"width: 880px\" class=\"wp-caption alignleft\"><a href=\"http:\/\/vientosur.top\/museo\/\/wp-content\/uploads\/2017\/10\/13.jpg\"><img fetchpriority=\"high\" decoding=\"async\" class=\"wp-image-5883\" src=\"http:\/\/vientosur.top\/museo\/\/wp-content\/uploads\/2017\/10\/13-1024x682.jpg\" alt=\"\" width=\"880\" height=\"586\" \/><\/a><figcaption id=\"caption-attachment-5883\" class=\"wp-caption-text\">Isabel Parra y Daniel Viglietti en el Teatro Nescaf\u00e9 de las Artes (octubre de 2017).<\/figcaption><\/figure>\n<p>&nbsp;<\/p>\n<p>&nbsp;<\/p>\n<p>&nbsp;<\/p>\n<p>&nbsp;<\/p>\n<p><strong>\u2014\u00bfC\u00f3mo describir\u00eda a Violeta en la vida cotidiana? \u00bfRecuerda alguna situaci\u00f3n?<br \/>\n<\/strong>\u2014Recuerdo cuando yo llegu\u00e9 a Chile, yo llegu\u00e9 con, quien era en ese momento mi pareja, una cantante de \u00f3pera y de c\u00e1mara, Nelly Pacheco, reconocida cantante uruguaya y un coro de c\u00e1mara.\u00a0 Yo hab\u00eda o\u00eddo rumores de que los hijos de esa Violeta, a la cual yo conoc\u00eda algunos discos peque\u00f1os que hab\u00edan llegado, probablemente de Europa. Supe que los hijos hab\u00edan cantado una canci\u00f3n m\u00eda, y que hab\u00eda habido un intento de censura, y ellos hab\u00edan resistido con mucha dignidad en un canal en Chile. Entonces yo quer\u00eda agradecerles eso y\u00a0 tambi\u00e9n quer\u00eda conocerlos, y por supuesto conocer a Violeta. As\u00ed fue que terminado el festival de coros de Vi\u00f1a del Mar nos fuimos presurosos a la calle Carmen 340, la pe\u00f1a de los hijos y estaba justo en ese momento Violeta, quien nos recibi\u00f3 muy c\u00e1lidamente, estaba tomando una sopa, en una mesa, ah\u00ed solita. Yo\u00a0 recuerdo que me estuvo preguntando sobre lo que yo hac\u00eda, muy curiosa, muy\u2026 con un humor muy medido, pero muy simp\u00e1tico y tambi\u00e9n con observaciones que hizo sobre el g\u00e9nero de la canci\u00f3n, del tiempo\u2026a m\u00ed se me borraron, uno era muy joven, y no se daba quiz\u00e1s cuenta cabalmente de que estaba hablando con una sabia. Se puede escribir con \u201cv\u201d tambi\u00e9n, savia por lo de los \u00e1rboles, por todo lo que ella nutri\u00f3 a la cultura. Pero bueno, s\u00e9 que fueron cosas dignas de ser escuchadas y luego tom\u00e9 contacto con sus hijos, y luego nos cruzamos muchas veces. Recuerdo una vez que est\u00e1bamos frente a la casa de \u00c1ngel, donde yo viv\u00ed, fui hu\u00e9sped de \u00c1ngel, que fue muy generoso conmigo, como tambi\u00e9n lo fue Patricio Manns en su momento; pero en particular \u00c1ngel nos recibi\u00f3 en la casa y est\u00e1bamos una vez en la puerta ah\u00ed en Los Leones 1278, y de repente vino alguien por detr\u00e1s y me tap\u00f3 los ojos y era Violeta, y me dijo: \u201cDaniel, Daniel, este disco que me has dado\u201d -porque yo le hab\u00eda regalado un disco en la \u00e9poca de los discos LP, un disco que yo hab\u00eda hecho con un poeta uruguayo Juan Capagorry, un disco sobre los oficios del campo-\u00a0 entonces ella tuvo esa manera de con humor de agradecerme el disco, de hablarme del disco ah\u00ed en la puerta de la casa de \u00c1ngel. Y despu\u00e9s tengo otro recuerdo: cuando digo \u00c1ngel tambi\u00e9n digo Marta Orrego, que era su compa\u00f1era, la madre de los ni\u00f1os, de \u00c1ngel hijo y Javiera, los dos m\u00fasicos, que eran ni\u00f1os, nadie pod\u00eda adivinar. O sea las primeras veces que estuve en la casa de \u00c1ngel ellos no hab\u00edan llegado al mundo todav\u00eda este, as\u00ed que quiz\u00e1s en esta secuencia no est\u00e1n los ni\u00f1os. Fue una especie de reuni\u00f3n, parec\u00eda una reuni\u00f3n de fin de a\u00f1o, una pre navidad, algo as\u00ed. Entonces en el patio de Los Leones,\u00a0 en el fondo que hab\u00eda un gran \u00e1rbol, muy frondoso, se hab\u00edan puesto unas mesas lejos del \u00e1rbol, el \u00e1rbol hab\u00eda quedado como al fondo. Y entonces ah\u00ed se reuni\u00f3 \u00c1ngel, Marta, Isabel, su familia, el compa\u00f1ero de esa \u00e9poca de Isabel. Y en esa reuni\u00f3n de pronto lleg\u00f3 Violeta. Hab\u00eda un camarero, seguramente hab\u00edan alquilado un poco de comida ah\u00ed, el camarero la serv\u00eda y ten\u00eda un guante blanco y me qued\u00f3 grabado como ella mir\u00f3 todo eso y se alej\u00f3 y se fue con los chiquillos \u201cvengan chiquillos\u201d, como le dicen ac\u00e1, y se fue bajo el \u00e1rbol frondoso, all\u00e1, a jugar con ellos, un poco como no sum\u00e1ndose a todo aquello. Por razones dif\u00edciles de precisar, pero me llam\u00f3 la atenci\u00f3n. Y luego cuando ya terminaba la reuni\u00f3n se acerc\u00f3, alguien le pidi\u00f3 por qu\u00e9 no cantaba y estaba un poquito arisca para cantar, hasta que fuimos adelante de la casa, en la entradita, y entonces, s\u00ed, vino una guitarra y empez\u00f3 ella a cantar una cueca que empez\u00f3 a cantarla Isabel y Violeta hac\u00eda ese ritmo que se hace aqu\u00ed en chile, con los nudillos t\u00edpico de la cueca, yo no lo s\u00e9 hacer, algo as\u00ed \u00bfverdad? Y se form\u00f3 ah\u00ed un lindo clima, y ah\u00ed como de una manera un poco aparte de la fiesta oficial ella cant\u00f3. Y despu\u00e9s recuerdo haber estado en una feria, quiz\u00e1s t\u00fa me puedas ayudar porque era una feria cerca del aeropuerto, era una feria industrial muy grande.<\/p>\n<p>&nbsp;<\/p>\n<p><strong>\u2014La FISA<br \/>\n\u2014<\/strong>Eso, exactamente, y FISA \u00bfqu\u00e9 quiere decir?<\/p>\n<p>&nbsp;<\/p>\n<p><strong>\u2014Feria Internacional de Santiago<br \/>\n\u2014<\/strong>Feria Internacional de Santiago. Entonces, \u00c1ngel, cuya casa como dije yo estaba viviendo, me llev\u00f3 all\u00ed, y all\u00ed estaba Violeta, y Violeta cant\u00f3, estuvo muy presente, estaba Hilda tambi\u00e9n, una de sus hermanas. Yo tambi\u00e9n pude cantar all\u00ed y despu\u00e9s como recuerdo de la \u00faltima vez que la veo, que es justamente en la Carpa de La Reina,\u00a0 donde ella va a elegir terminar sus d\u00edas, y a esa carpa vamos con \u00c1ngel y quer\u00eda plantearle algo a la mam\u00e1 y me dijo \u201cvamos, Daniel, que as\u00ed conoces la carpa\u201d, una carpa grande al estilo circense \u00bfverdad? Y estaba tambi\u00e9n otra vez con el fog\u00f3n, y bueno, en la Pe\u00f1a los Parra estaba con una taza de caldo, pero aqu\u00ed estaba con el fog\u00f3n t\u00edpico, calentando agua. Habl\u00f3 mucho con \u00c1ngel, yo recorr\u00ed el lugar, sin tener noci\u00f3n de que ya no iba a poder volver a verla, esto debe haber sido en el 66,\u00a0 fines del 66. Y bueno, cuando luego me entero de lejos de la muerte de Violeta fue un impacto muy grande, y duro, y me llamaron del semanario Marcha, un semanario importante del Uruguay, cultural, pol\u00edtico. Me llam\u00f3 Carlos Quijano, y me dijo si yo pod\u00eda escribir algo sobre Violeta, puesto que sab\u00eda que yo hab\u00eda estado en Chile y que la hab\u00eda conocido. Ese fue mi primer art\u00edculo para Marcha. Despu\u00e9s de esto recibo una invitaci\u00f3n para ir a Cuba, todo se liga, y cuando voy al encuentro de la canci\u00f3n protesta, en julio de 1967, en un momento dado yo estaba all\u00ed y me entero de que \u00c1ngel e Isabel vienen v\u00eda M\u00e9xico, que era un viaje bastante complicado, porque fichaban mucho a la gente los \u00f3rganos de represivos, de control. Ir a Cuba en ese momento era un delito. Nosotros, la mayor parte de los m\u00fasicos uruguayos, argentinos y otros chilenos hab\u00edamos ido por la v\u00eda de Praga.\u00a0 Era\u00a0 el viaje m\u00e1s normal digamos, porque el otro ten\u00eda complicaciones. Ellos de todas maneras vinieron v\u00eda M\u00e9xico, coincidieron con la llegada de quien era en ese momento mi compa\u00f1era, Myriam. Yo fui a esperarla y ella baj\u00f3 con \u00c1ngel e Isabel, y nos dimos el abrazo, digamos, el primer abrazo sin Violeta. Ah\u00ed les transmit\u00ed mi pesar por lo que hab\u00eda pasado que hab\u00eda ocurrido el 5 de febrero del 67 hasta esa llegada de ellos en julio del mismo a\u00f1o. Esa fue la \u00faltima se\u00f1al cercana a la partida de Violeta.\u00a0 La he cantado, la he grabado en discos como \u201cCanto Libre\u201d, que le acabo de dar a aqu\u00ed al museo, como el disco \u201cCanciones chuecas\u201d y las versiones que yo he hecho son las versiones completas de \u201cMe gustan los estudiantes\u201d que ella nunca llego a grabar, a saber, que estuviera en un lugar muy adecuado como para hacerse ahora uno la pregunta, pero tengo entendido que nunca la grab\u00f3, y hubo alguna mano complicada que retuvo esa canci\u00f3n, que la demor\u00f3 en editar, que no concret\u00f3 que pudiera grabarla Violeta y algo que me queda oscuro ah\u00ed, que ser\u00eda bueno averiguar. La grab\u00f3 su hijo \u00c1ngel, yo part\u00ed de la versi\u00f3n de \u00c1ngel, estrictamente de esa versi\u00f3n grabada por \u00e9l dec\u00eda yo, creo que se llama \u201cdemo\u201d. Despu\u00e9s \u00c1ngel va a fundar el sello de la Pe\u00f1a de los Parra, y tambi\u00e9n grab\u00e9 \u201cQu\u00e9 dir\u00e1 el Santo Padre\u201d en el disco \u201cCanciones chuecas\u201d. En \u201cCanto libre\u201d (a\u00f1o 69-70) grab\u00e9, o sea despu\u00e9s de la muerte de Violeta, pero fue una de las primeras grabaciones de artistas fuera de Chile, sus canciones sobre Violeta, grab\u00e9 como te dije \u201cMe gustan los estudiantes\u201d y \u201cMaz\u00farquica Mod\u00e9rnica\u201d e hice una versi\u00f3n que trabaj\u00e9 con percusi\u00f3n y con ciertas modulaciones tonales que despu\u00e9s retom\u00f3 Serrat, \u00e9l utiliz\u00f3 el mismo esquema que yo, en cambios arm\u00f3nicos, y despu\u00e9s en \u201cCanciones Chuecas\u201d decid\u00ed grabar \u201cQu\u00e9 dir\u00e1 el Santo Padre\u201d con voz y guitarra, tambi\u00e9n en versi\u00f3n libre \u00bfno? Yo considero que es imposible interpretar a Violeta y que son todos esfuerzos de cari\u00f1o y necesarios de hacerlos, pero que no pueden nunca, ni de cerca, ser equivalentes a las versiones directas de Violeta. Dir\u00eda que de nadie, son intransferibles. Todos los que nos aproximamos, desde hijos, parientes, nietos y amigos hacemos ese esfuerzo que yo me imagino con gran amor y respeto, pero son versiones insustituibles las de la propia Violeta. Esta que, como te dije antes, a m\u00ed me gusta llamar como \u201cla \u00fanica violeta que naci\u00f3 de una parra\u201d.<\/p>\n<p>&nbsp;<\/p>\n<figure id=\"attachment_5881\" aria-describedby=\"caption-attachment-5881\" style=\"width: 880px\" class=\"wp-caption alignleft\"><a href=\"http:\/\/vientosur.top\/museo\/\/wp-content\/uploads\/2017\/10\/23-Angel-Parra-y-Daniel-Viglietti.jpg\"><img decoding=\"async\" class=\"wp-image-5881\" src=\"http:\/\/vientosur.top\/museo\/\/wp-content\/uploads\/2017\/10\/23-Angel-Parra-y-Daniel-Viglietti.jpg\" alt=\"\u00c1ngel Parra y Daniel Viglietti. \" width=\"880\" height=\"478\" \/><\/a><figcaption id=\"caption-attachment-5881\" class=\"wp-caption-text\">\u00c1ngel Parra y Daniel Viglietti.<\/figcaption><\/figure>\n<p>&nbsp;<\/p>\n<p>&nbsp;<\/p>\n<p>&nbsp;<\/p>\n<p><strong>\u2014\u00bfQu\u00e9 figura ser\u00eda importante de reconocer por su aporte en la difusi\u00f3n del legado de Violeta?<br \/>\n<\/strong>\u2014Bueno, ha habido muchas voces que se han ido sumando, por ejemplo, en Uruguay hay una versi\u00f3n tambi\u00e9n de Dino, que fue un cantante que viene un poco del \u00e1rea del rock. Y se han multiplicado las versiones. Despu\u00e9s vinieron los homenajes, los discos enteros, lo que hizo m\u00e1s tarde Mercedes Sosa. Yo supongo que hay toda una colecci\u00f3n posible, pero hay un hecho que si quiero destacar que es importante y tiene que ver directamente con Chile, y es que el eminente compositor, music\u00f3logo, docente que ha sido, acabamos de perderlo ahora el 8 de octubre una fecha tan notoria por otras razones, que es Cori\u00fan Aharonian, este music\u00f3logo, compositor e investigador en un momento. Fue gran admirador y estudioso de la obra de Violeta. \u00c9l me alert\u00f3 sobre el enorme valor del \u201cGavil\u00e1n\u201d como obra creativa. Y por otra parte en Chile el empuj\u00f3, impuls\u00f3 mucho a trav\u00e9s de la figura de un editor uruguayo que se instal\u00f3 en Chile hace muchos a\u00f1os, el editor de discos Alfonso Carbone, lo impuls\u00f3 mucho en que se concretara en la Warner, la colecci\u00f3n que despu\u00e9s sali\u00f3, entiendo que con todo el acuerdo familiar, de discos de Violeta. Entonces yo quiero destacar que Cori\u00fan Aharonian jug\u00f3 un rol muy importante y con todo su alumnado, porque por \u00e9l pasaron m\u00fasicos como puede ser Jorge Lazaroff, Leo Masl\u00edah, Rub\u00e9n Olivera, Mauricio Ubal, Fernando Cabrera, muchos m\u00fasicos continuamente pidi\u00e9ndole consejos, Jorge Drexler, Jaime Roos. Cori\u00fan fue un eminente formador y yo s\u00e9 que, vamos a decirlo con un poquito de gracia, entre los p\u00e9talos de su ense\u00f1anza inolvidable, siempre hab\u00eda un p\u00e9talo de Violeta.<\/p>\n<p>&nbsp;<\/p>\n<p><strong><a href=\"https:\/\/www.facebook.com\/MuseoVioletaParra\/videos\/2003008679942543\/\" target=\"_blank\" rel=\"noopener noreferrer\">Ver entrevista en video<\/a><\/strong><\/p>\n","protected":false},"excerpt":{"rendered":"<p>El reconocido cantautor uruguayo recorri\u00f3 el Museo Violeta Parra el jueves 12 de octubre en compa\u00f1\u00eda de Lourdes Villafa\u00f1a y Roberto Stirling. Esa tarde el conductor de los programas de radio\u00a0\u00a0\u201cT\u00edmpano\u201d y \u201cP\u00e1rpado\u201d se reuni\u00f3 con Isabel Parra y Tita Parra. Hoy compartimos la conversaci\u00f3n que sostuvimos con el artista que nos dej\u00f3 a los [&hellip;]<\/p>\n","protected":false},"author":5,"featured_media":5603,"comment_status":"open","ping_status":"open","sticky":false,"template":"","format":"standard","meta":{"site-sidebar-layout":"default","site-content-layout":"","ast-site-content-layout":"default","site-content-style":"default","site-sidebar-style":"default","ast-global-header-display":"","ast-banner-title-visibility":"","ast-main-header-display":"","ast-hfb-above-header-display":"","ast-hfb-below-header-display":"","ast-hfb-mobile-header-display":"","site-post-title":"","ast-breadcrumbs-content":"","ast-featured-img":"","footer-sml-layout":"","theme-transparent-header-meta":"","adv-header-id-meta":"","stick-header-meta":"","header-above-stick-meta":"","header-main-stick-meta":"","header-below-stick-meta":"","astra-migrate-meta-layouts":"default","ast-page-background-enabled":"default","ast-page-background-meta":{"desktop":{"background-color":"var(--ast-global-color-4)","background-image":"","background-repeat":"repeat","background-position":"center center","background-size":"auto","background-attachment":"scroll","background-type":"","background-media":"","overlay-type":"","overlay-color":"","overlay-opacity":"","overlay-gradient":""},"tablet":{"background-color":"","background-image":"","background-repeat":"repeat","background-position":"center center","background-size":"auto","background-attachment":"scroll","background-type":"","background-media":"","overlay-type":"","overlay-color":"","overlay-opacity":"","overlay-gradient":""},"mobile":{"background-color":"","background-image":"","background-repeat":"repeat","background-position":"center center","background-size":"auto","background-attachment":"scroll","background-type":"","background-media":"","overlay-type":"","overlay-color":"","overlay-opacity":"","overlay-gradient":""}},"ast-content-background-meta":{"desktop":{"background-color":"var(--ast-global-color-5)","background-image":"","background-repeat":"repeat","background-position":"center center","background-size":"auto","background-attachment":"scroll","background-type":"","background-media":"","overlay-type":"","overlay-color":"","overlay-opacity":"","overlay-gradient":""},"tablet":{"background-color":"var(--ast-global-color-5)","background-image":"","background-repeat":"repeat","background-position":"center center","background-size":"auto","background-attachment":"scroll","background-type":"","background-media":"","overlay-type":"","overlay-color":"","overlay-opacity":"","overlay-gradient":""},"mobile":{"background-color":"var(--ast-global-color-5)","background-image":"","background-repeat":"repeat","background-position":"center center","background-size":"auto","background-attachment":"scroll","background-type":"","background-media":"","overlay-type":"","overlay-color":"","overlay-opacity":"","overlay-gradient":""}},"footnotes":""},"categories":[59,8,61],"tags":[],"class_list":["post-5875","post","type-post","status-publish","format-standard","has-post-thumbnail","hentry","category-destacado-noticia","category-noticias","category-novedades"],"yoast_head":"<!-- This site is optimized with the Yoast SEO plugin v25.4 - https:\/\/yoast.com\/wordpress\/plugins\/seo\/ -->\n<title>Daniel Viglietti: &quot;Yo considero que es imposible interpretar a Violeta&quot; - Museo Violeta Parra<\/title>\n<meta name=\"robots\" content=\"index, follow, max-snippet:-1, max-image-preview:large, max-video-preview:-1\" \/>\n<link rel=\"canonical\" href=\"http:\/\/vientosur.top\/museo\/daniel-viglietti-yo-considero-que-es-imposible-interpretar-a-violeta\/\" \/>\n<meta property=\"og:locale\" content=\"es_ES\" \/>\n<meta property=\"og:type\" content=\"article\" \/>\n<meta property=\"og:title\" content=\"Daniel Viglietti: &quot;Yo considero que es imposible interpretar a Violeta&quot; - Museo Violeta Parra\" \/>\n<meta property=\"og:description\" content=\"El reconocido cantautor uruguayo recorri\u00f3 el Museo Violeta Parra el jueves 12 de octubre en compa\u00f1\u00eda de Lourdes Villafa\u00f1a y Roberto Stirling. Esa tarde el conductor de los programas de radio\u00a0\u00a0\u201cT\u00edmpano\u201d y \u201cP\u00e1rpado\u201d se reuni\u00f3 con Isabel Parra y Tita Parra. Hoy compartimos la conversaci\u00f3n que sostuvimos con el artista que nos dej\u00f3 a los [&hellip;]\" \/>\n<meta property=\"og:url\" content=\"http:\/\/vientosur.top\/museo\/daniel-viglietti-yo-considero-que-es-imposible-interpretar-a-violeta\/\" \/>\n<meta property=\"og:site_name\" content=\"Museo Violeta Parra\" \/>\n<meta property=\"article:published_time\" content=\"2017-10-31T20:57:37+00:00\" \/>\n<meta property=\"og:image\" content=\"http:\/\/vientosur.top\/museo\/wp-content\/uploads\/2017\/10\/DSC_0282.jpg\" \/>\n\t<meta property=\"og:image:width\" content=\"1083\" \/>\n\t<meta property=\"og:image:height\" content=\"720\" \/>\n\t<meta property=\"og:image:type\" content=\"image\/jpeg\" \/>\n<meta name=\"author\" content=\"admin\" \/>\n<meta name=\"twitter:card\" content=\"summary_large_image\" \/>\n<meta name=\"twitter:label1\" content=\"Escrito por\" \/>\n\t<meta name=\"twitter:data1\" content=\"admin\" \/>\n\t<meta name=\"twitter:label2\" content=\"Tiempo de lectura\" \/>\n\t<meta name=\"twitter:data2\" content=\"12 minutos\" \/>\n<script type=\"application\/ld+json\" class=\"yoast-schema-graph\">{\"@context\":\"https:\/\/schema.org\",\"@graph\":[{\"@type\":\"WebPage\",\"@id\":\"http:\/\/vientosur.top\/museo\/daniel-viglietti-yo-considero-que-es-imposible-interpretar-a-violeta\/\",\"url\":\"http:\/\/vientosur.top\/museo\/daniel-viglietti-yo-considero-que-es-imposible-interpretar-a-violeta\/\",\"name\":\"Daniel Viglietti: \\\"Yo considero que es imposible interpretar a Violeta\\\" - Museo Violeta Parra\",\"isPartOf\":{\"@id\":\"http:\/\/vientosur.top\/museo\/#website\"},\"primaryImageOfPage\":{\"@id\":\"http:\/\/vientosur.top\/museo\/daniel-viglietti-yo-considero-que-es-imposible-interpretar-a-violeta\/#primaryimage\"},\"image\":{\"@id\":\"http:\/\/vientosur.top\/museo\/daniel-viglietti-yo-considero-que-es-imposible-interpretar-a-violeta\/#primaryimage\"},\"thumbnailUrl\":\"http:\/\/vientosur.top\/museo\/wp-content\/uploads\/2017\/10\/DSC_0282.jpg\",\"datePublished\":\"2017-10-31T20:57:37+00:00\",\"author\":{\"@id\":\"http:\/\/vientosur.top\/museo\/#\/schema\/person\/20c79d3c38800971feec8c2693c3dd9c\"},\"breadcrumb\":{\"@id\":\"http:\/\/vientosur.top\/museo\/daniel-viglietti-yo-considero-que-es-imposible-interpretar-a-violeta\/#breadcrumb\"},\"inLanguage\":\"es\",\"potentialAction\":[{\"@type\":\"ReadAction\",\"target\":[\"http:\/\/vientosur.top\/museo\/daniel-viglietti-yo-considero-que-es-imposible-interpretar-a-violeta\/\"]}]},{\"@type\":\"ImageObject\",\"inLanguage\":\"es\",\"@id\":\"http:\/\/vientosur.top\/museo\/daniel-viglietti-yo-considero-que-es-imposible-interpretar-a-violeta\/#primaryimage\",\"url\":\"http:\/\/vientosur.top\/museo\/wp-content\/uploads\/2017\/10\/DSC_0282.jpg\",\"contentUrl\":\"http:\/\/vientosur.top\/museo\/wp-content\/uploads\/2017\/10\/DSC_0282.jpg\",\"width\":1083,\"height\":720},{\"@type\":\"BreadcrumbList\",\"@id\":\"http:\/\/vientosur.top\/museo\/daniel-viglietti-yo-considero-que-es-imposible-interpretar-a-violeta\/#breadcrumb\",\"itemListElement\":[{\"@type\":\"ListItem\",\"position\":1,\"name\":\"Portada\",\"item\":\"http:\/\/vientosur.top\/museo\/\"},{\"@type\":\"ListItem\",\"position\":2,\"name\":\"Daniel Viglietti: \u00abYo considero que es imposible interpretar a Violeta\u00bb\"}]},{\"@type\":\"WebSite\",\"@id\":\"http:\/\/vientosur.top\/museo\/#website\",\"url\":\"http:\/\/vientosur.top\/museo\/\",\"name\":\"Museo Violeta Parra\",\"description\":\"Espacio que alberga tanto la memoria y legado creativo de la artista\",\"potentialAction\":[{\"@type\":\"SearchAction\",\"target\":{\"@type\":\"EntryPoint\",\"urlTemplate\":\"http:\/\/vientosur.top\/museo\/?s={search_term_string}\"},\"query-input\":{\"@type\":\"PropertyValueSpecification\",\"valueRequired\":true,\"valueName\":\"search_term_string\"}}],\"inLanguage\":\"es\"},{\"@type\":\"Person\",\"@id\":\"http:\/\/vientosur.top\/museo\/#\/schema\/person\/20c79d3c38800971feec8c2693c3dd9c\",\"name\":\"admin\",\"image\":{\"@type\":\"ImageObject\",\"inLanguage\":\"es\",\"@id\":\"http:\/\/vientosur.top\/museo\/#\/schema\/person\/image\/\",\"url\":\"https:\/\/secure.gravatar.com\/avatar\/713677ece3ffa642287213a80e5b773bce9ab81c269dd6d95102a990951c922f?s=96&d=mm&r=g\",\"contentUrl\":\"https:\/\/secure.gravatar.com\/avatar\/713677ece3ffa642287213a80e5b773bce9ab81c269dd6d95102a990951c922f?s=96&d=mm&r=g\",\"caption\":\"admin\"},\"sameAs\":[\"http:\/\/vientosur.top\/museo\"],\"url\":\"http:\/\/vientosur.top\/museo\/author\/comunicacionesmvp\/\"}]}<\/script>\n<!-- \/ Yoast SEO plugin. -->","yoast_head_json":{"title":"Daniel Viglietti: \"Yo considero que es imposible interpretar a Violeta\" - Museo Violeta Parra","robots":{"index":"index","follow":"follow","max-snippet":"max-snippet:-1","max-image-preview":"max-image-preview:large","max-video-preview":"max-video-preview:-1"},"canonical":"http:\/\/vientosur.top\/museo\/daniel-viglietti-yo-considero-que-es-imposible-interpretar-a-violeta\/","og_locale":"es_ES","og_type":"article","og_title":"Daniel Viglietti: \"Yo considero que es imposible interpretar a Violeta\" - Museo Violeta Parra","og_description":"El reconocido cantautor uruguayo recorri\u00f3 el Museo Violeta Parra el jueves 12 de octubre en compa\u00f1\u00eda de Lourdes Villafa\u00f1a y Roberto Stirling. Esa tarde el conductor de los programas de radio\u00a0\u00a0\u201cT\u00edmpano\u201d y \u201cP\u00e1rpado\u201d se reuni\u00f3 con Isabel Parra y Tita Parra. Hoy compartimos la conversaci\u00f3n que sostuvimos con el artista que nos dej\u00f3 a los [&hellip;]","og_url":"http:\/\/vientosur.top\/museo\/daniel-viglietti-yo-considero-que-es-imposible-interpretar-a-violeta\/","og_site_name":"Museo Violeta Parra","article_published_time":"2017-10-31T20:57:37+00:00","og_image":[{"width":1083,"height":720,"url":"http:\/\/vientosur.top\/museo\/wp-content\/uploads\/2017\/10\/DSC_0282.jpg","type":"image\/jpeg"}],"author":"admin","twitter_card":"summary_large_image","twitter_misc":{"Escrito por":"admin","Tiempo de lectura":"12 minutos"},"schema":{"@context":"https:\/\/schema.org","@graph":[{"@type":"WebPage","@id":"http:\/\/vientosur.top\/museo\/daniel-viglietti-yo-considero-que-es-imposible-interpretar-a-violeta\/","url":"http:\/\/vientosur.top\/museo\/daniel-viglietti-yo-considero-que-es-imposible-interpretar-a-violeta\/","name":"Daniel Viglietti: \"Yo considero que es imposible interpretar a Violeta\" - Museo Violeta Parra","isPartOf":{"@id":"http:\/\/vientosur.top\/museo\/#website"},"primaryImageOfPage":{"@id":"http:\/\/vientosur.top\/museo\/daniel-viglietti-yo-considero-que-es-imposible-interpretar-a-violeta\/#primaryimage"},"image":{"@id":"http:\/\/vientosur.top\/museo\/daniel-viglietti-yo-considero-que-es-imposible-interpretar-a-violeta\/#primaryimage"},"thumbnailUrl":"http:\/\/vientosur.top\/museo\/wp-content\/uploads\/2017\/10\/DSC_0282.jpg","datePublished":"2017-10-31T20:57:37+00:00","author":{"@id":"http:\/\/vientosur.top\/museo\/#\/schema\/person\/20c79d3c38800971feec8c2693c3dd9c"},"breadcrumb":{"@id":"http:\/\/vientosur.top\/museo\/daniel-viglietti-yo-considero-que-es-imposible-interpretar-a-violeta\/#breadcrumb"},"inLanguage":"es","potentialAction":[{"@type":"ReadAction","target":["http:\/\/vientosur.top\/museo\/daniel-viglietti-yo-considero-que-es-imposible-interpretar-a-violeta\/"]}]},{"@type":"ImageObject","inLanguage":"es","@id":"http:\/\/vientosur.top\/museo\/daniel-viglietti-yo-considero-que-es-imposible-interpretar-a-violeta\/#primaryimage","url":"http:\/\/vientosur.top\/museo\/wp-content\/uploads\/2017\/10\/DSC_0282.jpg","contentUrl":"http:\/\/vientosur.top\/museo\/wp-content\/uploads\/2017\/10\/DSC_0282.jpg","width":1083,"height":720},{"@type":"BreadcrumbList","@id":"http:\/\/vientosur.top\/museo\/daniel-viglietti-yo-considero-que-es-imposible-interpretar-a-violeta\/#breadcrumb","itemListElement":[{"@type":"ListItem","position":1,"name":"Portada","item":"http:\/\/vientosur.top\/museo\/"},{"@type":"ListItem","position":2,"name":"Daniel Viglietti: \u00abYo considero que es imposible interpretar a Violeta\u00bb"}]},{"@type":"WebSite","@id":"http:\/\/vientosur.top\/museo\/#website","url":"http:\/\/vientosur.top\/museo\/","name":"Museo Violeta Parra","description":"Espacio que alberga tanto la memoria y legado creativo de la artista","potentialAction":[{"@type":"SearchAction","target":{"@type":"EntryPoint","urlTemplate":"http:\/\/vientosur.top\/museo\/?s={search_term_string}"},"query-input":{"@type":"PropertyValueSpecification","valueRequired":true,"valueName":"search_term_string"}}],"inLanguage":"es"},{"@type":"Person","@id":"http:\/\/vientosur.top\/museo\/#\/schema\/person\/20c79d3c38800971feec8c2693c3dd9c","name":"admin","image":{"@type":"ImageObject","inLanguage":"es","@id":"http:\/\/vientosur.top\/museo\/#\/schema\/person\/image\/","url":"https:\/\/secure.gravatar.com\/avatar\/713677ece3ffa642287213a80e5b773bce9ab81c269dd6d95102a990951c922f?s=96&d=mm&r=g","contentUrl":"https:\/\/secure.gravatar.com\/avatar\/713677ece3ffa642287213a80e5b773bce9ab81c269dd6d95102a990951c922f?s=96&d=mm&r=g","caption":"admin"},"sameAs":["http:\/\/vientosur.top\/museo"],"url":"http:\/\/vientosur.top\/museo\/author\/comunicacionesmvp\/"}]}},"_links":{"self":[{"href":"http:\/\/vientosur.top\/museo\/wp-json\/wp\/v2\/posts\/5875","targetHints":{"allow":["GET"]}}],"collection":[{"href":"http:\/\/vientosur.top\/museo\/wp-json\/wp\/v2\/posts"}],"about":[{"href":"http:\/\/vientosur.top\/museo\/wp-json\/wp\/v2\/types\/post"}],"author":[{"embeddable":true,"href":"http:\/\/vientosur.top\/museo\/wp-json\/wp\/v2\/users\/5"}],"replies":[{"embeddable":true,"href":"http:\/\/vientosur.top\/museo\/wp-json\/wp\/v2\/comments?post=5875"}],"version-history":[{"count":0,"href":"http:\/\/vientosur.top\/museo\/wp-json\/wp\/v2\/posts\/5875\/revisions"}],"wp:featuredmedia":[{"embeddable":true,"href":"http:\/\/vientosur.top\/museo\/wp-json\/wp\/v2\/media\/5603"}],"wp:attachment":[{"href":"http:\/\/vientosur.top\/museo\/wp-json\/wp\/v2\/media?parent=5875"}],"wp:term":[{"taxonomy":"category","embeddable":true,"href":"http:\/\/vientosur.top\/museo\/wp-json\/wp\/v2\/categories?post=5875"},{"taxonomy":"post_tag","embeddable":true,"href":"http:\/\/vientosur.top\/museo\/wp-json\/wp\/v2\/tags?post=5875"}],"curies":[{"name":"wp","href":"https:\/\/api.w.org\/{rel}","templated":true}]}}