{"id":5936,"date":"2017-11-08T20:18:11","date_gmt":"2017-11-08T20:18:11","guid":{"rendered":"http:\/\/vientosur.top\/museo\/\/?p=5936"},"modified":"2017-11-08T20:18:11","modified_gmt":"2017-11-08T20:18:11","slug":"42-obras-de-la-coleccion-del-museo-violeta-parra-fueron-declaradas-monumento-historico","status":"publish","type":"post","link":"http:\/\/vientosur.top\/museo\/42-obras-de-la-coleccion-del-museo-violeta-parra-fueron-declaradas-monumento-historico\/","title":{"rendered":"42 obras de la colecci\u00f3n del Museo Violeta Parra fueron declaradas Monumento Hist\u00f3rico"},"content":{"rendered":"<p><em>La iniciativa, que comprende 28 pinturas y 14 arpilleras realizadas por la artista, constituye el primer paso para que el legado de Violeta Parra se reconozca como Obra Maestra del Patrimonio Oral e Inmaterial de la Humanidad.<br \/>\n<\/em><\/p>\n<p>&nbsp;<\/p>\n<p>El s\u00e1bado 4 de noviembre <a href=\"http:\/\/www.diariooficial.interior.gob.cl\/publicaciones\/2017\/11\/04\/41899\/01\/1296678.pdf\">se public\u00f3 en el Diario Oficial la declaratoria del Ministerio de Educaci\u00f3n<\/a>, que fue votada por unanimidad de los miembros del Consejo de Monumentos Nacionales el 15 de septiembre pasado. A contar de entonces las arpilleras y \u00f3leos de la colecci\u00f3n del Museo Violeta Parra pasan a ser Monumento Nacional, en categor\u00eda de Monumento Hist\u00f3rico.<\/p>\n<p>&nbsp;<\/p>\n<p>Cecilia Garc\u00eda-Huidobro, Directora del Museo Violeta Parra y experta en patrimonio, se\u00f1ala: \u201cLa declaratoria dignifica la colecci\u00f3n que alberga el museo y reconoce que sus cualidades \u00fanicas y excepcionales deben ser protegidas por el Estado de Chile. La condici\u00f3n de Monumento Hist\u00f3rico Nacional, el m\u00e1s alto nivel de protecci\u00f3n que existe, suma un nuevo tesoro al valioso acervo del patrimonio chileno\u201d.<\/p>\n<p>&nbsp;<\/p>\n<p><strong>Patrimonio de la humanidad <\/strong><\/p>\n<p><strong>\u00a0<\/strong><\/p>\n<p>Violeta Parra comenz\u00f3 a pintar y a bordar arpilleras\u00a0 en 1958, recuper\u00e1ndose de una enfermedad, lo que desemboc\u00f3 en la exposici\u00f3n de \u00f3leos y arpilleras en las dos Ferias de Artes Pl\u00e1sticas del Parque Forestal. Seis a\u00f1os m\u00e1s tarde, la creadora expuso sus arpilleras, \u00f3leos y esculturas en el Museo del Louvre, convirti\u00e9ndose en la primera artista hispanoamericana en tener una exposici\u00f3n individual en ese lugar. La mayor parte de esas creaciones se exhiben, desde el 4 de octubre de 2015, en el Museo Violeta Parra.<\/p>\n<p>&nbsp;<\/p>\n<p>El Diario Oficial indica tambi\u00e9n que \u201cla declaraci\u00f3n de esta serie de bienes, como monumento hist\u00f3rico, es importante para conservarla como colecci\u00f3n, a la vez que existe la iniciativa de que se reconozca el legado de Violeta Parra como Obra Maestra del Patrimonio Oral e Inmaterial de la Humanidad en el marco de la Convenci\u00f3n de la Unesco de 2003\u201d.<\/p>\n<p>&nbsp;<\/p>\n<p>Los argumentos consignados por el Ministerio de Educaci\u00f3n para esta declaratoria son: \u201c1) Esta colecci\u00f3n es la m\u00e1s importante existente en el mundo de la artista chilena, y da cuenta de su aporte al arte a nivel nacional e internacional, estando a disposici\u00f3n de toda la sociedad en el Museo Violeta Parra, que es de acceso libre. 2) La colecci\u00f3n recoge los m\u00e1s destacados lenguajes pl\u00e1sticos desarrollados por Violeta Parra, principal referente de la m\u00fasica popular chilena. 3) Abarca el periodo creativo m\u00e1s importante en el que la artista desarroll\u00f3 lenguajes pl\u00e1sticos bidimensionales. 4) Da cuenta de las influencias pl\u00e1sticas que tuvo la artista: por un lado, del arte popular chileno y, por otro, de las principales vanguardias art\u00edsticas del siglo XX; esferas creativas de las que Violeta Parra fue el nexo principal en Chile. 5) Las iconograf\u00edas de la colecci\u00f3n dan cuenta tanto de los intereses personales de Violeta Parra, como de las facetas de la identidad chilena, que gracias a la repercusi\u00f3n de la obra de la artista fueron conocidos y valorados a nivel internacional. \u00a06) Este conjunto de arpilleras y pinturas son una muestra importante y significativa del gran y multifac\u00e9tico legado art\u00edstico de Violeta Parra, riqueza excepcional para Chile\u201d.<\/p>\n<p>&nbsp;<\/p>\n<p>El Museo Violeta Parra exhibe la obra visual de la artista en Avenida Vicu\u00f1a Mackenna 37 de martes a viernes de 9:30 a 18:00 horas y de 11:00 a 18:00 los fines de semana. La entrada es liberada.<\/p>\n<p><a href=\"http:\/\/www.diariooficial.interior.gob.cl\/publicaciones\/2017\/11\/04\/41899\/01\/1296678.pdf\"><img fetchpriority=\"high\" decoding=\"async\" class=\"alignleft wp-image-5941 size-full\" src=\"http:\/\/vientosur.top\/museo\/\/wp-content\/uploads\/2017\/11\/diariofi.png\" alt=\"\" width=\"812\" height=\"714\" \/><\/a><\/p>\n<p>&nbsp;<\/p>\n","protected":false},"excerpt":{"rendered":"<p>La iniciativa, que comprende 28 pinturas y 14 arpilleras realizadas por la artista, constituye el primer paso para que el legado de Violeta Parra se reconozca como Obra Maestra del Patrimonio Oral e Inmaterial de la Humanidad. &nbsp; El s\u00e1bado 4 de noviembre se public\u00f3 en el Diario Oficial la declaratoria del Ministerio de Educaci\u00f3n, [&hellip;]<\/p>\n","protected":false},"author":5,"featured_media":5937,"comment_status":"open","ping_status":"open","sticky":false,"template":"","format":"standard","meta":{"site-sidebar-layout":"default","site-content-layout":"","ast-site-content-layout":"default","site-content-style":"default","site-sidebar-style":"default","ast-global-header-display":"","ast-banner-title-visibility":"","ast-main-header-display":"","ast-hfb-above-header-display":"","ast-hfb-below-header-display":"","ast-hfb-mobile-header-display":"","site-post-title":"","ast-breadcrumbs-content":"","ast-featured-img":"","footer-sml-layout":"","theme-transparent-header-meta":"","adv-header-id-meta":"","stick-header-meta":"","header-above-stick-meta":"","header-main-stick-meta":"","header-below-stick-meta":"","astra-migrate-meta-layouts":"default","ast-page-background-enabled":"default","ast-page-background-meta":{"desktop":{"background-color":"var(--ast-global-color-4)","background-image":"","background-repeat":"repeat","background-position":"center center","background-size":"auto","background-attachment":"scroll","background-type":"","background-media":"","overlay-type":"","overlay-color":"","overlay-opacity":"","overlay-gradient":""},"tablet":{"background-color":"","background-image":"","background-repeat":"repeat","background-position":"center center","background-size":"auto","background-attachment":"scroll","background-type":"","background-media":"","overlay-type":"","overlay-color":"","overlay-opacity":"","overlay-gradient":""},"mobile":{"background-color":"","background-image":"","background-repeat":"repeat","background-position":"center center","background-size":"auto","background-attachment":"scroll","background-type":"","background-media":"","overlay-type":"","overlay-color":"","overlay-opacity":"","overlay-gradient":""}},"ast-content-background-meta":{"desktop":{"background-color":"var(--ast-global-color-5)","background-image":"","background-repeat":"repeat","background-position":"center center","background-size":"auto","background-attachment":"scroll","background-type":"","background-media":"","overlay-type":"","overlay-color":"","overlay-opacity":"","overlay-gradient":""},"tablet":{"background-color":"var(--ast-global-color-5)","background-image":"","background-repeat":"repeat","background-position":"center center","background-size":"auto","background-attachment":"scroll","background-type":"","background-media":"","overlay-type":"","overlay-color":"","overlay-opacity":"","overlay-gradient":""},"mobile":{"background-color":"var(--ast-global-color-5)","background-image":"","background-repeat":"repeat","background-position":"center center","background-size":"auto","background-attachment":"scroll","background-type":"","background-media":"","overlay-type":"","overlay-color":"","overlay-opacity":"","overlay-gradient":""}},"footnotes":""},"categories":[59,8,61],"tags":[],"class_list":["post-5936","post","type-post","status-publish","format-standard","has-post-thumbnail","hentry","category-destacado-noticia","category-noticias","category-novedades"],"yoast_head":"<!-- This site is optimized with the Yoast SEO plugin v25.4 - https:\/\/yoast.com\/wordpress\/plugins\/seo\/ -->\n<title>42 obras de la colecci\u00f3n del Museo Violeta Parra fueron declaradas Monumento Hist\u00f3rico - Museo Violeta Parra<\/title>\n<meta name=\"robots\" content=\"index, follow, max-snippet:-1, max-image-preview:large, max-video-preview:-1\" \/>\n<link rel=\"canonical\" href=\"http:\/\/vientosur.top\/museo\/42-obras-de-la-coleccion-del-museo-violeta-parra-fueron-declaradas-monumento-historico\/\" \/>\n<meta property=\"og:locale\" content=\"es_ES\" \/>\n<meta property=\"og:type\" content=\"article\" \/>\n<meta property=\"og:title\" content=\"42 obras de la colecci\u00f3n del Museo Violeta Parra fueron declaradas Monumento Hist\u00f3rico - Museo Violeta Parra\" \/>\n<meta property=\"og:description\" content=\"La iniciativa, que comprende 28 pinturas y 14 arpilleras realizadas por la artista, constituye el primer paso para que el legado de Violeta Parra se reconozca como Obra Maestra del Patrimonio Oral e Inmaterial de la Humanidad. &nbsp; El s\u00e1bado 4 de noviembre se public\u00f3 en el Diario Oficial la declaratoria del Ministerio de Educaci\u00f3n, [&hellip;]\" \/>\n<meta property=\"og:url\" content=\"http:\/\/vientosur.top\/museo\/42-obras-de-la-coleccion-del-museo-violeta-parra-fueron-declaradas-monumento-historico\/\" \/>\n<meta property=\"og:site_name\" content=\"Museo Violeta Parra\" \/>\n<meta property=\"article:published_time\" content=\"2017-11-08T20:18:11+00:00\" \/>\n<meta property=\"og:image\" content=\"http:\/\/vientosur.top\/museo\/wp-content\/uploads\/2017\/11\/DSC_0399.jpg\" \/>\n\t<meta property=\"og:image:width\" content=\"1083\" \/>\n\t<meta property=\"og:image:height\" content=\"720\" \/>\n\t<meta property=\"og:image:type\" content=\"image\/jpeg\" \/>\n<meta name=\"author\" content=\"admin\" \/>\n<meta name=\"twitter:card\" content=\"summary_large_image\" \/>\n<meta name=\"twitter:label1\" content=\"Escrito por\" \/>\n\t<meta name=\"twitter:data1\" content=\"admin\" \/>\n\t<meta name=\"twitter:label2\" content=\"Tiempo de lectura\" \/>\n\t<meta name=\"twitter:data2\" content=\"3 minutos\" \/>\n<script type=\"application\/ld+json\" class=\"yoast-schema-graph\">{\"@context\":\"https:\/\/schema.org\",\"@graph\":[{\"@type\":\"WebPage\",\"@id\":\"http:\/\/vientosur.top\/museo\/42-obras-de-la-coleccion-del-museo-violeta-parra-fueron-declaradas-monumento-historico\/\",\"url\":\"http:\/\/vientosur.top\/museo\/42-obras-de-la-coleccion-del-museo-violeta-parra-fueron-declaradas-monumento-historico\/\",\"name\":\"42 obras de la colecci\u00f3n del Museo Violeta Parra fueron declaradas Monumento Hist\u00f3rico - Museo Violeta Parra\",\"isPartOf\":{\"@id\":\"http:\/\/vientosur.top\/museo\/#website\"},\"primaryImageOfPage\":{\"@id\":\"http:\/\/vientosur.top\/museo\/42-obras-de-la-coleccion-del-museo-violeta-parra-fueron-declaradas-monumento-historico\/#primaryimage\"},\"image\":{\"@id\":\"http:\/\/vientosur.top\/museo\/42-obras-de-la-coleccion-del-museo-violeta-parra-fueron-declaradas-monumento-historico\/#primaryimage\"},\"thumbnailUrl\":\"http:\/\/vientosur.top\/museo\/wp-content\/uploads\/2017\/11\/DSC_0399.jpg\",\"datePublished\":\"2017-11-08T20:18:11+00:00\",\"author\":{\"@id\":\"http:\/\/vientosur.top\/museo\/#\/schema\/person\/20c79d3c38800971feec8c2693c3dd9c\"},\"breadcrumb\":{\"@id\":\"http:\/\/vientosur.top\/museo\/42-obras-de-la-coleccion-del-museo-violeta-parra-fueron-declaradas-monumento-historico\/#breadcrumb\"},\"inLanguage\":\"es\",\"potentialAction\":[{\"@type\":\"ReadAction\",\"target\":[\"http:\/\/vientosur.top\/museo\/42-obras-de-la-coleccion-del-museo-violeta-parra-fueron-declaradas-monumento-historico\/\"]}]},{\"@type\":\"ImageObject\",\"inLanguage\":\"es\",\"@id\":\"http:\/\/vientosur.top\/museo\/42-obras-de-la-coleccion-del-museo-violeta-parra-fueron-declaradas-monumento-historico\/#primaryimage\",\"url\":\"http:\/\/vientosur.top\/museo\/wp-content\/uploads\/2017\/11\/DSC_0399.jpg\",\"contentUrl\":\"http:\/\/vientosur.top\/museo\/wp-content\/uploads\/2017\/11\/DSC_0399.jpg\",\"width\":1083,\"height\":720},{\"@type\":\"BreadcrumbList\",\"@id\":\"http:\/\/vientosur.top\/museo\/42-obras-de-la-coleccion-del-museo-violeta-parra-fueron-declaradas-monumento-historico\/#breadcrumb\",\"itemListElement\":[{\"@type\":\"ListItem\",\"position\":1,\"name\":\"Portada\",\"item\":\"http:\/\/vientosur.top\/museo\/\"},{\"@type\":\"ListItem\",\"position\":2,\"name\":\"42 obras de la colecci\u00f3n del Museo Violeta Parra fueron declaradas Monumento Hist\u00f3rico\"}]},{\"@type\":\"WebSite\",\"@id\":\"http:\/\/vientosur.top\/museo\/#website\",\"url\":\"http:\/\/vientosur.top\/museo\/\",\"name\":\"Museo Violeta Parra\",\"description\":\"Espacio que alberga tanto la memoria y legado creativo de la artista\",\"potentialAction\":[{\"@type\":\"SearchAction\",\"target\":{\"@type\":\"EntryPoint\",\"urlTemplate\":\"http:\/\/vientosur.top\/museo\/?s={search_term_string}\"},\"query-input\":{\"@type\":\"PropertyValueSpecification\",\"valueRequired\":true,\"valueName\":\"search_term_string\"}}],\"inLanguage\":\"es\"},{\"@type\":\"Person\",\"@id\":\"http:\/\/vientosur.top\/museo\/#\/schema\/person\/20c79d3c38800971feec8c2693c3dd9c\",\"name\":\"admin\",\"image\":{\"@type\":\"ImageObject\",\"inLanguage\":\"es\",\"@id\":\"http:\/\/vientosur.top\/museo\/#\/schema\/person\/image\/\",\"url\":\"https:\/\/secure.gravatar.com\/avatar\/713677ece3ffa642287213a80e5b773bce9ab81c269dd6d95102a990951c922f?s=96&d=mm&r=g\",\"contentUrl\":\"https:\/\/secure.gravatar.com\/avatar\/713677ece3ffa642287213a80e5b773bce9ab81c269dd6d95102a990951c922f?s=96&d=mm&r=g\",\"caption\":\"admin\"},\"sameAs\":[\"http:\/\/vientosur.top\/museo\"],\"url\":\"http:\/\/vientosur.top\/museo\/author\/comunicacionesmvp\/\"}]}<\/script>\n<!-- \/ Yoast SEO plugin. -->","yoast_head_json":{"title":"42 obras de la colecci\u00f3n del Museo Violeta Parra fueron declaradas Monumento Hist\u00f3rico - Museo Violeta Parra","robots":{"index":"index","follow":"follow","max-snippet":"max-snippet:-1","max-image-preview":"max-image-preview:large","max-video-preview":"max-video-preview:-1"},"canonical":"http:\/\/vientosur.top\/museo\/42-obras-de-la-coleccion-del-museo-violeta-parra-fueron-declaradas-monumento-historico\/","og_locale":"es_ES","og_type":"article","og_title":"42 obras de la colecci\u00f3n del Museo Violeta Parra fueron declaradas Monumento Hist\u00f3rico - Museo Violeta Parra","og_description":"La iniciativa, que comprende 28 pinturas y 14 arpilleras realizadas por la artista, constituye el primer paso para que el legado de Violeta Parra se reconozca como Obra Maestra del Patrimonio Oral e Inmaterial de la Humanidad. &nbsp; El s\u00e1bado 4 de noviembre se public\u00f3 en el Diario Oficial la declaratoria del Ministerio de Educaci\u00f3n, [&hellip;]","og_url":"http:\/\/vientosur.top\/museo\/42-obras-de-la-coleccion-del-museo-violeta-parra-fueron-declaradas-monumento-historico\/","og_site_name":"Museo Violeta Parra","article_published_time":"2017-11-08T20:18:11+00:00","og_image":[{"width":1083,"height":720,"url":"http:\/\/vientosur.top\/museo\/wp-content\/uploads\/2017\/11\/DSC_0399.jpg","type":"image\/jpeg"}],"author":"admin","twitter_card":"summary_large_image","twitter_misc":{"Escrito por":"admin","Tiempo de lectura":"3 minutos"},"schema":{"@context":"https:\/\/schema.org","@graph":[{"@type":"WebPage","@id":"http:\/\/vientosur.top\/museo\/42-obras-de-la-coleccion-del-museo-violeta-parra-fueron-declaradas-monumento-historico\/","url":"http:\/\/vientosur.top\/museo\/42-obras-de-la-coleccion-del-museo-violeta-parra-fueron-declaradas-monumento-historico\/","name":"42 obras de la colecci\u00f3n del Museo Violeta Parra fueron declaradas Monumento Hist\u00f3rico - Museo Violeta Parra","isPartOf":{"@id":"http:\/\/vientosur.top\/museo\/#website"},"primaryImageOfPage":{"@id":"http:\/\/vientosur.top\/museo\/42-obras-de-la-coleccion-del-museo-violeta-parra-fueron-declaradas-monumento-historico\/#primaryimage"},"image":{"@id":"http:\/\/vientosur.top\/museo\/42-obras-de-la-coleccion-del-museo-violeta-parra-fueron-declaradas-monumento-historico\/#primaryimage"},"thumbnailUrl":"http:\/\/vientosur.top\/museo\/wp-content\/uploads\/2017\/11\/DSC_0399.jpg","datePublished":"2017-11-08T20:18:11+00:00","author":{"@id":"http:\/\/vientosur.top\/museo\/#\/schema\/person\/20c79d3c38800971feec8c2693c3dd9c"},"breadcrumb":{"@id":"http:\/\/vientosur.top\/museo\/42-obras-de-la-coleccion-del-museo-violeta-parra-fueron-declaradas-monumento-historico\/#breadcrumb"},"inLanguage":"es","potentialAction":[{"@type":"ReadAction","target":["http:\/\/vientosur.top\/museo\/42-obras-de-la-coleccion-del-museo-violeta-parra-fueron-declaradas-monumento-historico\/"]}]},{"@type":"ImageObject","inLanguage":"es","@id":"http:\/\/vientosur.top\/museo\/42-obras-de-la-coleccion-del-museo-violeta-parra-fueron-declaradas-monumento-historico\/#primaryimage","url":"http:\/\/vientosur.top\/museo\/wp-content\/uploads\/2017\/11\/DSC_0399.jpg","contentUrl":"http:\/\/vientosur.top\/museo\/wp-content\/uploads\/2017\/11\/DSC_0399.jpg","width":1083,"height":720},{"@type":"BreadcrumbList","@id":"http:\/\/vientosur.top\/museo\/42-obras-de-la-coleccion-del-museo-violeta-parra-fueron-declaradas-monumento-historico\/#breadcrumb","itemListElement":[{"@type":"ListItem","position":1,"name":"Portada","item":"http:\/\/vientosur.top\/museo\/"},{"@type":"ListItem","position":2,"name":"42 obras de la colecci\u00f3n del Museo Violeta Parra fueron declaradas Monumento Hist\u00f3rico"}]},{"@type":"WebSite","@id":"http:\/\/vientosur.top\/museo\/#website","url":"http:\/\/vientosur.top\/museo\/","name":"Museo Violeta Parra","description":"Espacio que alberga tanto la memoria y legado creativo de la artista","potentialAction":[{"@type":"SearchAction","target":{"@type":"EntryPoint","urlTemplate":"http:\/\/vientosur.top\/museo\/?s={search_term_string}"},"query-input":{"@type":"PropertyValueSpecification","valueRequired":true,"valueName":"search_term_string"}}],"inLanguage":"es"},{"@type":"Person","@id":"http:\/\/vientosur.top\/museo\/#\/schema\/person\/20c79d3c38800971feec8c2693c3dd9c","name":"admin","image":{"@type":"ImageObject","inLanguage":"es","@id":"http:\/\/vientosur.top\/museo\/#\/schema\/person\/image\/","url":"https:\/\/secure.gravatar.com\/avatar\/713677ece3ffa642287213a80e5b773bce9ab81c269dd6d95102a990951c922f?s=96&d=mm&r=g","contentUrl":"https:\/\/secure.gravatar.com\/avatar\/713677ece3ffa642287213a80e5b773bce9ab81c269dd6d95102a990951c922f?s=96&d=mm&r=g","caption":"admin"},"sameAs":["http:\/\/vientosur.top\/museo"],"url":"http:\/\/vientosur.top\/museo\/author\/comunicacionesmvp\/"}]}},"_links":{"self":[{"href":"http:\/\/vientosur.top\/museo\/wp-json\/wp\/v2\/posts\/5936","targetHints":{"allow":["GET"]}}],"collection":[{"href":"http:\/\/vientosur.top\/museo\/wp-json\/wp\/v2\/posts"}],"about":[{"href":"http:\/\/vientosur.top\/museo\/wp-json\/wp\/v2\/types\/post"}],"author":[{"embeddable":true,"href":"http:\/\/vientosur.top\/museo\/wp-json\/wp\/v2\/users\/5"}],"replies":[{"embeddable":true,"href":"http:\/\/vientosur.top\/museo\/wp-json\/wp\/v2\/comments?post=5936"}],"version-history":[{"count":0,"href":"http:\/\/vientosur.top\/museo\/wp-json\/wp\/v2\/posts\/5936\/revisions"}],"wp:featuredmedia":[{"embeddable":true,"href":"http:\/\/vientosur.top\/museo\/wp-json\/wp\/v2\/media\/5937"}],"wp:attachment":[{"href":"http:\/\/vientosur.top\/museo\/wp-json\/wp\/v2\/media?parent=5936"}],"wp:term":[{"taxonomy":"category","embeddable":true,"href":"http:\/\/vientosur.top\/museo\/wp-json\/wp\/v2\/categories?post=5936"},{"taxonomy":"post_tag","embeddable":true,"href":"http:\/\/vientosur.top\/museo\/wp-json\/wp\/v2\/tags?post=5936"}],"curies":[{"name":"wp","href":"https:\/\/api.w.org\/{rel}","templated":true}]}}