{"id":5969,"date":"2017-11-10T13:20:12","date_gmt":"2017-11-10T13:20:12","guid":{"rendered":"http:\/\/vientosur.top\/museo\/\/?p=5969"},"modified":"2017-11-10T13:20:12","modified_gmt":"2017-11-10T13:20:12","slug":"museo-violeta-parra-abre-inscripciones-para-participar-del-primer-encuentro-de-practicas-curatoriales","status":"publish","type":"post","link":"http:\/\/vientosur.top\/museo\/museo-violeta-parra-abre-inscripciones-para-participar-del-primer-encuentro-de-practicas-curatoriales\/","title":{"rendered":"Museo Violeta Parra abre inscripciones para participar del Primer Encuentro de Pr\u00e1cticas Curatoriales"},"content":{"rendered":"<p><em>El lunes 4 de diciembre se reunir\u00e1n 16 artistas, curadores e investigadores, quienes abordar\u00e1n la oralidad, la autor\u00eda, la idea de naci\u00f3n y las escenas locales.<\/em><\/p>\n<p>\u201cDoce casos de pr\u00e1cticas curatoriales expuestas por doce investigadores visuales, moderados por cuatro sentidos editoriales\u201d, es la propuesta del Primer Encuentro de Pr\u00e1cticas Curatoriales que se realizar\u00e1 el lunes 4 de diciembre entre las 10:00 y las 18:30 horas en la Sala Antar del Museo Violeta Parra.<\/p>\n<p>A cien a\u00f1os del nacimiento de Violeta Parra se presenta la oportunidad de observar su trabajo en relaci\u00f3n dial\u00f3gica con expresiones art\u00edsticas contempor\u00e1neas, y desde aqu\u00ed repensar los modos, t\u00e9cnicas, discursos y ambiciones que cruzan su investigaci\u00f3n recopilatoria.<\/p>\n<p><strong>Reflexi\u00f3n desde la casa de Violeta<\/strong><\/p>\n<p>\u201cEl Museo Violeta Parra, que ya ha cumplido dos a\u00f1os de vida, ha sumado obras de diversos artistas, como Basco Vazko, Grace Weinrib y Pilar Quinteros en una l\u00ednea curatorial que intenta \u00a0establecer un di\u00e1logo entre el legado de la artista y las expresiones contempor\u00e1neas. Violeta sali\u00f3 por pueblos y comarcas a recoger testimonios de la identidad profunda. Del mismo modo, el museo convoca, desde la relevancia de los 100 a\u00f1os, a importantes actores de la visualidad para reflexionar y dialogar, en la casa de Violeta, sobre las pr\u00e1cticas curatoriales, vincul\u00e1ndolas siempre con la investigaci\u00f3n, la creaci\u00f3n y la formaci\u00f3n. El rol del museo no puede eludir la necesidad de este gesto. La curadora e investigadora Carolina Herrera ha sido fundamental para articular este primer encuentro\u201d, afirma Cecilia Garc\u00eda-Huidobro, Directora del Museo Violeta Parra y experta en patrimonio.<\/p>\n<p>Carolina Herrera \u00c1guila, investigadora y coordinadora del encuentro, explica: \u201cEsta propuesta tiene como n\u00facleo de trabajo el espacio donde los l\u00edmites de las investigaciones se desdibujan para localizarnos siempre en un entrelugar obligado e inc\u00f3modo, en tensi\u00f3n constante. En este campo en disputa se encuentran nuestros investigadores visuales actuales, un territorio ideal para discutir sus diferentes pr\u00e1cticas investigativas, que en esta oportunidad estar\u00e1n ordenadas en un programa que se presenta como un modelo para armar, proponiendo algunas entradas, lecturas posibles de doce casos de pr\u00e1cticas curatoriales\u201d.<\/p>\n<p><strong>Cuatro grandes temas<\/strong><\/p>\n<p>El encuentro se estructurar\u00e1 en cuatro grandes mesas (l\u00edneas \/ entradas \/ lecturas). La primera ser\u00e1 <em>E<\/em><em>jercicios de reconocimiento: noci\u00f3n de naci\u00f3n<\/em>, que contar\u00e1 con la participaci\u00f3n de Mariairis Flores (\u201cArte y pol\u00edtica: posibilidades para abordar el arte chileno\u201d), Justo Pastor Mellado (\u201cLa presencia de Violeta Parra en el mural realizado por Julio Esc\u00e1mez en la farmacia Maluje de Concepci\u00f3n, en 1957\u201d) y Daniela Berger (\u201cUna breve excavaci\u00f3n como un homenaje. Revisi\u00f3n de pr\u00e1cticas curatoriales con mujeres artistas\u201d).<\/p>\n<p>El segundo panel abordar\u00e1 <em>Ejercicios de resistencia: perform\u00e1tica y oralidad<\/em>, con las exposiciones de Sebasti\u00e1n Valenzuela (\u201cCorrelatos de un cuerpo escenificado\u201d), Claudio Guerrero (\u201cCr\u00edtica de la raz\u00f3n curatorial o la curator\u00eda como un juego de roles\u201d) y Guillermo Machuca (\u201cLa cr\u00f3nica, aproximaci\u00f3n a un modelo de artista\u201d).<\/p>\n<p>Por la tarde el encuentro seguir\u00e1 con <em>Ejercicios de propiedad: lo m\u00edo, lo tuyo, lo nuestro<\/em>, con las experiencias de: Andrea J\u00f6sch (\u201cPr\u00e1cticas curatoriales colaborativas, una construcci\u00f3n necesaria\u201d), Leslie Fern\u00e1ndez (\u201cSitu\u00e1ndose en el territorio de Coliumo, CASAPOLI residencias 2010 \u2013 2017\u201d) y Alexia Tala (\u201cLARA, itinerancia para la reflexi\u00f3n y el pensamiento cr\u00edtico: interacci\u00f3n comunitaria, creaci\u00f3n y experiencia en Am\u00e9rica Latina\u201d).<\/p>\n<p>La jornada finalizar\u00e1 con <em>Ejercicios de lectura: el investigador como productor ideol\u00f3gico,<\/em> con exposiciones de Ram\u00f3n Castillo (\u201cDe c\u00f3mo los asuntos de clase y naci\u00f3n se tejen entre la arpillera y el lino: una aproximaci\u00f3n al Combate Naval de Iquique\u201d), Sebasti\u00e1n Riffo (\u201cLa curadur\u00eda, una investigaci\u00f3n en riesgo, que pone a prueba una hip\u00f3tesis s\u00f3lo buscando un conocimiento inesperado\u201d) y Enrique Rivera (\u201cLa conversaci\u00f3n entre artista y curador como espacio de revelaci\u00f3n de signos, met\u00e1foras y calibraciones est\u00e9ticas, donde lo abstracto deviene en tangible\u201d).<\/p>\n<p>Las mesas ser\u00e1n moderadas por Claudia Zald\u00edvar, directora del Museo de la Solidaridad Salvador Allende; Florencia Loewenthal, directora de la Galer\u00eda Gabriela Mistral; Beatriz Salinas, directora del Centro Nacional de Arte Contempor\u00e1neo \u2013 Cerrillos, y Varinia Brodsky, coordinadora del \u00c1rea de Artes Visuales del Consejo Nacional de la Cultura y las Artes.<\/p>\n<p><strong>Lista de espera abierta\u00a0<\/strong><\/p>\n<p>Agradecemos el inter\u00e9s en participar de este encuentro. Ya completamos los cupos disponibles para la jornada, pero hemos abierto una lista de espera. Contactaremos a los interesados oportunamente, en caso de que se libere alg\u00fan cupo.\u00a0<strong>Cierre de inscripciones: viernes 1 de diciembre.\u00a0<\/strong><\/p>\n<p><iframe src=\"https:\/\/docs.google.com\/forms\/d\/e\/1FAIpQLSfXhJ2V2-QWYGLtKm9q67KzPKisYqoH1ZvknE1XeEyxTrHd1g\/viewform?embedded=true\" width=\"760\" height=\"500\" frameborder=\"0\" marginwidth=\"0\" marginheight=\"0\">Loading&#8230;<\/iframe><\/p>\n<p>&nbsp;<\/p>\n<p>&nbsp;<\/p>\n<p>&nbsp;<\/p>\n<p>&nbsp;<\/p>\n","protected":false},"excerpt":{"rendered":"<p>El lunes 4 de diciembre se reunir\u00e1n 16 artistas, curadores e investigadores, quienes abordar\u00e1n la oralidad, la autor\u00eda, la idea de naci\u00f3n y las escenas locales. \u201cDoce casos de pr\u00e1cticas curatoriales expuestas por doce investigadores visuales, moderados por cuatro sentidos editoriales\u201d, es la propuesta del Primer Encuentro de Pr\u00e1cticas Curatoriales que se realizar\u00e1 el lunes [&hellip;]<\/p>\n","protected":false},"author":5,"featured_media":5953,"comment_status":"open","ping_status":"open","sticky":false,"template":"","format":"standard","meta":{"site-sidebar-layout":"default","site-content-layout":"","ast-site-content-layout":"default","site-content-style":"default","site-sidebar-style":"default","ast-global-header-display":"","ast-banner-title-visibility":"","ast-main-header-display":"","ast-hfb-above-header-display":"","ast-hfb-below-header-display":"","ast-hfb-mobile-header-display":"","site-post-title":"","ast-breadcrumbs-content":"","ast-featured-img":"","footer-sml-layout":"","theme-transparent-header-meta":"","adv-header-id-meta":"","stick-header-meta":"","header-above-stick-meta":"","header-main-stick-meta":"","header-below-stick-meta":"","astra-migrate-meta-layouts":"default","ast-page-background-enabled":"default","ast-page-background-meta":{"desktop":{"background-color":"var(--ast-global-color-4)","background-image":"","background-repeat":"repeat","background-position":"center center","background-size":"auto","background-attachment":"scroll","background-type":"","background-media":"","overlay-type":"","overlay-color":"","overlay-opacity":"","overlay-gradient":""},"tablet":{"background-color":"","background-image":"","background-repeat":"repeat","background-position":"center center","background-size":"auto","background-attachment":"scroll","background-type":"","background-media":"","overlay-type":"","overlay-color":"","overlay-opacity":"","overlay-gradient":""},"mobile":{"background-color":"","background-image":"","background-repeat":"repeat","background-position":"center center","background-size":"auto","background-attachment":"scroll","background-type":"","background-media":"","overlay-type":"","overlay-color":"","overlay-opacity":"","overlay-gradient":""}},"ast-content-background-meta":{"desktop":{"background-color":"var(--ast-global-color-5)","background-image":"","background-repeat":"repeat","background-position":"center center","background-size":"auto","background-attachment":"scroll","background-type":"","background-media":"","overlay-type":"","overlay-color":"","overlay-opacity":"","overlay-gradient":""},"tablet":{"background-color":"var(--ast-global-color-5)","background-image":"","background-repeat":"repeat","background-position":"center center","background-size":"auto","background-attachment":"scroll","background-type":"","background-media":"","overlay-type":"","overlay-color":"","overlay-opacity":"","overlay-gradient":""},"mobile":{"background-color":"var(--ast-global-color-5)","background-image":"","background-repeat":"repeat","background-position":"center center","background-size":"auto","background-attachment":"scroll","background-type":"","background-media":"","overlay-type":"","overlay-color":"","overlay-opacity":"","overlay-gradient":""}},"footnotes":""},"categories":[59,8,61],"tags":[],"class_list":["post-5969","post","type-post","status-publish","format-standard","has-post-thumbnail","hentry","category-destacado-noticia","category-noticias","category-novedades"],"yoast_head":"<!-- This site is optimized with the Yoast SEO plugin v25.4 - https:\/\/yoast.com\/wordpress\/plugins\/seo\/ -->\n<title>Museo Violeta Parra abre inscripciones para participar del Primer Encuentro de Pr\u00e1cticas Curatoriales - Museo Violeta Parra<\/title>\n<meta name=\"robots\" content=\"index, follow, max-snippet:-1, max-image-preview:large, max-video-preview:-1\" \/>\n<link rel=\"canonical\" href=\"http:\/\/vientosur.top\/museo\/museo-violeta-parra-abre-inscripciones-para-participar-del-primer-encuentro-de-practicas-curatoriales\/\" \/>\n<meta property=\"og:locale\" content=\"es_ES\" \/>\n<meta property=\"og:type\" content=\"article\" \/>\n<meta property=\"og:title\" content=\"Museo Violeta Parra abre inscripciones para participar del Primer Encuentro de Pr\u00e1cticas Curatoriales - Museo Violeta Parra\" \/>\n<meta property=\"og:description\" content=\"El lunes 4 de diciembre se reunir\u00e1n 16 artistas, curadores e investigadores, quienes abordar\u00e1n la oralidad, la autor\u00eda, la idea de naci\u00f3n y las escenas locales. \u201cDoce casos de pr\u00e1cticas curatoriales expuestas por doce investigadores visuales, moderados por cuatro sentidos editoriales\u201d, es la propuesta del Primer Encuentro de Pr\u00e1cticas Curatoriales que se realizar\u00e1 el lunes [&hellip;]\" \/>\n<meta property=\"og:url\" content=\"http:\/\/vientosur.top\/museo\/museo-violeta-parra-abre-inscripciones-para-participar-del-primer-encuentro-de-practicas-curatoriales\/\" \/>\n<meta property=\"og:site_name\" content=\"Museo Violeta Parra\" \/>\n<meta property=\"article:published_time\" content=\"2017-11-10T13:20:12+00:00\" \/>\n<meta property=\"og:image\" content=\"http:\/\/vientosur.top\/museo\/wp-content\/uploads\/2017\/11\/Primer-Encuentro-MVP-2.png\" \/>\n\t<meta property=\"og:image:width\" content=\"1200\" \/>\n\t<meta property=\"og:image:height\" content=\"826\" \/>\n\t<meta property=\"og:image:type\" content=\"image\/png\" \/>\n<meta name=\"author\" content=\"admin\" \/>\n<meta name=\"twitter:card\" content=\"summary_large_image\" \/>\n<meta name=\"twitter:label1\" content=\"Escrito por\" \/>\n\t<meta name=\"twitter:data1\" content=\"admin\" \/>\n\t<meta name=\"twitter:label2\" content=\"Tiempo de lectura\" \/>\n\t<meta name=\"twitter:data2\" content=\"4 minutos\" \/>\n<script type=\"application\/ld+json\" class=\"yoast-schema-graph\">{\"@context\":\"https:\/\/schema.org\",\"@graph\":[{\"@type\":\"WebPage\",\"@id\":\"http:\/\/vientosur.top\/museo\/museo-violeta-parra-abre-inscripciones-para-participar-del-primer-encuentro-de-practicas-curatoriales\/\",\"url\":\"http:\/\/vientosur.top\/museo\/museo-violeta-parra-abre-inscripciones-para-participar-del-primer-encuentro-de-practicas-curatoriales\/\",\"name\":\"Museo Violeta Parra abre inscripciones para participar del Primer Encuentro de Pr\u00e1cticas Curatoriales - Museo Violeta Parra\",\"isPartOf\":{\"@id\":\"http:\/\/vientosur.top\/museo\/#website\"},\"primaryImageOfPage\":{\"@id\":\"http:\/\/vientosur.top\/museo\/museo-violeta-parra-abre-inscripciones-para-participar-del-primer-encuentro-de-practicas-curatoriales\/#primaryimage\"},\"image\":{\"@id\":\"http:\/\/vientosur.top\/museo\/museo-violeta-parra-abre-inscripciones-para-participar-del-primer-encuentro-de-practicas-curatoriales\/#primaryimage\"},\"thumbnailUrl\":\"http:\/\/vientosur.top\/museo\/wp-content\/uploads\/2017\/11\/Primer-Encuentro-MVP-2.png\",\"datePublished\":\"2017-11-10T13:20:12+00:00\",\"author\":{\"@id\":\"http:\/\/vientosur.top\/museo\/#\/schema\/person\/20c79d3c38800971feec8c2693c3dd9c\"},\"breadcrumb\":{\"@id\":\"http:\/\/vientosur.top\/museo\/museo-violeta-parra-abre-inscripciones-para-participar-del-primer-encuentro-de-practicas-curatoriales\/#breadcrumb\"},\"inLanguage\":\"es\",\"potentialAction\":[{\"@type\":\"ReadAction\",\"target\":[\"http:\/\/vientosur.top\/museo\/museo-violeta-parra-abre-inscripciones-para-participar-del-primer-encuentro-de-practicas-curatoriales\/\"]}]},{\"@type\":\"ImageObject\",\"inLanguage\":\"es\",\"@id\":\"http:\/\/vientosur.top\/museo\/museo-violeta-parra-abre-inscripciones-para-participar-del-primer-encuentro-de-practicas-curatoriales\/#primaryimage\",\"url\":\"http:\/\/vientosur.top\/museo\/wp-content\/uploads\/2017\/11\/Primer-Encuentro-MVP-2.png\",\"contentUrl\":\"http:\/\/vientosur.top\/museo\/wp-content\/uploads\/2017\/11\/Primer-Encuentro-MVP-2.png\",\"width\":1200,\"height\":826},{\"@type\":\"BreadcrumbList\",\"@id\":\"http:\/\/vientosur.top\/museo\/museo-violeta-parra-abre-inscripciones-para-participar-del-primer-encuentro-de-practicas-curatoriales\/#breadcrumb\",\"itemListElement\":[{\"@type\":\"ListItem\",\"position\":1,\"name\":\"Portada\",\"item\":\"http:\/\/vientosur.top\/museo\/\"},{\"@type\":\"ListItem\",\"position\":2,\"name\":\"Museo Violeta Parra abre inscripciones para participar del Primer Encuentro de Pr\u00e1cticas Curatoriales\"}]},{\"@type\":\"WebSite\",\"@id\":\"http:\/\/vientosur.top\/museo\/#website\",\"url\":\"http:\/\/vientosur.top\/museo\/\",\"name\":\"Museo Violeta Parra\",\"description\":\"Espacio que alberga tanto la memoria y legado creativo de la artista\",\"potentialAction\":[{\"@type\":\"SearchAction\",\"target\":{\"@type\":\"EntryPoint\",\"urlTemplate\":\"http:\/\/vientosur.top\/museo\/?s={search_term_string}\"},\"query-input\":{\"@type\":\"PropertyValueSpecification\",\"valueRequired\":true,\"valueName\":\"search_term_string\"}}],\"inLanguage\":\"es\"},{\"@type\":\"Person\",\"@id\":\"http:\/\/vientosur.top\/museo\/#\/schema\/person\/20c79d3c38800971feec8c2693c3dd9c\",\"name\":\"admin\",\"image\":{\"@type\":\"ImageObject\",\"inLanguage\":\"es\",\"@id\":\"http:\/\/vientosur.top\/museo\/#\/schema\/person\/image\/\",\"url\":\"https:\/\/secure.gravatar.com\/avatar\/713677ece3ffa642287213a80e5b773bce9ab81c269dd6d95102a990951c922f?s=96&d=mm&r=g\",\"contentUrl\":\"https:\/\/secure.gravatar.com\/avatar\/713677ece3ffa642287213a80e5b773bce9ab81c269dd6d95102a990951c922f?s=96&d=mm&r=g\",\"caption\":\"admin\"},\"sameAs\":[\"http:\/\/vientosur.top\/museo\"],\"url\":\"http:\/\/vientosur.top\/museo\/author\/comunicacionesmvp\/\"}]}<\/script>\n<!-- \/ Yoast SEO plugin. -->","yoast_head_json":{"title":"Museo Violeta Parra abre inscripciones para participar del Primer Encuentro de Pr\u00e1cticas Curatoriales - Museo Violeta Parra","robots":{"index":"index","follow":"follow","max-snippet":"max-snippet:-1","max-image-preview":"max-image-preview:large","max-video-preview":"max-video-preview:-1"},"canonical":"http:\/\/vientosur.top\/museo\/museo-violeta-parra-abre-inscripciones-para-participar-del-primer-encuentro-de-practicas-curatoriales\/","og_locale":"es_ES","og_type":"article","og_title":"Museo Violeta Parra abre inscripciones para participar del Primer Encuentro de Pr\u00e1cticas Curatoriales - Museo Violeta Parra","og_description":"El lunes 4 de diciembre se reunir\u00e1n 16 artistas, curadores e investigadores, quienes abordar\u00e1n la oralidad, la autor\u00eda, la idea de naci\u00f3n y las escenas locales. \u201cDoce casos de pr\u00e1cticas curatoriales expuestas por doce investigadores visuales, moderados por cuatro sentidos editoriales\u201d, es la propuesta del Primer Encuentro de Pr\u00e1cticas Curatoriales que se realizar\u00e1 el lunes [&hellip;]","og_url":"http:\/\/vientosur.top\/museo\/museo-violeta-parra-abre-inscripciones-para-participar-del-primer-encuentro-de-practicas-curatoriales\/","og_site_name":"Museo Violeta Parra","article_published_time":"2017-11-10T13:20:12+00:00","og_image":[{"width":1200,"height":826,"url":"http:\/\/vientosur.top\/museo\/wp-content\/uploads\/2017\/11\/Primer-Encuentro-MVP-2.png","type":"image\/png"}],"author":"admin","twitter_card":"summary_large_image","twitter_misc":{"Escrito por":"admin","Tiempo de lectura":"4 minutos"},"schema":{"@context":"https:\/\/schema.org","@graph":[{"@type":"WebPage","@id":"http:\/\/vientosur.top\/museo\/museo-violeta-parra-abre-inscripciones-para-participar-del-primer-encuentro-de-practicas-curatoriales\/","url":"http:\/\/vientosur.top\/museo\/museo-violeta-parra-abre-inscripciones-para-participar-del-primer-encuentro-de-practicas-curatoriales\/","name":"Museo Violeta Parra abre inscripciones para participar del Primer Encuentro de Pr\u00e1cticas Curatoriales - Museo Violeta Parra","isPartOf":{"@id":"http:\/\/vientosur.top\/museo\/#website"},"primaryImageOfPage":{"@id":"http:\/\/vientosur.top\/museo\/museo-violeta-parra-abre-inscripciones-para-participar-del-primer-encuentro-de-practicas-curatoriales\/#primaryimage"},"image":{"@id":"http:\/\/vientosur.top\/museo\/museo-violeta-parra-abre-inscripciones-para-participar-del-primer-encuentro-de-practicas-curatoriales\/#primaryimage"},"thumbnailUrl":"http:\/\/vientosur.top\/museo\/wp-content\/uploads\/2017\/11\/Primer-Encuentro-MVP-2.png","datePublished":"2017-11-10T13:20:12+00:00","author":{"@id":"http:\/\/vientosur.top\/museo\/#\/schema\/person\/20c79d3c38800971feec8c2693c3dd9c"},"breadcrumb":{"@id":"http:\/\/vientosur.top\/museo\/museo-violeta-parra-abre-inscripciones-para-participar-del-primer-encuentro-de-practicas-curatoriales\/#breadcrumb"},"inLanguage":"es","potentialAction":[{"@type":"ReadAction","target":["http:\/\/vientosur.top\/museo\/museo-violeta-parra-abre-inscripciones-para-participar-del-primer-encuentro-de-practicas-curatoriales\/"]}]},{"@type":"ImageObject","inLanguage":"es","@id":"http:\/\/vientosur.top\/museo\/museo-violeta-parra-abre-inscripciones-para-participar-del-primer-encuentro-de-practicas-curatoriales\/#primaryimage","url":"http:\/\/vientosur.top\/museo\/wp-content\/uploads\/2017\/11\/Primer-Encuentro-MVP-2.png","contentUrl":"http:\/\/vientosur.top\/museo\/wp-content\/uploads\/2017\/11\/Primer-Encuentro-MVP-2.png","width":1200,"height":826},{"@type":"BreadcrumbList","@id":"http:\/\/vientosur.top\/museo\/museo-violeta-parra-abre-inscripciones-para-participar-del-primer-encuentro-de-practicas-curatoriales\/#breadcrumb","itemListElement":[{"@type":"ListItem","position":1,"name":"Portada","item":"http:\/\/vientosur.top\/museo\/"},{"@type":"ListItem","position":2,"name":"Museo Violeta Parra abre inscripciones para participar del Primer Encuentro de Pr\u00e1cticas Curatoriales"}]},{"@type":"WebSite","@id":"http:\/\/vientosur.top\/museo\/#website","url":"http:\/\/vientosur.top\/museo\/","name":"Museo Violeta Parra","description":"Espacio que alberga tanto la memoria y legado creativo de la artista","potentialAction":[{"@type":"SearchAction","target":{"@type":"EntryPoint","urlTemplate":"http:\/\/vientosur.top\/museo\/?s={search_term_string}"},"query-input":{"@type":"PropertyValueSpecification","valueRequired":true,"valueName":"search_term_string"}}],"inLanguage":"es"},{"@type":"Person","@id":"http:\/\/vientosur.top\/museo\/#\/schema\/person\/20c79d3c38800971feec8c2693c3dd9c","name":"admin","image":{"@type":"ImageObject","inLanguage":"es","@id":"http:\/\/vientosur.top\/museo\/#\/schema\/person\/image\/","url":"https:\/\/secure.gravatar.com\/avatar\/713677ece3ffa642287213a80e5b773bce9ab81c269dd6d95102a990951c922f?s=96&d=mm&r=g","contentUrl":"https:\/\/secure.gravatar.com\/avatar\/713677ece3ffa642287213a80e5b773bce9ab81c269dd6d95102a990951c922f?s=96&d=mm&r=g","caption":"admin"},"sameAs":["http:\/\/vientosur.top\/museo"],"url":"http:\/\/vientosur.top\/museo\/author\/comunicacionesmvp\/"}]}},"_links":{"self":[{"href":"http:\/\/vientosur.top\/museo\/wp-json\/wp\/v2\/posts\/5969","targetHints":{"allow":["GET"]}}],"collection":[{"href":"http:\/\/vientosur.top\/museo\/wp-json\/wp\/v2\/posts"}],"about":[{"href":"http:\/\/vientosur.top\/museo\/wp-json\/wp\/v2\/types\/post"}],"author":[{"embeddable":true,"href":"http:\/\/vientosur.top\/museo\/wp-json\/wp\/v2\/users\/5"}],"replies":[{"embeddable":true,"href":"http:\/\/vientosur.top\/museo\/wp-json\/wp\/v2\/comments?post=5969"}],"version-history":[{"count":0,"href":"http:\/\/vientosur.top\/museo\/wp-json\/wp\/v2\/posts\/5969\/revisions"}],"wp:featuredmedia":[{"embeddable":true,"href":"http:\/\/vientosur.top\/museo\/wp-json\/wp\/v2\/media\/5953"}],"wp:attachment":[{"href":"http:\/\/vientosur.top\/museo\/wp-json\/wp\/v2\/media?parent=5969"}],"wp:term":[{"taxonomy":"category","embeddable":true,"href":"http:\/\/vientosur.top\/museo\/wp-json\/wp\/v2\/categories?post=5969"},{"taxonomy":"post_tag","embeddable":true,"href":"http:\/\/vientosur.top\/museo\/wp-json\/wp\/v2\/tags?post=5969"}],"curies":[{"name":"wp","href":"https:\/\/api.w.org\/{rel}","templated":true}]}}