{"id":6009,"date":"2017-11-16T15:15:03","date_gmt":"2017-11-16T15:15:03","guid":{"rendered":"http:\/\/vientosur.top\/museo\/\/?p=6009"},"modified":"2017-11-16T15:15:03","modified_gmt":"2017-11-16T15:15:03","slug":"museo-violeta-parra-e-integra-firman-acuerdo-para-difundir-el-legado-de-la-artista-nacional","status":"publish","type":"post","link":"http:\/\/vientosur.top\/museo\/museo-violeta-parra-e-integra-firman-acuerdo-para-difundir-el-legado-de-la-artista-nacional\/","title":{"rendered":"Museo Violeta Parra y Fundaci\u00f3n Integra firman acuerdo para difundir el legado de la artista nacional"},"content":{"rendered":"<p><em>Convenio se firma en el marco de los 100 a\u00f1os del natalicio de la creadora y acercar\u00e1 su obra a ni\u00f1os y ni\u00f1as de Fundaci\u00f3n Integra.<\/em>En el marco de los 100 a\u00f1os del natalicio de la destacada cantautora Violeta Parra, la red nacional de salas cuna y jardines infantiles Integra y la Fundaci\u00f3n Museo Violeta Parra firmaron este jueves un convenio de colaboraci\u00f3n que permitir\u00e1 acercar la importante obra art\u00edstica a ni\u00f1os y ni\u00f1as que asisten a la instituci\u00f3n parvularia.El acuerdo incluye visitas mediadas de los programas de educaci\u00f3n inicial, como \u201cEl \u00e1rbol de la vida\u201d y \u201c\u00c9rase una vez Violeta\u201d, los cuales fomentan la exploraci\u00f3n de los sentidos a trav\u00e9s de la m\u00fasica, el bordado, la pintura y las tradiciones populares; difusi\u00f3n de los talleres gratuitos de fin de semana impartidos en el museo; y la visita a algunos jardines infantiles del proyecto itinerante \u201cLa Maleta de Violeta\u201d.La directora nacional de Integra, Oriele Rossel, enfatiz\u00f3 que\u00a0\u201ca trav\u00e9s de esta iniciativa ense\u00f1amos desde la primera infancia el respeto y el valor de nuestras tradiciones culturales. La m\u00fasica, el arte y la creatividad de Violeta Parra est\u00e1n presentes en muchas de las experiencias educativas que viven nuestros 88 mil ni\u00f1os y ni\u00f1as en todo Chile. Acercar a los ni\u00f1os y ni\u00f1as a nuestra cultura y especialmente a la figura de Violeta es una forma de construir identidad\u00a0desde los primeros a\u00f1os de vida\u201d.En ese aspecto, la directora del Museo Violeta Parra, Cecilia Garc\u00eda-Huidobro, expres\u00f3 que \u201cnos alegra mucho establecer esta alianza con Fundaci\u00f3n Integra, organizaci\u00f3n que cuenta con m\u00e1s de 1.200 salas cuna y jardines infantiles gratuitos en el pa\u00eds. El plan de trabajo establecido permitir\u00e1 que nos visiten los ni\u00f1os y ni\u00f1as de Integra, as\u00ed como tambi\u00e9n sus funcionarios, quienes podr\u00e1n conocer m\u00e1s del legado art\u00edstico y cultural de Violeta\u201d.\u201cTambi\u00e9n quiero destacar que, gracias al convenio que suscribimos hoy, \u201cLa Maleta de Violeta\u201d podr\u00e1 visitar diversos jardines infantiles, contribuyendo as\u00ed a llevar el museo a diversos sitios\u201d, a\u00f1adi\u00f3.La instituci\u00f3n que difunde la vida y obra de la artista fue inaugurada el 4 de octubre de 2015, por la Presidenta de la Rep\u00fablica, Michelle Bachelet.Integra pertenece a la Red de Fundaciones de la Direcci\u00f3n Sociocultural de la Presidencia de la Rep\u00fablica. Con 27 a\u00f1os de experiencia, es el prestador de educaci\u00f3n parvularia m\u00e1s grande de Chile.&nbsp;<a href=\"https:\/\/www.facebook.com\/media\/set\/?set=ms.c.eJw1yMERACAMArCNvAJKy~{9ad45858cf65d5dbd28c293160045998eabc8b7a5d99a9051855ea2e64ecdf24}3B6L~_dE8w8J078Ip0e3FH3CirRcDwpmIFwELCiM~-.bps.a.2018773995032678.1073742510.1619584511618297&amp;type=3\" target=\"_blank\" rel=\"noopener noreferrer\"><strong>Ver galer\u00eda de im\u00e1genes<\/strong><\/a>&nbsp;&nbsp;<\/p>\n","protected":false},"excerpt":{"rendered":"<p>Convenio se firma en el marco de los 100 a\u00f1os del natalicio de la creadora y acercar\u00e1 su obra a ni\u00f1os y ni\u00f1as de Fundaci\u00f3n Integra.En el marco de los 100 a\u00f1os del natalicio de la destacada cantautora Violeta Parra, la red nacional de salas cuna y jardines infantiles Integra y la Fundaci\u00f3n Museo Violeta [&hellip;]<\/p>\n","protected":false},"author":5,"featured_media":6014,"comment_status":"open","ping_status":"open","sticky":false,"template":"","format":"standard","meta":{"site-sidebar-layout":"default","site-content-layout":"","ast-site-content-layout":"default","site-content-style":"default","site-sidebar-style":"default","ast-global-header-display":"","ast-banner-title-visibility":"","ast-main-header-display":"","ast-hfb-above-header-display":"","ast-hfb-below-header-display":"","ast-hfb-mobile-header-display":"","site-post-title":"","ast-breadcrumbs-content":"","ast-featured-img":"","footer-sml-layout":"","theme-transparent-header-meta":"","adv-header-id-meta":"","stick-header-meta":"","header-above-stick-meta":"","header-main-stick-meta":"","header-below-stick-meta":"","astra-migrate-meta-layouts":"default","ast-page-background-enabled":"default","ast-page-background-meta":{"desktop":{"background-color":"var(--ast-global-color-4)","background-image":"","background-repeat":"repeat","background-position":"center center","background-size":"auto","background-attachment":"scroll","background-type":"","background-media":"","overlay-type":"","overlay-color":"","overlay-opacity":"","overlay-gradient":""},"tablet":{"background-color":"","background-image":"","background-repeat":"repeat","background-position":"center center","background-size":"auto","background-attachment":"scroll","background-type":"","background-media":"","overlay-type":"","overlay-color":"","overlay-opacity":"","overlay-gradient":""},"mobile":{"background-color":"","background-image":"","background-repeat":"repeat","background-position":"center center","background-size":"auto","background-attachment":"scroll","background-type":"","background-media":"","overlay-type":"","overlay-color":"","overlay-opacity":"","overlay-gradient":""}},"ast-content-background-meta":{"desktop":{"background-color":"var(--ast-global-color-5)","background-image":"","background-repeat":"repeat","background-position":"center center","background-size":"auto","background-attachment":"scroll","background-type":"","background-media":"","overlay-type":"","overlay-color":"","overlay-opacity":"","overlay-gradient":""},"tablet":{"background-color":"var(--ast-global-color-5)","background-image":"","background-repeat":"repeat","background-position":"center center","background-size":"auto","background-attachment":"scroll","background-type":"","background-media":"","overlay-type":"","overlay-color":"","overlay-opacity":"","overlay-gradient":""},"mobile":{"background-color":"var(--ast-global-color-5)","background-image":"","background-repeat":"repeat","background-position":"center center","background-size":"auto","background-attachment":"scroll","background-type":"","background-media":"","overlay-type":"","overlay-color":"","overlay-opacity":"","overlay-gradient":""}},"footnotes":""},"categories":[59,8,61],"tags":[],"class_list":["post-6009","post","type-post","status-publish","format-standard","has-post-thumbnail","hentry","category-destacado-noticia","category-noticias","category-novedades"],"yoast_head":"<!-- This site is optimized with the Yoast SEO plugin v25.4 - https:\/\/yoast.com\/wordpress\/plugins\/seo\/ -->\n<title>Museo Violeta Parra y Fundaci\u00f3n Integra firman acuerdo para difundir el legado de la artista nacional - Museo Violeta Parra<\/title>\n<meta name=\"robots\" content=\"index, follow, max-snippet:-1, max-image-preview:large, max-video-preview:-1\" \/>\n<link rel=\"canonical\" href=\"http:\/\/vientosur.top\/museo\/museo-violeta-parra-e-integra-firman-acuerdo-para-difundir-el-legado-de-la-artista-nacional\/\" \/>\n<meta property=\"og:locale\" content=\"es_ES\" \/>\n<meta property=\"og:type\" content=\"article\" \/>\n<meta property=\"og:title\" content=\"Museo Violeta Parra y Fundaci\u00f3n Integra firman acuerdo para difundir el legado de la artista nacional - Museo Violeta Parra\" \/>\n<meta property=\"og:description\" content=\"Convenio se firma en el marco de los 100 a\u00f1os del natalicio de la creadora y acercar\u00e1 su obra a ni\u00f1os y ni\u00f1as de Fundaci\u00f3n Integra.En el marco de los 100 a\u00f1os del natalicio de la destacada cantautora Violeta Parra, la red nacional de salas cuna y jardines infantiles Integra y la Fundaci\u00f3n Museo Violeta [&hellip;]\" \/>\n<meta property=\"og:url\" content=\"http:\/\/vientosur.top\/museo\/museo-violeta-parra-e-integra-firman-acuerdo-para-difundir-el-legado-de-la-artista-nacional\/\" \/>\n<meta property=\"og:site_name\" content=\"Museo Violeta Parra\" \/>\n<meta property=\"article:published_time\" content=\"2017-11-16T15:15:03+00:00\" \/>\n<meta property=\"og:image\" content=\"http:\/\/vientosur.top\/museo\/wp-content\/uploads\/2017\/11\/museointegra-1.jpg\" \/>\n\t<meta property=\"og:image:width\" content=\"1200\" \/>\n\t<meta property=\"og:image:height\" content=\"779\" \/>\n\t<meta property=\"og:image:type\" content=\"image\/jpeg\" \/>\n<meta name=\"author\" content=\"admin\" \/>\n<meta name=\"twitter:card\" content=\"summary_large_image\" \/>\n<meta name=\"twitter:label1\" content=\"Escrito por\" \/>\n\t<meta name=\"twitter:data1\" content=\"admin\" \/>\n\t<meta name=\"twitter:label2\" content=\"Tiempo de lectura\" \/>\n\t<meta name=\"twitter:data2\" content=\"2 minutos\" \/>\n<script type=\"application\/ld+json\" class=\"yoast-schema-graph\">{\"@context\":\"https:\/\/schema.org\",\"@graph\":[{\"@type\":\"WebPage\",\"@id\":\"http:\/\/vientosur.top\/museo\/museo-violeta-parra-e-integra-firman-acuerdo-para-difundir-el-legado-de-la-artista-nacional\/\",\"url\":\"http:\/\/vientosur.top\/museo\/museo-violeta-parra-e-integra-firman-acuerdo-para-difundir-el-legado-de-la-artista-nacional\/\",\"name\":\"Museo Violeta Parra y Fundaci\u00f3n Integra firman acuerdo para difundir el legado de la artista nacional - Museo Violeta Parra\",\"isPartOf\":{\"@id\":\"http:\/\/vientosur.top\/museo\/#website\"},\"primaryImageOfPage\":{\"@id\":\"http:\/\/vientosur.top\/museo\/museo-violeta-parra-e-integra-firman-acuerdo-para-difundir-el-legado-de-la-artista-nacional\/#primaryimage\"},\"image\":{\"@id\":\"http:\/\/vientosur.top\/museo\/museo-violeta-parra-e-integra-firman-acuerdo-para-difundir-el-legado-de-la-artista-nacional\/#primaryimage\"},\"thumbnailUrl\":\"http:\/\/vientosur.top\/museo\/wp-content\/uploads\/2017\/11\/museointegra-1.jpg\",\"datePublished\":\"2017-11-16T15:15:03+00:00\",\"author\":{\"@id\":\"http:\/\/vientosur.top\/museo\/#\/schema\/person\/20c79d3c38800971feec8c2693c3dd9c\"},\"breadcrumb\":{\"@id\":\"http:\/\/vientosur.top\/museo\/museo-violeta-parra-e-integra-firman-acuerdo-para-difundir-el-legado-de-la-artista-nacional\/#breadcrumb\"},\"inLanguage\":\"es\",\"potentialAction\":[{\"@type\":\"ReadAction\",\"target\":[\"http:\/\/vientosur.top\/museo\/museo-violeta-parra-e-integra-firman-acuerdo-para-difundir-el-legado-de-la-artista-nacional\/\"]}]},{\"@type\":\"ImageObject\",\"inLanguage\":\"es\",\"@id\":\"http:\/\/vientosur.top\/museo\/museo-violeta-parra-e-integra-firman-acuerdo-para-difundir-el-legado-de-la-artista-nacional\/#primaryimage\",\"url\":\"http:\/\/vientosur.top\/museo\/wp-content\/uploads\/2017\/11\/museointegra-1.jpg\",\"contentUrl\":\"http:\/\/vientosur.top\/museo\/wp-content\/uploads\/2017\/11\/museointegra-1.jpg\",\"width\":1200,\"height\":779},{\"@type\":\"BreadcrumbList\",\"@id\":\"http:\/\/vientosur.top\/museo\/museo-violeta-parra-e-integra-firman-acuerdo-para-difundir-el-legado-de-la-artista-nacional\/#breadcrumb\",\"itemListElement\":[{\"@type\":\"ListItem\",\"position\":1,\"name\":\"Portada\",\"item\":\"http:\/\/vientosur.top\/museo\/\"},{\"@type\":\"ListItem\",\"position\":2,\"name\":\"Museo Violeta Parra y Fundaci\u00f3n Integra firman acuerdo para difundir el legado de la artista nacional\"}]},{\"@type\":\"WebSite\",\"@id\":\"http:\/\/vientosur.top\/museo\/#website\",\"url\":\"http:\/\/vientosur.top\/museo\/\",\"name\":\"Museo Violeta Parra\",\"description\":\"Espacio que alberga tanto la memoria y legado creativo de la artista\",\"potentialAction\":[{\"@type\":\"SearchAction\",\"target\":{\"@type\":\"EntryPoint\",\"urlTemplate\":\"http:\/\/vientosur.top\/museo\/?s={search_term_string}\"},\"query-input\":{\"@type\":\"PropertyValueSpecification\",\"valueRequired\":true,\"valueName\":\"search_term_string\"}}],\"inLanguage\":\"es\"},{\"@type\":\"Person\",\"@id\":\"http:\/\/vientosur.top\/museo\/#\/schema\/person\/20c79d3c38800971feec8c2693c3dd9c\",\"name\":\"admin\",\"image\":{\"@type\":\"ImageObject\",\"inLanguage\":\"es\",\"@id\":\"http:\/\/vientosur.top\/museo\/#\/schema\/person\/image\/\",\"url\":\"https:\/\/secure.gravatar.com\/avatar\/713677ece3ffa642287213a80e5b773bce9ab81c269dd6d95102a990951c922f?s=96&d=mm&r=g\",\"contentUrl\":\"https:\/\/secure.gravatar.com\/avatar\/713677ece3ffa642287213a80e5b773bce9ab81c269dd6d95102a990951c922f?s=96&d=mm&r=g\",\"caption\":\"admin\"},\"sameAs\":[\"http:\/\/vientosur.top\/museo\"],\"url\":\"http:\/\/vientosur.top\/museo\/author\/comunicacionesmvp\/\"}]}<\/script>\n<!-- \/ Yoast SEO plugin. -->","yoast_head_json":{"title":"Museo Violeta Parra y Fundaci\u00f3n Integra firman acuerdo para difundir el legado de la artista nacional - Museo Violeta Parra","robots":{"index":"index","follow":"follow","max-snippet":"max-snippet:-1","max-image-preview":"max-image-preview:large","max-video-preview":"max-video-preview:-1"},"canonical":"http:\/\/vientosur.top\/museo\/museo-violeta-parra-e-integra-firman-acuerdo-para-difundir-el-legado-de-la-artista-nacional\/","og_locale":"es_ES","og_type":"article","og_title":"Museo Violeta Parra y Fundaci\u00f3n Integra firman acuerdo para difundir el legado de la artista nacional - Museo Violeta Parra","og_description":"Convenio se firma en el marco de los 100 a\u00f1os del natalicio de la creadora y acercar\u00e1 su obra a ni\u00f1os y ni\u00f1as de Fundaci\u00f3n Integra.En el marco de los 100 a\u00f1os del natalicio de la destacada cantautora Violeta Parra, la red nacional de salas cuna y jardines infantiles Integra y la Fundaci\u00f3n Museo Violeta [&hellip;]","og_url":"http:\/\/vientosur.top\/museo\/museo-violeta-parra-e-integra-firman-acuerdo-para-difundir-el-legado-de-la-artista-nacional\/","og_site_name":"Museo Violeta Parra","article_published_time":"2017-11-16T15:15:03+00:00","og_image":[{"width":1200,"height":779,"url":"http:\/\/vientosur.top\/museo\/wp-content\/uploads\/2017\/11\/museointegra-1.jpg","type":"image\/jpeg"}],"author":"admin","twitter_card":"summary_large_image","twitter_misc":{"Escrito por":"admin","Tiempo de lectura":"2 minutos"},"schema":{"@context":"https:\/\/schema.org","@graph":[{"@type":"WebPage","@id":"http:\/\/vientosur.top\/museo\/museo-violeta-parra-e-integra-firman-acuerdo-para-difundir-el-legado-de-la-artista-nacional\/","url":"http:\/\/vientosur.top\/museo\/museo-violeta-parra-e-integra-firman-acuerdo-para-difundir-el-legado-de-la-artista-nacional\/","name":"Museo Violeta Parra y Fundaci\u00f3n Integra firman acuerdo para difundir el legado de la artista nacional - Museo Violeta Parra","isPartOf":{"@id":"http:\/\/vientosur.top\/museo\/#website"},"primaryImageOfPage":{"@id":"http:\/\/vientosur.top\/museo\/museo-violeta-parra-e-integra-firman-acuerdo-para-difundir-el-legado-de-la-artista-nacional\/#primaryimage"},"image":{"@id":"http:\/\/vientosur.top\/museo\/museo-violeta-parra-e-integra-firman-acuerdo-para-difundir-el-legado-de-la-artista-nacional\/#primaryimage"},"thumbnailUrl":"http:\/\/vientosur.top\/museo\/wp-content\/uploads\/2017\/11\/museointegra-1.jpg","datePublished":"2017-11-16T15:15:03+00:00","author":{"@id":"http:\/\/vientosur.top\/museo\/#\/schema\/person\/20c79d3c38800971feec8c2693c3dd9c"},"breadcrumb":{"@id":"http:\/\/vientosur.top\/museo\/museo-violeta-parra-e-integra-firman-acuerdo-para-difundir-el-legado-de-la-artista-nacional\/#breadcrumb"},"inLanguage":"es","potentialAction":[{"@type":"ReadAction","target":["http:\/\/vientosur.top\/museo\/museo-violeta-parra-e-integra-firman-acuerdo-para-difundir-el-legado-de-la-artista-nacional\/"]}]},{"@type":"ImageObject","inLanguage":"es","@id":"http:\/\/vientosur.top\/museo\/museo-violeta-parra-e-integra-firman-acuerdo-para-difundir-el-legado-de-la-artista-nacional\/#primaryimage","url":"http:\/\/vientosur.top\/museo\/wp-content\/uploads\/2017\/11\/museointegra-1.jpg","contentUrl":"http:\/\/vientosur.top\/museo\/wp-content\/uploads\/2017\/11\/museointegra-1.jpg","width":1200,"height":779},{"@type":"BreadcrumbList","@id":"http:\/\/vientosur.top\/museo\/museo-violeta-parra-e-integra-firman-acuerdo-para-difundir-el-legado-de-la-artista-nacional\/#breadcrumb","itemListElement":[{"@type":"ListItem","position":1,"name":"Portada","item":"http:\/\/vientosur.top\/museo\/"},{"@type":"ListItem","position":2,"name":"Museo Violeta Parra y Fundaci\u00f3n Integra firman acuerdo para difundir el legado de la artista nacional"}]},{"@type":"WebSite","@id":"http:\/\/vientosur.top\/museo\/#website","url":"http:\/\/vientosur.top\/museo\/","name":"Museo Violeta Parra","description":"Espacio que alberga tanto la memoria y legado creativo de la artista","potentialAction":[{"@type":"SearchAction","target":{"@type":"EntryPoint","urlTemplate":"http:\/\/vientosur.top\/museo\/?s={search_term_string}"},"query-input":{"@type":"PropertyValueSpecification","valueRequired":true,"valueName":"search_term_string"}}],"inLanguage":"es"},{"@type":"Person","@id":"http:\/\/vientosur.top\/museo\/#\/schema\/person\/20c79d3c38800971feec8c2693c3dd9c","name":"admin","image":{"@type":"ImageObject","inLanguage":"es","@id":"http:\/\/vientosur.top\/museo\/#\/schema\/person\/image\/","url":"https:\/\/secure.gravatar.com\/avatar\/713677ece3ffa642287213a80e5b773bce9ab81c269dd6d95102a990951c922f?s=96&d=mm&r=g","contentUrl":"https:\/\/secure.gravatar.com\/avatar\/713677ece3ffa642287213a80e5b773bce9ab81c269dd6d95102a990951c922f?s=96&d=mm&r=g","caption":"admin"},"sameAs":["http:\/\/vientosur.top\/museo"],"url":"http:\/\/vientosur.top\/museo\/author\/comunicacionesmvp\/"}]}},"_links":{"self":[{"href":"http:\/\/vientosur.top\/museo\/wp-json\/wp\/v2\/posts\/6009","targetHints":{"allow":["GET"]}}],"collection":[{"href":"http:\/\/vientosur.top\/museo\/wp-json\/wp\/v2\/posts"}],"about":[{"href":"http:\/\/vientosur.top\/museo\/wp-json\/wp\/v2\/types\/post"}],"author":[{"embeddable":true,"href":"http:\/\/vientosur.top\/museo\/wp-json\/wp\/v2\/users\/5"}],"replies":[{"embeddable":true,"href":"http:\/\/vientosur.top\/museo\/wp-json\/wp\/v2\/comments?post=6009"}],"version-history":[{"count":0,"href":"http:\/\/vientosur.top\/museo\/wp-json\/wp\/v2\/posts\/6009\/revisions"}],"wp:featuredmedia":[{"embeddable":true,"href":"http:\/\/vientosur.top\/museo\/wp-json\/wp\/v2\/media\/6014"}],"wp:attachment":[{"href":"http:\/\/vientosur.top\/museo\/wp-json\/wp\/v2\/media?parent=6009"}],"wp:term":[{"taxonomy":"category","embeddable":true,"href":"http:\/\/vientosur.top\/museo\/wp-json\/wp\/v2\/categories?post=6009"},{"taxonomy":"post_tag","embeddable":true,"href":"http:\/\/vientosur.top\/museo\/wp-json\/wp\/v2\/tags?post=6009"}],"curies":[{"name":"wp","href":"https:\/\/api.w.org\/{rel}","templated":true}]}}