{"id":6047,"date":"2017-11-22T14:10:40","date_gmt":"2017-11-22T14:10:40","guid":{"rendered":"http:\/\/vientosur.top\/museo\/\/?p=6047"},"modified":"2017-11-22T14:10:40","modified_gmt":"2017-11-22T14:10:40","slug":"elena-alfaro-directora-del-programa-de-artesania-uc-la-obra-visual-de-violeta-parra-pone-a-prueba-los-limites-entre-el-arte-y-la-artesania","status":"publish","type":"post","link":"http:\/\/vientosur.top\/museo\/elena-alfaro-directora-del-programa-de-artesania-uc-la-obra-visual-de-violeta-parra-pone-a-prueba-los-limites-entre-el-arte-y-la-artesania\/","title":{"rendered":"Elena Alfaro, Directora del Programa de Artesan\u00eda UC: \u00abLa obra visual de Violeta Parra pone a prueba los l\u00edmites entre el arte y la artesan\u00eda\u00bb"},"content":{"rendered":"<p><strong>\u201cVioleta Artesana\u201d es el tema central de la 44 versi\u00f3n de la Muestra\u00a0de Artesan\u00eda UC, que se desarrollar\u00e1 entre el 1 y el<\/strong><br \/>\n<strong> 10 de diciembre en el Parque Bustamante. Conversamos con Elena Alfaro,\u00a0Directora del Programa de Artesan\u00eda de la Universidad Cat\u00f3lica, sobre esta exhibici\u00f3n \u2014patrocinada por el Museo Violeta Parra\u2014 en la que participar\u00e1n m\u00e1s de 100 artesanos de Chile y el mundo.\u00a0<\/strong><\/p>\n<p>&nbsp;<\/p>\n<p>&nbsp;<\/p>\n<p><strong>\u2014Violeta Parra expuso en la Feria de Artes Pl\u00e1sticas del Parque Forestal. \u00bfC\u00f3mo se vincula esta instancia con la Muestra de Artesan\u00eda UC?<br \/>\n<\/strong>\u2014La Muestra de Artesan\u00eda UC est\u00e1 inspirada en las Ferias de Artes Pl\u00e1sticas del Parque Forestal, en las que expon\u00eda Violeta Parra, junto otros artistas y artesanos.<\/p>\n<p>En 1974 se realiza la Primera Feria de Artesan\u00eda Tradicional, a cargo de Lorenzo Berg y por encargo de Patricio Gross, como vicerrector de comunicaciones UC; con la participaci\u00f3n de 60 artesanos tradicionales. Tanto Berg, como Gross, hab\u00edan formado parte de la organizaci\u00f3n de las iniciativas del Parque Forestal a\u00f1os antes, experiencia que sirvi\u00f3 para crear este espacio desde la Universidad Cat\u00f3lica, cuyo objetivo es poner en valor la artesan\u00eda y a sus creadores, y aportar a la permanencia de los oficios artesanales brindando una oportunidad de comercializaci\u00f3n directa para artesanos tradicionales de todo Chile y que sum\u00f3 a cultores de toda Latinoam\u00e9rica a partir de 1978. Desde esa primera versi\u00f3n, la Muestra se ha realizado ininterrumpidamente cada a\u00f1o hasta hoy, perseverado en sus objetivos y convirti\u00e9ndose en el mayor y m\u00e1s antiguo evento en su tipo en Chile.<\/p>\n<p><strong><br \/>\n\u2014Este a\u00f1o la Feria se titula \u00abVioleta artesana\u00bb. \u00bfDe qu\u00e9 forma se realizar\u00e1 el homenaje a la artista?<br \/>\n<\/strong><strong>\u2014<\/strong>Cada a\u00f1o la Muestra de Artesan\u00eda UC tiene un tema central, que nos permite vincular la artesan\u00eda con otras miradas o manifestaciones del Patrimonio Cultural Inmaterial, ampliar el relato y la curator\u00eda del encuentro cultural e incrementar el impacto del mismo.<\/p>\n<p>Este enfoque se materializa a trav\u00e9s de 20 invitados especiales que son artesanos y artesanas que se instalan en el pasillo Central de la Muestra y que este a\u00f1o re\u00fane a cultores cuyos oficios fueron relevados o tienen relaci\u00f3n t\u00e9cnica y con el imaginario de la obra de Violeta, cautelando incorporar a artesanos\/as que com\u00fanmente no participan en el evento por poseer perfiles de innovaci\u00f3n o realizar oficios urbanos.<\/p>\n<p>Es as\u00ed como una selecci\u00f3n de bordados de poblados rurales como Lihueimo o Ninhue se mezclar\u00e1n con propuestas urbanas de San Bernardo e Independencia y otras expresiones tradicionales de M\u00e9xico e India, por nombrar algunas. Tambi\u00e9n estar\u00e1n presentes la cer\u00e1mica, el alambre y el papel mach\u00e9. Todas estas, manifestaciones que est\u00e1n presentes en la obra visual de Violeta.<\/p>\n<p>A esta selecci\u00f3n especial, se suman m\u00e1s de 100 artesanos nacionales y extranjeros, que representan una amplia gama de rubros artesanales de todo Chile y gran parte de Am\u00e9rica Latina.<\/p>\n<p>Cabe destacar que, como cada a\u00f1o, la Muestra de Artesan\u00eda desarrolla un <a href=\"http:\/\/artesania.uc.cl\/#agenda\" target=\"_blank\" rel=\"noopener noreferrer\">nutrido programa de actividades<\/a>\u00a0que incluye talleres, demostraciones, visitas guiadas para adultos y ni\u00f1os, adem\u00e1s de presentaciones musicales los fines de semana que este a\u00f1o est\u00e1n reservadas a las mujeres, contexto en que se presentar\u00e1 Isabel Parra, el d\u00eda s\u00e1bado 9 de diciembre a las 19:30 horas, lo cual nos tiene muy contentas. As\u00ed, con artesan\u00edas, m\u00fasica y una gran fiesta de cultura homenajearemos a Violeta Parra.<\/p>\n<p>&nbsp;<\/p>\n<p><strong>\u2014\u00bfQu\u00e9 importancia tiene la obra de Violeta Parra para la artesan\u00eda chilena?<br \/>\n<\/strong>\u2014La obra visual de Violeta Parra pone a prueba los l\u00edmites entre el arte y la artesan\u00eda, as\u00ed como su creaci\u00f3n e investigaci\u00f3n desdibuja la l\u00ednea entre m\u00fasica y poes\u00eda. Todas estas manifestaciones se entienden dentro del mismo impulso creativo, ligado a una vocaci\u00f3n por la belleza del mundo campesino y rural, que la artista visibiliz\u00f3.<\/p>\n<p>La primera chilena en exponer en el Louvre, lo hizo con obras que dan cuenta de una desbordante creatividad expresada en oficios que pertenecen al \u00e1mbito de lo cotidiano y lo popular, y que \u2013antes de estar en los museos- estuvieron en las ferias al lado de artistas y artesanos. \u00a0En este contexto, la figura de Violeta Parra como artesana, nos permite valorar la dimensi\u00f3n de los artesanos como artistas.<\/p>\n<p>Hay en Violeta y los artesanos, inexistentes separaciones entre vida, creaci\u00f3n y trabajo. En el caso de los artesanos, en la casa se trabaja, se cuida a los ni\u00f1os al tiempo que se les ense\u00f1an las t\u00e9cnicas que se han trasmitido de generaci\u00f3n en generaci\u00f3n. En el mismo espacio o muy cerca, se cuida, se extrae o recolecta la materia prima para la producci\u00f3n y desde ese mismo entorno se recrean los imaginarios que nutren su creatividad. Hay en estos l\u00edmites difusos, vasos comunicantes entre la creaci\u00f3n artesanal y la obra de Violeta Parra que nos presentan una oportunidad de puesta en valor.<\/p>\n<p>&nbsp;<\/p>\n<p><strong>\u2014\u00bfAlgo m\u00e1s que quisiera agregar?<br \/>\n\u2014<\/strong>Para m\u00e1s informaci\u00f3n sobre horarios, actividades, etc. Los invitamos a <a href=\"http:\/\/www.artesania.uc.cl\" target=\"_blank\" rel=\"noopener noreferrer\">visitar nuestro sitio web<\/a> y <a href=\"https:\/\/www.facebook.com\/artesaniauc\/?fref=ts\" target=\"_blank\" rel=\"noopener noreferrer\">seguirnos en Facebook<\/a> e <a href=\"https:\/\/www.instagram.com\/artesaniauc\/\" target=\"_blank\" rel=\"noopener noreferrer\">Instagram<\/a>.<\/p>\n<p>&nbsp;<\/p>\n<p>&nbsp;<\/p>\n<p><a href=\"http:\/\/artesania.uc.cl\/\" target=\"_blank\" rel=\"noopener noreferrer\"><strong>44 Muestra Internacional de Artesan\u00eda UC \u00abVioleta artesana\u00bb<\/strong><\/a><br \/>\n<strong>1 al 10 de diciembre \/\u00a0Parque Bustamante \/ 11:00 a 21:00 horas\u00a0<\/strong><br \/>\n<strong>Valores: $3.000 general, $2000 estudiantes y tercera edad<\/strong><br \/>\n<strong>Lunes, martes y mi\u00e9rcoles todo el p\u00fablico 2&#215;1 con entrada general\u00a0<\/strong><\/p>\n<p>&nbsp;<\/p>\n<p>&nbsp;<\/p>\n","protected":false},"excerpt":{"rendered":"<p>\u201cVioleta Artesana\u201d es el tema central de la 44 versi\u00f3n de la Muestra\u00a0de Artesan\u00eda UC, que se desarrollar\u00e1 entre el 1 y el 10 de diciembre en el Parque Bustamante. Conversamos con Elena Alfaro,\u00a0Directora del Programa de Artesan\u00eda de la Universidad Cat\u00f3lica, sobre esta exhibici\u00f3n \u2014patrocinada por el Museo Violeta Parra\u2014 en la que participar\u00e1n [&hellip;]<\/p>\n","protected":false},"author":5,"featured_media":6048,"comment_status":"open","ping_status":"open","sticky":false,"template":"","format":"standard","meta":{"site-sidebar-layout":"default","site-content-layout":"","ast-site-content-layout":"default","site-content-style":"default","site-sidebar-style":"default","ast-global-header-display":"","ast-banner-title-visibility":"","ast-main-header-display":"","ast-hfb-above-header-display":"","ast-hfb-below-header-display":"","ast-hfb-mobile-header-display":"","site-post-title":"","ast-breadcrumbs-content":"","ast-featured-img":"","footer-sml-layout":"","theme-transparent-header-meta":"","adv-header-id-meta":"","stick-header-meta":"","header-above-stick-meta":"","header-main-stick-meta":"","header-below-stick-meta":"","astra-migrate-meta-layouts":"default","ast-page-background-enabled":"default","ast-page-background-meta":{"desktop":{"background-color":"var(--ast-global-color-4)","background-image":"","background-repeat":"repeat","background-position":"center center","background-size":"auto","background-attachment":"scroll","background-type":"","background-media":"","overlay-type":"","overlay-color":"","overlay-opacity":"","overlay-gradient":""},"tablet":{"background-color":"","background-image":"","background-repeat":"repeat","background-position":"center center","background-size":"auto","background-attachment":"scroll","background-type":"","background-media":"","overlay-type":"","overlay-color":"","overlay-opacity":"","overlay-gradient":""},"mobile":{"background-color":"","background-image":"","background-repeat":"repeat","background-position":"center center","background-size":"auto","background-attachment":"scroll","background-type":"","background-media":"","overlay-type":"","overlay-color":"","overlay-opacity":"","overlay-gradient":""}},"ast-content-background-meta":{"desktop":{"background-color":"var(--ast-global-color-5)","background-image":"","background-repeat":"repeat","background-position":"center center","background-size":"auto","background-attachment":"scroll","background-type":"","background-media":"","overlay-type":"","overlay-color":"","overlay-opacity":"","overlay-gradient":""},"tablet":{"background-color":"var(--ast-global-color-5)","background-image":"","background-repeat":"repeat","background-position":"center center","background-size":"auto","background-attachment":"scroll","background-type":"","background-media":"","overlay-type":"","overlay-color":"","overlay-opacity":"","overlay-gradient":""},"mobile":{"background-color":"var(--ast-global-color-5)","background-image":"","background-repeat":"repeat","background-position":"center center","background-size":"auto","background-attachment":"scroll","background-type":"","background-media":"","overlay-type":"","overlay-color":"","overlay-opacity":"","overlay-gradient":""}},"footnotes":""},"categories":[59,8,61],"tags":[],"class_list":["post-6047","post","type-post","status-publish","format-standard","has-post-thumbnail","hentry","category-destacado-noticia","category-noticias","category-novedades"],"yoast_head":"<!-- This site is optimized with the Yoast SEO plugin v25.4 - https:\/\/yoast.com\/wordpress\/plugins\/seo\/ -->\n<title>Elena Alfaro, Directora del Programa de Artesan\u00eda UC: &quot;La obra visual de Violeta Parra pone a prueba los l\u00edmites entre el arte y la artesan\u00eda&quot; - Museo Violeta Parra<\/title>\n<meta name=\"robots\" content=\"index, follow, max-snippet:-1, max-image-preview:large, max-video-preview:-1\" \/>\n<link rel=\"canonical\" href=\"http:\/\/vientosur.top\/museo\/elena-alfaro-directora-del-programa-de-artesania-uc-la-obra-visual-de-violeta-parra-pone-a-prueba-los-limites-entre-el-arte-y-la-artesania\/\" \/>\n<meta property=\"og:locale\" content=\"es_ES\" \/>\n<meta property=\"og:type\" content=\"article\" \/>\n<meta property=\"og:title\" content=\"Elena Alfaro, Directora del Programa de Artesan\u00eda UC: &quot;La obra visual de Violeta Parra pone a prueba los l\u00edmites entre el arte y la artesan\u00eda&quot; - Museo Violeta Parra\" \/>\n<meta property=\"og:description\" content=\"\u201cVioleta Artesana\u201d es el tema central de la 44 versi\u00f3n de la Muestra\u00a0de Artesan\u00eda UC, que se desarrollar\u00e1 entre el 1 y el 10 de diciembre en el Parque Bustamante. Conversamos con Elena Alfaro,\u00a0Directora del Programa de Artesan\u00eda de la Universidad Cat\u00f3lica, sobre esta exhibici\u00f3n \u2014patrocinada por el Museo Violeta Parra\u2014 en la que participar\u00e1n [&hellip;]\" \/>\n<meta property=\"og:url\" content=\"http:\/\/vientosur.top\/museo\/elena-alfaro-directora-del-programa-de-artesania-uc-la-obra-visual-de-violeta-parra-pone-a-prueba-los-limites-entre-el-arte-y-la-artesania\/\" \/>\n<meta property=\"og:site_name\" content=\"Museo Violeta Parra\" \/>\n<meta property=\"article:published_time\" content=\"2017-11-22T14:10:40+00:00\" \/>\n<meta property=\"og:image\" content=\"http:\/\/vientosur.top\/museo\/wp-content\/uploads\/2017\/11\/violetaartesana-e1512613042728.jpg\" \/>\n\t<meta property=\"og:image:width\" content=\"753\" \/>\n\t<meta property=\"og:image:height\" content=\"564\" \/>\n\t<meta property=\"og:image:type\" content=\"image\/jpeg\" \/>\n<meta name=\"author\" content=\"admin\" \/>\n<meta name=\"twitter:card\" content=\"summary_large_image\" \/>\n<meta name=\"twitter:label1\" content=\"Escrito por\" \/>\n\t<meta name=\"twitter:data1\" content=\"admin\" \/>\n\t<meta name=\"twitter:label2\" content=\"Tiempo de lectura\" \/>\n\t<meta name=\"twitter:data2\" content=\"5 minutos\" \/>\n<script type=\"application\/ld+json\" class=\"yoast-schema-graph\">{\"@context\":\"https:\/\/schema.org\",\"@graph\":[{\"@type\":\"WebPage\",\"@id\":\"http:\/\/vientosur.top\/museo\/elena-alfaro-directora-del-programa-de-artesania-uc-la-obra-visual-de-violeta-parra-pone-a-prueba-los-limites-entre-el-arte-y-la-artesania\/\",\"url\":\"http:\/\/vientosur.top\/museo\/elena-alfaro-directora-del-programa-de-artesania-uc-la-obra-visual-de-violeta-parra-pone-a-prueba-los-limites-entre-el-arte-y-la-artesania\/\",\"name\":\"Elena Alfaro, Directora del Programa de Artesan\u00eda UC: \\\"La obra visual de Violeta Parra pone a prueba los l\u00edmites entre el arte y la artesan\u00eda\\\" - Museo Violeta Parra\",\"isPartOf\":{\"@id\":\"http:\/\/vientosur.top\/museo\/#website\"},\"primaryImageOfPage\":{\"@id\":\"http:\/\/vientosur.top\/museo\/elena-alfaro-directora-del-programa-de-artesania-uc-la-obra-visual-de-violeta-parra-pone-a-prueba-los-limites-entre-el-arte-y-la-artesania\/#primaryimage\"},\"image\":{\"@id\":\"http:\/\/vientosur.top\/museo\/elena-alfaro-directora-del-programa-de-artesania-uc-la-obra-visual-de-violeta-parra-pone-a-prueba-los-limites-entre-el-arte-y-la-artesania\/#primaryimage\"},\"thumbnailUrl\":\"http:\/\/vientosur.top\/museo\/wp-content\/uploads\/2017\/11\/violetaartesana-e1512613042728.jpg\",\"datePublished\":\"2017-11-22T14:10:40+00:00\",\"author\":{\"@id\":\"http:\/\/vientosur.top\/museo\/#\/schema\/person\/20c79d3c38800971feec8c2693c3dd9c\"},\"breadcrumb\":{\"@id\":\"http:\/\/vientosur.top\/museo\/elena-alfaro-directora-del-programa-de-artesania-uc-la-obra-visual-de-violeta-parra-pone-a-prueba-los-limites-entre-el-arte-y-la-artesania\/#breadcrumb\"},\"inLanguage\":\"es\",\"potentialAction\":[{\"@type\":\"ReadAction\",\"target\":[\"http:\/\/vientosur.top\/museo\/elena-alfaro-directora-del-programa-de-artesania-uc-la-obra-visual-de-violeta-parra-pone-a-prueba-los-limites-entre-el-arte-y-la-artesania\/\"]}]},{\"@type\":\"ImageObject\",\"inLanguage\":\"es\",\"@id\":\"http:\/\/vientosur.top\/museo\/elena-alfaro-directora-del-programa-de-artesania-uc-la-obra-visual-de-violeta-parra-pone-a-prueba-los-limites-entre-el-arte-y-la-artesania\/#primaryimage\",\"url\":\"http:\/\/vientosur.top\/museo\/wp-content\/uploads\/2017\/11\/violetaartesana-e1512613042728.jpg\",\"contentUrl\":\"http:\/\/vientosur.top\/museo\/wp-content\/uploads\/2017\/11\/violetaartesana-e1512613042728.jpg\",\"width\":753,\"height\":564},{\"@type\":\"BreadcrumbList\",\"@id\":\"http:\/\/vientosur.top\/museo\/elena-alfaro-directora-del-programa-de-artesania-uc-la-obra-visual-de-violeta-parra-pone-a-prueba-los-limites-entre-el-arte-y-la-artesania\/#breadcrumb\",\"itemListElement\":[{\"@type\":\"ListItem\",\"position\":1,\"name\":\"Portada\",\"item\":\"http:\/\/vientosur.top\/museo\/\"},{\"@type\":\"ListItem\",\"position\":2,\"name\":\"Elena Alfaro, Directora del Programa de Artesan\u00eda UC: \u00abLa obra visual de Violeta Parra pone a prueba los l\u00edmites entre el arte y la artesan\u00eda\u00bb\"}]},{\"@type\":\"WebSite\",\"@id\":\"http:\/\/vientosur.top\/museo\/#website\",\"url\":\"http:\/\/vientosur.top\/museo\/\",\"name\":\"Museo Violeta Parra\",\"description\":\"Espacio que alberga tanto la memoria y legado creativo de la artista\",\"potentialAction\":[{\"@type\":\"SearchAction\",\"target\":{\"@type\":\"EntryPoint\",\"urlTemplate\":\"http:\/\/vientosur.top\/museo\/?s={search_term_string}\"},\"query-input\":{\"@type\":\"PropertyValueSpecification\",\"valueRequired\":true,\"valueName\":\"search_term_string\"}}],\"inLanguage\":\"es\"},{\"@type\":\"Person\",\"@id\":\"http:\/\/vientosur.top\/museo\/#\/schema\/person\/20c79d3c38800971feec8c2693c3dd9c\",\"name\":\"admin\",\"image\":{\"@type\":\"ImageObject\",\"inLanguage\":\"es\",\"@id\":\"http:\/\/vientosur.top\/museo\/#\/schema\/person\/image\/\",\"url\":\"https:\/\/secure.gravatar.com\/avatar\/713677ece3ffa642287213a80e5b773bce9ab81c269dd6d95102a990951c922f?s=96&d=mm&r=g\",\"contentUrl\":\"https:\/\/secure.gravatar.com\/avatar\/713677ece3ffa642287213a80e5b773bce9ab81c269dd6d95102a990951c922f?s=96&d=mm&r=g\",\"caption\":\"admin\"},\"sameAs\":[\"http:\/\/vientosur.top\/museo\"],\"url\":\"http:\/\/vientosur.top\/museo\/author\/comunicacionesmvp\/\"}]}<\/script>\n<!-- \/ Yoast SEO plugin. -->","yoast_head_json":{"title":"Elena Alfaro, Directora del Programa de Artesan\u00eda UC: \"La obra visual de Violeta Parra pone a prueba los l\u00edmites entre el arte y la artesan\u00eda\" - Museo Violeta Parra","robots":{"index":"index","follow":"follow","max-snippet":"max-snippet:-1","max-image-preview":"max-image-preview:large","max-video-preview":"max-video-preview:-1"},"canonical":"http:\/\/vientosur.top\/museo\/elena-alfaro-directora-del-programa-de-artesania-uc-la-obra-visual-de-violeta-parra-pone-a-prueba-los-limites-entre-el-arte-y-la-artesania\/","og_locale":"es_ES","og_type":"article","og_title":"Elena Alfaro, Directora del Programa de Artesan\u00eda UC: \"La obra visual de Violeta Parra pone a prueba los l\u00edmites entre el arte y la artesan\u00eda\" - Museo Violeta Parra","og_description":"\u201cVioleta Artesana\u201d es el tema central de la 44 versi\u00f3n de la Muestra\u00a0de Artesan\u00eda UC, que se desarrollar\u00e1 entre el 1 y el 10 de diciembre en el Parque Bustamante. Conversamos con Elena Alfaro,\u00a0Directora del Programa de Artesan\u00eda de la Universidad Cat\u00f3lica, sobre esta exhibici\u00f3n \u2014patrocinada por el Museo Violeta Parra\u2014 en la que participar\u00e1n [&hellip;]","og_url":"http:\/\/vientosur.top\/museo\/elena-alfaro-directora-del-programa-de-artesania-uc-la-obra-visual-de-violeta-parra-pone-a-prueba-los-limites-entre-el-arte-y-la-artesania\/","og_site_name":"Museo Violeta Parra","article_published_time":"2017-11-22T14:10:40+00:00","og_image":[{"width":753,"height":564,"url":"http:\/\/vientosur.top\/museo\/wp-content\/uploads\/2017\/11\/violetaartesana-e1512613042728.jpg","type":"image\/jpeg"}],"author":"admin","twitter_card":"summary_large_image","twitter_misc":{"Escrito por":"admin","Tiempo de lectura":"5 minutos"},"schema":{"@context":"https:\/\/schema.org","@graph":[{"@type":"WebPage","@id":"http:\/\/vientosur.top\/museo\/elena-alfaro-directora-del-programa-de-artesania-uc-la-obra-visual-de-violeta-parra-pone-a-prueba-los-limites-entre-el-arte-y-la-artesania\/","url":"http:\/\/vientosur.top\/museo\/elena-alfaro-directora-del-programa-de-artesania-uc-la-obra-visual-de-violeta-parra-pone-a-prueba-los-limites-entre-el-arte-y-la-artesania\/","name":"Elena Alfaro, Directora del Programa de Artesan\u00eda UC: \"La obra visual de Violeta Parra pone a prueba los l\u00edmites entre el arte y la artesan\u00eda\" - Museo Violeta Parra","isPartOf":{"@id":"http:\/\/vientosur.top\/museo\/#website"},"primaryImageOfPage":{"@id":"http:\/\/vientosur.top\/museo\/elena-alfaro-directora-del-programa-de-artesania-uc-la-obra-visual-de-violeta-parra-pone-a-prueba-los-limites-entre-el-arte-y-la-artesania\/#primaryimage"},"image":{"@id":"http:\/\/vientosur.top\/museo\/elena-alfaro-directora-del-programa-de-artesania-uc-la-obra-visual-de-violeta-parra-pone-a-prueba-los-limites-entre-el-arte-y-la-artesania\/#primaryimage"},"thumbnailUrl":"http:\/\/vientosur.top\/museo\/wp-content\/uploads\/2017\/11\/violetaartesana-e1512613042728.jpg","datePublished":"2017-11-22T14:10:40+00:00","author":{"@id":"http:\/\/vientosur.top\/museo\/#\/schema\/person\/20c79d3c38800971feec8c2693c3dd9c"},"breadcrumb":{"@id":"http:\/\/vientosur.top\/museo\/elena-alfaro-directora-del-programa-de-artesania-uc-la-obra-visual-de-violeta-parra-pone-a-prueba-los-limites-entre-el-arte-y-la-artesania\/#breadcrumb"},"inLanguage":"es","potentialAction":[{"@type":"ReadAction","target":["http:\/\/vientosur.top\/museo\/elena-alfaro-directora-del-programa-de-artesania-uc-la-obra-visual-de-violeta-parra-pone-a-prueba-los-limites-entre-el-arte-y-la-artesania\/"]}]},{"@type":"ImageObject","inLanguage":"es","@id":"http:\/\/vientosur.top\/museo\/elena-alfaro-directora-del-programa-de-artesania-uc-la-obra-visual-de-violeta-parra-pone-a-prueba-los-limites-entre-el-arte-y-la-artesania\/#primaryimage","url":"http:\/\/vientosur.top\/museo\/wp-content\/uploads\/2017\/11\/violetaartesana-e1512613042728.jpg","contentUrl":"http:\/\/vientosur.top\/museo\/wp-content\/uploads\/2017\/11\/violetaartesana-e1512613042728.jpg","width":753,"height":564},{"@type":"BreadcrumbList","@id":"http:\/\/vientosur.top\/museo\/elena-alfaro-directora-del-programa-de-artesania-uc-la-obra-visual-de-violeta-parra-pone-a-prueba-los-limites-entre-el-arte-y-la-artesania\/#breadcrumb","itemListElement":[{"@type":"ListItem","position":1,"name":"Portada","item":"http:\/\/vientosur.top\/museo\/"},{"@type":"ListItem","position":2,"name":"Elena Alfaro, Directora del Programa de Artesan\u00eda UC: \u00abLa obra visual de Violeta Parra pone a prueba los l\u00edmites entre el arte y la artesan\u00eda\u00bb"}]},{"@type":"WebSite","@id":"http:\/\/vientosur.top\/museo\/#website","url":"http:\/\/vientosur.top\/museo\/","name":"Museo Violeta Parra","description":"Espacio que alberga tanto la memoria y legado creativo de la artista","potentialAction":[{"@type":"SearchAction","target":{"@type":"EntryPoint","urlTemplate":"http:\/\/vientosur.top\/museo\/?s={search_term_string}"},"query-input":{"@type":"PropertyValueSpecification","valueRequired":true,"valueName":"search_term_string"}}],"inLanguage":"es"},{"@type":"Person","@id":"http:\/\/vientosur.top\/museo\/#\/schema\/person\/20c79d3c38800971feec8c2693c3dd9c","name":"admin","image":{"@type":"ImageObject","inLanguage":"es","@id":"http:\/\/vientosur.top\/museo\/#\/schema\/person\/image\/","url":"https:\/\/secure.gravatar.com\/avatar\/713677ece3ffa642287213a80e5b773bce9ab81c269dd6d95102a990951c922f?s=96&d=mm&r=g","contentUrl":"https:\/\/secure.gravatar.com\/avatar\/713677ece3ffa642287213a80e5b773bce9ab81c269dd6d95102a990951c922f?s=96&d=mm&r=g","caption":"admin"},"sameAs":["http:\/\/vientosur.top\/museo"],"url":"http:\/\/vientosur.top\/museo\/author\/comunicacionesmvp\/"}]}},"_links":{"self":[{"href":"http:\/\/vientosur.top\/museo\/wp-json\/wp\/v2\/posts\/6047","targetHints":{"allow":["GET"]}}],"collection":[{"href":"http:\/\/vientosur.top\/museo\/wp-json\/wp\/v2\/posts"}],"about":[{"href":"http:\/\/vientosur.top\/museo\/wp-json\/wp\/v2\/types\/post"}],"author":[{"embeddable":true,"href":"http:\/\/vientosur.top\/museo\/wp-json\/wp\/v2\/users\/5"}],"replies":[{"embeddable":true,"href":"http:\/\/vientosur.top\/museo\/wp-json\/wp\/v2\/comments?post=6047"}],"version-history":[{"count":0,"href":"http:\/\/vientosur.top\/museo\/wp-json\/wp\/v2\/posts\/6047\/revisions"}],"wp:featuredmedia":[{"embeddable":true,"href":"http:\/\/vientosur.top\/museo\/wp-json\/wp\/v2\/media\/6048"}],"wp:attachment":[{"href":"http:\/\/vientosur.top\/museo\/wp-json\/wp\/v2\/media?parent=6047"}],"wp:term":[{"taxonomy":"category","embeddable":true,"href":"http:\/\/vientosur.top\/museo\/wp-json\/wp\/v2\/categories?post=6047"},{"taxonomy":"post_tag","embeddable":true,"href":"http:\/\/vientosur.top\/museo\/wp-json\/wp\/v2\/tags?post=6047"}],"curies":[{"name":"wp","href":"https:\/\/api.w.org\/{rel}","templated":true}]}}