{"id":6069,"date":"2017-11-23T13:24:52","date_gmt":"2017-11-23T13:24:52","guid":{"rendered":"http:\/\/vientosur.top\/museo\/\/?p=6069"},"modified":"2017-11-23T13:24:52","modified_gmt":"2017-11-23T13:24:52","slug":"martes-28-de-noviembre-patricia-cerda-realizara-charla-violeta-parra-y-las-grandes-corrientes-del-pensamiento-universal-una-nueva-interpretacion-de-su-arte","status":"publish","type":"post","link":"http:\/\/vientosur.top\/museo\/martes-28-de-noviembre-patricia-cerda-realizara-charla-violeta-parra-y-las-grandes-corrientes-del-pensamiento-universal-una-nueva-interpretacion-de-su-arte\/","title":{"rendered":"Patricia Cerda realiz\u00f3 charla \u201cVioleta Parra y las grandes corrientes del pensamiento universal\u00bb"},"content":{"rendered":"<p>La cr\u00edtica cultural sostiene que a mediados del siglo XIX hubo un movimiento rom\u00e1ntico en el Cono Sur de Am\u00e9rica Latina liderado por Domingo Faustino Sarmiento. Lo cierto es que ese movimiento filos\u00f3fico, que en Europa dio paso a la Modernidad, reci\u00e9n logr\u00f3 llegar a Chile a mediados del siglo XX con Violeta Parra. En su charla, realizada el 28 de noviembre en Sala Run Run, Patricia Cerda contextualiz\u00f3 a Violeta Parra en las grandes corrientes del pensamiento universal y ofreci\u00f3 una visi\u00f3n m\u00e1s profunda de la creadora.<\/p>\n<p>Patricia Cerda naci\u00f3 en Concepci\u00f3n en 1961 y reside desde 1986 en Alemania. Es escritora y doctorada en Historia de la Universidad Libre de Berl\u00edn. Es autora del volumen de cuentos\u00a0<em>Entre mundos<\/em>\u00a0y de las novelas\u00a0<em>Mestiza<\/em>\u00a0y\u00a0<em>Rugendas<\/em>.<\/p>\n","protected":false},"excerpt":{"rendered":"<p>La cr\u00edtica cultural sostiene que a mediados del siglo XIX hubo un movimiento rom\u00e1ntico en el Cono Sur de Am\u00e9rica Latina liderado por Domingo Faustino Sarmiento. Lo cierto es que ese movimiento filos\u00f3fico, que en Europa dio paso a la Modernidad, reci\u00e9n logr\u00f3 llegar a Chile a mediados del siglo XX con Violeta Parra. En [&hellip;]<\/p>\n","protected":false},"author":5,"featured_media":6099,"comment_status":"open","ping_status":"open","sticky":false,"template":"","format":"standard","meta":{"site-sidebar-layout":"default","site-content-layout":"","ast-site-content-layout":"default","site-content-style":"default","site-sidebar-style":"default","ast-global-header-display":"","ast-banner-title-visibility":"","ast-main-header-display":"","ast-hfb-above-header-display":"","ast-hfb-below-header-display":"","ast-hfb-mobile-header-display":"","site-post-title":"","ast-breadcrumbs-content":"","ast-featured-img":"","footer-sml-layout":"","theme-transparent-header-meta":"","adv-header-id-meta":"","stick-header-meta":"","header-above-stick-meta":"","header-main-stick-meta":"","header-below-stick-meta":"","astra-migrate-meta-layouts":"default","ast-page-background-enabled":"default","ast-page-background-meta":{"desktop":{"background-color":"var(--ast-global-color-4)","background-image":"","background-repeat":"repeat","background-position":"center center","background-size":"auto","background-attachment":"scroll","background-type":"","background-media":"","overlay-type":"","overlay-color":"","overlay-opacity":"","overlay-gradient":""},"tablet":{"background-color":"","background-image":"","background-repeat":"repeat","background-position":"center center","background-size":"auto","background-attachment":"scroll","background-type":"","background-media":"","overlay-type":"","overlay-color":"","overlay-opacity":"","overlay-gradient":""},"mobile":{"background-color":"","background-image":"","background-repeat":"repeat","background-position":"center center","background-size":"auto","background-attachment":"scroll","background-type":"","background-media":"","overlay-type":"","overlay-color":"","overlay-opacity":"","overlay-gradient":""}},"ast-content-background-meta":{"desktop":{"background-color":"var(--ast-global-color-5)","background-image":"","background-repeat":"repeat","background-position":"center center","background-size":"auto","background-attachment":"scroll","background-type":"","background-media":"","overlay-type":"","overlay-color":"","overlay-opacity":"","overlay-gradient":""},"tablet":{"background-color":"var(--ast-global-color-5)","background-image":"","background-repeat":"repeat","background-position":"center center","background-size":"auto","background-attachment":"scroll","background-type":"","background-media":"","overlay-type":"","overlay-color":"","overlay-opacity":"","overlay-gradient":""},"mobile":{"background-color":"var(--ast-global-color-5)","background-image":"","background-repeat":"repeat","background-position":"center center","background-size":"auto","background-attachment":"scroll","background-type":"","background-media":"","overlay-type":"","overlay-color":"","overlay-opacity":"","overlay-gradient":""}},"footnotes":""},"categories":[59,8,61],"tags":[],"class_list":["post-6069","post","type-post","status-publish","format-standard","has-post-thumbnail","hentry","category-destacado-noticia","category-noticias","category-novedades"],"yoast_head":"<!-- This site is optimized with the Yoast SEO plugin v25.4 - https:\/\/yoast.com\/wordpress\/plugins\/seo\/ -->\n<title>Patricia Cerda realiz\u00f3 charla \u201cVioleta Parra y las grandes corrientes del pensamiento universal&quot; - Museo Violeta Parra<\/title>\n<meta name=\"robots\" content=\"index, follow, max-snippet:-1, max-image-preview:large, max-video-preview:-1\" \/>\n<link rel=\"canonical\" href=\"http:\/\/vientosur.top\/museo\/martes-28-de-noviembre-patricia-cerda-realizara-charla-violeta-parra-y-las-grandes-corrientes-del-pensamiento-universal-una-nueva-interpretacion-de-su-arte\/\" \/>\n<meta property=\"og:locale\" content=\"es_ES\" \/>\n<meta property=\"og:type\" content=\"article\" \/>\n<meta property=\"og:title\" content=\"Patricia Cerda realiz\u00f3 charla \u201cVioleta Parra y las grandes corrientes del pensamiento universal&quot; - Museo Violeta Parra\" \/>\n<meta property=\"og:description\" content=\"La cr\u00edtica cultural sostiene que a mediados del siglo XIX hubo un movimiento rom\u00e1ntico en el Cono Sur de Am\u00e9rica Latina liderado por Domingo Faustino Sarmiento. Lo cierto es que ese movimiento filos\u00f3fico, que en Europa dio paso a la Modernidad, reci\u00e9n logr\u00f3 llegar a Chile a mediados del siglo XX con Violeta Parra. En [&hellip;]\" \/>\n<meta property=\"og:url\" content=\"http:\/\/vientosur.top\/museo\/martes-28-de-noviembre-patricia-cerda-realizara-charla-violeta-parra-y-las-grandes-corrientes-del-pensamiento-universal-una-nueva-interpretacion-de-su-arte\/\" \/>\n<meta property=\"og:site_name\" content=\"Museo Violeta Parra\" \/>\n<meta property=\"article:published_time\" content=\"2017-11-23T13:24:52+00:00\" \/>\n<meta property=\"og:image\" content=\"http:\/\/vientosur.top\/museo\/wp-content\/uploads\/2017\/11\/DSC_0441-e1512612771871.jpg\" \/>\n\t<meta property=\"og:image:width\" content=\"1083\" \/>\n\t<meta property=\"og:image:height\" content=\"720\" \/>\n\t<meta property=\"og:image:type\" content=\"image\/jpeg\" \/>\n<meta name=\"author\" content=\"admin\" \/>\n<meta name=\"twitter:card\" content=\"summary_large_image\" \/>\n<meta name=\"twitter:label1\" content=\"Escrito por\" \/>\n\t<meta name=\"twitter:data1\" content=\"admin\" \/>\n\t<meta name=\"twitter:label2\" content=\"Tiempo de lectura\" \/>\n\t<meta name=\"twitter:data2\" content=\"1 minuto\" \/>\n<script type=\"application\/ld+json\" class=\"yoast-schema-graph\">{\"@context\":\"https:\/\/schema.org\",\"@graph\":[{\"@type\":\"WebPage\",\"@id\":\"http:\/\/vientosur.top\/museo\/martes-28-de-noviembre-patricia-cerda-realizara-charla-violeta-parra-y-las-grandes-corrientes-del-pensamiento-universal-una-nueva-interpretacion-de-su-arte\/\",\"url\":\"http:\/\/vientosur.top\/museo\/martes-28-de-noviembre-patricia-cerda-realizara-charla-violeta-parra-y-las-grandes-corrientes-del-pensamiento-universal-una-nueva-interpretacion-de-su-arte\/\",\"name\":\"Patricia Cerda realiz\u00f3 charla \u201cVioleta Parra y las grandes corrientes del pensamiento universal\\\" - Museo Violeta Parra\",\"isPartOf\":{\"@id\":\"http:\/\/vientosur.top\/museo\/#website\"},\"primaryImageOfPage\":{\"@id\":\"http:\/\/vientosur.top\/museo\/martes-28-de-noviembre-patricia-cerda-realizara-charla-violeta-parra-y-las-grandes-corrientes-del-pensamiento-universal-una-nueva-interpretacion-de-su-arte\/#primaryimage\"},\"image\":{\"@id\":\"http:\/\/vientosur.top\/museo\/martes-28-de-noviembre-patricia-cerda-realizara-charla-violeta-parra-y-las-grandes-corrientes-del-pensamiento-universal-una-nueva-interpretacion-de-su-arte\/#primaryimage\"},\"thumbnailUrl\":\"http:\/\/vientosur.top\/museo\/wp-content\/uploads\/2017\/11\/DSC_0441-e1512612771871.jpg\",\"datePublished\":\"2017-11-23T13:24:52+00:00\",\"author\":{\"@id\":\"http:\/\/vientosur.top\/museo\/#\/schema\/person\/20c79d3c38800971feec8c2693c3dd9c\"},\"breadcrumb\":{\"@id\":\"http:\/\/vientosur.top\/museo\/martes-28-de-noviembre-patricia-cerda-realizara-charla-violeta-parra-y-las-grandes-corrientes-del-pensamiento-universal-una-nueva-interpretacion-de-su-arte\/#breadcrumb\"},\"inLanguage\":\"es\",\"potentialAction\":[{\"@type\":\"ReadAction\",\"target\":[\"http:\/\/vientosur.top\/museo\/martes-28-de-noviembre-patricia-cerda-realizara-charla-violeta-parra-y-las-grandes-corrientes-del-pensamiento-universal-una-nueva-interpretacion-de-su-arte\/\"]}]},{\"@type\":\"ImageObject\",\"inLanguage\":\"es\",\"@id\":\"http:\/\/vientosur.top\/museo\/martes-28-de-noviembre-patricia-cerda-realizara-charla-violeta-parra-y-las-grandes-corrientes-del-pensamiento-universal-una-nueva-interpretacion-de-su-arte\/#primaryimage\",\"url\":\"http:\/\/vientosur.top\/museo\/wp-content\/uploads\/2017\/11\/DSC_0441-e1512612771871.jpg\",\"contentUrl\":\"http:\/\/vientosur.top\/museo\/wp-content\/uploads\/2017\/11\/DSC_0441-e1512612771871.jpg\",\"width\":1083,\"height\":720},{\"@type\":\"BreadcrumbList\",\"@id\":\"http:\/\/vientosur.top\/museo\/martes-28-de-noviembre-patricia-cerda-realizara-charla-violeta-parra-y-las-grandes-corrientes-del-pensamiento-universal-una-nueva-interpretacion-de-su-arte\/#breadcrumb\",\"itemListElement\":[{\"@type\":\"ListItem\",\"position\":1,\"name\":\"Portada\",\"item\":\"http:\/\/vientosur.top\/museo\/\"},{\"@type\":\"ListItem\",\"position\":2,\"name\":\"Patricia Cerda realiz\u00f3 charla \u201cVioleta Parra y las grandes corrientes del pensamiento universal\u00bb\"}]},{\"@type\":\"WebSite\",\"@id\":\"http:\/\/vientosur.top\/museo\/#website\",\"url\":\"http:\/\/vientosur.top\/museo\/\",\"name\":\"Museo Violeta Parra\",\"description\":\"Espacio que alberga tanto la memoria y legado creativo de la artista\",\"potentialAction\":[{\"@type\":\"SearchAction\",\"target\":{\"@type\":\"EntryPoint\",\"urlTemplate\":\"http:\/\/vientosur.top\/museo\/?s={search_term_string}\"},\"query-input\":{\"@type\":\"PropertyValueSpecification\",\"valueRequired\":true,\"valueName\":\"search_term_string\"}}],\"inLanguage\":\"es\"},{\"@type\":\"Person\",\"@id\":\"http:\/\/vientosur.top\/museo\/#\/schema\/person\/20c79d3c38800971feec8c2693c3dd9c\",\"name\":\"admin\",\"image\":{\"@type\":\"ImageObject\",\"inLanguage\":\"es\",\"@id\":\"http:\/\/vientosur.top\/museo\/#\/schema\/person\/image\/\",\"url\":\"https:\/\/secure.gravatar.com\/avatar\/713677ece3ffa642287213a80e5b773bce9ab81c269dd6d95102a990951c922f?s=96&d=mm&r=g\",\"contentUrl\":\"https:\/\/secure.gravatar.com\/avatar\/713677ece3ffa642287213a80e5b773bce9ab81c269dd6d95102a990951c922f?s=96&d=mm&r=g\",\"caption\":\"admin\"},\"sameAs\":[\"http:\/\/vientosur.top\/museo\"],\"url\":\"http:\/\/vientosur.top\/museo\/author\/comunicacionesmvp\/\"}]}<\/script>\n<!-- \/ Yoast SEO plugin. -->","yoast_head_json":{"title":"Patricia Cerda realiz\u00f3 charla \u201cVioleta Parra y las grandes corrientes del pensamiento universal\" - Museo Violeta Parra","robots":{"index":"index","follow":"follow","max-snippet":"max-snippet:-1","max-image-preview":"max-image-preview:large","max-video-preview":"max-video-preview:-1"},"canonical":"http:\/\/vientosur.top\/museo\/martes-28-de-noviembre-patricia-cerda-realizara-charla-violeta-parra-y-las-grandes-corrientes-del-pensamiento-universal-una-nueva-interpretacion-de-su-arte\/","og_locale":"es_ES","og_type":"article","og_title":"Patricia Cerda realiz\u00f3 charla \u201cVioleta Parra y las grandes corrientes del pensamiento universal\" - Museo Violeta Parra","og_description":"La cr\u00edtica cultural sostiene que a mediados del siglo XIX hubo un movimiento rom\u00e1ntico en el Cono Sur de Am\u00e9rica Latina liderado por Domingo Faustino Sarmiento. Lo cierto es que ese movimiento filos\u00f3fico, que en Europa dio paso a la Modernidad, reci\u00e9n logr\u00f3 llegar a Chile a mediados del siglo XX con Violeta Parra. En [&hellip;]","og_url":"http:\/\/vientosur.top\/museo\/martes-28-de-noviembre-patricia-cerda-realizara-charla-violeta-parra-y-las-grandes-corrientes-del-pensamiento-universal-una-nueva-interpretacion-de-su-arte\/","og_site_name":"Museo Violeta Parra","article_published_time":"2017-11-23T13:24:52+00:00","og_image":[{"width":1083,"height":720,"url":"http:\/\/vientosur.top\/museo\/wp-content\/uploads\/2017\/11\/DSC_0441-e1512612771871.jpg","type":"image\/jpeg"}],"author":"admin","twitter_card":"summary_large_image","twitter_misc":{"Escrito por":"admin","Tiempo de lectura":"1 minuto"},"schema":{"@context":"https:\/\/schema.org","@graph":[{"@type":"WebPage","@id":"http:\/\/vientosur.top\/museo\/martes-28-de-noviembre-patricia-cerda-realizara-charla-violeta-parra-y-las-grandes-corrientes-del-pensamiento-universal-una-nueva-interpretacion-de-su-arte\/","url":"http:\/\/vientosur.top\/museo\/martes-28-de-noviembre-patricia-cerda-realizara-charla-violeta-parra-y-las-grandes-corrientes-del-pensamiento-universal-una-nueva-interpretacion-de-su-arte\/","name":"Patricia Cerda realiz\u00f3 charla \u201cVioleta Parra y las grandes corrientes del pensamiento universal\" - Museo Violeta Parra","isPartOf":{"@id":"http:\/\/vientosur.top\/museo\/#website"},"primaryImageOfPage":{"@id":"http:\/\/vientosur.top\/museo\/martes-28-de-noviembre-patricia-cerda-realizara-charla-violeta-parra-y-las-grandes-corrientes-del-pensamiento-universal-una-nueva-interpretacion-de-su-arte\/#primaryimage"},"image":{"@id":"http:\/\/vientosur.top\/museo\/martes-28-de-noviembre-patricia-cerda-realizara-charla-violeta-parra-y-las-grandes-corrientes-del-pensamiento-universal-una-nueva-interpretacion-de-su-arte\/#primaryimage"},"thumbnailUrl":"http:\/\/vientosur.top\/museo\/wp-content\/uploads\/2017\/11\/DSC_0441-e1512612771871.jpg","datePublished":"2017-11-23T13:24:52+00:00","author":{"@id":"http:\/\/vientosur.top\/museo\/#\/schema\/person\/20c79d3c38800971feec8c2693c3dd9c"},"breadcrumb":{"@id":"http:\/\/vientosur.top\/museo\/martes-28-de-noviembre-patricia-cerda-realizara-charla-violeta-parra-y-las-grandes-corrientes-del-pensamiento-universal-una-nueva-interpretacion-de-su-arte\/#breadcrumb"},"inLanguage":"es","potentialAction":[{"@type":"ReadAction","target":["http:\/\/vientosur.top\/museo\/martes-28-de-noviembre-patricia-cerda-realizara-charla-violeta-parra-y-las-grandes-corrientes-del-pensamiento-universal-una-nueva-interpretacion-de-su-arte\/"]}]},{"@type":"ImageObject","inLanguage":"es","@id":"http:\/\/vientosur.top\/museo\/martes-28-de-noviembre-patricia-cerda-realizara-charla-violeta-parra-y-las-grandes-corrientes-del-pensamiento-universal-una-nueva-interpretacion-de-su-arte\/#primaryimage","url":"http:\/\/vientosur.top\/museo\/wp-content\/uploads\/2017\/11\/DSC_0441-e1512612771871.jpg","contentUrl":"http:\/\/vientosur.top\/museo\/wp-content\/uploads\/2017\/11\/DSC_0441-e1512612771871.jpg","width":1083,"height":720},{"@type":"BreadcrumbList","@id":"http:\/\/vientosur.top\/museo\/martes-28-de-noviembre-patricia-cerda-realizara-charla-violeta-parra-y-las-grandes-corrientes-del-pensamiento-universal-una-nueva-interpretacion-de-su-arte\/#breadcrumb","itemListElement":[{"@type":"ListItem","position":1,"name":"Portada","item":"http:\/\/vientosur.top\/museo\/"},{"@type":"ListItem","position":2,"name":"Patricia Cerda realiz\u00f3 charla \u201cVioleta Parra y las grandes corrientes del pensamiento universal\u00bb"}]},{"@type":"WebSite","@id":"http:\/\/vientosur.top\/museo\/#website","url":"http:\/\/vientosur.top\/museo\/","name":"Museo Violeta Parra","description":"Espacio que alberga tanto la memoria y legado creativo de la artista","potentialAction":[{"@type":"SearchAction","target":{"@type":"EntryPoint","urlTemplate":"http:\/\/vientosur.top\/museo\/?s={search_term_string}"},"query-input":{"@type":"PropertyValueSpecification","valueRequired":true,"valueName":"search_term_string"}}],"inLanguage":"es"},{"@type":"Person","@id":"http:\/\/vientosur.top\/museo\/#\/schema\/person\/20c79d3c38800971feec8c2693c3dd9c","name":"admin","image":{"@type":"ImageObject","inLanguage":"es","@id":"http:\/\/vientosur.top\/museo\/#\/schema\/person\/image\/","url":"https:\/\/secure.gravatar.com\/avatar\/713677ece3ffa642287213a80e5b773bce9ab81c269dd6d95102a990951c922f?s=96&d=mm&r=g","contentUrl":"https:\/\/secure.gravatar.com\/avatar\/713677ece3ffa642287213a80e5b773bce9ab81c269dd6d95102a990951c922f?s=96&d=mm&r=g","caption":"admin"},"sameAs":["http:\/\/vientosur.top\/museo"],"url":"http:\/\/vientosur.top\/museo\/author\/comunicacionesmvp\/"}]}},"_links":{"self":[{"href":"http:\/\/vientosur.top\/museo\/wp-json\/wp\/v2\/posts\/6069","targetHints":{"allow":["GET"]}}],"collection":[{"href":"http:\/\/vientosur.top\/museo\/wp-json\/wp\/v2\/posts"}],"about":[{"href":"http:\/\/vientosur.top\/museo\/wp-json\/wp\/v2\/types\/post"}],"author":[{"embeddable":true,"href":"http:\/\/vientosur.top\/museo\/wp-json\/wp\/v2\/users\/5"}],"replies":[{"embeddable":true,"href":"http:\/\/vientosur.top\/museo\/wp-json\/wp\/v2\/comments?post=6069"}],"version-history":[{"count":0,"href":"http:\/\/vientosur.top\/museo\/wp-json\/wp\/v2\/posts\/6069\/revisions"}],"wp:featuredmedia":[{"embeddable":true,"href":"http:\/\/vientosur.top\/museo\/wp-json\/wp\/v2\/media\/6099"}],"wp:attachment":[{"href":"http:\/\/vientosur.top\/museo\/wp-json\/wp\/v2\/media?parent=6069"}],"wp:term":[{"taxonomy":"category","embeddable":true,"href":"http:\/\/vientosur.top\/museo\/wp-json\/wp\/v2\/categories?post=6069"},{"taxonomy":"post_tag","embeddable":true,"href":"http:\/\/vientosur.top\/museo\/wp-json\/wp\/v2\/tags?post=6069"}],"curies":[{"name":"wp","href":"https:\/\/api.w.org\/{rel}","templated":true}]}}