{"id":6073,"date":"2017-11-23T13:32:32","date_gmt":"2017-11-23T13:32:32","guid":{"rendered":"http:\/\/vientosur.top\/museo\/\/?p=6073"},"modified":"2017-11-23T13:32:32","modified_gmt":"2017-11-23T13:32:32","slug":"jueves-30-de-noviembre-rafael-gumucio-presentara-la-charla-violeta-parra-y-el-humor","status":"publish","type":"post","link":"http:\/\/vientosur.top\/museo\/jueves-30-de-noviembre-rafael-gumucio-presentara-la-charla-violeta-parra-y-el-humor\/","title":{"rendered":"Rafael Gumucio abord\u00f3 la relaci\u00f3n de Violeta Parra con el humor en Sala Run Run"},"content":{"rendered":"<p>El Director del Instituto de Estudios Humor\u00edsticos de la Universidad Diego Portales analiz\u00f3 la relaci\u00f3n de la artista con el humor la tarde del 30 de noviembre. En la actividad participaron Cecilia Garc\u00eda-Huidobro, Directora del Museo Violeta Parra; Isabel Parra, Presidenta de la Fundaci\u00f3n Violeta Parra y Milena Rojas, Jefa de Colecci\u00f3n del museo.<\/p>\n<p>Rafael Gumucio (Santiago de Chile, 1970) es escritor, guionista, locutor de radio y reconocido por su participaci\u00f3n en el programa de humor \u00abPlan Z\u00bb, escribi\u00f3 relatos, ensayos y novelas, entre las que destacan <em>Memorias prematuras<\/em> (1999), <em>Los platos rotos<\/em> (2003),\u00a0\u00a0<em>Historia personal de Chile<\/em> (2013) y<em> La edad media (1988-1998)<\/em> (2017).<\/p>\n<p>&nbsp;<\/p>\n","protected":false},"excerpt":{"rendered":"<p>El Director del Instituto de Estudios Humor\u00edsticos de la Universidad Diego Portales analiz\u00f3 la relaci\u00f3n de la artista con el humor la tarde del 30 de noviembre. En la actividad participaron Cecilia Garc\u00eda-Huidobro, Directora del Museo Violeta Parra; Isabel Parra, Presidenta de la Fundaci\u00f3n Violeta Parra y Milena Rojas, Jefa de Colecci\u00f3n del museo. Rafael [&hellip;]<\/p>\n","protected":false},"author":5,"featured_media":6123,"comment_status":"open","ping_status":"open","sticky":false,"template":"","format":"standard","meta":{"site-sidebar-layout":"default","site-content-layout":"","ast-site-content-layout":"default","site-content-style":"default","site-sidebar-style":"default","ast-global-header-display":"","ast-banner-title-visibility":"","ast-main-header-display":"","ast-hfb-above-header-display":"","ast-hfb-below-header-display":"","ast-hfb-mobile-header-display":"","site-post-title":"","ast-breadcrumbs-content":"","ast-featured-img":"","footer-sml-layout":"","theme-transparent-header-meta":"","adv-header-id-meta":"","stick-header-meta":"","header-above-stick-meta":"","header-main-stick-meta":"","header-below-stick-meta":"","astra-migrate-meta-layouts":"default","ast-page-background-enabled":"default","ast-page-background-meta":{"desktop":{"background-color":"var(--ast-global-color-4)","background-image":"","background-repeat":"repeat","background-position":"center center","background-size":"auto","background-attachment":"scroll","background-type":"","background-media":"","overlay-type":"","overlay-color":"","overlay-opacity":"","overlay-gradient":""},"tablet":{"background-color":"","background-image":"","background-repeat":"repeat","background-position":"center center","background-size":"auto","background-attachment":"scroll","background-type":"","background-media":"","overlay-type":"","overlay-color":"","overlay-opacity":"","overlay-gradient":""},"mobile":{"background-color":"","background-image":"","background-repeat":"repeat","background-position":"center center","background-size":"auto","background-attachment":"scroll","background-type":"","background-media":"","overlay-type":"","overlay-color":"","overlay-opacity":"","overlay-gradient":""}},"ast-content-background-meta":{"desktop":{"background-color":"var(--ast-global-color-5)","background-image":"","background-repeat":"repeat","background-position":"center center","background-size":"auto","background-attachment":"scroll","background-type":"","background-media":"","overlay-type":"","overlay-color":"","overlay-opacity":"","overlay-gradient":""},"tablet":{"background-color":"var(--ast-global-color-5)","background-image":"","background-repeat":"repeat","background-position":"center center","background-size":"auto","background-attachment":"scroll","background-type":"","background-media":"","overlay-type":"","overlay-color":"","overlay-opacity":"","overlay-gradient":""},"mobile":{"background-color":"var(--ast-global-color-5)","background-image":"","background-repeat":"repeat","background-position":"center center","background-size":"auto","background-attachment":"scroll","background-type":"","background-media":"","overlay-type":"","overlay-color":"","overlay-opacity":"","overlay-gradient":""}},"footnotes":""},"categories":[59,8,61],"tags":[],"class_list":["post-6073","post","type-post","status-publish","format-standard","has-post-thumbnail","hentry","category-destacado-noticia","category-noticias","category-novedades"],"yoast_head":"<!-- This site is optimized with the Yoast SEO plugin v25.4 - https:\/\/yoast.com\/wordpress\/plugins\/seo\/ -->\n<title>Rafael Gumucio abord\u00f3 la relaci\u00f3n de Violeta Parra con el humor en Sala Run Run - Museo Violeta Parra<\/title>\n<meta name=\"robots\" content=\"index, follow, max-snippet:-1, max-image-preview:large, max-video-preview:-1\" \/>\n<link rel=\"canonical\" href=\"http:\/\/vientosur.top\/museo\/jueves-30-de-noviembre-rafael-gumucio-presentara-la-charla-violeta-parra-y-el-humor\/\" \/>\n<meta property=\"og:locale\" content=\"es_ES\" \/>\n<meta property=\"og:type\" content=\"article\" \/>\n<meta property=\"og:title\" content=\"Rafael Gumucio abord\u00f3 la relaci\u00f3n de Violeta Parra con el humor en Sala Run Run - Museo Violeta Parra\" \/>\n<meta property=\"og:description\" content=\"El Director del Instituto de Estudios Humor\u00edsticos de la Universidad Diego Portales analiz\u00f3 la relaci\u00f3n de la artista con el humor la tarde del 30 de noviembre. En la actividad participaron Cecilia Garc\u00eda-Huidobro, Directora del Museo Violeta Parra; Isabel Parra, Presidenta de la Fundaci\u00f3n Violeta Parra y Milena Rojas, Jefa de Colecci\u00f3n del museo. Rafael [&hellip;]\" \/>\n<meta property=\"og:url\" content=\"http:\/\/vientosur.top\/museo\/jueves-30-de-noviembre-rafael-gumucio-presentara-la-charla-violeta-parra-y-el-humor\/\" \/>\n<meta property=\"og:site_name\" content=\"Museo Violeta Parra\" \/>\n<meta property=\"article:published_time\" content=\"2017-11-23T13:32:32+00:00\" \/>\n<meta property=\"og:image\" content=\"http:\/\/vientosur.top\/museo\/wp-content\/uploads\/2017\/11\/gumucio-e1512612732609.jpg\" \/>\n\t<meta property=\"og:image:width\" content=\"1200\" \/>\n\t<meta property=\"og:image:height\" content=\"832\" \/>\n\t<meta property=\"og:image:type\" content=\"image\/jpeg\" \/>\n<meta name=\"author\" content=\"admin\" \/>\n<meta name=\"twitter:card\" content=\"summary_large_image\" \/>\n<meta name=\"twitter:label1\" content=\"Escrito por\" \/>\n\t<meta name=\"twitter:data1\" content=\"admin\" \/>\n\t<meta name=\"twitter:label2\" content=\"Tiempo de lectura\" \/>\n\t<meta name=\"twitter:data2\" content=\"1 minuto\" \/>\n<script type=\"application\/ld+json\" class=\"yoast-schema-graph\">{\"@context\":\"https:\/\/schema.org\",\"@graph\":[{\"@type\":\"WebPage\",\"@id\":\"http:\/\/vientosur.top\/museo\/jueves-30-de-noviembre-rafael-gumucio-presentara-la-charla-violeta-parra-y-el-humor\/\",\"url\":\"http:\/\/vientosur.top\/museo\/jueves-30-de-noviembre-rafael-gumucio-presentara-la-charla-violeta-parra-y-el-humor\/\",\"name\":\"Rafael Gumucio abord\u00f3 la relaci\u00f3n de Violeta Parra con el humor en Sala Run Run - Museo Violeta Parra\",\"isPartOf\":{\"@id\":\"http:\/\/vientosur.top\/museo\/#website\"},\"primaryImageOfPage\":{\"@id\":\"http:\/\/vientosur.top\/museo\/jueves-30-de-noviembre-rafael-gumucio-presentara-la-charla-violeta-parra-y-el-humor\/#primaryimage\"},\"image\":{\"@id\":\"http:\/\/vientosur.top\/museo\/jueves-30-de-noviembre-rafael-gumucio-presentara-la-charla-violeta-parra-y-el-humor\/#primaryimage\"},\"thumbnailUrl\":\"http:\/\/vientosur.top\/museo\/wp-content\/uploads\/2017\/11\/gumucio-e1512612732609.jpg\",\"datePublished\":\"2017-11-23T13:32:32+00:00\",\"author\":{\"@id\":\"http:\/\/vientosur.top\/museo\/#\/schema\/person\/20c79d3c38800971feec8c2693c3dd9c\"},\"breadcrumb\":{\"@id\":\"http:\/\/vientosur.top\/museo\/jueves-30-de-noviembre-rafael-gumucio-presentara-la-charla-violeta-parra-y-el-humor\/#breadcrumb\"},\"inLanguage\":\"es\",\"potentialAction\":[{\"@type\":\"ReadAction\",\"target\":[\"http:\/\/vientosur.top\/museo\/jueves-30-de-noviembre-rafael-gumucio-presentara-la-charla-violeta-parra-y-el-humor\/\"]}]},{\"@type\":\"ImageObject\",\"inLanguage\":\"es\",\"@id\":\"http:\/\/vientosur.top\/museo\/jueves-30-de-noviembre-rafael-gumucio-presentara-la-charla-violeta-parra-y-el-humor\/#primaryimage\",\"url\":\"http:\/\/vientosur.top\/museo\/wp-content\/uploads\/2017\/11\/gumucio-e1512612732609.jpg\",\"contentUrl\":\"http:\/\/vientosur.top\/museo\/wp-content\/uploads\/2017\/11\/gumucio-e1512612732609.jpg\",\"width\":1200,\"height\":832},{\"@type\":\"BreadcrumbList\",\"@id\":\"http:\/\/vientosur.top\/museo\/jueves-30-de-noviembre-rafael-gumucio-presentara-la-charla-violeta-parra-y-el-humor\/#breadcrumb\",\"itemListElement\":[{\"@type\":\"ListItem\",\"position\":1,\"name\":\"Portada\",\"item\":\"http:\/\/vientosur.top\/museo\/\"},{\"@type\":\"ListItem\",\"position\":2,\"name\":\"Rafael Gumucio abord\u00f3 la relaci\u00f3n de Violeta Parra con el humor en Sala Run Run\"}]},{\"@type\":\"WebSite\",\"@id\":\"http:\/\/vientosur.top\/museo\/#website\",\"url\":\"http:\/\/vientosur.top\/museo\/\",\"name\":\"Museo Violeta Parra\",\"description\":\"Espacio que alberga tanto la memoria y legado creativo de la artista\",\"potentialAction\":[{\"@type\":\"SearchAction\",\"target\":{\"@type\":\"EntryPoint\",\"urlTemplate\":\"http:\/\/vientosur.top\/museo\/?s={search_term_string}\"},\"query-input\":{\"@type\":\"PropertyValueSpecification\",\"valueRequired\":true,\"valueName\":\"search_term_string\"}}],\"inLanguage\":\"es\"},{\"@type\":\"Person\",\"@id\":\"http:\/\/vientosur.top\/museo\/#\/schema\/person\/20c79d3c38800971feec8c2693c3dd9c\",\"name\":\"admin\",\"image\":{\"@type\":\"ImageObject\",\"inLanguage\":\"es\",\"@id\":\"http:\/\/vientosur.top\/museo\/#\/schema\/person\/image\/\",\"url\":\"https:\/\/secure.gravatar.com\/avatar\/713677ece3ffa642287213a80e5b773bce9ab81c269dd6d95102a990951c922f?s=96&d=mm&r=g\",\"contentUrl\":\"https:\/\/secure.gravatar.com\/avatar\/713677ece3ffa642287213a80e5b773bce9ab81c269dd6d95102a990951c922f?s=96&d=mm&r=g\",\"caption\":\"admin\"},\"sameAs\":[\"http:\/\/vientosur.top\/museo\"],\"url\":\"http:\/\/vientosur.top\/museo\/author\/comunicacionesmvp\/\"}]}<\/script>\n<!-- \/ Yoast SEO plugin. -->","yoast_head_json":{"title":"Rafael Gumucio abord\u00f3 la relaci\u00f3n de Violeta Parra con el humor en Sala Run Run - Museo Violeta Parra","robots":{"index":"index","follow":"follow","max-snippet":"max-snippet:-1","max-image-preview":"max-image-preview:large","max-video-preview":"max-video-preview:-1"},"canonical":"http:\/\/vientosur.top\/museo\/jueves-30-de-noviembre-rafael-gumucio-presentara-la-charla-violeta-parra-y-el-humor\/","og_locale":"es_ES","og_type":"article","og_title":"Rafael Gumucio abord\u00f3 la relaci\u00f3n de Violeta Parra con el humor en Sala Run Run - Museo Violeta Parra","og_description":"El Director del Instituto de Estudios Humor\u00edsticos de la Universidad Diego Portales analiz\u00f3 la relaci\u00f3n de la artista con el humor la tarde del 30 de noviembre. En la actividad participaron Cecilia Garc\u00eda-Huidobro, Directora del Museo Violeta Parra; Isabel Parra, Presidenta de la Fundaci\u00f3n Violeta Parra y Milena Rojas, Jefa de Colecci\u00f3n del museo. Rafael [&hellip;]","og_url":"http:\/\/vientosur.top\/museo\/jueves-30-de-noviembre-rafael-gumucio-presentara-la-charla-violeta-parra-y-el-humor\/","og_site_name":"Museo Violeta Parra","article_published_time":"2017-11-23T13:32:32+00:00","og_image":[{"width":1200,"height":832,"url":"http:\/\/vientosur.top\/museo\/wp-content\/uploads\/2017\/11\/gumucio-e1512612732609.jpg","type":"image\/jpeg"}],"author":"admin","twitter_card":"summary_large_image","twitter_misc":{"Escrito por":"admin","Tiempo de lectura":"1 minuto"},"schema":{"@context":"https:\/\/schema.org","@graph":[{"@type":"WebPage","@id":"http:\/\/vientosur.top\/museo\/jueves-30-de-noviembre-rafael-gumucio-presentara-la-charla-violeta-parra-y-el-humor\/","url":"http:\/\/vientosur.top\/museo\/jueves-30-de-noviembre-rafael-gumucio-presentara-la-charla-violeta-parra-y-el-humor\/","name":"Rafael Gumucio abord\u00f3 la relaci\u00f3n de Violeta Parra con el humor en Sala Run Run - Museo Violeta Parra","isPartOf":{"@id":"http:\/\/vientosur.top\/museo\/#website"},"primaryImageOfPage":{"@id":"http:\/\/vientosur.top\/museo\/jueves-30-de-noviembre-rafael-gumucio-presentara-la-charla-violeta-parra-y-el-humor\/#primaryimage"},"image":{"@id":"http:\/\/vientosur.top\/museo\/jueves-30-de-noviembre-rafael-gumucio-presentara-la-charla-violeta-parra-y-el-humor\/#primaryimage"},"thumbnailUrl":"http:\/\/vientosur.top\/museo\/wp-content\/uploads\/2017\/11\/gumucio-e1512612732609.jpg","datePublished":"2017-11-23T13:32:32+00:00","author":{"@id":"http:\/\/vientosur.top\/museo\/#\/schema\/person\/20c79d3c38800971feec8c2693c3dd9c"},"breadcrumb":{"@id":"http:\/\/vientosur.top\/museo\/jueves-30-de-noviembre-rafael-gumucio-presentara-la-charla-violeta-parra-y-el-humor\/#breadcrumb"},"inLanguage":"es","potentialAction":[{"@type":"ReadAction","target":["http:\/\/vientosur.top\/museo\/jueves-30-de-noviembre-rafael-gumucio-presentara-la-charla-violeta-parra-y-el-humor\/"]}]},{"@type":"ImageObject","inLanguage":"es","@id":"http:\/\/vientosur.top\/museo\/jueves-30-de-noviembre-rafael-gumucio-presentara-la-charla-violeta-parra-y-el-humor\/#primaryimage","url":"http:\/\/vientosur.top\/museo\/wp-content\/uploads\/2017\/11\/gumucio-e1512612732609.jpg","contentUrl":"http:\/\/vientosur.top\/museo\/wp-content\/uploads\/2017\/11\/gumucio-e1512612732609.jpg","width":1200,"height":832},{"@type":"BreadcrumbList","@id":"http:\/\/vientosur.top\/museo\/jueves-30-de-noviembre-rafael-gumucio-presentara-la-charla-violeta-parra-y-el-humor\/#breadcrumb","itemListElement":[{"@type":"ListItem","position":1,"name":"Portada","item":"http:\/\/vientosur.top\/museo\/"},{"@type":"ListItem","position":2,"name":"Rafael Gumucio abord\u00f3 la relaci\u00f3n de Violeta Parra con el humor en Sala Run Run"}]},{"@type":"WebSite","@id":"http:\/\/vientosur.top\/museo\/#website","url":"http:\/\/vientosur.top\/museo\/","name":"Museo Violeta Parra","description":"Espacio que alberga tanto la memoria y legado creativo de la artista","potentialAction":[{"@type":"SearchAction","target":{"@type":"EntryPoint","urlTemplate":"http:\/\/vientosur.top\/museo\/?s={search_term_string}"},"query-input":{"@type":"PropertyValueSpecification","valueRequired":true,"valueName":"search_term_string"}}],"inLanguage":"es"},{"@type":"Person","@id":"http:\/\/vientosur.top\/museo\/#\/schema\/person\/20c79d3c38800971feec8c2693c3dd9c","name":"admin","image":{"@type":"ImageObject","inLanguage":"es","@id":"http:\/\/vientosur.top\/museo\/#\/schema\/person\/image\/","url":"https:\/\/secure.gravatar.com\/avatar\/713677ece3ffa642287213a80e5b773bce9ab81c269dd6d95102a990951c922f?s=96&d=mm&r=g","contentUrl":"https:\/\/secure.gravatar.com\/avatar\/713677ece3ffa642287213a80e5b773bce9ab81c269dd6d95102a990951c922f?s=96&d=mm&r=g","caption":"admin"},"sameAs":["http:\/\/vientosur.top\/museo"],"url":"http:\/\/vientosur.top\/museo\/author\/comunicacionesmvp\/"}]}},"_links":{"self":[{"href":"http:\/\/vientosur.top\/museo\/wp-json\/wp\/v2\/posts\/6073","targetHints":{"allow":["GET"]}}],"collection":[{"href":"http:\/\/vientosur.top\/museo\/wp-json\/wp\/v2\/posts"}],"about":[{"href":"http:\/\/vientosur.top\/museo\/wp-json\/wp\/v2\/types\/post"}],"author":[{"embeddable":true,"href":"http:\/\/vientosur.top\/museo\/wp-json\/wp\/v2\/users\/5"}],"replies":[{"embeddable":true,"href":"http:\/\/vientosur.top\/museo\/wp-json\/wp\/v2\/comments?post=6073"}],"version-history":[{"count":0,"href":"http:\/\/vientosur.top\/museo\/wp-json\/wp\/v2\/posts\/6073\/revisions"}],"wp:featuredmedia":[{"embeddable":true,"href":"http:\/\/vientosur.top\/museo\/wp-json\/wp\/v2\/media\/6123"}],"wp:attachment":[{"href":"http:\/\/vientosur.top\/museo\/wp-json\/wp\/v2\/media?parent=6073"}],"wp:term":[{"taxonomy":"category","embeddable":true,"href":"http:\/\/vientosur.top\/museo\/wp-json\/wp\/v2\/categories?post=6073"},{"taxonomy":"post_tag","embeddable":true,"href":"http:\/\/vientosur.top\/museo\/wp-json\/wp\/v2\/tags?post=6073"}],"curies":[{"name":"wp","href":"https:\/\/api.w.org\/{rel}","templated":true}]}}