{"id":6084,"date":"2017-11-26T13:00:49","date_gmt":"2017-11-26T13:00:49","guid":{"rendered":"http:\/\/vientosur.top\/museo\/\/?p=6084"},"modified":"2017-11-26T13:00:49","modified_gmt":"2017-11-26T13:00:49","slug":"este-domingo-coro-de-codelco-rinde-homenaje-a-violeta-parra-en-sala-antar","status":"publish","type":"post","link":"http:\/\/vientosur.top\/museo\/este-domingo-coro-de-codelco-rinde-homenaje-a-violeta-parra-en-sala-antar\/","title":{"rendered":"Reserva tu entrada gratis para este domingo: Coro de CODELCO rendir\u00e1 homenaje a Violeta Parra en Sala Antar"},"content":{"rendered":"<p>El Coro de C\u00e1mara de Codelco realizar\u00e1 un \u00a0homenaje a Violeta Parra, en el marco de las celebraciones por los cien a\u00f1os de su nacimiento, donde\u00a0se interpretar\u00e1 una selecci\u00f3n de su m\u00fasica en arreglos corales de m\u00fasicos chilenos. Por otro lado, en una segunda parte, la agrupaci\u00f3n presentar\u00e1 villancicos de Navidad de diferentes\u00a0lugares del mundo. Todo este repertorio ser\u00e1 interpretado\u00a0<em>a capella<\/em>. El conjunto es dirigido por Mauricio Cort\u00e9s L\u00f3pez.<\/p>\n<p><strong>Coro de C\u00e1mara de Codelco\u00a0<\/strong><br \/>\n<strong>Domingo 3 de diciembre \/ 16:00 horas \/ Sala Antar del Museo Violeta Parra<\/strong><br \/>\n<strong>Entrada liberada previa inscripci\u00f3n en www.museovioletaparra.cl<\/strong><\/p>\n<p><iframe src=\"https:\/\/docs.google.com\/forms\/d\/e\/1FAIpQLSe0JUkx3w-TT0b1gzEVfJrduwiPMHrItWIfDTFzv1PnM7E7Qg\/viewform?embedded=true\" width=\"760\" height=\"500\" frameborder=\"0\" marginwidth=\"0\" marginheight=\"0\">Loading&#8230;<\/iframe><\/p>\n<p>&nbsp;<\/p>\n","protected":false},"excerpt":{"rendered":"<p>El Coro de C\u00e1mara de Codelco realizar\u00e1 un \u00a0homenaje a Violeta Parra, en el marco de las celebraciones por los cien a\u00f1os de su nacimiento, donde\u00a0se interpretar\u00e1 una selecci\u00f3n de su m\u00fasica en arreglos corales de m\u00fasicos chilenos. Por otro lado, en una segunda parte, la agrupaci\u00f3n presentar\u00e1 villancicos de Navidad de diferentes\u00a0lugares del mundo. [&hellip;]<\/p>\n","protected":false},"author":5,"featured_media":5854,"comment_status":"open","ping_status":"open","sticky":false,"template":"","format":"standard","meta":{"site-sidebar-layout":"default","site-content-layout":"","ast-site-content-layout":"default","site-content-style":"default","site-sidebar-style":"default","ast-global-header-display":"","ast-banner-title-visibility":"","ast-main-header-display":"","ast-hfb-above-header-display":"","ast-hfb-below-header-display":"","ast-hfb-mobile-header-display":"","site-post-title":"","ast-breadcrumbs-content":"","ast-featured-img":"","footer-sml-layout":"","theme-transparent-header-meta":"","adv-header-id-meta":"","stick-header-meta":"","header-above-stick-meta":"","header-main-stick-meta":"","header-below-stick-meta":"","astra-migrate-meta-layouts":"default","ast-page-background-enabled":"default","ast-page-background-meta":{"desktop":{"background-color":"var(--ast-global-color-4)","background-image":"","background-repeat":"repeat","background-position":"center center","background-size":"auto","background-attachment":"scroll","background-type":"","background-media":"","overlay-type":"","overlay-color":"","overlay-opacity":"","overlay-gradient":""},"tablet":{"background-color":"","background-image":"","background-repeat":"repeat","background-position":"center center","background-size":"auto","background-attachment":"scroll","background-type":"","background-media":"","overlay-type":"","overlay-color":"","overlay-opacity":"","overlay-gradient":""},"mobile":{"background-color":"","background-image":"","background-repeat":"repeat","background-position":"center center","background-size":"auto","background-attachment":"scroll","background-type":"","background-media":"","overlay-type":"","overlay-color":"","overlay-opacity":"","overlay-gradient":""}},"ast-content-background-meta":{"desktop":{"background-color":"var(--ast-global-color-5)","background-image":"","background-repeat":"repeat","background-position":"center center","background-size":"auto","background-attachment":"scroll","background-type":"","background-media":"","overlay-type":"","overlay-color":"","overlay-opacity":"","overlay-gradient":""},"tablet":{"background-color":"var(--ast-global-color-5)","background-image":"","background-repeat":"repeat","background-position":"center center","background-size":"auto","background-attachment":"scroll","background-type":"","background-media":"","overlay-type":"","overlay-color":"","overlay-opacity":"","overlay-gradient":""},"mobile":{"background-color":"var(--ast-global-color-5)","background-image":"","background-repeat":"repeat","background-position":"center center","background-size":"auto","background-attachment":"scroll","background-type":"","background-media":"","overlay-type":"","overlay-color":"","overlay-opacity":"","overlay-gradient":""}},"footnotes":""},"categories":[59,8,61],"tags":[],"class_list":["post-6084","post","type-post","status-publish","format-standard","has-post-thumbnail","hentry","category-destacado-noticia","category-noticias","category-novedades"],"yoast_head":"<!-- This site is optimized with the Yoast SEO plugin v25.4 - https:\/\/yoast.com\/wordpress\/plugins\/seo\/ -->\n<title>Reserva tu entrada gratis para este domingo: Coro de CODELCO rendir\u00e1 homenaje a Violeta Parra en Sala Antar - Museo Violeta Parra<\/title>\n<meta name=\"robots\" content=\"index, follow, max-snippet:-1, max-image-preview:large, max-video-preview:-1\" \/>\n<link rel=\"canonical\" href=\"http:\/\/vientosur.top\/museo\/este-domingo-coro-de-codelco-rinde-homenaje-a-violeta-parra-en-sala-antar\/\" \/>\n<meta property=\"og:locale\" content=\"es_ES\" \/>\n<meta property=\"og:type\" content=\"article\" \/>\n<meta property=\"og:title\" content=\"Reserva tu entrada gratis para este domingo: Coro de CODELCO rendir\u00e1 homenaje a Violeta Parra en Sala Antar - Museo Violeta Parra\" \/>\n<meta property=\"og:description\" content=\"El Coro de C\u00e1mara de Codelco realizar\u00e1 un \u00a0homenaje a Violeta Parra, en el marco de las celebraciones por los cien a\u00f1os de su nacimiento, donde\u00a0se interpretar\u00e1 una selecci\u00f3n de su m\u00fasica en arreglos corales de m\u00fasicos chilenos. Por otro lado, en una segunda parte, la agrupaci\u00f3n presentar\u00e1 villancicos de Navidad de diferentes\u00a0lugares del mundo. [&hellip;]\" \/>\n<meta property=\"og:url\" content=\"http:\/\/vientosur.top\/museo\/este-domingo-coro-de-codelco-rinde-homenaje-a-violeta-parra-en-sala-antar\/\" \/>\n<meta property=\"og:site_name\" content=\"Museo Violeta Parra\" \/>\n<meta property=\"article:published_time\" content=\"2017-11-26T13:00:49+00:00\" \/>\n<meta property=\"og:image\" content=\"http:\/\/vientosur.top\/museo\/wp-content\/uploads\/2017\/10\/22861598_2010516659191745_4360036156824951175_o-e1512612593458.jpg\" \/>\n\t<meta property=\"og:image:width\" content=\"1200\" \/>\n\t<meta property=\"og:image:height\" content=\"797\" \/>\n\t<meta property=\"og:image:type\" content=\"image\/jpeg\" \/>\n<meta name=\"author\" content=\"admin\" \/>\n<meta name=\"twitter:card\" content=\"summary_large_image\" \/>\n<meta name=\"twitter:label1\" content=\"Escrito por\" \/>\n\t<meta name=\"twitter:data1\" content=\"admin\" \/>\n\t<meta name=\"twitter:label2\" content=\"Tiempo de lectura\" \/>\n\t<meta name=\"twitter:data2\" content=\"1 minuto\" \/>\n<script type=\"application\/ld+json\" class=\"yoast-schema-graph\">{\"@context\":\"https:\/\/schema.org\",\"@graph\":[{\"@type\":\"WebPage\",\"@id\":\"http:\/\/vientosur.top\/museo\/este-domingo-coro-de-codelco-rinde-homenaje-a-violeta-parra-en-sala-antar\/\",\"url\":\"http:\/\/vientosur.top\/museo\/este-domingo-coro-de-codelco-rinde-homenaje-a-violeta-parra-en-sala-antar\/\",\"name\":\"Reserva tu entrada gratis para este domingo: Coro de CODELCO rendir\u00e1 homenaje a Violeta Parra en Sala Antar - Museo Violeta Parra\",\"isPartOf\":{\"@id\":\"http:\/\/vientosur.top\/museo\/#website\"},\"primaryImageOfPage\":{\"@id\":\"http:\/\/vientosur.top\/museo\/este-domingo-coro-de-codelco-rinde-homenaje-a-violeta-parra-en-sala-antar\/#primaryimage\"},\"image\":{\"@id\":\"http:\/\/vientosur.top\/museo\/este-domingo-coro-de-codelco-rinde-homenaje-a-violeta-parra-en-sala-antar\/#primaryimage\"},\"thumbnailUrl\":\"http:\/\/vientosur.top\/museo\/wp-content\/uploads\/2017\/10\/22861598_2010516659191745_4360036156824951175_o-e1512612593458.jpg\",\"datePublished\":\"2017-11-26T13:00:49+00:00\",\"author\":{\"@id\":\"http:\/\/vientosur.top\/museo\/#\/schema\/person\/20c79d3c38800971feec8c2693c3dd9c\"},\"breadcrumb\":{\"@id\":\"http:\/\/vientosur.top\/museo\/este-domingo-coro-de-codelco-rinde-homenaje-a-violeta-parra-en-sala-antar\/#breadcrumb\"},\"inLanguage\":\"es\",\"potentialAction\":[{\"@type\":\"ReadAction\",\"target\":[\"http:\/\/vientosur.top\/museo\/este-domingo-coro-de-codelco-rinde-homenaje-a-violeta-parra-en-sala-antar\/\"]}]},{\"@type\":\"ImageObject\",\"inLanguage\":\"es\",\"@id\":\"http:\/\/vientosur.top\/museo\/este-domingo-coro-de-codelco-rinde-homenaje-a-violeta-parra-en-sala-antar\/#primaryimage\",\"url\":\"http:\/\/vientosur.top\/museo\/wp-content\/uploads\/2017\/10\/22861598_2010516659191745_4360036156824951175_o-e1512612593458.jpg\",\"contentUrl\":\"http:\/\/vientosur.top\/museo\/wp-content\/uploads\/2017\/10\/22861598_2010516659191745_4360036156824951175_o-e1512612593458.jpg\",\"width\":1200,\"height\":797},{\"@type\":\"BreadcrumbList\",\"@id\":\"http:\/\/vientosur.top\/museo\/este-domingo-coro-de-codelco-rinde-homenaje-a-violeta-parra-en-sala-antar\/#breadcrumb\",\"itemListElement\":[{\"@type\":\"ListItem\",\"position\":1,\"name\":\"Portada\",\"item\":\"http:\/\/vientosur.top\/museo\/\"},{\"@type\":\"ListItem\",\"position\":2,\"name\":\"Reserva tu entrada gratis para este domingo: Coro de CODELCO rendir\u00e1 homenaje a Violeta Parra en Sala Antar\"}]},{\"@type\":\"WebSite\",\"@id\":\"http:\/\/vientosur.top\/museo\/#website\",\"url\":\"http:\/\/vientosur.top\/museo\/\",\"name\":\"Museo Violeta Parra\",\"description\":\"Espacio que alberga tanto la memoria y legado creativo de la artista\",\"potentialAction\":[{\"@type\":\"SearchAction\",\"target\":{\"@type\":\"EntryPoint\",\"urlTemplate\":\"http:\/\/vientosur.top\/museo\/?s={search_term_string}\"},\"query-input\":{\"@type\":\"PropertyValueSpecification\",\"valueRequired\":true,\"valueName\":\"search_term_string\"}}],\"inLanguage\":\"es\"},{\"@type\":\"Person\",\"@id\":\"http:\/\/vientosur.top\/museo\/#\/schema\/person\/20c79d3c38800971feec8c2693c3dd9c\",\"name\":\"admin\",\"image\":{\"@type\":\"ImageObject\",\"inLanguage\":\"es\",\"@id\":\"http:\/\/vientosur.top\/museo\/#\/schema\/person\/image\/\",\"url\":\"https:\/\/secure.gravatar.com\/avatar\/713677ece3ffa642287213a80e5b773bce9ab81c269dd6d95102a990951c922f?s=96&d=mm&r=g\",\"contentUrl\":\"https:\/\/secure.gravatar.com\/avatar\/713677ece3ffa642287213a80e5b773bce9ab81c269dd6d95102a990951c922f?s=96&d=mm&r=g\",\"caption\":\"admin\"},\"sameAs\":[\"http:\/\/vientosur.top\/museo\"],\"url\":\"http:\/\/vientosur.top\/museo\/author\/comunicacionesmvp\/\"}]}<\/script>\n<!-- \/ Yoast SEO plugin. -->","yoast_head_json":{"title":"Reserva tu entrada gratis para este domingo: Coro de CODELCO rendir\u00e1 homenaje a Violeta Parra en Sala Antar - Museo Violeta Parra","robots":{"index":"index","follow":"follow","max-snippet":"max-snippet:-1","max-image-preview":"max-image-preview:large","max-video-preview":"max-video-preview:-1"},"canonical":"http:\/\/vientosur.top\/museo\/este-domingo-coro-de-codelco-rinde-homenaje-a-violeta-parra-en-sala-antar\/","og_locale":"es_ES","og_type":"article","og_title":"Reserva tu entrada gratis para este domingo: Coro de CODELCO rendir\u00e1 homenaje a Violeta Parra en Sala Antar - Museo Violeta Parra","og_description":"El Coro de C\u00e1mara de Codelco realizar\u00e1 un \u00a0homenaje a Violeta Parra, en el marco de las celebraciones por los cien a\u00f1os de su nacimiento, donde\u00a0se interpretar\u00e1 una selecci\u00f3n de su m\u00fasica en arreglos corales de m\u00fasicos chilenos. Por otro lado, en una segunda parte, la agrupaci\u00f3n presentar\u00e1 villancicos de Navidad de diferentes\u00a0lugares del mundo. [&hellip;]","og_url":"http:\/\/vientosur.top\/museo\/este-domingo-coro-de-codelco-rinde-homenaje-a-violeta-parra-en-sala-antar\/","og_site_name":"Museo Violeta Parra","article_published_time":"2017-11-26T13:00:49+00:00","og_image":[{"width":1200,"height":797,"url":"http:\/\/vientosur.top\/museo\/wp-content\/uploads\/2017\/10\/22861598_2010516659191745_4360036156824951175_o-e1512612593458.jpg","type":"image\/jpeg"}],"author":"admin","twitter_card":"summary_large_image","twitter_misc":{"Escrito por":"admin","Tiempo de lectura":"1 minuto"},"schema":{"@context":"https:\/\/schema.org","@graph":[{"@type":"WebPage","@id":"http:\/\/vientosur.top\/museo\/este-domingo-coro-de-codelco-rinde-homenaje-a-violeta-parra-en-sala-antar\/","url":"http:\/\/vientosur.top\/museo\/este-domingo-coro-de-codelco-rinde-homenaje-a-violeta-parra-en-sala-antar\/","name":"Reserva tu entrada gratis para este domingo: Coro de CODELCO rendir\u00e1 homenaje a Violeta Parra en Sala Antar - Museo Violeta Parra","isPartOf":{"@id":"http:\/\/vientosur.top\/museo\/#website"},"primaryImageOfPage":{"@id":"http:\/\/vientosur.top\/museo\/este-domingo-coro-de-codelco-rinde-homenaje-a-violeta-parra-en-sala-antar\/#primaryimage"},"image":{"@id":"http:\/\/vientosur.top\/museo\/este-domingo-coro-de-codelco-rinde-homenaje-a-violeta-parra-en-sala-antar\/#primaryimage"},"thumbnailUrl":"http:\/\/vientosur.top\/museo\/wp-content\/uploads\/2017\/10\/22861598_2010516659191745_4360036156824951175_o-e1512612593458.jpg","datePublished":"2017-11-26T13:00:49+00:00","author":{"@id":"http:\/\/vientosur.top\/museo\/#\/schema\/person\/20c79d3c38800971feec8c2693c3dd9c"},"breadcrumb":{"@id":"http:\/\/vientosur.top\/museo\/este-domingo-coro-de-codelco-rinde-homenaje-a-violeta-parra-en-sala-antar\/#breadcrumb"},"inLanguage":"es","potentialAction":[{"@type":"ReadAction","target":["http:\/\/vientosur.top\/museo\/este-domingo-coro-de-codelco-rinde-homenaje-a-violeta-parra-en-sala-antar\/"]}]},{"@type":"ImageObject","inLanguage":"es","@id":"http:\/\/vientosur.top\/museo\/este-domingo-coro-de-codelco-rinde-homenaje-a-violeta-parra-en-sala-antar\/#primaryimage","url":"http:\/\/vientosur.top\/museo\/wp-content\/uploads\/2017\/10\/22861598_2010516659191745_4360036156824951175_o-e1512612593458.jpg","contentUrl":"http:\/\/vientosur.top\/museo\/wp-content\/uploads\/2017\/10\/22861598_2010516659191745_4360036156824951175_o-e1512612593458.jpg","width":1200,"height":797},{"@type":"BreadcrumbList","@id":"http:\/\/vientosur.top\/museo\/este-domingo-coro-de-codelco-rinde-homenaje-a-violeta-parra-en-sala-antar\/#breadcrumb","itemListElement":[{"@type":"ListItem","position":1,"name":"Portada","item":"http:\/\/vientosur.top\/museo\/"},{"@type":"ListItem","position":2,"name":"Reserva tu entrada gratis para este domingo: Coro de CODELCO rendir\u00e1 homenaje a Violeta Parra en Sala Antar"}]},{"@type":"WebSite","@id":"http:\/\/vientosur.top\/museo\/#website","url":"http:\/\/vientosur.top\/museo\/","name":"Museo Violeta Parra","description":"Espacio que alberga tanto la memoria y legado creativo de la artista","potentialAction":[{"@type":"SearchAction","target":{"@type":"EntryPoint","urlTemplate":"http:\/\/vientosur.top\/museo\/?s={search_term_string}"},"query-input":{"@type":"PropertyValueSpecification","valueRequired":true,"valueName":"search_term_string"}}],"inLanguage":"es"},{"@type":"Person","@id":"http:\/\/vientosur.top\/museo\/#\/schema\/person\/20c79d3c38800971feec8c2693c3dd9c","name":"admin","image":{"@type":"ImageObject","inLanguage":"es","@id":"http:\/\/vientosur.top\/museo\/#\/schema\/person\/image\/","url":"https:\/\/secure.gravatar.com\/avatar\/713677ece3ffa642287213a80e5b773bce9ab81c269dd6d95102a990951c922f?s=96&d=mm&r=g","contentUrl":"https:\/\/secure.gravatar.com\/avatar\/713677ece3ffa642287213a80e5b773bce9ab81c269dd6d95102a990951c922f?s=96&d=mm&r=g","caption":"admin"},"sameAs":["http:\/\/vientosur.top\/museo"],"url":"http:\/\/vientosur.top\/museo\/author\/comunicacionesmvp\/"}]}},"_links":{"self":[{"href":"http:\/\/vientosur.top\/museo\/wp-json\/wp\/v2\/posts\/6084","targetHints":{"allow":["GET"]}}],"collection":[{"href":"http:\/\/vientosur.top\/museo\/wp-json\/wp\/v2\/posts"}],"about":[{"href":"http:\/\/vientosur.top\/museo\/wp-json\/wp\/v2\/types\/post"}],"author":[{"embeddable":true,"href":"http:\/\/vientosur.top\/museo\/wp-json\/wp\/v2\/users\/5"}],"replies":[{"embeddable":true,"href":"http:\/\/vientosur.top\/museo\/wp-json\/wp\/v2\/comments?post=6084"}],"version-history":[{"count":0,"href":"http:\/\/vientosur.top\/museo\/wp-json\/wp\/v2\/posts\/6084\/revisions"}],"wp:featuredmedia":[{"embeddable":true,"href":"http:\/\/vientosur.top\/museo\/wp-json\/wp\/v2\/media\/5854"}],"wp:attachment":[{"href":"http:\/\/vientosur.top\/museo\/wp-json\/wp\/v2\/media?parent=6084"}],"wp:term":[{"taxonomy":"category","embeddable":true,"href":"http:\/\/vientosur.top\/museo\/wp-json\/wp\/v2\/categories?post=6084"},{"taxonomy":"post_tag","embeddable":true,"href":"http:\/\/vientosur.top\/museo\/wp-json\/wp\/v2\/tags?post=6084"}],"curies":[{"name":"wp","href":"https:\/\/api.w.org\/{rel}","templated":true}]}}