{"id":6139,"date":"2017-12-02T15:52:49","date_gmt":"2017-12-02T15:52:49","guid":{"rendered":"http:\/\/vientosur.top\/museo\/\/?p=6139"},"modified":"2017-12-02T15:52:49","modified_gmt":"2017-12-02T15:52:49","slug":"reserva-tu-entrada-gratis-isabel-parra-presentara-conversaciones-musicales-el-domingo-10-de-noviembre","status":"publish","type":"post","link":"http:\/\/vientosur.top\/museo\/reserva-tu-entrada-gratis-isabel-parra-presentara-conversaciones-musicales-el-domingo-10-de-noviembre\/","title":{"rendered":"Reserva tu entrada gratis: Isabel Parra presentar\u00e1 \u00abConversaciones musicales\u00bb el domingo 10 de noviembre"},"content":{"rendered":"<p>Dice Isabel Parra: \u201cCuando escuchamos una canci\u00f3n, una m\u00fasica que nos gusta por su melod\u00eda, por su contenido, nos preguntamos siempre qu\u00e9 hab\u00eda detr\u00e1s de la necesidad de componer esa canci\u00f3n. O tambi\u00e9n nos preguntamos qu\u00e9 motiv\u00f3 a esa artista o m\u00fasico a entregarnos su \u201cprivacidad\u201d para compartirla. Decimos \u201cprivacidad\u201d cuando estamos pensando en que el artista en cada texto y en cada m\u00fasica est\u00e1 mostrando un poquito de su coraz\u00f3n y de su alma. Y ah\u00ed surgen los porqu\u00e9 infinitos. El primer porqu\u00e9 es\u00a0<strong>por qu\u00e9 nos gusta esa canci\u00f3n<\/strong>\u2026 Trataremos de descubrir ese misterio el domingo 10 de diciembre en el Museo Violeta Parra\u201d.<\/p>\n<p>Se presentar\u00e1n, junto a Isabel, los artistas Milena Rojas, Sim\u00f3n Gonz\u00e1lez y Greco Acu\u00f1a<br \/>\nInvitado especial: Fernando Venegas, autor del libro \u201cVioleta Parra en Concepci\u00f3n y la frontera del BioB\u00edo: 1957-1960\u201d<\/p>\n<p>* Fotograf\u00eda de Isabel Parra, Tita Parra y Milena Rojas por Marcelo Machuca.<\/p>\n<p>&nbsp;<\/p>\n<p><strong>Isabel Parra presenta \u201cConversaciones musicales\u201d\u00a0<\/strong><br \/>\n<strong>Domingo 10 de diciembre \/ 16:00 horas \/ Sala Antar<\/strong><br \/>\n<strong>Entrada liberada previa inscripci\u00f3n en www.museovioletaparra.cl<br \/>\n<\/strong><\/p>\n<p><iframe src=\"https:\/\/docs.google.com\/forms\/d\/e\/1FAIpQLSeuqg-4dULbK7wubausMBIXQN-R4z2pAbjcTtYto4AoLRiRZQ\/viewform?embedded=true\" width=\"760\" height=\"500\" frameborder=\"0\" marginwidth=\"0\" marginheight=\"0\">Loading&#8230;<\/iframe><\/p>\n<p>&nbsp;<\/p>\n<p>&nbsp;<\/p>\n<p>&nbsp;<\/p>\n<p>&nbsp;<\/p>\n","protected":false},"excerpt":{"rendered":"<p>Dice Isabel Parra: \u201cCuando escuchamos una canci\u00f3n, una m\u00fasica que nos gusta por su melod\u00eda, por su contenido, nos preguntamos siempre qu\u00e9 hab\u00eda detr\u00e1s de la necesidad de componer esa canci\u00f3n. O tambi\u00e9n nos preguntamos qu\u00e9 motiv\u00f3 a esa artista o m\u00fasico a entregarnos su \u201cprivacidad\u201d para compartirla. Decimos \u201cprivacidad\u201d cuando estamos pensando en que [&hellip;]<\/p>\n","protected":false},"author":5,"featured_media":6143,"comment_status":"open","ping_status":"open","sticky":false,"template":"","format":"standard","meta":{"site-sidebar-layout":"default","site-content-layout":"","ast-site-content-layout":"default","site-content-style":"default","site-sidebar-style":"default","ast-global-header-display":"","ast-banner-title-visibility":"","ast-main-header-display":"","ast-hfb-above-header-display":"","ast-hfb-below-header-display":"","ast-hfb-mobile-header-display":"","site-post-title":"","ast-breadcrumbs-content":"","ast-featured-img":"","footer-sml-layout":"","theme-transparent-header-meta":"","adv-header-id-meta":"","stick-header-meta":"","header-above-stick-meta":"","header-main-stick-meta":"","header-below-stick-meta":"","astra-migrate-meta-layouts":"default","ast-page-background-enabled":"default","ast-page-background-meta":{"desktop":{"background-color":"var(--ast-global-color-4)","background-image":"","background-repeat":"repeat","background-position":"center center","background-size":"auto","background-attachment":"scroll","background-type":"","background-media":"","overlay-type":"","overlay-color":"","overlay-opacity":"","overlay-gradient":""},"tablet":{"background-color":"","background-image":"","background-repeat":"repeat","background-position":"center center","background-size":"auto","background-attachment":"scroll","background-type":"","background-media":"","overlay-type":"","overlay-color":"","overlay-opacity":"","overlay-gradient":""},"mobile":{"background-color":"","background-image":"","background-repeat":"repeat","background-position":"center center","background-size":"auto","background-attachment":"scroll","background-type":"","background-media":"","overlay-type":"","overlay-color":"","overlay-opacity":"","overlay-gradient":""}},"ast-content-background-meta":{"desktop":{"background-color":"var(--ast-global-color-5)","background-image":"","background-repeat":"repeat","background-position":"center center","background-size":"auto","background-attachment":"scroll","background-type":"","background-media":"","overlay-type":"","overlay-color":"","overlay-opacity":"","overlay-gradient":""},"tablet":{"background-color":"var(--ast-global-color-5)","background-image":"","background-repeat":"repeat","background-position":"center center","background-size":"auto","background-attachment":"scroll","background-type":"","background-media":"","overlay-type":"","overlay-color":"","overlay-opacity":"","overlay-gradient":""},"mobile":{"background-color":"var(--ast-global-color-5)","background-image":"","background-repeat":"repeat","background-position":"center center","background-size":"auto","background-attachment":"scroll","background-type":"","background-media":"","overlay-type":"","overlay-color":"","overlay-opacity":"","overlay-gradient":""}},"footnotes":""},"categories":[59,8,61],"tags":[],"class_list":["post-6139","post","type-post","status-publish","format-standard","has-post-thumbnail","hentry","category-destacado-noticia","category-noticias","category-novedades"],"yoast_head":"<!-- This site is optimized with the Yoast SEO plugin v25.4 - https:\/\/yoast.com\/wordpress\/plugins\/seo\/ -->\n<title>Reserva tu entrada gratis: Isabel Parra presentar\u00e1 &quot;Conversaciones musicales&quot; el domingo 10 de noviembre - Museo Violeta Parra<\/title>\n<meta name=\"robots\" content=\"index, follow, max-snippet:-1, max-image-preview:large, max-video-preview:-1\" \/>\n<link rel=\"canonical\" href=\"http:\/\/vientosur.top\/museo\/reserva-tu-entrada-gratis-isabel-parra-presentara-conversaciones-musicales-el-domingo-10-de-noviembre\/\" \/>\n<meta property=\"og:locale\" content=\"es_ES\" \/>\n<meta property=\"og:type\" content=\"article\" \/>\n<meta property=\"og:title\" content=\"Reserva tu entrada gratis: Isabel Parra presentar\u00e1 &quot;Conversaciones musicales&quot; el domingo 10 de noviembre - Museo Violeta Parra\" \/>\n<meta property=\"og:description\" content=\"Dice Isabel Parra: \u201cCuando escuchamos una canci\u00f3n, una m\u00fasica que nos gusta por su melod\u00eda, por su contenido, nos preguntamos siempre qu\u00e9 hab\u00eda detr\u00e1s de la necesidad de componer esa canci\u00f3n. O tambi\u00e9n nos preguntamos qu\u00e9 motiv\u00f3 a esa artista o m\u00fasico a entregarnos su \u201cprivacidad\u201d para compartirla. Decimos \u201cprivacidad\u201d cuando estamos pensando en que [&hellip;]\" \/>\n<meta property=\"og:url\" content=\"http:\/\/vientosur.top\/museo\/reserva-tu-entrada-gratis-isabel-parra-presentara-conversaciones-musicales-el-domingo-10-de-noviembre\/\" \/>\n<meta property=\"og:site_name\" content=\"Museo Violeta Parra\" \/>\n<meta property=\"article:published_time\" content=\"2017-12-02T15:52:49+00:00\" \/>\n<meta property=\"og:image\" content=\"http:\/\/vientosur.top\/museo\/wp-content\/uploads\/2017\/12\/isabel10.jpg\" \/>\n\t<meta property=\"og:image:width\" content=\"1200\" \/>\n\t<meta property=\"og:image:height\" content=\"400\" \/>\n\t<meta property=\"og:image:type\" content=\"image\/jpeg\" \/>\n<meta name=\"author\" content=\"admin\" \/>\n<meta name=\"twitter:card\" content=\"summary_large_image\" \/>\n<meta name=\"twitter:label1\" content=\"Escrito por\" \/>\n\t<meta name=\"twitter:data1\" content=\"admin\" \/>\n\t<meta name=\"twitter:label2\" content=\"Tiempo de lectura\" \/>\n\t<meta name=\"twitter:data2\" content=\"1 minuto\" \/>\n<script type=\"application\/ld+json\" class=\"yoast-schema-graph\">{\"@context\":\"https:\/\/schema.org\",\"@graph\":[{\"@type\":\"WebPage\",\"@id\":\"http:\/\/vientosur.top\/museo\/reserva-tu-entrada-gratis-isabel-parra-presentara-conversaciones-musicales-el-domingo-10-de-noviembre\/\",\"url\":\"http:\/\/vientosur.top\/museo\/reserva-tu-entrada-gratis-isabel-parra-presentara-conversaciones-musicales-el-domingo-10-de-noviembre\/\",\"name\":\"Reserva tu entrada gratis: Isabel Parra presentar\u00e1 \\\"Conversaciones musicales\\\" el domingo 10 de noviembre - Museo Violeta Parra\",\"isPartOf\":{\"@id\":\"http:\/\/vientosur.top\/museo\/#website\"},\"primaryImageOfPage\":{\"@id\":\"http:\/\/vientosur.top\/museo\/reserva-tu-entrada-gratis-isabel-parra-presentara-conversaciones-musicales-el-domingo-10-de-noviembre\/#primaryimage\"},\"image\":{\"@id\":\"http:\/\/vientosur.top\/museo\/reserva-tu-entrada-gratis-isabel-parra-presentara-conversaciones-musicales-el-domingo-10-de-noviembre\/#primaryimage\"},\"thumbnailUrl\":\"http:\/\/vientosur.top\/museo\/wp-content\/uploads\/2017\/12\/isabel10.jpg\",\"datePublished\":\"2017-12-02T15:52:49+00:00\",\"author\":{\"@id\":\"http:\/\/vientosur.top\/museo\/#\/schema\/person\/20c79d3c38800971feec8c2693c3dd9c\"},\"breadcrumb\":{\"@id\":\"http:\/\/vientosur.top\/museo\/reserva-tu-entrada-gratis-isabel-parra-presentara-conversaciones-musicales-el-domingo-10-de-noviembre\/#breadcrumb\"},\"inLanguage\":\"es\",\"potentialAction\":[{\"@type\":\"ReadAction\",\"target\":[\"http:\/\/vientosur.top\/museo\/reserva-tu-entrada-gratis-isabel-parra-presentara-conversaciones-musicales-el-domingo-10-de-noviembre\/\"]}]},{\"@type\":\"ImageObject\",\"inLanguage\":\"es\",\"@id\":\"http:\/\/vientosur.top\/museo\/reserva-tu-entrada-gratis-isabel-parra-presentara-conversaciones-musicales-el-domingo-10-de-noviembre\/#primaryimage\",\"url\":\"http:\/\/vientosur.top\/museo\/wp-content\/uploads\/2017\/12\/isabel10.jpg\",\"contentUrl\":\"http:\/\/vientosur.top\/museo\/wp-content\/uploads\/2017\/12\/isabel10.jpg\",\"width\":1200,\"height\":400},{\"@type\":\"BreadcrumbList\",\"@id\":\"http:\/\/vientosur.top\/museo\/reserva-tu-entrada-gratis-isabel-parra-presentara-conversaciones-musicales-el-domingo-10-de-noviembre\/#breadcrumb\",\"itemListElement\":[{\"@type\":\"ListItem\",\"position\":1,\"name\":\"Portada\",\"item\":\"http:\/\/vientosur.top\/museo\/\"},{\"@type\":\"ListItem\",\"position\":2,\"name\":\"Reserva tu entrada gratis: Isabel Parra presentar\u00e1 \u00abConversaciones musicales\u00bb el domingo 10 de noviembre\"}]},{\"@type\":\"WebSite\",\"@id\":\"http:\/\/vientosur.top\/museo\/#website\",\"url\":\"http:\/\/vientosur.top\/museo\/\",\"name\":\"Museo Violeta Parra\",\"description\":\"Espacio que alberga tanto la memoria y legado creativo de la artista\",\"potentialAction\":[{\"@type\":\"SearchAction\",\"target\":{\"@type\":\"EntryPoint\",\"urlTemplate\":\"http:\/\/vientosur.top\/museo\/?s={search_term_string}\"},\"query-input\":{\"@type\":\"PropertyValueSpecification\",\"valueRequired\":true,\"valueName\":\"search_term_string\"}}],\"inLanguage\":\"es\"},{\"@type\":\"Person\",\"@id\":\"http:\/\/vientosur.top\/museo\/#\/schema\/person\/20c79d3c38800971feec8c2693c3dd9c\",\"name\":\"admin\",\"image\":{\"@type\":\"ImageObject\",\"inLanguage\":\"es\",\"@id\":\"http:\/\/vientosur.top\/museo\/#\/schema\/person\/image\/\",\"url\":\"https:\/\/secure.gravatar.com\/avatar\/713677ece3ffa642287213a80e5b773bce9ab81c269dd6d95102a990951c922f?s=96&d=mm&r=g\",\"contentUrl\":\"https:\/\/secure.gravatar.com\/avatar\/713677ece3ffa642287213a80e5b773bce9ab81c269dd6d95102a990951c922f?s=96&d=mm&r=g\",\"caption\":\"admin\"},\"sameAs\":[\"http:\/\/vientosur.top\/museo\"],\"url\":\"http:\/\/vientosur.top\/museo\/author\/comunicacionesmvp\/\"}]}<\/script>\n<!-- \/ Yoast SEO plugin. -->","yoast_head_json":{"title":"Reserva tu entrada gratis: Isabel Parra presentar\u00e1 \"Conversaciones musicales\" el domingo 10 de noviembre - Museo Violeta Parra","robots":{"index":"index","follow":"follow","max-snippet":"max-snippet:-1","max-image-preview":"max-image-preview:large","max-video-preview":"max-video-preview:-1"},"canonical":"http:\/\/vientosur.top\/museo\/reserva-tu-entrada-gratis-isabel-parra-presentara-conversaciones-musicales-el-domingo-10-de-noviembre\/","og_locale":"es_ES","og_type":"article","og_title":"Reserva tu entrada gratis: Isabel Parra presentar\u00e1 \"Conversaciones musicales\" el domingo 10 de noviembre - Museo Violeta Parra","og_description":"Dice Isabel Parra: \u201cCuando escuchamos una canci\u00f3n, una m\u00fasica que nos gusta por su melod\u00eda, por su contenido, nos preguntamos siempre qu\u00e9 hab\u00eda detr\u00e1s de la necesidad de componer esa canci\u00f3n. O tambi\u00e9n nos preguntamos qu\u00e9 motiv\u00f3 a esa artista o m\u00fasico a entregarnos su \u201cprivacidad\u201d para compartirla. Decimos \u201cprivacidad\u201d cuando estamos pensando en que [&hellip;]","og_url":"http:\/\/vientosur.top\/museo\/reserva-tu-entrada-gratis-isabel-parra-presentara-conversaciones-musicales-el-domingo-10-de-noviembre\/","og_site_name":"Museo Violeta Parra","article_published_time":"2017-12-02T15:52:49+00:00","og_image":[{"width":1200,"height":400,"url":"http:\/\/vientosur.top\/museo\/wp-content\/uploads\/2017\/12\/isabel10.jpg","type":"image\/jpeg"}],"author":"admin","twitter_card":"summary_large_image","twitter_misc":{"Escrito por":"admin","Tiempo de lectura":"1 minuto"},"schema":{"@context":"https:\/\/schema.org","@graph":[{"@type":"WebPage","@id":"http:\/\/vientosur.top\/museo\/reserva-tu-entrada-gratis-isabel-parra-presentara-conversaciones-musicales-el-domingo-10-de-noviembre\/","url":"http:\/\/vientosur.top\/museo\/reserva-tu-entrada-gratis-isabel-parra-presentara-conversaciones-musicales-el-domingo-10-de-noviembre\/","name":"Reserva tu entrada gratis: Isabel Parra presentar\u00e1 \"Conversaciones musicales\" el domingo 10 de noviembre - Museo Violeta Parra","isPartOf":{"@id":"http:\/\/vientosur.top\/museo\/#website"},"primaryImageOfPage":{"@id":"http:\/\/vientosur.top\/museo\/reserva-tu-entrada-gratis-isabel-parra-presentara-conversaciones-musicales-el-domingo-10-de-noviembre\/#primaryimage"},"image":{"@id":"http:\/\/vientosur.top\/museo\/reserva-tu-entrada-gratis-isabel-parra-presentara-conversaciones-musicales-el-domingo-10-de-noviembre\/#primaryimage"},"thumbnailUrl":"http:\/\/vientosur.top\/museo\/wp-content\/uploads\/2017\/12\/isabel10.jpg","datePublished":"2017-12-02T15:52:49+00:00","author":{"@id":"http:\/\/vientosur.top\/museo\/#\/schema\/person\/20c79d3c38800971feec8c2693c3dd9c"},"breadcrumb":{"@id":"http:\/\/vientosur.top\/museo\/reserva-tu-entrada-gratis-isabel-parra-presentara-conversaciones-musicales-el-domingo-10-de-noviembre\/#breadcrumb"},"inLanguage":"es","potentialAction":[{"@type":"ReadAction","target":["http:\/\/vientosur.top\/museo\/reserva-tu-entrada-gratis-isabel-parra-presentara-conversaciones-musicales-el-domingo-10-de-noviembre\/"]}]},{"@type":"ImageObject","inLanguage":"es","@id":"http:\/\/vientosur.top\/museo\/reserva-tu-entrada-gratis-isabel-parra-presentara-conversaciones-musicales-el-domingo-10-de-noviembre\/#primaryimage","url":"http:\/\/vientosur.top\/museo\/wp-content\/uploads\/2017\/12\/isabel10.jpg","contentUrl":"http:\/\/vientosur.top\/museo\/wp-content\/uploads\/2017\/12\/isabel10.jpg","width":1200,"height":400},{"@type":"BreadcrumbList","@id":"http:\/\/vientosur.top\/museo\/reserva-tu-entrada-gratis-isabel-parra-presentara-conversaciones-musicales-el-domingo-10-de-noviembre\/#breadcrumb","itemListElement":[{"@type":"ListItem","position":1,"name":"Portada","item":"http:\/\/vientosur.top\/museo\/"},{"@type":"ListItem","position":2,"name":"Reserva tu entrada gratis: Isabel Parra presentar\u00e1 \u00abConversaciones musicales\u00bb el domingo 10 de noviembre"}]},{"@type":"WebSite","@id":"http:\/\/vientosur.top\/museo\/#website","url":"http:\/\/vientosur.top\/museo\/","name":"Museo Violeta Parra","description":"Espacio que alberga tanto la memoria y legado creativo de la artista","potentialAction":[{"@type":"SearchAction","target":{"@type":"EntryPoint","urlTemplate":"http:\/\/vientosur.top\/museo\/?s={search_term_string}"},"query-input":{"@type":"PropertyValueSpecification","valueRequired":true,"valueName":"search_term_string"}}],"inLanguage":"es"},{"@type":"Person","@id":"http:\/\/vientosur.top\/museo\/#\/schema\/person\/20c79d3c38800971feec8c2693c3dd9c","name":"admin","image":{"@type":"ImageObject","inLanguage":"es","@id":"http:\/\/vientosur.top\/museo\/#\/schema\/person\/image\/","url":"https:\/\/secure.gravatar.com\/avatar\/713677ece3ffa642287213a80e5b773bce9ab81c269dd6d95102a990951c922f?s=96&d=mm&r=g","contentUrl":"https:\/\/secure.gravatar.com\/avatar\/713677ece3ffa642287213a80e5b773bce9ab81c269dd6d95102a990951c922f?s=96&d=mm&r=g","caption":"admin"},"sameAs":["http:\/\/vientosur.top\/museo"],"url":"http:\/\/vientosur.top\/museo\/author\/comunicacionesmvp\/"}]}},"_links":{"self":[{"href":"http:\/\/vientosur.top\/museo\/wp-json\/wp\/v2\/posts\/6139","targetHints":{"allow":["GET"]}}],"collection":[{"href":"http:\/\/vientosur.top\/museo\/wp-json\/wp\/v2\/posts"}],"about":[{"href":"http:\/\/vientosur.top\/museo\/wp-json\/wp\/v2\/types\/post"}],"author":[{"embeddable":true,"href":"http:\/\/vientosur.top\/museo\/wp-json\/wp\/v2\/users\/5"}],"replies":[{"embeddable":true,"href":"http:\/\/vientosur.top\/museo\/wp-json\/wp\/v2\/comments?post=6139"}],"version-history":[{"count":0,"href":"http:\/\/vientosur.top\/museo\/wp-json\/wp\/v2\/posts\/6139\/revisions"}],"wp:featuredmedia":[{"embeddable":true,"href":"http:\/\/vientosur.top\/museo\/wp-json\/wp\/v2\/media\/6143"}],"wp:attachment":[{"href":"http:\/\/vientosur.top\/museo\/wp-json\/wp\/v2\/media?parent=6139"}],"wp:term":[{"taxonomy":"category","embeddable":true,"href":"http:\/\/vientosur.top\/museo\/wp-json\/wp\/v2\/categories?post=6139"},{"taxonomy":"post_tag","embeddable":true,"href":"http:\/\/vientosur.top\/museo\/wp-json\/wp\/v2\/tags?post=6139"}],"curies":[{"name":"wp","href":"https:\/\/api.w.org\/{rel}","templated":true}]}}