{"id":663,"date":"2015-12-29T13:11:22","date_gmt":"2015-12-29T13:11:22","guid":{"rendered":"http:\/\/vientosur.top\/museo\/\/?p=663"},"modified":"2015-12-29T13:11:22","modified_gmt":"2015-12-29T13:11:22","slug":"museo-violeta-parra-seguira-gratis-hasta-el-29-de-febrero","status":"publish","type":"post","link":"http:\/\/vientosur.top\/museo\/museo-violeta-parra-seguira-gratis-hasta-el-29-de-febrero\/","title":{"rendered":"Museo Violeta Parra seguir\u00e1 gratis hasta el 29 de febrero"},"content":{"rendered":"<p>Buenas noticias para quienes permanezcan en Santiago o lo visiten durante el verano. El directorio del Museo Violeta Parra determin\u00f3, en su \u00faltima reuni\u00f3n, extender la entrada gratuita para todo el p\u00fablico hasta el 29 de febrero de 2016.<\/p>\n<p>De esta forma, la visita al espacio asoma como un excelente panorama de verano para ni\u00f1os, j\u00f3venes y adultos, quienes adem\u00e1s de ver la exposici\u00f3n podr\u00e1n disfrutar de una serie de actividades preparadas por el \u00c1rea de Educaci\u00f3n y de presentaciones musicales.<\/p>\n<p>\u201cEsta decisi\u00f3n, que se tom\u00f3 en la \u00faltima reuni\u00f3n de directorio, busca facilitar el acceso y, por tanto, esperamos que toda la familia chilena y que los extranjeros que est\u00e9n en Santiago durante los meses de enero y febrero puedan visitarnos, acompa\u00f1arnos y disfrutar de esta gran artista que es Violeta Parra\u201d, expres\u00f3 el director ejecutivo del museo, \u00a0Leonardo Mellado.<\/p>\n<p><strong>Talleres y m\u00fasica en verano<\/strong><\/p>\n<p>Durante todo el verano habr\u00e1 actividades especialmente pensadas para los ni\u00f1os, las que se realizar\u00e1n de martes a viernes y comenzar\u00e1n\u00a0<strong>a partir del 5 de enero \u00a0las 11:00 horas con los \u201ctalleres populares\u201d<\/strong>\u00a0para peque\u00f1os desde los 10 a\u00f1os en adelante. Dichas instancias comprenden la creaci\u00f3n de cester\u00eda en papel de diario, modelado de animales end\u00e9micos de Chile en plasticina, bordado en arpillera y telar de cart\u00f3n.<\/p>\n<p>En las \u00a0tardes -de martes a viernes-, desde las 15:30 horas, los ni\u00f1os desde los 5 a\u00f1os, podr\u00e1n participar junto a su familia en\u00a0 los\u00a0 juegos populares chilenos. El prop\u00f3sito es que los participantes \u00a0aprendan, reciclen y creen juguetes que son parte de nuestro patrimonio cultural. As\u00ed, los m\u00e1s peque\u00f1os podr\u00e1n confeccionar todo lo necesario para divertirse con juegos tradicionales como Las Naciones, las Quemadas, el Tombo, Domin\u00f3 o los Palitroques y para practicarlos al aire libre.<\/p>\n<p>En tanto, durante<strong>\u00a0los s\u00e1bados de enero se ofrecer\u00e1n talleres gratuitos,<\/strong>\u00a0para distintas edades, como confecci\u00f3n de Pop Up (9 de enero), P\u00e1jaros Chilenos Tejidos (16), Reciclaje con Pl\u00e1stico PET (23) y Cester\u00eda Kaweskar con materiales reciclados (30).<\/p>\n<p>Esta oferta educativa se suma a la cartelera cultural y musical que seguir\u00e1 presentando el museo durante los fines de semana. Es as\u00ed como ya est\u00e1 confirmada la participaci\u00f3n de Eduardo Peralta y Felo el s\u00e1bado 9 de enero y de Natalia Contesse y\u00a0 Fabiola Gonz\u00e1lez, la Chinganera, quienes cantar\u00e1n en el Auditorio Antar el domingo 10. Asimismo, el s\u00e1bado 16 se presentar\u00e1 en el museo Ismael Odd\u00f3 y el domingo 17 cantar\u00e1n \u00a0Isabel y Tita Parra.<\/p>\n<p>Cada una de estas actividades ser\u00e1 difundida por medio \u00a0de todas nuestras plataformas informativas para que nadie se pierda la oportunidad de visitar el museo y participar de ellas.<\/p>\n<p><strong>\u00a0<\/strong><\/p>\n<p><strong>\u00a0<\/strong><\/p>\n","protected":false},"excerpt":{"rendered":"<p>Buenas noticias para quienes permanezcan en Santiago o lo visiten durante el verano. El directorio del Museo Violeta Parra determin\u00f3, en su \u00faltima reuni\u00f3n, extender la entrada gratuita para todo el p\u00fablico hasta el 29 de febrero de 2016. De esta forma, la visita al espacio asoma como un excelente panorama de verano para ni\u00f1os, [&hellip;]<\/p>\n","protected":false},"author":5,"featured_media":664,"comment_status":"open","ping_status":"open","sticky":false,"template":"","format":"standard","meta":{"site-sidebar-layout":"default","site-content-layout":"","ast-site-content-layout":"default","site-content-style":"default","site-sidebar-style":"default","ast-global-header-display":"","ast-banner-title-visibility":"","ast-main-header-display":"","ast-hfb-above-header-display":"","ast-hfb-below-header-display":"","ast-hfb-mobile-header-display":"","site-post-title":"","ast-breadcrumbs-content":"","ast-featured-img":"","footer-sml-layout":"","theme-transparent-header-meta":"","adv-header-id-meta":"","stick-header-meta":"","header-above-stick-meta":"","header-main-stick-meta":"","header-below-stick-meta":"","astra-migrate-meta-layouts":"default","ast-page-background-enabled":"default","ast-page-background-meta":{"desktop":{"background-color":"var(--ast-global-color-4)","background-image":"","background-repeat":"repeat","background-position":"center center","background-size":"auto","background-attachment":"scroll","background-type":"","background-media":"","overlay-type":"","overlay-color":"","overlay-opacity":"","overlay-gradient":""},"tablet":{"background-color":"","background-image":"","background-repeat":"repeat","background-position":"center center","background-size":"auto","background-attachment":"scroll","background-type":"","background-media":"","overlay-type":"","overlay-color":"","overlay-opacity":"","overlay-gradient":""},"mobile":{"background-color":"","background-image":"","background-repeat":"repeat","background-position":"center center","background-size":"auto","background-attachment":"scroll","background-type":"","background-media":"","overlay-type":"","overlay-color":"","overlay-opacity":"","overlay-gradient":""}},"ast-content-background-meta":{"desktop":{"background-color":"var(--ast-global-color-5)","background-image":"","background-repeat":"repeat","background-position":"center center","background-size":"auto","background-attachment":"scroll","background-type":"","background-media":"","overlay-type":"","overlay-color":"","overlay-opacity":"","overlay-gradient":""},"tablet":{"background-color":"var(--ast-global-color-5)","background-image":"","background-repeat":"repeat","background-position":"center center","background-size":"auto","background-attachment":"scroll","background-type":"","background-media":"","overlay-type":"","overlay-color":"","overlay-opacity":"","overlay-gradient":""},"mobile":{"background-color":"var(--ast-global-color-5)","background-image":"","background-repeat":"repeat","background-position":"center center","background-size":"auto","background-attachment":"scroll","background-type":"","background-media":"","overlay-type":"","overlay-color":"","overlay-opacity":"","overlay-gradient":""}},"footnotes":""},"categories":[8,61],"tags":[64,65,62],"class_list":["post-663","post","type-post","status-publish","format-standard","has-post-thumbnail","hentry","category-noticias","category-novedades","tag-museo-gratis","tag-talleres","tag-visitas-guiadas"],"yoast_head":"<!-- This site is optimized with the Yoast SEO plugin v25.4 - https:\/\/yoast.com\/wordpress\/plugins\/seo\/ -->\n<title>Museo Violeta Parra seguir\u00e1 gratis hasta el 29 de febrero - Museo Violeta Parra<\/title>\n<meta name=\"robots\" content=\"index, follow, max-snippet:-1, max-image-preview:large, max-video-preview:-1\" \/>\n<link rel=\"canonical\" href=\"http:\/\/vientosur.top\/museo\/museo-violeta-parra-seguira-gratis-hasta-el-29-de-febrero\/\" \/>\n<meta property=\"og:locale\" content=\"es_ES\" \/>\n<meta property=\"og:type\" content=\"article\" \/>\n<meta property=\"og:title\" content=\"Museo Violeta Parra seguir\u00e1 gratis hasta el 29 de febrero - Museo Violeta Parra\" \/>\n<meta property=\"og:description\" content=\"Buenas noticias para quienes permanezcan en Santiago o lo visiten durante el verano. El directorio del Museo Violeta Parra determin\u00f3, en su \u00faltima reuni\u00f3n, extender la entrada gratuita para todo el p\u00fablico hasta el 29 de febrero de 2016. De esta forma, la visita al espacio asoma como un excelente panorama de verano para ni\u00f1os, [&hellip;]\" \/>\n<meta property=\"og:url\" content=\"http:\/\/vientosur.top\/museo\/museo-violeta-parra-seguira-gratis-hasta-el-29-de-febrero\/\" \/>\n<meta property=\"og:site_name\" content=\"Museo Violeta Parra\" \/>\n<meta property=\"article:published_time\" content=\"2015-12-29T13:11:22+00:00\" \/>\n<meta name=\"author\" content=\"admin\" \/>\n<meta name=\"twitter:card\" content=\"summary_large_image\" \/>\n<meta name=\"twitter:label1\" content=\"Escrito por\" \/>\n\t<meta name=\"twitter:data1\" content=\"admin\" \/>\n\t<meta name=\"twitter:label2\" content=\"Tiempo de lectura\" \/>\n\t<meta name=\"twitter:data2\" content=\"2 minutos\" \/>\n<script type=\"application\/ld+json\" class=\"yoast-schema-graph\">{\"@context\":\"https:\/\/schema.org\",\"@graph\":[{\"@type\":\"WebPage\",\"@id\":\"http:\/\/vientosur.top\/museo\/museo-violeta-parra-seguira-gratis-hasta-el-29-de-febrero\/\",\"url\":\"http:\/\/vientosur.top\/museo\/museo-violeta-parra-seguira-gratis-hasta-el-29-de-febrero\/\",\"name\":\"Museo Violeta Parra seguir\u00e1 gratis hasta el 29 de febrero - Museo Violeta Parra\",\"isPartOf\":{\"@id\":\"http:\/\/vientosur.top\/museo\/#website\"},\"primaryImageOfPage\":{\"@id\":\"http:\/\/vientosur.top\/museo\/museo-violeta-parra-seguira-gratis-hasta-el-29-de-febrero\/#primaryimage\"},\"image\":{\"@id\":\"http:\/\/vientosur.top\/museo\/museo-violeta-parra-seguira-gratis-hasta-el-29-de-febrero\/#primaryimage\"},\"thumbnailUrl\":\"\",\"datePublished\":\"2015-12-29T13:11:22+00:00\",\"author\":{\"@id\":\"http:\/\/vientosur.top\/museo\/#\/schema\/person\/20c79d3c38800971feec8c2693c3dd9c\"},\"breadcrumb\":{\"@id\":\"http:\/\/vientosur.top\/museo\/museo-violeta-parra-seguira-gratis-hasta-el-29-de-febrero\/#breadcrumb\"},\"inLanguage\":\"es\",\"potentialAction\":[{\"@type\":\"ReadAction\",\"target\":[\"http:\/\/vientosur.top\/museo\/museo-violeta-parra-seguira-gratis-hasta-el-29-de-febrero\/\"]}]},{\"@type\":\"ImageObject\",\"inLanguage\":\"es\",\"@id\":\"http:\/\/vientosur.top\/museo\/museo-violeta-parra-seguira-gratis-hasta-el-29-de-febrero\/#primaryimage\",\"url\":\"\",\"contentUrl\":\"\"},{\"@type\":\"BreadcrumbList\",\"@id\":\"http:\/\/vientosur.top\/museo\/museo-violeta-parra-seguira-gratis-hasta-el-29-de-febrero\/#breadcrumb\",\"itemListElement\":[{\"@type\":\"ListItem\",\"position\":1,\"name\":\"Portada\",\"item\":\"http:\/\/vientosur.top\/museo\/\"},{\"@type\":\"ListItem\",\"position\":2,\"name\":\"Museo Violeta Parra seguir\u00e1 gratis hasta el 29 de febrero\"}]},{\"@type\":\"WebSite\",\"@id\":\"http:\/\/vientosur.top\/museo\/#website\",\"url\":\"http:\/\/vientosur.top\/museo\/\",\"name\":\"Museo Violeta Parra\",\"description\":\"Espacio que alberga tanto la memoria y legado creativo de la artista\",\"potentialAction\":[{\"@type\":\"SearchAction\",\"target\":{\"@type\":\"EntryPoint\",\"urlTemplate\":\"http:\/\/vientosur.top\/museo\/?s={search_term_string}\"},\"query-input\":{\"@type\":\"PropertyValueSpecification\",\"valueRequired\":true,\"valueName\":\"search_term_string\"}}],\"inLanguage\":\"es\"},{\"@type\":\"Person\",\"@id\":\"http:\/\/vientosur.top\/museo\/#\/schema\/person\/20c79d3c38800971feec8c2693c3dd9c\",\"name\":\"admin\",\"image\":{\"@type\":\"ImageObject\",\"inLanguage\":\"es\",\"@id\":\"http:\/\/vientosur.top\/museo\/#\/schema\/person\/image\/\",\"url\":\"https:\/\/secure.gravatar.com\/avatar\/713677ece3ffa642287213a80e5b773bce9ab81c269dd6d95102a990951c922f?s=96&d=mm&r=g\",\"contentUrl\":\"https:\/\/secure.gravatar.com\/avatar\/713677ece3ffa642287213a80e5b773bce9ab81c269dd6d95102a990951c922f?s=96&d=mm&r=g\",\"caption\":\"admin\"},\"sameAs\":[\"http:\/\/vientosur.top\/museo\"],\"url\":\"http:\/\/vientosur.top\/museo\/author\/comunicacionesmvp\/\"}]}<\/script>\n<!-- \/ Yoast SEO plugin. -->","yoast_head_json":{"title":"Museo Violeta Parra seguir\u00e1 gratis hasta el 29 de febrero - Museo Violeta Parra","robots":{"index":"index","follow":"follow","max-snippet":"max-snippet:-1","max-image-preview":"max-image-preview:large","max-video-preview":"max-video-preview:-1"},"canonical":"http:\/\/vientosur.top\/museo\/museo-violeta-parra-seguira-gratis-hasta-el-29-de-febrero\/","og_locale":"es_ES","og_type":"article","og_title":"Museo Violeta Parra seguir\u00e1 gratis hasta el 29 de febrero - Museo Violeta Parra","og_description":"Buenas noticias para quienes permanezcan en Santiago o lo visiten durante el verano. El directorio del Museo Violeta Parra determin\u00f3, en su \u00faltima reuni\u00f3n, extender la entrada gratuita para todo el p\u00fablico hasta el 29 de febrero de 2016. De esta forma, la visita al espacio asoma como un excelente panorama de verano para ni\u00f1os, [&hellip;]","og_url":"http:\/\/vientosur.top\/museo\/museo-violeta-parra-seguira-gratis-hasta-el-29-de-febrero\/","og_site_name":"Museo Violeta Parra","article_published_time":"2015-12-29T13:11:22+00:00","author":"admin","twitter_card":"summary_large_image","twitter_misc":{"Escrito por":"admin","Tiempo de lectura":"2 minutos"},"schema":{"@context":"https:\/\/schema.org","@graph":[{"@type":"WebPage","@id":"http:\/\/vientosur.top\/museo\/museo-violeta-parra-seguira-gratis-hasta-el-29-de-febrero\/","url":"http:\/\/vientosur.top\/museo\/museo-violeta-parra-seguira-gratis-hasta-el-29-de-febrero\/","name":"Museo Violeta Parra seguir\u00e1 gratis hasta el 29 de febrero - Museo Violeta Parra","isPartOf":{"@id":"http:\/\/vientosur.top\/museo\/#website"},"primaryImageOfPage":{"@id":"http:\/\/vientosur.top\/museo\/museo-violeta-parra-seguira-gratis-hasta-el-29-de-febrero\/#primaryimage"},"image":{"@id":"http:\/\/vientosur.top\/museo\/museo-violeta-parra-seguira-gratis-hasta-el-29-de-febrero\/#primaryimage"},"thumbnailUrl":"","datePublished":"2015-12-29T13:11:22+00:00","author":{"@id":"http:\/\/vientosur.top\/museo\/#\/schema\/person\/20c79d3c38800971feec8c2693c3dd9c"},"breadcrumb":{"@id":"http:\/\/vientosur.top\/museo\/museo-violeta-parra-seguira-gratis-hasta-el-29-de-febrero\/#breadcrumb"},"inLanguage":"es","potentialAction":[{"@type":"ReadAction","target":["http:\/\/vientosur.top\/museo\/museo-violeta-parra-seguira-gratis-hasta-el-29-de-febrero\/"]}]},{"@type":"ImageObject","inLanguage":"es","@id":"http:\/\/vientosur.top\/museo\/museo-violeta-parra-seguira-gratis-hasta-el-29-de-febrero\/#primaryimage","url":"","contentUrl":""},{"@type":"BreadcrumbList","@id":"http:\/\/vientosur.top\/museo\/museo-violeta-parra-seguira-gratis-hasta-el-29-de-febrero\/#breadcrumb","itemListElement":[{"@type":"ListItem","position":1,"name":"Portada","item":"http:\/\/vientosur.top\/museo\/"},{"@type":"ListItem","position":2,"name":"Museo Violeta Parra seguir\u00e1 gratis hasta el 29 de febrero"}]},{"@type":"WebSite","@id":"http:\/\/vientosur.top\/museo\/#website","url":"http:\/\/vientosur.top\/museo\/","name":"Museo Violeta Parra","description":"Espacio que alberga tanto la memoria y legado creativo de la artista","potentialAction":[{"@type":"SearchAction","target":{"@type":"EntryPoint","urlTemplate":"http:\/\/vientosur.top\/museo\/?s={search_term_string}"},"query-input":{"@type":"PropertyValueSpecification","valueRequired":true,"valueName":"search_term_string"}}],"inLanguage":"es"},{"@type":"Person","@id":"http:\/\/vientosur.top\/museo\/#\/schema\/person\/20c79d3c38800971feec8c2693c3dd9c","name":"admin","image":{"@type":"ImageObject","inLanguage":"es","@id":"http:\/\/vientosur.top\/museo\/#\/schema\/person\/image\/","url":"https:\/\/secure.gravatar.com\/avatar\/713677ece3ffa642287213a80e5b773bce9ab81c269dd6d95102a990951c922f?s=96&d=mm&r=g","contentUrl":"https:\/\/secure.gravatar.com\/avatar\/713677ece3ffa642287213a80e5b773bce9ab81c269dd6d95102a990951c922f?s=96&d=mm&r=g","caption":"admin"},"sameAs":["http:\/\/vientosur.top\/museo"],"url":"http:\/\/vientosur.top\/museo\/author\/comunicacionesmvp\/"}]}},"_links":{"self":[{"href":"http:\/\/vientosur.top\/museo\/wp-json\/wp\/v2\/posts\/663","targetHints":{"allow":["GET"]}}],"collection":[{"href":"http:\/\/vientosur.top\/museo\/wp-json\/wp\/v2\/posts"}],"about":[{"href":"http:\/\/vientosur.top\/museo\/wp-json\/wp\/v2\/types\/post"}],"author":[{"embeddable":true,"href":"http:\/\/vientosur.top\/museo\/wp-json\/wp\/v2\/users\/5"}],"replies":[{"embeddable":true,"href":"http:\/\/vientosur.top\/museo\/wp-json\/wp\/v2\/comments?post=663"}],"version-history":[{"count":0,"href":"http:\/\/vientosur.top\/museo\/wp-json\/wp\/v2\/posts\/663\/revisions"}],"wp:featuredmedia":[{"embeddable":true,"href":"http:\/\/vientosur.top\/museo\/wp-json\/wp\/v2\/pages\/664"}],"wp:attachment":[{"href":"http:\/\/vientosur.top\/museo\/wp-json\/wp\/v2\/media?parent=663"}],"wp:term":[{"taxonomy":"category","embeddable":true,"href":"http:\/\/vientosur.top\/museo\/wp-json\/wp\/v2\/categories?post=663"},{"taxonomy":"post_tag","embeddable":true,"href":"http:\/\/vientosur.top\/museo\/wp-json\/wp\/v2\/tags?post=663"}],"curies":[{"name":"wp","href":"https:\/\/api.w.org\/{rel}","templated":true}]}}