{"id":768,"date":"2015-10-17T23:08:24","date_gmt":"2015-10-17T23:08:24","guid":{"rendered":"http:\/\/vientosur.top\/museo\/\/?p=80"},"modified":"2015-10-17T23:08:24","modified_gmt":"2015-10-17T23:08:24","slug":"concierto-de-alguien","status":"publish","type":"post","link":"http:\/\/vientosur.top\/museo\/concierto-de-alguien\/","title":{"rendered":"El regalo de Alta Presi\u00f3n al museo: limpieza fachada y muros"},"content":{"rendered":"<p>Han sido decenas las personas que hicieron posible la realizaci\u00f3n del Museo Violeta Parra y que contribuyeron a que todo resultara perfecto para su apertura.<\/p>\n<p>Entre ellos, se encuentra el personal de la empresa <a href=\"http:\/\/www.altapresion.cl\" target=\"_blank\" rel=\"noopener noreferrer\">Alta Presi\u00f3n<\/a>, especializada, entre otros, en la remoci\u00f3n de graffitis desde diversas superficies, quienes nos regalaron una profunda limpieza a la fachada en la zona de ingreso a nuestro espacio cultural.<\/p>\n<p>Para ello, utilizaron un proceso de hidroarenado \u2013propulsi\u00f3n de agua con abrasivos microtamizados a gran velocidad- que en cuesti\u00f3n de minutos logr\u00f3 quitar los rallados que afectaban una de las murallas del museo que dan a Vicu\u00f1a Mackenna.<\/p>\n<p>El trabajo, realizado por personal profesional y equipamiento tecnol\u00f3gico de primer nivel, se realiz\u00f3 justo antes de la esperada inauguraci\u00f3n del espacio, permiti\u00e9ndonos entregar una inmejorable primera impresi\u00f3n de lo que es el Museo Violeta Parra y su imponente arquitectura.<\/p>\n<p>Alta Presi\u00f3n se especializa en realizar estos trabajos en superficies como estucos naturales, piedra, granito, cer\u00e1mica, m\u00e1rmoles y metal. Es una excelente alternativa para conservar la belleza de sus fachadas y es la encargada de tener los muros limpios en la comuna de Santiago.<\/p>\n<p><strong>Esperamos que ahora tod@s ayudemos a mantener el museo y su entorno limpio<\/strong><\/p>\n","protected":false},"excerpt":{"rendered":"<p>Han sido decenas las personas que hicieron posible la realizaci\u00f3n del Museo Violeta Parra y que contribuyeron a que todo resultara perfecto para su apertura. Entre ellos, se encuentra el personal de la empresa Alta Presi\u00f3n, especializada, entre otros, en la remoci\u00f3n de graffitis desde diversas superficies, quienes nos regalaron una profunda limpieza a la [&hellip;]<\/p>\n","protected":false},"author":5,"featured_media":97,"comment_status":"open","ping_status":"open","sticky":false,"template":"","format":"standard","meta":{"site-sidebar-layout":"default","site-content-layout":"","ast-site-content-layout":"default","site-content-style":"default","site-sidebar-style":"default","ast-global-header-display":"","ast-banner-title-visibility":"","ast-main-header-display":"","ast-hfb-above-header-display":"","ast-hfb-below-header-display":"","ast-hfb-mobile-header-display":"","site-post-title":"","ast-breadcrumbs-content":"","ast-featured-img":"","footer-sml-layout":"","theme-transparent-header-meta":"","adv-header-id-meta":"","stick-header-meta":"","header-above-stick-meta":"","header-main-stick-meta":"","header-below-stick-meta":"","astra-migrate-meta-layouts":"default","ast-page-background-enabled":"default","ast-page-background-meta":{"desktop":{"background-color":"var(--ast-global-color-4)","background-image":"","background-repeat":"repeat","background-position":"center center","background-size":"auto","background-attachment":"scroll","background-type":"","background-media":"","overlay-type":"","overlay-color":"","overlay-opacity":"","overlay-gradient":""},"tablet":{"background-color":"","background-image":"","background-repeat":"repeat","background-position":"center center","background-size":"auto","background-attachment":"scroll","background-type":"","background-media":"","overlay-type":"","overlay-color":"","overlay-opacity":"","overlay-gradient":""},"mobile":{"background-color":"","background-image":"","background-repeat":"repeat","background-position":"center center","background-size":"auto","background-attachment":"scroll","background-type":"","background-media":"","overlay-type":"","overlay-color":"","overlay-opacity":"","overlay-gradient":""}},"ast-content-background-meta":{"desktop":{"background-color":"var(--ast-global-color-5)","background-image":"","background-repeat":"repeat","background-position":"center center","background-size":"auto","background-attachment":"scroll","background-type":"","background-media":"","overlay-type":"","overlay-color":"","overlay-opacity":"","overlay-gradient":""},"tablet":{"background-color":"var(--ast-global-color-5)","background-image":"","background-repeat":"repeat","background-position":"center center","background-size":"auto","background-attachment":"scroll","background-type":"","background-media":"","overlay-type":"","overlay-color":"","overlay-opacity":"","overlay-gradient":""},"mobile":{"background-color":"var(--ast-global-color-5)","background-image":"","background-repeat":"repeat","background-position":"center center","background-size":"auto","background-attachment":"scroll","background-type":"","background-media":"","overlay-type":"","overlay-color":"","overlay-opacity":"","overlay-gradient":""}},"footnotes":""},"categories":[8],"tags":[],"class_list":["post-768","post","type-post","status-publish","format-standard","has-post-thumbnail","hentry","category-noticias"],"yoast_head":"<!-- This site is optimized with the Yoast SEO plugin v25.4 - https:\/\/yoast.com\/wordpress\/plugins\/seo\/ -->\n<title>El regalo de Alta Presi\u00f3n al museo: limpieza fachada y muros - Museo Violeta Parra<\/title>\n<meta name=\"robots\" content=\"index, follow, max-snippet:-1, max-image-preview:large, max-video-preview:-1\" \/>\n<link rel=\"canonical\" href=\"http:\/\/vientosur.top\/museo\/concierto-de-alguien\/\" \/>\n<meta property=\"og:locale\" content=\"es_ES\" \/>\n<meta property=\"og:type\" content=\"article\" \/>\n<meta property=\"og:title\" content=\"El regalo de Alta Presi\u00f3n al museo: limpieza fachada y muros - Museo Violeta Parra\" \/>\n<meta property=\"og:description\" content=\"Han sido decenas las personas que hicieron posible la realizaci\u00f3n del Museo Violeta Parra y que contribuyeron a que todo resultara perfecto para su apertura. Entre ellos, se encuentra el personal de la empresa Alta Presi\u00f3n, especializada, entre otros, en la remoci\u00f3n de graffitis desde diversas superficies, quienes nos regalaron una profunda limpieza a la [&hellip;]\" \/>\n<meta property=\"og:url\" content=\"http:\/\/vientosur.top\/museo\/concierto-de-alguien\/\" \/>\n<meta property=\"og:site_name\" content=\"Museo Violeta Parra\" \/>\n<meta property=\"article:published_time\" content=\"2015-10-17T23:08:24+00:00\" \/>\n<meta property=\"og:image\" content=\"http:\/\/vientosur.top\/museo\/wp-content\/uploads\/2020\/05\/Nicanor-y-Violeta-Discoteca-nacional-chile.jpg\" \/>\n\t<meta property=\"og:image:width\" content=\"532\" \/>\n\t<meta property=\"og:image:height\" content=\"399\" \/>\n\t<meta property=\"og:image:type\" content=\"image\/jpeg\" \/>\n<meta name=\"author\" content=\"admin\" \/>\n<meta name=\"twitter:card\" content=\"summary_large_image\" \/>\n<meta name=\"twitter:label1\" content=\"Escrito por\" \/>\n\t<meta name=\"twitter:data1\" content=\"admin\" \/>\n\t<meta name=\"twitter:label2\" content=\"Tiempo de lectura\" \/>\n\t<meta name=\"twitter:data2\" content=\"1 minuto\" \/>\n<script type=\"application\/ld+json\" class=\"yoast-schema-graph\">{\"@context\":\"https:\/\/schema.org\",\"@graph\":[{\"@type\":\"WebPage\",\"@id\":\"http:\/\/vientosur.top\/museo\/concierto-de-alguien\/\",\"url\":\"http:\/\/vientosur.top\/museo\/concierto-de-alguien\/\",\"name\":\"El regalo de Alta Presi\u00f3n al museo: limpieza fachada y muros - Museo Violeta Parra\",\"isPartOf\":{\"@id\":\"http:\/\/vientosur.top\/museo\/#website\"},\"primaryImageOfPage\":{\"@id\":\"http:\/\/vientosur.top\/museo\/concierto-de-alguien\/#primaryimage\"},\"image\":{\"@id\":\"http:\/\/vientosur.top\/museo\/concierto-de-alguien\/#primaryimage\"},\"thumbnailUrl\":\"http:\/\/vientosur.top\/museo\/wp-content\/uploads\/2020\/05\/Nicanor-y-Violeta-Discoteca-nacional-chile.jpg\",\"datePublished\":\"2015-10-17T23:08:24+00:00\",\"author\":{\"@id\":\"http:\/\/vientosur.top\/museo\/#\/schema\/person\/20c79d3c38800971feec8c2693c3dd9c\"},\"breadcrumb\":{\"@id\":\"http:\/\/vientosur.top\/museo\/concierto-de-alguien\/#breadcrumb\"},\"inLanguage\":\"es\",\"potentialAction\":[{\"@type\":\"ReadAction\",\"target\":[\"http:\/\/vientosur.top\/museo\/concierto-de-alguien\/\"]}]},{\"@type\":\"ImageObject\",\"inLanguage\":\"es\",\"@id\":\"http:\/\/vientosur.top\/museo\/concierto-de-alguien\/#primaryimage\",\"url\":\"http:\/\/vientosur.top\/museo\/wp-content\/uploads\/2020\/05\/Nicanor-y-Violeta-Discoteca-nacional-chile.jpg\",\"contentUrl\":\"http:\/\/vientosur.top\/museo\/wp-content\/uploads\/2020\/05\/Nicanor-y-Violeta-Discoteca-nacional-chile.jpg\",\"width\":532,\"height\":399},{\"@type\":\"BreadcrumbList\",\"@id\":\"http:\/\/vientosur.top\/museo\/concierto-de-alguien\/#breadcrumb\",\"itemListElement\":[{\"@type\":\"ListItem\",\"position\":1,\"name\":\"Portada\",\"item\":\"http:\/\/vientosur.top\/museo\/\"},{\"@type\":\"ListItem\",\"position\":2,\"name\":\"El regalo de Alta Presi\u00f3n al museo: limpieza fachada y muros\"}]},{\"@type\":\"WebSite\",\"@id\":\"http:\/\/vientosur.top\/museo\/#website\",\"url\":\"http:\/\/vientosur.top\/museo\/\",\"name\":\"Museo Violeta Parra\",\"description\":\"Espacio que alberga tanto la memoria y legado creativo de la artista\",\"potentialAction\":[{\"@type\":\"SearchAction\",\"target\":{\"@type\":\"EntryPoint\",\"urlTemplate\":\"http:\/\/vientosur.top\/museo\/?s={search_term_string}\"},\"query-input\":{\"@type\":\"PropertyValueSpecification\",\"valueRequired\":true,\"valueName\":\"search_term_string\"}}],\"inLanguage\":\"es\"},{\"@type\":\"Person\",\"@id\":\"http:\/\/vientosur.top\/museo\/#\/schema\/person\/20c79d3c38800971feec8c2693c3dd9c\",\"name\":\"admin\",\"image\":{\"@type\":\"ImageObject\",\"inLanguage\":\"es\",\"@id\":\"http:\/\/vientosur.top\/museo\/#\/schema\/person\/image\/\",\"url\":\"https:\/\/secure.gravatar.com\/avatar\/713677ece3ffa642287213a80e5b773bce9ab81c269dd6d95102a990951c922f?s=96&d=mm&r=g\",\"contentUrl\":\"https:\/\/secure.gravatar.com\/avatar\/713677ece3ffa642287213a80e5b773bce9ab81c269dd6d95102a990951c922f?s=96&d=mm&r=g\",\"caption\":\"admin\"},\"sameAs\":[\"http:\/\/vientosur.top\/museo\"],\"url\":\"http:\/\/vientosur.top\/museo\/author\/comunicacionesmvp\/\"}]}<\/script>\n<!-- \/ Yoast SEO plugin. -->","yoast_head_json":{"title":"El regalo de Alta Presi\u00f3n al museo: limpieza fachada y muros - Museo Violeta Parra","robots":{"index":"index","follow":"follow","max-snippet":"max-snippet:-1","max-image-preview":"max-image-preview:large","max-video-preview":"max-video-preview:-1"},"canonical":"http:\/\/vientosur.top\/museo\/concierto-de-alguien\/","og_locale":"es_ES","og_type":"article","og_title":"El regalo de Alta Presi\u00f3n al museo: limpieza fachada y muros - Museo Violeta Parra","og_description":"Han sido decenas las personas que hicieron posible la realizaci\u00f3n del Museo Violeta Parra y que contribuyeron a que todo resultara perfecto para su apertura. Entre ellos, se encuentra el personal de la empresa Alta Presi\u00f3n, especializada, entre otros, en la remoci\u00f3n de graffitis desde diversas superficies, quienes nos regalaron una profunda limpieza a la [&hellip;]","og_url":"http:\/\/vientosur.top\/museo\/concierto-de-alguien\/","og_site_name":"Museo Violeta Parra","article_published_time":"2015-10-17T23:08:24+00:00","og_image":[{"width":532,"height":399,"url":"http:\/\/vientosur.top\/museo\/wp-content\/uploads\/2020\/05\/Nicanor-y-Violeta-Discoteca-nacional-chile.jpg","type":"image\/jpeg"}],"author":"admin","twitter_card":"summary_large_image","twitter_misc":{"Escrito por":"admin","Tiempo de lectura":"1 minuto"},"schema":{"@context":"https:\/\/schema.org","@graph":[{"@type":"WebPage","@id":"http:\/\/vientosur.top\/museo\/concierto-de-alguien\/","url":"http:\/\/vientosur.top\/museo\/concierto-de-alguien\/","name":"El regalo de Alta Presi\u00f3n al museo: limpieza fachada y muros - Museo Violeta Parra","isPartOf":{"@id":"http:\/\/vientosur.top\/museo\/#website"},"primaryImageOfPage":{"@id":"http:\/\/vientosur.top\/museo\/concierto-de-alguien\/#primaryimage"},"image":{"@id":"http:\/\/vientosur.top\/museo\/concierto-de-alguien\/#primaryimage"},"thumbnailUrl":"http:\/\/vientosur.top\/museo\/wp-content\/uploads\/2020\/05\/Nicanor-y-Violeta-Discoteca-nacional-chile.jpg","datePublished":"2015-10-17T23:08:24+00:00","author":{"@id":"http:\/\/vientosur.top\/museo\/#\/schema\/person\/20c79d3c38800971feec8c2693c3dd9c"},"breadcrumb":{"@id":"http:\/\/vientosur.top\/museo\/concierto-de-alguien\/#breadcrumb"},"inLanguage":"es","potentialAction":[{"@type":"ReadAction","target":["http:\/\/vientosur.top\/museo\/concierto-de-alguien\/"]}]},{"@type":"ImageObject","inLanguage":"es","@id":"http:\/\/vientosur.top\/museo\/concierto-de-alguien\/#primaryimage","url":"http:\/\/vientosur.top\/museo\/wp-content\/uploads\/2020\/05\/Nicanor-y-Violeta-Discoteca-nacional-chile.jpg","contentUrl":"http:\/\/vientosur.top\/museo\/wp-content\/uploads\/2020\/05\/Nicanor-y-Violeta-Discoteca-nacional-chile.jpg","width":532,"height":399},{"@type":"BreadcrumbList","@id":"http:\/\/vientosur.top\/museo\/concierto-de-alguien\/#breadcrumb","itemListElement":[{"@type":"ListItem","position":1,"name":"Portada","item":"http:\/\/vientosur.top\/museo\/"},{"@type":"ListItem","position":2,"name":"El regalo de Alta Presi\u00f3n al museo: limpieza fachada y muros"}]},{"@type":"WebSite","@id":"http:\/\/vientosur.top\/museo\/#website","url":"http:\/\/vientosur.top\/museo\/","name":"Museo Violeta Parra","description":"Espacio que alberga tanto la memoria y legado creativo de la artista","potentialAction":[{"@type":"SearchAction","target":{"@type":"EntryPoint","urlTemplate":"http:\/\/vientosur.top\/museo\/?s={search_term_string}"},"query-input":{"@type":"PropertyValueSpecification","valueRequired":true,"valueName":"search_term_string"}}],"inLanguage":"es"},{"@type":"Person","@id":"http:\/\/vientosur.top\/museo\/#\/schema\/person\/20c79d3c38800971feec8c2693c3dd9c","name":"admin","image":{"@type":"ImageObject","inLanguage":"es","@id":"http:\/\/vientosur.top\/museo\/#\/schema\/person\/image\/","url":"https:\/\/secure.gravatar.com\/avatar\/713677ece3ffa642287213a80e5b773bce9ab81c269dd6d95102a990951c922f?s=96&d=mm&r=g","contentUrl":"https:\/\/secure.gravatar.com\/avatar\/713677ece3ffa642287213a80e5b773bce9ab81c269dd6d95102a990951c922f?s=96&d=mm&r=g","caption":"admin"},"sameAs":["http:\/\/vientosur.top\/museo"],"url":"http:\/\/vientosur.top\/museo\/author\/comunicacionesmvp\/"}]}},"_links":{"self":[{"href":"http:\/\/vientosur.top\/museo\/wp-json\/wp\/v2\/posts\/768","targetHints":{"allow":["GET"]}}],"collection":[{"href":"http:\/\/vientosur.top\/museo\/wp-json\/wp\/v2\/posts"}],"about":[{"href":"http:\/\/vientosur.top\/museo\/wp-json\/wp\/v2\/types\/post"}],"author":[{"embeddable":true,"href":"http:\/\/vientosur.top\/museo\/wp-json\/wp\/v2\/users\/5"}],"replies":[{"embeddable":true,"href":"http:\/\/vientosur.top\/museo\/wp-json\/wp\/v2\/comments?post=768"}],"version-history":[{"count":0,"href":"http:\/\/vientosur.top\/museo\/wp-json\/wp\/v2\/posts\/768\/revisions"}],"wp:featuredmedia":[{"embeddable":true,"href":"http:\/\/vientosur.top\/museo\/wp-json\/wp\/v2\/media\/97"}],"wp:attachment":[{"href":"http:\/\/vientosur.top\/museo\/wp-json\/wp\/v2\/media?parent=768"}],"wp:term":[{"taxonomy":"category","embeddable":true,"href":"http:\/\/vientosur.top\/museo\/wp-json\/wp\/v2\/categories?post=768"},{"taxonomy":"post_tag","embeddable":true,"href":"http:\/\/vientosur.top\/museo\/wp-json\/wp\/v2\/tags?post=768"}],"curies":[{"name":"wp","href":"https:\/\/api.w.org\/{rel}","templated":true}]}}