{"id":769,"date":"2015-10-19T18:37:01","date_gmt":"2015-10-19T18:37:01","guid":{"rendered":"http:\/\/vientosur.top\/museo\/\/?p=88"},"modified":"2015-10-19T18:37:01","modified_gmt":"2015-10-19T18:37:01","slug":"museo-violeta-parra-abre-sus-puertas-al-mundo","status":"publish","type":"post","link":"http:\/\/vientosur.top\/museo\/museo-violeta-parra-abre-sus-puertas-al-mundo\/","title":{"rendered":"Museo Violeta Parra abre sus puertas al mundo"},"content":{"rendered":"<p>Santiago, 4 de Octubre, 2015.- Por fin la multifac\u00e9tica creadora \u00a0Violeta Parra podr\u00e1 ser conocida en profundidad en un privilegiado espacio dedicado especialmente para su obra, con la inauguraci\u00f3n de su museo que se realiz\u00f3 hoy,\u00a0\u00a0el mismo d\u00eda en que se celebran 98 \u00a0a\u00f1os del natalicio de la cantautora.<\/p>\n<p>&nbsp;<\/p>\n<p>El\u00a0 recinto ubicado a pasos de <a href=\"https:\/\/goo.gl\/maps\/PqD91NZrb912\" target=\"_blank\" rel=\"noopener noreferrer\">Plaza Italia, Vicu\u00f1a Mackenna 37,<\/a> es una obra p\u00fablica financiada, en su mayor\u00eda, \u00a0por el <a href=\"http:\/\/www.cultura.gob.cl\/\" target=\"_blank\" rel=\"noopener noreferrer\">Consejo Nacional de la Cultura y las Artes<\/a> donde se exhibir\u00e1 parte de la obra visual de Parra compuesta por \u00f3leos,\u00a0 arpilleras y papel mach\u00e9 m\u00e1s algunos de sus objetos personales como su guitarr\u00f3n, arpa y m\u00e1quina de coser, aportadas en comodato por la Fundaci\u00f3n Violeta Parra.<\/p>\n<p>&nbsp;<\/p>\n<p><em>\u00abPara este gobierno y para todos quienes trabajamos en la Cultura, es un tremendo orgullo haber podido contribuir con este sue\u00f1o, y contar finalmente con este Museo para la difusi\u00f3n y puesta en valor de su infinito legado<\/em>\u201d, dijo el ministro de Cultura, Ernesto Ottone Ram\u00edrez.<\/p>\n<p>La direcci\u00f3n del Museo est\u00e1 en manos del acad\u00e9mico y m\u00e1ster en Museolog\u00eda, Leonardo Mellado, quien asumi\u00f3 el cargo en abril pasado y cuenta con una vasta trayectoria en museos como el Hist\u00f3rico Nacional y el Benjam\u00edn Vicu\u00f1a Mackenna.<\/p>\n<p>&nbsp;<\/p>\n<p><em>\u00abEste museo se ha levantado gracias a importantes y generosos gestos que parten por la propia Violeta Parra, quien en vida se refiri\u00f3 a su trabajo como un legado para todas y todos los chilenos. Gesto que continu\u00f3 con su familia quien rescat\u00f3 y resguard\u00f3 gran parte de su trabajo a costa de importantes sacrificios y que hoy podemos conocer y disfrutar. A ello se agregan el aporte de la Presidencia, el Ministerio de Cultura, la Municipalidad de Santiago y la Dibam, entre otras instituciones y personas. Hoy esa generosidad se conecta con cada chilena y chileno a trav\u00e9s del Museo\u00bb,<\/em> expres\u00f3 Mellado.<\/p>\n<p>&nbsp;<\/p>\n<p>El monto de inversi\u00f3n del Estado de Chile para construir esta obra fue de 1.680.250.000, m\u00e1s $164 millones aportados por el gobierno de la regi\u00f3n francesa de \u00cele de France, que permiti\u00f3 financiar el auditorio.<\/p>\n<p>&nbsp;<\/p>\n<p>El museo cuenta con dos salas de exhibici\u00f3n, sala audiovisual y sala educativa. Adem\u00e1s, tiene una cafeter\u00eda \u00a0y la opci\u00f3n de participar de visitas guiadas, desarrolladas por su \u00e1rea de Educaci\u00f3n, Mediaci\u00f3n, Audiencias y Voluntariado.<\/p>\n<p>&nbsp;<\/p>\n<p>Su dise\u00f1o estuvo a cargo del arquitecto Cristi\u00e1n Undurraga, quien tambi\u00e9n fue responsable del Centro Cultural Palacio de La Moneda, Museo de Artes Visuales o el reciente Pabell\u00f3n de Chile de la Expo Mil\u00e1n.<\/p>\n<p>&nbsp;<\/p>\n<h3>Mediaci\u00f3n cultural<\/h3>\n<p>Los programas educativos considerar\u00e1n las diferencias y especificidades de sus distintos p\u00fablicos en forma particular, seg\u00fan sus necesidades cognitivas y de accesibilidad. De esta forma, nadie quedar\u00e1 ajeno a la obra musical, visual y literaria de esta gran chilena. Todos podr\u00e1n comprender su relevancia nacional e internacional, lo que implica el cumplimiento de nuestra misi\u00f3n institucional de preservar su legado.<\/p>\n<p>&nbsp;<\/p>\n<p>El museo cuenta \u00a0con cuatro programas destinados a la educaci\u00f3n formal para: Primer ciclo b\u00e1sico; Segundo ciclo b\u00e1sico; Ense\u00f1anza media\u00a0 y Licenciatura o Pedagog\u00eda en Artes Visuales.<\/p>\n<p>&nbsp;<\/p>\n<p>Tambi\u00e9n estar\u00e1 disponible un recorrido mediado por la muestra permanente, pensada para todo p\u00fablico (4+), ideal para la familia o grupos tur\u00edsticos. Adem\u00e1s, de una serie de talleres sobre t\u00e9cnicas y disciplinas diversas, con la finalidad de invitar a toda la comunidad.<\/p>\n<p>&nbsp;<\/p>\n<p>El Museo Violeta Parra est\u00e1 destinado a ser una parada obligatoria dentro del circuito cultural chileno, dada la trascendencia de la artista a nivel nacional y mundial, donde se podr\u00e1 apreciar su legado social y cultural.<\/p>\n<p>&nbsp;<\/p>\n<p><strong>Discurso de Presidenta Michelle Bachelet en inauguraci\u00f3n \u00a0&#8211; apertura del Museo<\/strong><\/p>\n<p>&nbsp;<\/p>\n<p><iframe src=\"https:\/\/www.youtube.com\/embed\/SkMvnfhW0Fs?rel=0&amp;controls=0&amp;showinfo=0\" width=\"560\" height=\"315\" frameborder=\"0\" allowfullscreen=\"allowfullscreen\"><\/iframe><\/p>\n<p>&nbsp;<\/p>\n<p><strong>Galer\u00eda Im\u00e1genes Inauguraci\u00f3n Museo Violeta Parra &#8211; 4 Octubre 2015<\/strong><\/p>\n<p><a href=\"https:\/\/www.facebook.com\/MuseoVioletaParra\/photos_stream\" target=\"_blank\" rel=\"noopener noreferrer\">M\u00e1s im\u00e1genes de lo que fue la inauguraci\u00f3n en nuestra p\u00e1gina de Facebook\u00a0<\/a><\/p>\n<p>&nbsp;<\/p>\n<p><strong>Abierto a p\u00fablico<\/strong><\/p>\n<p><strong>Horarios: martes a domingo: 09.30 \u2013 18.00 horas.<\/strong><\/p>\n<p><strong>Acceso: Vicu\u00f1a Mackenna 37, Santiago<\/strong><\/p>\n<p><strong>Entrada gratuita hasta el 31 de diciembre<\/strong><\/p>\n","protected":false},"excerpt":{"rendered":"<p>Santiago, 4 de Octubre, 2015.- Por fin la multifac\u00e9tica creadora \u00a0Violeta Parra podr\u00e1 ser conocida en profundidad en un privilegiado espacio dedicado especialmente para su obra, con la inauguraci\u00f3n de su museo que se realiz\u00f3 hoy,\u00a0\u00a0el mismo d\u00eda en que se celebran 98 \u00a0a\u00f1os del natalicio de la cantautora. &nbsp; El\u00a0 recinto ubicado a pasos [&hellip;]<\/p>\n","protected":false},"author":5,"featured_media":107,"comment_status":"open","ping_status":"open","sticky":false,"template":"","format":"standard","meta":{"site-sidebar-layout":"default","site-content-layout":"","ast-site-content-layout":"default","site-content-style":"default","site-sidebar-style":"default","ast-global-header-display":"","ast-banner-title-visibility":"","ast-main-header-display":"","ast-hfb-above-header-display":"","ast-hfb-below-header-display":"","ast-hfb-mobile-header-display":"","site-post-title":"","ast-breadcrumbs-content":"","ast-featured-img":"","footer-sml-layout":"","theme-transparent-header-meta":"","adv-header-id-meta":"","stick-header-meta":"","header-above-stick-meta":"","header-main-stick-meta":"","header-below-stick-meta":"","astra-migrate-meta-layouts":"default","ast-page-background-enabled":"default","ast-page-background-meta":{"desktop":{"background-color":"var(--ast-global-color-4)","background-image":"","background-repeat":"repeat","background-position":"center center","background-size":"auto","background-attachment":"scroll","background-type":"","background-media":"","overlay-type":"","overlay-color":"","overlay-opacity":"","overlay-gradient":""},"tablet":{"background-color":"","background-image":"","background-repeat":"repeat","background-position":"center center","background-size":"auto","background-attachment":"scroll","background-type":"","background-media":"","overlay-type":"","overlay-color":"","overlay-opacity":"","overlay-gradient":""},"mobile":{"background-color":"","background-image":"","background-repeat":"repeat","background-position":"center center","background-size":"auto","background-attachment":"scroll","background-type":"","background-media":"","overlay-type":"","overlay-color":"","overlay-opacity":"","overlay-gradient":""}},"ast-content-background-meta":{"desktop":{"background-color":"var(--ast-global-color-5)","background-image":"","background-repeat":"repeat","background-position":"center center","background-size":"auto","background-attachment":"scroll","background-type":"","background-media":"","overlay-type":"","overlay-color":"","overlay-opacity":"","overlay-gradient":""},"tablet":{"background-color":"var(--ast-global-color-5)","background-image":"","background-repeat":"repeat","background-position":"center center","background-size":"auto","background-attachment":"scroll","background-type":"","background-media":"","overlay-type":"","overlay-color":"","overlay-opacity":"","overlay-gradient":""},"mobile":{"background-color":"var(--ast-global-color-5)","background-image":"","background-repeat":"repeat","background-position":"center center","background-size":"auto","background-attachment":"scroll","background-type":"","background-media":"","overlay-type":"","overlay-color":"","overlay-opacity":"","overlay-gradient":""}},"footnotes":""},"categories":[8],"tags":[46,47,48],"class_list":["post-769","post","type-post","status-publish","format-standard","has-post-thumbnail","hentry","category-noticias","tag-inauguracion-museo-violeta-parra","tag-leonardo-mellado","tag-presidenta-michelle-bachelet"],"yoast_head":"<!-- This site is optimized with the Yoast SEO plugin v25.4 - https:\/\/yoast.com\/wordpress\/plugins\/seo\/ -->\n<title>Museo Violeta Parra abre sus puertas al mundo - Museo Violeta Parra<\/title>\n<meta name=\"robots\" content=\"index, follow, max-snippet:-1, max-image-preview:large, max-video-preview:-1\" \/>\n<link rel=\"canonical\" href=\"http:\/\/vientosur.top\/museo\/museo-violeta-parra-abre-sus-puertas-al-mundo\/\" \/>\n<meta property=\"og:locale\" content=\"es_ES\" \/>\n<meta property=\"og:type\" content=\"article\" \/>\n<meta property=\"og:title\" content=\"Museo Violeta Parra abre sus puertas al mundo - Museo Violeta Parra\" \/>\n<meta property=\"og:description\" content=\"Santiago, 4 de Octubre, 2015.- Por fin la multifac\u00e9tica creadora \u00a0Violeta Parra podr\u00e1 ser conocida en profundidad en un privilegiado espacio dedicado especialmente para su obra, con la inauguraci\u00f3n de su museo que se realiz\u00f3 hoy,\u00a0\u00a0el mismo d\u00eda en que se celebran 98 \u00a0a\u00f1os del natalicio de la cantautora. &nbsp; El\u00a0 recinto ubicado a pasos [&hellip;]\" \/>\n<meta property=\"og:url\" content=\"http:\/\/vientosur.top\/museo\/museo-violeta-parra-abre-sus-puertas-al-mundo\/\" \/>\n<meta property=\"og:site_name\" content=\"Museo Violeta Parra\" \/>\n<meta property=\"article:published_time\" content=\"2015-10-19T18:37:01+00:00\" \/>\n<meta property=\"og:image\" content=\"http:\/\/vientosur.top\/museo\/wp-content\/uploads\/2015\/10\/dia1_mvp3inclusivo-rs.jpg\" \/>\n\t<meta property=\"og:image:width\" content=\"450\" \/>\n\t<meta property=\"og:image:height\" content=\"301\" \/>\n\t<meta property=\"og:image:type\" content=\"image\/jpeg\" \/>\n<meta name=\"author\" content=\"admin\" \/>\n<meta name=\"twitter:card\" content=\"summary_large_image\" \/>\n<meta name=\"twitter:label1\" content=\"Escrito por\" \/>\n\t<meta name=\"twitter:data1\" content=\"admin\" \/>\n\t<meta name=\"twitter:label2\" content=\"Tiempo de lectura\" \/>\n\t<meta name=\"twitter:data2\" content=\"3 minutos\" \/>\n<script type=\"application\/ld+json\" class=\"yoast-schema-graph\">{\"@context\":\"https:\/\/schema.org\",\"@graph\":[{\"@type\":\"WebPage\",\"@id\":\"http:\/\/vientosur.top\/museo\/museo-violeta-parra-abre-sus-puertas-al-mundo\/\",\"url\":\"http:\/\/vientosur.top\/museo\/museo-violeta-parra-abre-sus-puertas-al-mundo\/\",\"name\":\"Museo Violeta Parra abre sus puertas al mundo - Museo Violeta Parra\",\"isPartOf\":{\"@id\":\"http:\/\/vientosur.top\/museo\/#website\"},\"primaryImageOfPage\":{\"@id\":\"http:\/\/vientosur.top\/museo\/museo-violeta-parra-abre-sus-puertas-al-mundo\/#primaryimage\"},\"image\":{\"@id\":\"http:\/\/vientosur.top\/museo\/museo-violeta-parra-abre-sus-puertas-al-mundo\/#primaryimage\"},\"thumbnailUrl\":\"http:\/\/vientosur.top\/museo\/wp-content\/uploads\/2015\/10\/dia1_mvp3inclusivo-rs.jpg\",\"datePublished\":\"2015-10-19T18:37:01+00:00\",\"author\":{\"@id\":\"http:\/\/vientosur.top\/museo\/#\/schema\/person\/20c79d3c38800971feec8c2693c3dd9c\"},\"breadcrumb\":{\"@id\":\"http:\/\/vientosur.top\/museo\/museo-violeta-parra-abre-sus-puertas-al-mundo\/#breadcrumb\"},\"inLanguage\":\"es\",\"potentialAction\":[{\"@type\":\"ReadAction\",\"target\":[\"http:\/\/vientosur.top\/museo\/museo-violeta-parra-abre-sus-puertas-al-mundo\/\"]}]},{\"@type\":\"ImageObject\",\"inLanguage\":\"es\",\"@id\":\"http:\/\/vientosur.top\/museo\/museo-violeta-parra-abre-sus-puertas-al-mundo\/#primaryimage\",\"url\":\"http:\/\/vientosur.top\/museo\/wp-content\/uploads\/2015\/10\/dia1_mvp3inclusivo-rs.jpg\",\"contentUrl\":\"http:\/\/vientosur.top\/museo\/wp-content\/uploads\/2015\/10\/dia1_mvp3inclusivo-rs.jpg\",\"width\":450,\"height\":301},{\"@type\":\"BreadcrumbList\",\"@id\":\"http:\/\/vientosur.top\/museo\/museo-violeta-parra-abre-sus-puertas-al-mundo\/#breadcrumb\",\"itemListElement\":[{\"@type\":\"ListItem\",\"position\":1,\"name\":\"Portada\",\"item\":\"http:\/\/vientosur.top\/museo\/\"},{\"@type\":\"ListItem\",\"position\":2,\"name\":\"Museo Violeta Parra abre sus puertas al mundo\"}]},{\"@type\":\"WebSite\",\"@id\":\"http:\/\/vientosur.top\/museo\/#website\",\"url\":\"http:\/\/vientosur.top\/museo\/\",\"name\":\"Museo Violeta Parra\",\"description\":\"Espacio que alberga tanto la memoria y legado creativo de la artista\",\"potentialAction\":[{\"@type\":\"SearchAction\",\"target\":{\"@type\":\"EntryPoint\",\"urlTemplate\":\"http:\/\/vientosur.top\/museo\/?s={search_term_string}\"},\"query-input\":{\"@type\":\"PropertyValueSpecification\",\"valueRequired\":true,\"valueName\":\"search_term_string\"}}],\"inLanguage\":\"es\"},{\"@type\":\"Person\",\"@id\":\"http:\/\/vientosur.top\/museo\/#\/schema\/person\/20c79d3c38800971feec8c2693c3dd9c\",\"name\":\"admin\",\"image\":{\"@type\":\"ImageObject\",\"inLanguage\":\"es\",\"@id\":\"http:\/\/vientosur.top\/museo\/#\/schema\/person\/image\/\",\"url\":\"https:\/\/secure.gravatar.com\/avatar\/713677ece3ffa642287213a80e5b773bce9ab81c269dd6d95102a990951c922f?s=96&d=mm&r=g\",\"contentUrl\":\"https:\/\/secure.gravatar.com\/avatar\/713677ece3ffa642287213a80e5b773bce9ab81c269dd6d95102a990951c922f?s=96&d=mm&r=g\",\"caption\":\"admin\"},\"sameAs\":[\"http:\/\/vientosur.top\/museo\"],\"url\":\"http:\/\/vientosur.top\/museo\/author\/comunicacionesmvp\/\"}]}<\/script>\n<!-- \/ Yoast SEO plugin. -->","yoast_head_json":{"title":"Museo Violeta Parra abre sus puertas al mundo - Museo Violeta Parra","robots":{"index":"index","follow":"follow","max-snippet":"max-snippet:-1","max-image-preview":"max-image-preview:large","max-video-preview":"max-video-preview:-1"},"canonical":"http:\/\/vientosur.top\/museo\/museo-violeta-parra-abre-sus-puertas-al-mundo\/","og_locale":"es_ES","og_type":"article","og_title":"Museo Violeta Parra abre sus puertas al mundo - Museo Violeta Parra","og_description":"Santiago, 4 de Octubre, 2015.- Por fin la multifac\u00e9tica creadora \u00a0Violeta Parra podr\u00e1 ser conocida en profundidad en un privilegiado espacio dedicado especialmente para su obra, con la inauguraci\u00f3n de su museo que se realiz\u00f3 hoy,\u00a0\u00a0el mismo d\u00eda en que se celebran 98 \u00a0a\u00f1os del natalicio de la cantautora. &nbsp; El\u00a0 recinto ubicado a pasos [&hellip;]","og_url":"http:\/\/vientosur.top\/museo\/museo-violeta-parra-abre-sus-puertas-al-mundo\/","og_site_name":"Museo Violeta Parra","article_published_time":"2015-10-19T18:37:01+00:00","og_image":[{"width":450,"height":301,"url":"http:\/\/vientosur.top\/museo\/wp-content\/uploads\/2015\/10\/dia1_mvp3inclusivo-rs.jpg","type":"image\/jpeg"}],"author":"admin","twitter_card":"summary_large_image","twitter_misc":{"Escrito por":"admin","Tiempo de lectura":"3 minutos"},"schema":{"@context":"https:\/\/schema.org","@graph":[{"@type":"WebPage","@id":"http:\/\/vientosur.top\/museo\/museo-violeta-parra-abre-sus-puertas-al-mundo\/","url":"http:\/\/vientosur.top\/museo\/museo-violeta-parra-abre-sus-puertas-al-mundo\/","name":"Museo Violeta Parra abre sus puertas al mundo - Museo Violeta Parra","isPartOf":{"@id":"http:\/\/vientosur.top\/museo\/#website"},"primaryImageOfPage":{"@id":"http:\/\/vientosur.top\/museo\/museo-violeta-parra-abre-sus-puertas-al-mundo\/#primaryimage"},"image":{"@id":"http:\/\/vientosur.top\/museo\/museo-violeta-parra-abre-sus-puertas-al-mundo\/#primaryimage"},"thumbnailUrl":"http:\/\/vientosur.top\/museo\/wp-content\/uploads\/2015\/10\/dia1_mvp3inclusivo-rs.jpg","datePublished":"2015-10-19T18:37:01+00:00","author":{"@id":"http:\/\/vientosur.top\/museo\/#\/schema\/person\/20c79d3c38800971feec8c2693c3dd9c"},"breadcrumb":{"@id":"http:\/\/vientosur.top\/museo\/museo-violeta-parra-abre-sus-puertas-al-mundo\/#breadcrumb"},"inLanguage":"es","potentialAction":[{"@type":"ReadAction","target":["http:\/\/vientosur.top\/museo\/museo-violeta-parra-abre-sus-puertas-al-mundo\/"]}]},{"@type":"ImageObject","inLanguage":"es","@id":"http:\/\/vientosur.top\/museo\/museo-violeta-parra-abre-sus-puertas-al-mundo\/#primaryimage","url":"http:\/\/vientosur.top\/museo\/wp-content\/uploads\/2015\/10\/dia1_mvp3inclusivo-rs.jpg","contentUrl":"http:\/\/vientosur.top\/museo\/wp-content\/uploads\/2015\/10\/dia1_mvp3inclusivo-rs.jpg","width":450,"height":301},{"@type":"BreadcrumbList","@id":"http:\/\/vientosur.top\/museo\/museo-violeta-parra-abre-sus-puertas-al-mundo\/#breadcrumb","itemListElement":[{"@type":"ListItem","position":1,"name":"Portada","item":"http:\/\/vientosur.top\/museo\/"},{"@type":"ListItem","position":2,"name":"Museo Violeta Parra abre sus puertas al mundo"}]},{"@type":"WebSite","@id":"http:\/\/vientosur.top\/museo\/#website","url":"http:\/\/vientosur.top\/museo\/","name":"Museo Violeta Parra","description":"Espacio que alberga tanto la memoria y legado creativo de la artista","potentialAction":[{"@type":"SearchAction","target":{"@type":"EntryPoint","urlTemplate":"http:\/\/vientosur.top\/museo\/?s={search_term_string}"},"query-input":{"@type":"PropertyValueSpecification","valueRequired":true,"valueName":"search_term_string"}}],"inLanguage":"es"},{"@type":"Person","@id":"http:\/\/vientosur.top\/museo\/#\/schema\/person\/20c79d3c38800971feec8c2693c3dd9c","name":"admin","image":{"@type":"ImageObject","inLanguage":"es","@id":"http:\/\/vientosur.top\/museo\/#\/schema\/person\/image\/","url":"https:\/\/secure.gravatar.com\/avatar\/713677ece3ffa642287213a80e5b773bce9ab81c269dd6d95102a990951c922f?s=96&d=mm&r=g","contentUrl":"https:\/\/secure.gravatar.com\/avatar\/713677ece3ffa642287213a80e5b773bce9ab81c269dd6d95102a990951c922f?s=96&d=mm&r=g","caption":"admin"},"sameAs":["http:\/\/vientosur.top\/museo"],"url":"http:\/\/vientosur.top\/museo\/author\/comunicacionesmvp\/"}]}},"_links":{"self":[{"href":"http:\/\/vientosur.top\/museo\/wp-json\/wp\/v2\/posts\/769","targetHints":{"allow":["GET"]}}],"collection":[{"href":"http:\/\/vientosur.top\/museo\/wp-json\/wp\/v2\/posts"}],"about":[{"href":"http:\/\/vientosur.top\/museo\/wp-json\/wp\/v2\/types\/post"}],"author":[{"embeddable":true,"href":"http:\/\/vientosur.top\/museo\/wp-json\/wp\/v2\/users\/5"}],"replies":[{"embeddable":true,"href":"http:\/\/vientosur.top\/museo\/wp-json\/wp\/v2\/comments?post=769"}],"version-history":[{"count":0,"href":"http:\/\/vientosur.top\/museo\/wp-json\/wp\/v2\/posts\/769\/revisions"}],"wp:featuredmedia":[{"embeddable":true,"href":"http:\/\/vientosur.top\/museo\/wp-json\/wp\/v2\/media\/107"}],"wp:attachment":[{"href":"http:\/\/vientosur.top\/museo\/wp-json\/wp\/v2\/media?parent=769"}],"wp:term":[{"taxonomy":"category","embeddable":true,"href":"http:\/\/vientosur.top\/museo\/wp-json\/wp\/v2\/categories?post=769"},{"taxonomy":"post_tag","embeddable":true,"href":"http:\/\/vientosur.top\/museo\/wp-json\/wp\/v2\/tags?post=769"}],"curies":[{"name":"wp","href":"https:\/\/api.w.org\/{rel}","templated":true}]}}