{"id":770,"date":"2015-10-30T10:50:41","date_gmt":"2015-10-30T10:50:41","guid":{"rendered":"http:\/\/vientosur.top\/museo\/\/?p=180"},"modified":"2015-10-30T10:50:41","modified_gmt":"2015-10-30T10:50:41","slug":"cientos-de-personas-visitan-museo-violeta-parra-en-su-semana-de-estreno-al-publico","status":"publish","type":"post","link":"http:\/\/vientosur.top\/museo\/cientos-de-personas-visitan-museo-violeta-parra-en-su-semana-de-estreno-al-publico\/","title":{"rendered":"Cientos de personas visitan Museo Violeta Parra en su semana de estreno al p\u00fablico"},"content":{"rendered":"<p>Santiago, 9 Octubre, 2015.- Un promedio de 500 visitantes diarios lleg\u00f3 hasta el esperado espacio cultural durante los primeros cuatro d\u00edas, tras la apertura del Museo. En la primera jornada abierta al p\u00fablico, los asistentes pudieron disfrutar de un show musical de Isabel Parra, hija de Violeta.<\/p>\n<p>&nbsp;<\/p>\n<p>El esperado espacio cultural convoc\u00f3 entre el martes 4 de octubre y el viernes 7 de octubre a un promedio de 500 personas diarias, quienes pudieron disfrutar del legado de la multifac\u00e9tica artista nacional y de las visitas guiadas llevadas a cabo por nuestras mediadoras educativas.<\/p>\n<p>&nbsp;<\/p>\n<p>Patricio Barriga, oficialmente el primer visitante del museo, qued\u00f3 fascinado tras conocer la exposici\u00f3n. Luego de plasmar su saludo en el libro de visitas, no dud\u00f3 en invitar a la ciudadan\u00eda a conocer las distintas expresiones art\u00edsticas donde Violeta incursion\u00f3.<\/p>\n<p>&nbsp;<\/p>\n<p>\u201cLas personas que est\u00e1n comprometidas con las ra\u00edces, que les gusta el folclore y el canto popular, y que se sienten representadas por ellas, deben venir. Es un imperdible\u201d, afirm\u00f3 el estudiante de Turismo del CFT Los Leones.<\/p>\n<p>&nbsp;<\/p>\n<p>A Patricio le sigui\u00f3 Sebasti\u00e1n Bast\u00edas. \u201cEra algo que mucha gente esperaba hace mucho. Este espacio es un regalo maravilloso\u201d, concluy\u00f3 tras su visita.<\/p>\n<p>&nbsp;<\/p>\n<p>Los que visitaron el museo durante el primer d\u00eda tuvieron la suerte de compartir con Isabel Parra, hija de Violeta, quien ofreci\u00f3 un show musical que permiti\u00f3 estrenar el auditorio \u201cAntar\u201d, que cuenta con capacidad para 100 personas y una ac\u00fastica envidiable.<\/p>\n<p>&nbsp;<\/p>\n<p>Entre esos asistentes se encontraban estudiantes de los colegios Rep\u00fablica de Uruguay, de Santiago, y de la Escuela Especial CECLA, de La Cisterna. Pero no s\u00f3lo hab\u00eda ni\u00f1os. Tambi\u00e9n llegaron alumnos de la Facultad de Arquitectura de la Universidad de Valpara\u00edso y de la carrera de Educaci\u00f3n Diferencial de la Universidad San Sebasti\u00e1n.<\/p>\n<p>&nbsp;<\/p>\n<p>Y la transversal obra de Violeta tambi\u00e9n cautiv\u00f3 a los adultos mayores del Club Jard\u00edn de los Carrera, quienes al final del recorrido lograron conocer en profundidad el legado de esta gran artista chilena y le dieron, uno por uno, la bienvenida a su museo.<\/p>\n<p><a href=\"http:\/\/vientosur.top\/museo\/\/wp-content\/uploads\/2015\/10\/DSC_0297.jpg\"><img fetchpriority=\"high\" decoding=\"async\" class=\"aligncenter wp-image-120 size-medium\" src=\"http:\/\/vientosur.top\/museo\/\/wp-content\/uploads\/2015\/10\/DSC_0297-300x201.jpg\" alt=\"DSC_0297\" width=\"300\" height=\"201\" \/><\/a><\/p>\n<p>&nbsp;<\/p>\n<p>Revisa las fotograf\u00edas y videos de los visitantes en nuestras redes sociales <a href=\"\/www.facebook.com\/MuseoVioletaParra\" target=\"_blank\" rel=\"noopener noreferrer\">Facebook<\/a> e <a href=\"https:\/\/instagram.com\/museovioletaparra\" target=\"_blank\" rel=\"noopener noreferrer\">Instagram<\/a><\/p>\n","protected":false},"excerpt":{"rendered":"<p>Santiago, 9 Octubre, 2015.- Un promedio de 500 visitantes diarios lleg\u00f3 hasta el esperado espacio cultural durante los primeros cuatro d\u00edas, tras la apertura del Museo. En la primera jornada abierta al p\u00fablico, los asistentes pudieron disfrutar de un show musical de Isabel Parra, hija de Violeta. &nbsp; El esperado espacio cultural convoc\u00f3 entre el [&hellip;]<\/p>\n","protected":false},"author":5,"featured_media":181,"comment_status":"open","ping_status":"open","sticky":false,"template":"","format":"standard","meta":{"site-sidebar-layout":"default","site-content-layout":"","ast-site-content-layout":"default","site-content-style":"default","site-sidebar-style":"default","ast-global-header-display":"","ast-banner-title-visibility":"","ast-main-header-display":"","ast-hfb-above-header-display":"","ast-hfb-below-header-display":"","ast-hfb-mobile-header-display":"","site-post-title":"","ast-breadcrumbs-content":"","ast-featured-img":"","footer-sml-layout":"","theme-transparent-header-meta":"","adv-header-id-meta":"","stick-header-meta":"","header-above-stick-meta":"","header-main-stick-meta":"","header-below-stick-meta":"","astra-migrate-meta-layouts":"default","ast-page-background-enabled":"default","ast-page-background-meta":{"desktop":{"background-color":"var(--ast-global-color-4)","background-image":"","background-repeat":"repeat","background-position":"center center","background-size":"auto","background-attachment":"scroll","background-type":"","background-media":"","overlay-type":"","overlay-color":"","overlay-opacity":"","overlay-gradient":""},"tablet":{"background-color":"","background-image":"","background-repeat":"repeat","background-position":"center center","background-size":"auto","background-attachment":"scroll","background-type":"","background-media":"","overlay-type":"","overlay-color":"","overlay-opacity":"","overlay-gradient":""},"mobile":{"background-color":"","background-image":"","background-repeat":"repeat","background-position":"center center","background-size":"auto","background-attachment":"scroll","background-type":"","background-media":"","overlay-type":"","overlay-color":"","overlay-opacity":"","overlay-gradient":""}},"ast-content-background-meta":{"desktop":{"background-color":"var(--ast-global-color-5)","background-image":"","background-repeat":"repeat","background-position":"center center","background-size":"auto","background-attachment":"scroll","background-type":"","background-media":"","overlay-type":"","overlay-color":"","overlay-opacity":"","overlay-gradient":""},"tablet":{"background-color":"var(--ast-global-color-5)","background-image":"","background-repeat":"repeat","background-position":"center center","background-size":"auto","background-attachment":"scroll","background-type":"","background-media":"","overlay-type":"","overlay-color":"","overlay-opacity":"","overlay-gradient":""},"mobile":{"background-color":"var(--ast-global-color-5)","background-image":"","background-repeat":"repeat","background-position":"center center","background-size":"auto","background-attachment":"scroll","background-type":"","background-media":"","overlay-type":"","overlay-color":"","overlay-opacity":"","overlay-gradient":""}},"footnotes":""},"categories":[8],"tags":[45,49,50],"class_list":["post-770","post","type-post","status-publish","format-standard","has-post-thumbnail","hentry","category-noticias","tag-museo-violeta-parra","tag-primer-visitante","tag-visitantes"],"yoast_head":"<!-- This site is optimized with the Yoast SEO plugin v25.4 - https:\/\/yoast.com\/wordpress\/plugins\/seo\/ -->\n<title>Cientos de personas visitan Museo Violeta Parra en su semana de estreno al p\u00fablico - Museo Violeta Parra<\/title>\n<meta name=\"robots\" content=\"index, follow, max-snippet:-1, max-image-preview:large, max-video-preview:-1\" \/>\n<link rel=\"canonical\" href=\"http:\/\/vientosur.top\/museo\/cientos-de-personas-visitan-museo-violeta-parra-en-su-semana-de-estreno-al-publico\/\" \/>\n<meta property=\"og:locale\" content=\"es_ES\" \/>\n<meta property=\"og:type\" content=\"article\" \/>\n<meta property=\"og:title\" content=\"Cientos de personas visitan Museo Violeta Parra en su semana de estreno al p\u00fablico - Museo Violeta Parra\" \/>\n<meta property=\"og:description\" content=\"Santiago, 9 Octubre, 2015.- Un promedio de 500 visitantes diarios lleg\u00f3 hasta el esperado espacio cultural durante los primeros cuatro d\u00edas, tras la apertura del Museo. En la primera jornada abierta al p\u00fablico, los asistentes pudieron disfrutar de un show musical de Isabel Parra, hija de Violeta. &nbsp; El esperado espacio cultural convoc\u00f3 entre el [&hellip;]\" \/>\n<meta property=\"og:url\" content=\"http:\/\/vientosur.top\/museo\/cientos-de-personas-visitan-museo-violeta-parra-en-su-semana-de-estreno-al-publico\/\" \/>\n<meta property=\"og:site_name\" content=\"Museo Violeta Parra\" \/>\n<meta property=\"article:published_time\" content=\"2015-10-30T10:50:41+00:00\" \/>\n<meta name=\"author\" content=\"admin\" \/>\n<meta name=\"twitter:card\" content=\"summary_large_image\" \/>\n<meta name=\"twitter:label1\" content=\"Escrito por\" \/>\n\t<meta name=\"twitter:data1\" content=\"admin\" \/>\n\t<meta name=\"twitter:label2\" content=\"Tiempo de lectura\" \/>\n\t<meta name=\"twitter:data2\" content=\"2 minutos\" \/>\n<script type=\"application\/ld+json\" class=\"yoast-schema-graph\">{\"@context\":\"https:\/\/schema.org\",\"@graph\":[{\"@type\":\"WebPage\",\"@id\":\"http:\/\/vientosur.top\/museo\/cientos-de-personas-visitan-museo-violeta-parra-en-su-semana-de-estreno-al-publico\/\",\"url\":\"http:\/\/vientosur.top\/museo\/cientos-de-personas-visitan-museo-violeta-parra-en-su-semana-de-estreno-al-publico\/\",\"name\":\"Cientos de personas visitan Museo Violeta Parra en su semana de estreno al p\u00fablico - Museo Violeta Parra\",\"isPartOf\":{\"@id\":\"http:\/\/vientosur.top\/museo\/#website\"},\"primaryImageOfPage\":{\"@id\":\"http:\/\/vientosur.top\/museo\/cientos-de-personas-visitan-museo-violeta-parra-en-su-semana-de-estreno-al-publico\/#primaryimage\"},\"image\":{\"@id\":\"http:\/\/vientosur.top\/museo\/cientos-de-personas-visitan-museo-violeta-parra-en-su-semana-de-estreno-al-publico\/#primaryimage\"},\"thumbnailUrl\":\"\",\"datePublished\":\"2015-10-30T10:50:41+00:00\",\"author\":{\"@id\":\"http:\/\/vientosur.top\/museo\/#\/schema\/person\/20c79d3c38800971feec8c2693c3dd9c\"},\"breadcrumb\":{\"@id\":\"http:\/\/vientosur.top\/museo\/cientos-de-personas-visitan-museo-violeta-parra-en-su-semana-de-estreno-al-publico\/#breadcrumb\"},\"inLanguage\":\"es\",\"potentialAction\":[{\"@type\":\"ReadAction\",\"target\":[\"http:\/\/vientosur.top\/museo\/cientos-de-personas-visitan-museo-violeta-parra-en-su-semana-de-estreno-al-publico\/\"]}]},{\"@type\":\"ImageObject\",\"inLanguage\":\"es\",\"@id\":\"http:\/\/vientosur.top\/museo\/cientos-de-personas-visitan-museo-violeta-parra-en-su-semana-de-estreno-al-publico\/#primaryimage\",\"url\":\"\",\"contentUrl\":\"\"},{\"@type\":\"BreadcrumbList\",\"@id\":\"http:\/\/vientosur.top\/museo\/cientos-de-personas-visitan-museo-violeta-parra-en-su-semana-de-estreno-al-publico\/#breadcrumb\",\"itemListElement\":[{\"@type\":\"ListItem\",\"position\":1,\"name\":\"Portada\",\"item\":\"http:\/\/vientosur.top\/museo\/\"},{\"@type\":\"ListItem\",\"position\":2,\"name\":\"Cientos de personas visitan Museo Violeta Parra en su semana de estreno al p\u00fablico\"}]},{\"@type\":\"WebSite\",\"@id\":\"http:\/\/vientosur.top\/museo\/#website\",\"url\":\"http:\/\/vientosur.top\/museo\/\",\"name\":\"Museo Violeta Parra\",\"description\":\"Espacio que alberga tanto la memoria y legado creativo de la artista\",\"potentialAction\":[{\"@type\":\"SearchAction\",\"target\":{\"@type\":\"EntryPoint\",\"urlTemplate\":\"http:\/\/vientosur.top\/museo\/?s={search_term_string}\"},\"query-input\":{\"@type\":\"PropertyValueSpecification\",\"valueRequired\":true,\"valueName\":\"search_term_string\"}}],\"inLanguage\":\"es\"},{\"@type\":\"Person\",\"@id\":\"http:\/\/vientosur.top\/museo\/#\/schema\/person\/20c79d3c38800971feec8c2693c3dd9c\",\"name\":\"admin\",\"image\":{\"@type\":\"ImageObject\",\"inLanguage\":\"es\",\"@id\":\"http:\/\/vientosur.top\/museo\/#\/schema\/person\/image\/\",\"url\":\"https:\/\/secure.gravatar.com\/avatar\/713677ece3ffa642287213a80e5b773bce9ab81c269dd6d95102a990951c922f?s=96&d=mm&r=g\",\"contentUrl\":\"https:\/\/secure.gravatar.com\/avatar\/713677ece3ffa642287213a80e5b773bce9ab81c269dd6d95102a990951c922f?s=96&d=mm&r=g\",\"caption\":\"admin\"},\"sameAs\":[\"http:\/\/vientosur.top\/museo\"],\"url\":\"http:\/\/vientosur.top\/museo\/author\/comunicacionesmvp\/\"}]}<\/script>\n<!-- \/ Yoast SEO plugin. -->","yoast_head_json":{"title":"Cientos de personas visitan Museo Violeta Parra en su semana de estreno al p\u00fablico - Museo Violeta Parra","robots":{"index":"index","follow":"follow","max-snippet":"max-snippet:-1","max-image-preview":"max-image-preview:large","max-video-preview":"max-video-preview:-1"},"canonical":"http:\/\/vientosur.top\/museo\/cientos-de-personas-visitan-museo-violeta-parra-en-su-semana-de-estreno-al-publico\/","og_locale":"es_ES","og_type":"article","og_title":"Cientos de personas visitan Museo Violeta Parra en su semana de estreno al p\u00fablico - Museo Violeta Parra","og_description":"Santiago, 9 Octubre, 2015.- Un promedio de 500 visitantes diarios lleg\u00f3 hasta el esperado espacio cultural durante los primeros cuatro d\u00edas, tras la apertura del Museo. En la primera jornada abierta al p\u00fablico, los asistentes pudieron disfrutar de un show musical de Isabel Parra, hija de Violeta. &nbsp; El esperado espacio cultural convoc\u00f3 entre el [&hellip;]","og_url":"http:\/\/vientosur.top\/museo\/cientos-de-personas-visitan-museo-violeta-parra-en-su-semana-de-estreno-al-publico\/","og_site_name":"Museo Violeta Parra","article_published_time":"2015-10-30T10:50:41+00:00","author":"admin","twitter_card":"summary_large_image","twitter_misc":{"Escrito por":"admin","Tiempo de lectura":"2 minutos"},"schema":{"@context":"https:\/\/schema.org","@graph":[{"@type":"WebPage","@id":"http:\/\/vientosur.top\/museo\/cientos-de-personas-visitan-museo-violeta-parra-en-su-semana-de-estreno-al-publico\/","url":"http:\/\/vientosur.top\/museo\/cientos-de-personas-visitan-museo-violeta-parra-en-su-semana-de-estreno-al-publico\/","name":"Cientos de personas visitan Museo Violeta Parra en su semana de estreno al p\u00fablico - Museo Violeta Parra","isPartOf":{"@id":"http:\/\/vientosur.top\/museo\/#website"},"primaryImageOfPage":{"@id":"http:\/\/vientosur.top\/museo\/cientos-de-personas-visitan-museo-violeta-parra-en-su-semana-de-estreno-al-publico\/#primaryimage"},"image":{"@id":"http:\/\/vientosur.top\/museo\/cientos-de-personas-visitan-museo-violeta-parra-en-su-semana-de-estreno-al-publico\/#primaryimage"},"thumbnailUrl":"","datePublished":"2015-10-30T10:50:41+00:00","author":{"@id":"http:\/\/vientosur.top\/museo\/#\/schema\/person\/20c79d3c38800971feec8c2693c3dd9c"},"breadcrumb":{"@id":"http:\/\/vientosur.top\/museo\/cientos-de-personas-visitan-museo-violeta-parra-en-su-semana-de-estreno-al-publico\/#breadcrumb"},"inLanguage":"es","potentialAction":[{"@type":"ReadAction","target":["http:\/\/vientosur.top\/museo\/cientos-de-personas-visitan-museo-violeta-parra-en-su-semana-de-estreno-al-publico\/"]}]},{"@type":"ImageObject","inLanguage":"es","@id":"http:\/\/vientosur.top\/museo\/cientos-de-personas-visitan-museo-violeta-parra-en-su-semana-de-estreno-al-publico\/#primaryimage","url":"","contentUrl":""},{"@type":"BreadcrumbList","@id":"http:\/\/vientosur.top\/museo\/cientos-de-personas-visitan-museo-violeta-parra-en-su-semana-de-estreno-al-publico\/#breadcrumb","itemListElement":[{"@type":"ListItem","position":1,"name":"Portada","item":"http:\/\/vientosur.top\/museo\/"},{"@type":"ListItem","position":2,"name":"Cientos de personas visitan Museo Violeta Parra en su semana de estreno al p\u00fablico"}]},{"@type":"WebSite","@id":"http:\/\/vientosur.top\/museo\/#website","url":"http:\/\/vientosur.top\/museo\/","name":"Museo Violeta Parra","description":"Espacio que alberga tanto la memoria y legado creativo de la artista","potentialAction":[{"@type":"SearchAction","target":{"@type":"EntryPoint","urlTemplate":"http:\/\/vientosur.top\/museo\/?s={search_term_string}"},"query-input":{"@type":"PropertyValueSpecification","valueRequired":true,"valueName":"search_term_string"}}],"inLanguage":"es"},{"@type":"Person","@id":"http:\/\/vientosur.top\/museo\/#\/schema\/person\/20c79d3c38800971feec8c2693c3dd9c","name":"admin","image":{"@type":"ImageObject","inLanguage":"es","@id":"http:\/\/vientosur.top\/museo\/#\/schema\/person\/image\/","url":"https:\/\/secure.gravatar.com\/avatar\/713677ece3ffa642287213a80e5b773bce9ab81c269dd6d95102a990951c922f?s=96&d=mm&r=g","contentUrl":"https:\/\/secure.gravatar.com\/avatar\/713677ece3ffa642287213a80e5b773bce9ab81c269dd6d95102a990951c922f?s=96&d=mm&r=g","caption":"admin"},"sameAs":["http:\/\/vientosur.top\/museo"],"url":"http:\/\/vientosur.top\/museo\/author\/comunicacionesmvp\/"}]}},"_links":{"self":[{"href":"http:\/\/vientosur.top\/museo\/wp-json\/wp\/v2\/posts\/770","targetHints":{"allow":["GET"]}}],"collection":[{"href":"http:\/\/vientosur.top\/museo\/wp-json\/wp\/v2\/posts"}],"about":[{"href":"http:\/\/vientosur.top\/museo\/wp-json\/wp\/v2\/types\/post"}],"author":[{"embeddable":true,"href":"http:\/\/vientosur.top\/museo\/wp-json\/wp\/v2\/users\/5"}],"replies":[{"embeddable":true,"href":"http:\/\/vientosur.top\/museo\/wp-json\/wp\/v2\/comments?post=770"}],"version-history":[{"count":0,"href":"http:\/\/vientosur.top\/museo\/wp-json\/wp\/v2\/posts\/770\/revisions"}],"wp:featuredmedia":[{"embeddable":true,"href":"http:\/\/vientosur.top\/museo\/wp-json\/"}],"wp:attachment":[{"href":"http:\/\/vientosur.top\/museo\/wp-json\/wp\/v2\/media?parent=770"}],"wp:term":[{"taxonomy":"category","embeddable":true,"href":"http:\/\/vientosur.top\/museo\/wp-json\/wp\/v2\/categories?post=770"},{"taxonomy":"post_tag","embeddable":true,"href":"http:\/\/vientosur.top\/museo\/wp-json\/wp\/v2\/tags?post=770"}],"curies":[{"name":"wp","href":"https:\/\/api.w.org\/{rel}","templated":true}]}}