{"id":771,"date":"2015-11-09T00:16:24","date_gmt":"2015-11-09T00:16:24","guid":{"rendered":"http:\/\/vientosur.top\/museo\/\/?p=224"},"modified":"2015-11-09T00:16:24","modified_gmt":"2015-11-09T00:16:24","slug":"museo-violeta-parra-suma-mas-de-22-mil-visitas-desde-su-apertura","status":"publish","type":"post","link":"http:\/\/vientosur.top\/museo\/museo-violeta-parra-suma-mas-de-22-mil-visitas-desde-su-apertura\/","title":{"rendered":"Museo Violeta Parra suma m\u00e1s de 22 mil visitas desde su apertura"},"content":{"rendered":"<p>\u201cA m\u00ed no me sorprende\u201d, dice Cecilia Garc\u00eda-Huidobro, presidenta del directorio de la Fundaci\u00f3n Museo Violeta Parra, sobre el rotundo \u00e9xito del espacio. \u201cSiempre que he estado vinculada a proyectos de Violeta, he visto c\u00f3mo la gente tiene una necesidad de vincularse con su pensamiento, su obra, su m\u00fasica. Y yo creo que es la respuesta obvia a lo que simboliza y significa Violeta para los chilenos\u201d.<!--more--><\/p>\n<p>A poco m\u00e1s de un mes de su apertura al p\u00fablico, el \u00e9xito del Museo Violeta Parra es indiscutible. Ya son m\u00e1s de 22 mil personas las que han llegado a conocer la obra de esta prol\u00edfica artista chilena.<\/p>\n<p>El espacio, que adem\u00e1s de su exhibici\u00f3n permanente ofrece visitas guiadas y talleres para distintos niveles educacionales, ha sido visitado por ni\u00f1os, adultos y personas de la tercera edad, tanto chilenos como extranjeros.<\/p>\n<p>Adem\u00e1s de su oferta como exhibici\u00f3n, el recinto se ha trasformado en un espacio generador de cultura, como lo que ha ocurrido\u00a0 con las presentaciones que Tita Parra, nieta de Violeta, ha regalado a los asistentes que vistan el museo durante el fin de semana.<\/p>\n<p>&nbsp;<\/p>\n<p>Ello se ha sumado a la programaci\u00f3n en el Auditorio Antar, que en su primera actividad, present\u00f3 cuatro conciertos gratuitos de la destacada cantante Francesa Ancarola, con lleno de p\u00fablico.<\/p>\n<p>\u201cLa gente lo esperaba. La conexi\u00f3n es inmediata. Es muy impactante Violeta para nuestra identidad. Ella es un s\u00edmbolo de nuestra identidad\u201d, recalca.<\/p>\n<p>&nbsp;<\/p>\n<p>\u201cLo que m\u00e1s me llama la atenci\u00f3n es la cantidad de gente de regiones que ha venido. Eso s\u00ed que tampoco me lo esperaba en esas dimensiones. La cantidad de ni\u00f1os, de lejos. Lo encuentro muy impresionante y creo que no va a mermar\u201d, agrega.<\/p>\n<p>&nbsp;<\/p>\n<p>En ese sentido, asegura que \u201cel desaf\u00edo para el directorio y el equipo humano que trabaja ac\u00e1 es estar respondiendo siempre a las expectativas de la gente\u201d.<\/p>\n<h3><\/h3>\n<h3><strong>MANUEL GARC\u00cdA: \u201cSE CIERRA UN C\u00cdRCULO Y SE ABRE OTRO\u201d<\/strong><\/h3>\n<p>Para el reconocido cantautor chileno y miembro del directorio de la Fundaci\u00f3n Museo Violeta Parra, Manuel Garc\u00eda, el \u00e9xito del espacio obedece a la \u201cansiedad\u201d de la ciudadan\u00eda de estar conectada con la artista.<\/p>\n<p>&nbsp;<\/p>\n<p>\u201cLa gente estaba esperando durante muchos a\u00f1os estar cada vez m\u00e1s cercad e la Violeta. Se refleja en esta ansiedad y en este n\u00famero extraordinario de visitas\u201d, enfatiza el m\u00fasico.\u00a0\u201cLa obra de la Violeta hace mucho tiempo que espera ser parte de la gente. El museo permite que ese ciclo se cierre y se abre otro que es lo que la gente se lleva del museo\u201d, insiste.<\/p>\n<p>\u201cAhora las personas van a empezar a hablar y reflexionar en torno al pensamiento de Violeta Parra y eso tambi\u00e9n es lo que va a proyectar toda esta situaci\u00f3n de las visitas y la relaci\u00f3n con lo que el museo quiere decir como ente est\u00e9tico, cultural y art\u00edstico\u201d, concluye.<\/p>\n","protected":false},"excerpt":{"rendered":"<p>\u201cA m\u00ed no me sorprende\u201d, dice Cecilia Garc\u00eda-Huidobro, presidenta del directorio de la Fundaci\u00f3n Museo Violeta Parra, sobre el rotundo \u00e9xito del espacio. \u201cSiempre que he estado vinculada a proyectos de Violeta, he visto c\u00f3mo la gente tiene una necesidad de vincularse con su pensamiento, su obra, su m\u00fasica. Y yo creo que es la [&hellip;]<\/p>\n","protected":false},"author":5,"featured_media":225,"comment_status":"open","ping_status":"open","sticky":false,"template":"","format":"standard","meta":{"site-sidebar-layout":"default","site-content-layout":"","ast-site-content-layout":"default","site-content-style":"default","site-sidebar-style":"default","ast-global-header-display":"","ast-banner-title-visibility":"","ast-main-header-display":"","ast-hfb-above-header-display":"","ast-hfb-below-header-display":"","ast-hfb-mobile-header-display":"","site-post-title":"","ast-breadcrumbs-content":"","ast-featured-img":"","footer-sml-layout":"","theme-transparent-header-meta":"","adv-header-id-meta":"","stick-header-meta":"","header-above-stick-meta":"","header-main-stick-meta":"","header-below-stick-meta":"","astra-migrate-meta-layouts":"default","ast-page-background-enabled":"default","ast-page-background-meta":{"desktop":{"background-color":"var(--ast-global-color-4)","background-image":"","background-repeat":"repeat","background-position":"center center","background-size":"auto","background-attachment":"scroll","background-type":"","background-media":"","overlay-type":"","overlay-color":"","overlay-opacity":"","overlay-gradient":""},"tablet":{"background-color":"","background-image":"","background-repeat":"repeat","background-position":"center center","background-size":"auto","background-attachment":"scroll","background-type":"","background-media":"","overlay-type":"","overlay-color":"","overlay-opacity":"","overlay-gradient":""},"mobile":{"background-color":"","background-image":"","background-repeat":"repeat","background-position":"center center","background-size":"auto","background-attachment":"scroll","background-type":"","background-media":"","overlay-type":"","overlay-color":"","overlay-opacity":"","overlay-gradient":""}},"ast-content-background-meta":{"desktop":{"background-color":"var(--ast-global-color-5)","background-image":"","background-repeat":"repeat","background-position":"center center","background-size":"auto","background-attachment":"scroll","background-type":"","background-media":"","overlay-type":"","overlay-color":"","overlay-opacity":"","overlay-gradient":""},"tablet":{"background-color":"var(--ast-global-color-5)","background-image":"","background-repeat":"repeat","background-position":"center center","background-size":"auto","background-attachment":"scroll","background-type":"","background-media":"","overlay-type":"","overlay-color":"","overlay-opacity":"","overlay-gradient":""},"mobile":{"background-color":"var(--ast-global-color-5)","background-image":"","background-repeat":"repeat","background-position":"center center","background-size":"auto","background-attachment":"scroll","background-type":"","background-media":"","overlay-type":"","overlay-color":"","overlay-opacity":"","overlay-gradient":""}},"footnotes":""},"categories":[8],"tags":[52,53,54],"class_list":["post-771","post","type-post","status-publish","format-standard","has-post-thumbnail","hentry","category-noticias","tag-22-000-visitantes","tag-cecilia-gargia-huidobro","tag-manuel-garcia"],"yoast_head":"<!-- This site is optimized with the Yoast SEO plugin v25.4 - https:\/\/yoast.com\/wordpress\/plugins\/seo\/ -->\n<title>Museo Violeta Parra suma m\u00e1s de 22 mil visitas desde su apertura - Museo Violeta Parra<\/title>\n<meta name=\"robots\" content=\"index, follow, max-snippet:-1, max-image-preview:large, max-video-preview:-1\" \/>\n<link rel=\"canonical\" href=\"http:\/\/vientosur.top\/museo\/museo-violeta-parra-suma-mas-de-22-mil-visitas-desde-su-apertura\/\" \/>\n<meta property=\"og:locale\" content=\"es_ES\" \/>\n<meta property=\"og:type\" content=\"article\" \/>\n<meta property=\"og:title\" content=\"Museo Violeta Parra suma m\u00e1s de 22 mil visitas desde su apertura - Museo Violeta Parra\" \/>\n<meta property=\"og:description\" content=\"\u201cA m\u00ed no me sorprende\u201d, dice Cecilia Garc\u00eda-Huidobro, presidenta del directorio de la Fundaci\u00f3n Museo Violeta Parra, sobre el rotundo \u00e9xito del espacio. \u201cSiempre que he estado vinculada a proyectos de Violeta, he visto c\u00f3mo la gente tiene una necesidad de vincularse con su pensamiento, su obra, su m\u00fasica. Y yo creo que es la [&hellip;]\" \/>\n<meta property=\"og:url\" content=\"http:\/\/vientosur.top\/museo\/museo-violeta-parra-suma-mas-de-22-mil-visitas-desde-su-apertura\/\" \/>\n<meta property=\"og:site_name\" content=\"Museo Violeta Parra\" \/>\n<meta property=\"article:published_time\" content=\"2015-11-09T00:16:24+00:00\" \/>\n<meta name=\"author\" content=\"admin\" \/>\n<meta name=\"twitter:card\" content=\"summary_large_image\" \/>\n<meta name=\"twitter:label1\" content=\"Escrito por\" \/>\n\t<meta name=\"twitter:data1\" content=\"admin\" \/>\n\t<meta name=\"twitter:label2\" content=\"Tiempo de lectura\" \/>\n\t<meta name=\"twitter:data2\" content=\"3 minutos\" \/>\n<script type=\"application\/ld+json\" class=\"yoast-schema-graph\">{\"@context\":\"https:\/\/schema.org\",\"@graph\":[{\"@type\":\"WebPage\",\"@id\":\"http:\/\/vientosur.top\/museo\/museo-violeta-parra-suma-mas-de-22-mil-visitas-desde-su-apertura\/\",\"url\":\"http:\/\/vientosur.top\/museo\/museo-violeta-parra-suma-mas-de-22-mil-visitas-desde-su-apertura\/\",\"name\":\"Museo Violeta Parra suma m\u00e1s de 22 mil visitas desde su apertura - Museo Violeta Parra\",\"isPartOf\":{\"@id\":\"http:\/\/vientosur.top\/museo\/#website\"},\"primaryImageOfPage\":{\"@id\":\"http:\/\/vientosur.top\/museo\/museo-violeta-parra-suma-mas-de-22-mil-visitas-desde-su-apertura\/#primaryimage\"},\"image\":{\"@id\":\"http:\/\/vientosur.top\/museo\/museo-violeta-parra-suma-mas-de-22-mil-visitas-desde-su-apertura\/#primaryimage\"},\"thumbnailUrl\":\"\",\"datePublished\":\"2015-11-09T00:16:24+00:00\",\"author\":{\"@id\":\"http:\/\/vientosur.top\/museo\/#\/schema\/person\/20c79d3c38800971feec8c2693c3dd9c\"},\"breadcrumb\":{\"@id\":\"http:\/\/vientosur.top\/museo\/museo-violeta-parra-suma-mas-de-22-mil-visitas-desde-su-apertura\/#breadcrumb\"},\"inLanguage\":\"es\",\"potentialAction\":[{\"@type\":\"ReadAction\",\"target\":[\"http:\/\/vientosur.top\/museo\/museo-violeta-parra-suma-mas-de-22-mil-visitas-desde-su-apertura\/\"]}]},{\"@type\":\"ImageObject\",\"inLanguage\":\"es\",\"@id\":\"http:\/\/vientosur.top\/museo\/museo-violeta-parra-suma-mas-de-22-mil-visitas-desde-su-apertura\/#primaryimage\",\"url\":\"\",\"contentUrl\":\"\"},{\"@type\":\"BreadcrumbList\",\"@id\":\"http:\/\/vientosur.top\/museo\/museo-violeta-parra-suma-mas-de-22-mil-visitas-desde-su-apertura\/#breadcrumb\",\"itemListElement\":[{\"@type\":\"ListItem\",\"position\":1,\"name\":\"Portada\",\"item\":\"http:\/\/vientosur.top\/museo\/\"},{\"@type\":\"ListItem\",\"position\":2,\"name\":\"Museo Violeta Parra suma m\u00e1s de 22 mil visitas desde su apertura\"}]},{\"@type\":\"WebSite\",\"@id\":\"http:\/\/vientosur.top\/museo\/#website\",\"url\":\"http:\/\/vientosur.top\/museo\/\",\"name\":\"Museo Violeta Parra\",\"description\":\"Espacio que alberga tanto la memoria y legado creativo de la artista\",\"potentialAction\":[{\"@type\":\"SearchAction\",\"target\":{\"@type\":\"EntryPoint\",\"urlTemplate\":\"http:\/\/vientosur.top\/museo\/?s={search_term_string}\"},\"query-input\":{\"@type\":\"PropertyValueSpecification\",\"valueRequired\":true,\"valueName\":\"search_term_string\"}}],\"inLanguage\":\"es\"},{\"@type\":\"Person\",\"@id\":\"http:\/\/vientosur.top\/museo\/#\/schema\/person\/20c79d3c38800971feec8c2693c3dd9c\",\"name\":\"admin\",\"image\":{\"@type\":\"ImageObject\",\"inLanguage\":\"es\",\"@id\":\"http:\/\/vientosur.top\/museo\/#\/schema\/person\/image\/\",\"url\":\"https:\/\/secure.gravatar.com\/avatar\/713677ece3ffa642287213a80e5b773bce9ab81c269dd6d95102a990951c922f?s=96&d=mm&r=g\",\"contentUrl\":\"https:\/\/secure.gravatar.com\/avatar\/713677ece3ffa642287213a80e5b773bce9ab81c269dd6d95102a990951c922f?s=96&d=mm&r=g\",\"caption\":\"admin\"},\"sameAs\":[\"http:\/\/vientosur.top\/museo\"],\"url\":\"http:\/\/vientosur.top\/museo\/author\/comunicacionesmvp\/\"}]}<\/script>\n<!-- \/ Yoast SEO plugin. -->","yoast_head_json":{"title":"Museo Violeta Parra suma m\u00e1s de 22 mil visitas desde su apertura - Museo Violeta Parra","robots":{"index":"index","follow":"follow","max-snippet":"max-snippet:-1","max-image-preview":"max-image-preview:large","max-video-preview":"max-video-preview:-1"},"canonical":"http:\/\/vientosur.top\/museo\/museo-violeta-parra-suma-mas-de-22-mil-visitas-desde-su-apertura\/","og_locale":"es_ES","og_type":"article","og_title":"Museo Violeta Parra suma m\u00e1s de 22 mil visitas desde su apertura - Museo Violeta Parra","og_description":"\u201cA m\u00ed no me sorprende\u201d, dice Cecilia Garc\u00eda-Huidobro, presidenta del directorio de la Fundaci\u00f3n Museo Violeta Parra, sobre el rotundo \u00e9xito del espacio. \u201cSiempre que he estado vinculada a proyectos de Violeta, he visto c\u00f3mo la gente tiene una necesidad de vincularse con su pensamiento, su obra, su m\u00fasica. Y yo creo que es la [&hellip;]","og_url":"http:\/\/vientosur.top\/museo\/museo-violeta-parra-suma-mas-de-22-mil-visitas-desde-su-apertura\/","og_site_name":"Museo Violeta Parra","article_published_time":"2015-11-09T00:16:24+00:00","author":"admin","twitter_card":"summary_large_image","twitter_misc":{"Escrito por":"admin","Tiempo de lectura":"3 minutos"},"schema":{"@context":"https:\/\/schema.org","@graph":[{"@type":"WebPage","@id":"http:\/\/vientosur.top\/museo\/museo-violeta-parra-suma-mas-de-22-mil-visitas-desde-su-apertura\/","url":"http:\/\/vientosur.top\/museo\/museo-violeta-parra-suma-mas-de-22-mil-visitas-desde-su-apertura\/","name":"Museo Violeta Parra suma m\u00e1s de 22 mil visitas desde su apertura - Museo Violeta Parra","isPartOf":{"@id":"http:\/\/vientosur.top\/museo\/#website"},"primaryImageOfPage":{"@id":"http:\/\/vientosur.top\/museo\/museo-violeta-parra-suma-mas-de-22-mil-visitas-desde-su-apertura\/#primaryimage"},"image":{"@id":"http:\/\/vientosur.top\/museo\/museo-violeta-parra-suma-mas-de-22-mil-visitas-desde-su-apertura\/#primaryimage"},"thumbnailUrl":"","datePublished":"2015-11-09T00:16:24+00:00","author":{"@id":"http:\/\/vientosur.top\/museo\/#\/schema\/person\/20c79d3c38800971feec8c2693c3dd9c"},"breadcrumb":{"@id":"http:\/\/vientosur.top\/museo\/museo-violeta-parra-suma-mas-de-22-mil-visitas-desde-su-apertura\/#breadcrumb"},"inLanguage":"es","potentialAction":[{"@type":"ReadAction","target":["http:\/\/vientosur.top\/museo\/museo-violeta-parra-suma-mas-de-22-mil-visitas-desde-su-apertura\/"]}]},{"@type":"ImageObject","inLanguage":"es","@id":"http:\/\/vientosur.top\/museo\/museo-violeta-parra-suma-mas-de-22-mil-visitas-desde-su-apertura\/#primaryimage","url":"","contentUrl":""},{"@type":"BreadcrumbList","@id":"http:\/\/vientosur.top\/museo\/museo-violeta-parra-suma-mas-de-22-mil-visitas-desde-su-apertura\/#breadcrumb","itemListElement":[{"@type":"ListItem","position":1,"name":"Portada","item":"http:\/\/vientosur.top\/museo\/"},{"@type":"ListItem","position":2,"name":"Museo Violeta Parra suma m\u00e1s de 22 mil visitas desde su apertura"}]},{"@type":"WebSite","@id":"http:\/\/vientosur.top\/museo\/#website","url":"http:\/\/vientosur.top\/museo\/","name":"Museo Violeta Parra","description":"Espacio que alberga tanto la memoria y legado creativo de la artista","potentialAction":[{"@type":"SearchAction","target":{"@type":"EntryPoint","urlTemplate":"http:\/\/vientosur.top\/museo\/?s={search_term_string}"},"query-input":{"@type":"PropertyValueSpecification","valueRequired":true,"valueName":"search_term_string"}}],"inLanguage":"es"},{"@type":"Person","@id":"http:\/\/vientosur.top\/museo\/#\/schema\/person\/20c79d3c38800971feec8c2693c3dd9c","name":"admin","image":{"@type":"ImageObject","inLanguage":"es","@id":"http:\/\/vientosur.top\/museo\/#\/schema\/person\/image\/","url":"https:\/\/secure.gravatar.com\/avatar\/713677ece3ffa642287213a80e5b773bce9ab81c269dd6d95102a990951c922f?s=96&d=mm&r=g","contentUrl":"https:\/\/secure.gravatar.com\/avatar\/713677ece3ffa642287213a80e5b773bce9ab81c269dd6d95102a990951c922f?s=96&d=mm&r=g","caption":"admin"},"sameAs":["http:\/\/vientosur.top\/museo"],"url":"http:\/\/vientosur.top\/museo\/author\/comunicacionesmvp\/"}]}},"_links":{"self":[{"href":"http:\/\/vientosur.top\/museo\/wp-json\/wp\/v2\/posts\/771","targetHints":{"allow":["GET"]}}],"collection":[{"href":"http:\/\/vientosur.top\/museo\/wp-json\/wp\/v2\/posts"}],"about":[{"href":"http:\/\/vientosur.top\/museo\/wp-json\/wp\/v2\/types\/post"}],"author":[{"embeddable":true,"href":"http:\/\/vientosur.top\/museo\/wp-json\/wp\/v2\/users\/5"}],"replies":[{"embeddable":true,"href":"http:\/\/vientosur.top\/museo\/wp-json\/wp\/v2\/comments?post=771"}],"version-history":[{"count":0,"href":"http:\/\/vientosur.top\/museo\/wp-json\/wp\/v2\/posts\/771\/revisions"}],"wp:featuredmedia":[{"embeddable":true,"href":"http:\/\/vientosur.top\/museo\/wp-json\/"}],"wp:attachment":[{"href":"http:\/\/vientosur.top\/museo\/wp-json\/wp\/v2\/media?parent=771"}],"wp:term":[{"taxonomy":"category","embeddable":true,"href":"http:\/\/vientosur.top\/museo\/wp-json\/wp\/v2\/categories?post=771"},{"taxonomy":"post_tag","embeddable":true,"href":"http:\/\/vientosur.top\/museo\/wp-json\/wp\/v2\/tags?post=771"}],"curies":[{"name":"wp","href":"https:\/\/api.w.org\/{rel}","templated":true}]}}