{"id":773,"date":"2015-11-16T09:29:53","date_gmt":"2015-11-16T09:29:53","guid":{"rendered":"http:\/\/vientosur.top\/museo\/\/?p=243"},"modified":"2015-11-16T09:29:53","modified_gmt":"2015-11-16T09:29:53","slug":"tita-parra-deleita-con-musica-a-los-visitantes-del-museo-el-fin-de-semana","status":"publish","type":"post","link":"http:\/\/vientosur.top\/museo\/tita-parra-deleita-con-musica-a-los-visitantes-del-museo-el-fin-de-semana\/","title":{"rendered":"Tita Parra deleita con m\u00fasica a los visitantes del museo el  fin de semana"},"content":{"rendered":"<p>El Museo Violeta Parra es un lugar de encuentro con la m\u00fasica y la obra visual de la artista. Su familia ha sido fundamental en la transmisi\u00f3n de este gran legado.\u00a0En ese sentido es que la nieta de Violeta, Tita Parra, ha presentado lo mejor de la m\u00fasica folcl\u00f3rica y los \u00e9xitos de la cantautora durante los fines de semana, cuando cientos de personas repletan nuestro museo.<\/p>\n<p>&nbsp;<\/p>\n<p>Justo en el ingreso, al aire libre, Tita Parra ha regalado a nuestros visitantes un espect\u00e1culo improvisado donde la participaci\u00f3n de la gente no se hace esperar. Hay pies de cueca y cantos por montones.\u00a0Dicho espacio tambi\u00e9n ha sido utilizado por otros cantores y\u00a0 artistas cercanos a la familia de Violeta.\u00a0De hecho, el propio museo, al ser abierto al p\u00fablico, alberg\u00f3 en su auditorio \u201cAntar\u201d un improvisado show de Isabel Parra, que pudo ser visto por nuestros primeros visitantes.<\/p>\n<p>&nbsp;<\/p>\n<p>Junto con esta presentaciones, el fin de semana del 14 y 15 de noviembre tambi\u00e9n fue el turno del grupo\u00a0\u201cDe Choro\u201d, de Brasil, \u00a0quienes interpretaron su m\u00fasica instrumental \u00a0en el auditorio Antar que cuenta con capacidad para 100 personas.<\/p>\n<p>Ambos espect\u00e1culos totalizaron alrededor de tres horas de show, por lo que fueron muchos los visitantes del museo que pudieron disfrutar de las presentaciones, adem\u00e1s de conocer la obra visual de Violeta Parra presente en las salas \u201cHumana\u201d y \u201cDivina\u201d.\u00a0De esta forma, el Museo se muestra tambi\u00e9n como un espacio generador de cultura, con una fuerte interacci\u00f3n con la ciudadan\u00eda.<\/p>\n<p>&nbsp;<\/p>\n<p>El auditorio \u201cAntar\u201d, con capacidad para 100 personas, es un recinto que comienza a tomar vida a trav\u00e9s de presentaciones musicales como las mencionadas. Est\u00e1 preparado para en el futuro albergar seminarios, charlas y lanzamientos, entre otros, con la mejor calidad y comodidad.<\/p>\n<p>&nbsp;<\/p>\n<figure id=\"attachment_245\" aria-describedby=\"caption-attachment-245\" style=\"width: 300px\" class=\"wp-caption aligncenter\"><a href=\"http:\/\/vientosur.top\/museo\/\/wp-content\/uploads\/2015\/11\/MVP_musica14-15nov.jpg\"><img fetchpriority=\"high\" decoding=\"async\" class=\"wp-image-245 size-medium\" src=\"http:\/\/vientosur.top\/museo\/\/wp-content\/uploads\/2015\/11\/MVP_musica14-15nov-300x200.jpg\" alt=\"Grupo de Chro, MVP \" width=\"300\" height=\"200\" \/><\/a><figcaption id=\"caption-attachment-245\" class=\"wp-caption-text\">Grupo De Choro, Brasil interpretando su m\u00fasica en Auditorio Antar, Museo Violeta Parra<\/figcaption><\/figure>\n<p>&nbsp;<\/p>\n","protected":false},"excerpt":{"rendered":"<p>El Museo Violeta Parra es un lugar de encuentro con la m\u00fasica y la obra visual de la artista. Su familia ha sido fundamental en la transmisi\u00f3n de este gran legado.\u00a0En ese sentido es que la nieta de Violeta, Tita Parra, ha presentado lo mejor de la m\u00fasica folcl\u00f3rica y los \u00e9xitos de la cantautora [&hellip;]<\/p>\n","protected":false},"author":5,"featured_media":244,"comment_status":"open","ping_status":"open","sticky":false,"template":"","format":"standard","meta":{"site-sidebar-layout":"default","site-content-layout":"","ast-site-content-layout":"default","site-content-style":"default","site-sidebar-style":"default","ast-global-header-display":"","ast-banner-title-visibility":"","ast-main-header-display":"","ast-hfb-above-header-display":"","ast-hfb-below-header-display":"","ast-hfb-mobile-header-display":"","site-post-title":"","ast-breadcrumbs-content":"","ast-featured-img":"","footer-sml-layout":"","theme-transparent-header-meta":"","adv-header-id-meta":"","stick-header-meta":"","header-above-stick-meta":"","header-main-stick-meta":"","header-below-stick-meta":"","astra-migrate-meta-layouts":"default","ast-page-background-enabled":"default","ast-page-background-meta":{"desktop":{"background-color":"var(--ast-global-color-4)","background-image":"","background-repeat":"repeat","background-position":"center center","background-size":"auto","background-attachment":"scroll","background-type":"","background-media":"","overlay-type":"","overlay-color":"","overlay-opacity":"","overlay-gradient":""},"tablet":{"background-color":"","background-image":"","background-repeat":"repeat","background-position":"center center","background-size":"auto","background-attachment":"scroll","background-type":"","background-media":"","overlay-type":"","overlay-color":"","overlay-opacity":"","overlay-gradient":""},"mobile":{"background-color":"","background-image":"","background-repeat":"repeat","background-position":"center center","background-size":"auto","background-attachment":"scroll","background-type":"","background-media":"","overlay-type":"","overlay-color":"","overlay-opacity":"","overlay-gradient":""}},"ast-content-background-meta":{"desktop":{"background-color":"var(--ast-global-color-5)","background-image":"","background-repeat":"repeat","background-position":"center center","background-size":"auto","background-attachment":"scroll","background-type":"","background-media":"","overlay-type":"","overlay-color":"","overlay-opacity":"","overlay-gradient":""},"tablet":{"background-color":"var(--ast-global-color-5)","background-image":"","background-repeat":"repeat","background-position":"center center","background-size":"auto","background-attachment":"scroll","background-type":"","background-media":"","overlay-type":"","overlay-color":"","overlay-opacity":"","overlay-gradient":""},"mobile":{"background-color":"var(--ast-global-color-5)","background-image":"","background-repeat":"repeat","background-position":"center center","background-size":"auto","background-attachment":"scroll","background-type":"","background-media":"","overlay-type":"","overlay-color":"","overlay-opacity":"","overlay-gradient":""}},"footnotes":""},"categories":[8],"tags":[],"class_list":["post-773","post","type-post","status-publish","format-standard","has-post-thumbnail","hentry","category-noticias"],"yoast_head":"<!-- This site is optimized with the Yoast SEO plugin v25.4 - https:\/\/yoast.com\/wordpress\/plugins\/seo\/ -->\n<title>Tita Parra deleita con m\u00fasica a los visitantes del museo el fin de semana - Museo Violeta Parra<\/title>\n<meta name=\"robots\" content=\"index, follow, max-snippet:-1, max-image-preview:large, max-video-preview:-1\" \/>\n<link rel=\"canonical\" href=\"http:\/\/vientosur.top\/museo\/tita-parra-deleita-con-musica-a-los-visitantes-del-museo-el-fin-de-semana\/\" \/>\n<meta property=\"og:locale\" content=\"es_ES\" \/>\n<meta property=\"og:type\" content=\"article\" \/>\n<meta property=\"og:title\" content=\"Tita Parra deleita con m\u00fasica a los visitantes del museo el fin de semana - Museo Violeta Parra\" \/>\n<meta property=\"og:description\" content=\"El Museo Violeta Parra es un lugar de encuentro con la m\u00fasica y la obra visual de la artista. Su familia ha sido fundamental en la transmisi\u00f3n de este gran legado.\u00a0En ese sentido es que la nieta de Violeta, Tita Parra, ha presentado lo mejor de la m\u00fasica folcl\u00f3rica y los \u00e9xitos de la cantautora [&hellip;]\" \/>\n<meta property=\"og:url\" content=\"http:\/\/vientosur.top\/museo\/tita-parra-deleita-con-musica-a-los-visitantes-del-museo-el-fin-de-semana\/\" \/>\n<meta property=\"og:site_name\" content=\"Museo Violeta Parra\" \/>\n<meta property=\"article:published_time\" content=\"2015-11-16T09:29:53+00:00\" \/>\n<meta name=\"author\" content=\"admin\" \/>\n<meta name=\"twitter:card\" content=\"summary_large_image\" \/>\n<meta name=\"twitter:label1\" content=\"Escrito por\" \/>\n\t<meta name=\"twitter:data1\" content=\"admin\" \/>\n\t<meta name=\"twitter:label2\" content=\"Tiempo de lectura\" \/>\n\t<meta name=\"twitter:data2\" content=\"2 minutos\" \/>\n<script type=\"application\/ld+json\" class=\"yoast-schema-graph\">{\"@context\":\"https:\/\/schema.org\",\"@graph\":[{\"@type\":\"WebPage\",\"@id\":\"http:\/\/vientosur.top\/museo\/tita-parra-deleita-con-musica-a-los-visitantes-del-museo-el-fin-de-semana\/\",\"url\":\"http:\/\/vientosur.top\/museo\/tita-parra-deleita-con-musica-a-los-visitantes-del-museo-el-fin-de-semana\/\",\"name\":\"Tita Parra deleita con m\u00fasica a los visitantes del museo el fin de semana - Museo Violeta Parra\",\"isPartOf\":{\"@id\":\"http:\/\/vientosur.top\/museo\/#website\"},\"primaryImageOfPage\":{\"@id\":\"http:\/\/vientosur.top\/museo\/tita-parra-deleita-con-musica-a-los-visitantes-del-museo-el-fin-de-semana\/#primaryimage\"},\"image\":{\"@id\":\"http:\/\/vientosur.top\/museo\/tita-parra-deleita-con-musica-a-los-visitantes-del-museo-el-fin-de-semana\/#primaryimage\"},\"thumbnailUrl\":\"\",\"datePublished\":\"2015-11-16T09:29:53+00:00\",\"author\":{\"@id\":\"http:\/\/vientosur.top\/museo\/#\/schema\/person\/20c79d3c38800971feec8c2693c3dd9c\"},\"breadcrumb\":{\"@id\":\"http:\/\/vientosur.top\/museo\/tita-parra-deleita-con-musica-a-los-visitantes-del-museo-el-fin-de-semana\/#breadcrumb\"},\"inLanguage\":\"es\",\"potentialAction\":[{\"@type\":\"ReadAction\",\"target\":[\"http:\/\/vientosur.top\/museo\/tita-parra-deleita-con-musica-a-los-visitantes-del-museo-el-fin-de-semana\/\"]}]},{\"@type\":\"ImageObject\",\"inLanguage\":\"es\",\"@id\":\"http:\/\/vientosur.top\/museo\/tita-parra-deleita-con-musica-a-los-visitantes-del-museo-el-fin-de-semana\/#primaryimage\",\"url\":\"\",\"contentUrl\":\"\"},{\"@type\":\"BreadcrumbList\",\"@id\":\"http:\/\/vientosur.top\/museo\/tita-parra-deleita-con-musica-a-los-visitantes-del-museo-el-fin-de-semana\/#breadcrumb\",\"itemListElement\":[{\"@type\":\"ListItem\",\"position\":1,\"name\":\"Portada\",\"item\":\"http:\/\/vientosur.top\/museo\/\"},{\"@type\":\"ListItem\",\"position\":2,\"name\":\"Tita Parra deleita con m\u00fasica a los visitantes del museo el fin de semana\"}]},{\"@type\":\"WebSite\",\"@id\":\"http:\/\/vientosur.top\/museo\/#website\",\"url\":\"http:\/\/vientosur.top\/museo\/\",\"name\":\"Museo Violeta Parra\",\"description\":\"Espacio que alberga tanto la memoria y legado creativo de la artista\",\"potentialAction\":[{\"@type\":\"SearchAction\",\"target\":{\"@type\":\"EntryPoint\",\"urlTemplate\":\"http:\/\/vientosur.top\/museo\/?s={search_term_string}\"},\"query-input\":{\"@type\":\"PropertyValueSpecification\",\"valueRequired\":true,\"valueName\":\"search_term_string\"}}],\"inLanguage\":\"es\"},{\"@type\":\"Person\",\"@id\":\"http:\/\/vientosur.top\/museo\/#\/schema\/person\/20c79d3c38800971feec8c2693c3dd9c\",\"name\":\"admin\",\"image\":{\"@type\":\"ImageObject\",\"inLanguage\":\"es\",\"@id\":\"http:\/\/vientosur.top\/museo\/#\/schema\/person\/image\/\",\"url\":\"https:\/\/secure.gravatar.com\/avatar\/713677ece3ffa642287213a80e5b773bce9ab81c269dd6d95102a990951c922f?s=96&d=mm&r=g\",\"contentUrl\":\"https:\/\/secure.gravatar.com\/avatar\/713677ece3ffa642287213a80e5b773bce9ab81c269dd6d95102a990951c922f?s=96&d=mm&r=g\",\"caption\":\"admin\"},\"sameAs\":[\"http:\/\/vientosur.top\/museo\"],\"url\":\"http:\/\/vientosur.top\/museo\/author\/comunicacionesmvp\/\"}]}<\/script>\n<!-- \/ Yoast SEO plugin. -->","yoast_head_json":{"title":"Tita Parra deleita con m\u00fasica a los visitantes del museo el fin de semana - Museo Violeta Parra","robots":{"index":"index","follow":"follow","max-snippet":"max-snippet:-1","max-image-preview":"max-image-preview:large","max-video-preview":"max-video-preview:-1"},"canonical":"http:\/\/vientosur.top\/museo\/tita-parra-deleita-con-musica-a-los-visitantes-del-museo-el-fin-de-semana\/","og_locale":"es_ES","og_type":"article","og_title":"Tita Parra deleita con m\u00fasica a los visitantes del museo el fin de semana - Museo Violeta Parra","og_description":"El Museo Violeta Parra es un lugar de encuentro con la m\u00fasica y la obra visual de la artista. Su familia ha sido fundamental en la transmisi\u00f3n de este gran legado.\u00a0En ese sentido es que la nieta de Violeta, Tita Parra, ha presentado lo mejor de la m\u00fasica folcl\u00f3rica y los \u00e9xitos de la cantautora [&hellip;]","og_url":"http:\/\/vientosur.top\/museo\/tita-parra-deleita-con-musica-a-los-visitantes-del-museo-el-fin-de-semana\/","og_site_name":"Museo Violeta Parra","article_published_time":"2015-11-16T09:29:53+00:00","author":"admin","twitter_card":"summary_large_image","twitter_misc":{"Escrito por":"admin","Tiempo de lectura":"2 minutos"},"schema":{"@context":"https:\/\/schema.org","@graph":[{"@type":"WebPage","@id":"http:\/\/vientosur.top\/museo\/tita-parra-deleita-con-musica-a-los-visitantes-del-museo-el-fin-de-semana\/","url":"http:\/\/vientosur.top\/museo\/tita-parra-deleita-con-musica-a-los-visitantes-del-museo-el-fin-de-semana\/","name":"Tita Parra deleita con m\u00fasica a los visitantes del museo el fin de semana - Museo Violeta Parra","isPartOf":{"@id":"http:\/\/vientosur.top\/museo\/#website"},"primaryImageOfPage":{"@id":"http:\/\/vientosur.top\/museo\/tita-parra-deleita-con-musica-a-los-visitantes-del-museo-el-fin-de-semana\/#primaryimage"},"image":{"@id":"http:\/\/vientosur.top\/museo\/tita-parra-deleita-con-musica-a-los-visitantes-del-museo-el-fin-de-semana\/#primaryimage"},"thumbnailUrl":"","datePublished":"2015-11-16T09:29:53+00:00","author":{"@id":"http:\/\/vientosur.top\/museo\/#\/schema\/person\/20c79d3c38800971feec8c2693c3dd9c"},"breadcrumb":{"@id":"http:\/\/vientosur.top\/museo\/tita-parra-deleita-con-musica-a-los-visitantes-del-museo-el-fin-de-semana\/#breadcrumb"},"inLanguage":"es","potentialAction":[{"@type":"ReadAction","target":["http:\/\/vientosur.top\/museo\/tita-parra-deleita-con-musica-a-los-visitantes-del-museo-el-fin-de-semana\/"]}]},{"@type":"ImageObject","inLanguage":"es","@id":"http:\/\/vientosur.top\/museo\/tita-parra-deleita-con-musica-a-los-visitantes-del-museo-el-fin-de-semana\/#primaryimage","url":"","contentUrl":""},{"@type":"BreadcrumbList","@id":"http:\/\/vientosur.top\/museo\/tita-parra-deleita-con-musica-a-los-visitantes-del-museo-el-fin-de-semana\/#breadcrumb","itemListElement":[{"@type":"ListItem","position":1,"name":"Portada","item":"http:\/\/vientosur.top\/museo\/"},{"@type":"ListItem","position":2,"name":"Tita Parra deleita con m\u00fasica a los visitantes del museo el fin de semana"}]},{"@type":"WebSite","@id":"http:\/\/vientosur.top\/museo\/#website","url":"http:\/\/vientosur.top\/museo\/","name":"Museo Violeta Parra","description":"Espacio que alberga tanto la memoria y legado creativo de la artista","potentialAction":[{"@type":"SearchAction","target":{"@type":"EntryPoint","urlTemplate":"http:\/\/vientosur.top\/museo\/?s={search_term_string}"},"query-input":{"@type":"PropertyValueSpecification","valueRequired":true,"valueName":"search_term_string"}}],"inLanguage":"es"},{"@type":"Person","@id":"http:\/\/vientosur.top\/museo\/#\/schema\/person\/20c79d3c38800971feec8c2693c3dd9c","name":"admin","image":{"@type":"ImageObject","inLanguage":"es","@id":"http:\/\/vientosur.top\/museo\/#\/schema\/person\/image\/","url":"https:\/\/secure.gravatar.com\/avatar\/713677ece3ffa642287213a80e5b773bce9ab81c269dd6d95102a990951c922f?s=96&d=mm&r=g","contentUrl":"https:\/\/secure.gravatar.com\/avatar\/713677ece3ffa642287213a80e5b773bce9ab81c269dd6d95102a990951c922f?s=96&d=mm&r=g","caption":"admin"},"sameAs":["http:\/\/vientosur.top\/museo"],"url":"http:\/\/vientosur.top\/museo\/author\/comunicacionesmvp\/"}]}},"_links":{"self":[{"href":"http:\/\/vientosur.top\/museo\/wp-json\/wp\/v2\/posts\/773","targetHints":{"allow":["GET"]}}],"collection":[{"href":"http:\/\/vientosur.top\/museo\/wp-json\/wp\/v2\/posts"}],"about":[{"href":"http:\/\/vientosur.top\/museo\/wp-json\/wp\/v2\/types\/post"}],"author":[{"embeddable":true,"href":"http:\/\/vientosur.top\/museo\/wp-json\/wp\/v2\/users\/5"}],"replies":[{"embeddable":true,"href":"http:\/\/vientosur.top\/museo\/wp-json\/wp\/v2\/comments?post=773"}],"version-history":[{"count":0,"href":"http:\/\/vientosur.top\/museo\/wp-json\/wp\/v2\/posts\/773\/revisions"}],"wp:featuredmedia":[{"embeddable":true,"href":"http:\/\/vientosur.top\/museo\/wp-json\/"}],"wp:attachment":[{"href":"http:\/\/vientosur.top\/museo\/wp-json\/wp\/v2\/media?parent=773"}],"wp:term":[{"taxonomy":"category","embeddable":true,"href":"http:\/\/vientosur.top\/museo\/wp-json\/wp\/v2\/categories?post=773"},{"taxonomy":"post_tag","embeddable":true,"href":"http:\/\/vientosur.top\/museo\/wp-json\/wp\/v2\/tags?post=773"}],"curies":[{"name":"wp","href":"https:\/\/api.w.org\/{rel}","templated":true}]}}