{"id":774,"date":"2015-11-09T10:00:13","date_gmt":"2015-11-09T10:00:13","guid":{"rendered":"http:\/\/vientosur.top\/museo\/\/?p=252"},"modified":"2015-11-09T10:00:13","modified_gmt":"2015-11-09T10:00:13","slug":"francesca-ancarola-estreno-auditorio-antar-con-cuatro-exitosos-conciertos","status":"publish","type":"post","link":"http:\/\/vientosur.top\/museo\/francesca-ancarola-estreno-auditorio-antar-con-cuatro-exitosos-conciertos\/","title":{"rendered":"Francesca Ancarola estren\u00f3 auditorio \u201cAntar\u201d con cuatro exitosos conciertos"},"content":{"rendered":"<p>Todo un \u00e9xito resultaron los espect\u00e1culos musicales de la cantante y compositora chilena <a href=\"https:\/\/www.facebook.com\/Francesca-Ancarola-29586269630\/?ref=mf\" target=\"_blank\" rel=\"noopener noreferrer\">Francesca Ancarola,<\/a> quien se \u00a0present\u00f3 el 7 y 8 de noviembre en el Auditorio \u201cAntar\u201d del Museo Violeta Parra.<\/p>\n<p>Los conciertos, todos \u00edntimos, permitieron estrenar oficialmente el Auditorio \u201cAntar\u201d y tuvieron una excelente recepci\u00f3n por parte de los asistentes, quienes retiraron previamente sus invitaciones gratuitas. \u00a0Fueron cuatro conciertos, dos cada d\u00eda, donde la int\u00e9rprete estuvo acompa\u00f1ada por el guitarrista Sim\u00f3n Chriever, el pianista argentino Carlos Aguirre y Antonio Restucci en mandolina.<\/p>\n<p>Los espect\u00e1culos se realizaron en el marco del lanzamiento del libro de la artista \u201cEspejo de los sue\u00f1os\u201d, su primer texto de partituras en formato f\u00edsico y que constituye una primera selecci\u00f3n de canciones escritas entre 1996 y 2005.<\/p>\n<p>El libro, editado por CRANN editores (Revista Papeles de JAZZ), incluye adem\u00e1s un disco-compilado como soporte de audio.<\/p>\n<p>Se trat\u00f3 de la primera actividad oficial al interior del auditorio, que cuenta con capacidad para 100 personas, luego que Isabel Parra, hija de Violeta, improvisara un show musical el d\u00eda de la apertura al p\u00fablico el 6 de octubre.<\/p>\n<p>La presentaci\u00f3n de Francesca Ancarola representa el inicio de una serie de actividades que tendr\u00e1n lugar en el espacio en el futuro como seminarios, lanzamientos y otros espect\u00e1culos musicales.<\/p>\n","protected":false},"excerpt":{"rendered":"<p>Todo un \u00e9xito resultaron los espect\u00e1culos musicales de la cantante y compositora chilena Francesca Ancarola, quien se \u00a0present\u00f3 el 7 y 8 de noviembre en el Auditorio \u201cAntar\u201d del Museo Violeta Parra. Los conciertos, todos \u00edntimos, permitieron estrenar oficialmente el Auditorio \u201cAntar\u201d y tuvieron una excelente recepci\u00f3n por parte de los asistentes, quienes retiraron previamente [&hellip;]<\/p>\n","protected":false},"author":5,"featured_media":253,"comment_status":"open","ping_status":"open","sticky":false,"template":"","format":"standard","meta":{"site-sidebar-layout":"default","site-content-layout":"","ast-site-content-layout":"default","site-content-style":"default","site-sidebar-style":"default","ast-global-header-display":"","ast-banner-title-visibility":"","ast-main-header-display":"","ast-hfb-above-header-display":"","ast-hfb-below-header-display":"","ast-hfb-mobile-header-display":"","site-post-title":"","ast-breadcrumbs-content":"","ast-featured-img":"","footer-sml-layout":"","theme-transparent-header-meta":"","adv-header-id-meta":"","stick-header-meta":"","header-above-stick-meta":"","header-main-stick-meta":"","header-below-stick-meta":"","astra-migrate-meta-layouts":"default","ast-page-background-enabled":"default","ast-page-background-meta":{"desktop":{"background-color":"var(--ast-global-color-4)","background-image":"","background-repeat":"repeat","background-position":"center center","background-size":"auto","background-attachment":"scroll","background-type":"","background-media":"","overlay-type":"","overlay-color":"","overlay-opacity":"","overlay-gradient":""},"tablet":{"background-color":"","background-image":"","background-repeat":"repeat","background-position":"center center","background-size":"auto","background-attachment":"scroll","background-type":"","background-media":"","overlay-type":"","overlay-color":"","overlay-opacity":"","overlay-gradient":""},"mobile":{"background-color":"","background-image":"","background-repeat":"repeat","background-position":"center center","background-size":"auto","background-attachment":"scroll","background-type":"","background-media":"","overlay-type":"","overlay-color":"","overlay-opacity":"","overlay-gradient":""}},"ast-content-background-meta":{"desktop":{"background-color":"var(--ast-global-color-5)","background-image":"","background-repeat":"repeat","background-position":"center center","background-size":"auto","background-attachment":"scroll","background-type":"","background-media":"","overlay-type":"","overlay-color":"","overlay-opacity":"","overlay-gradient":""},"tablet":{"background-color":"var(--ast-global-color-5)","background-image":"","background-repeat":"repeat","background-position":"center center","background-size":"auto","background-attachment":"scroll","background-type":"","background-media":"","overlay-type":"","overlay-color":"","overlay-opacity":"","overlay-gradient":""},"mobile":{"background-color":"var(--ast-global-color-5)","background-image":"","background-repeat":"repeat","background-position":"center center","background-size":"auto","background-attachment":"scroll","background-type":"","background-media":"","overlay-type":"","overlay-color":"","overlay-opacity":"","overlay-gradient":""}},"footnotes":""},"categories":[8],"tags":[],"class_list":["post-774","post","type-post","status-publish","format-standard","has-post-thumbnail","hentry","category-noticias"],"yoast_head":"<!-- This site is optimized with the Yoast SEO plugin v25.4 - https:\/\/yoast.com\/wordpress\/plugins\/seo\/ -->\n<title>Francesca Ancarola estren\u00f3 auditorio \u201cAntar\u201d con cuatro exitosos conciertos - Museo Violeta Parra<\/title>\n<meta name=\"robots\" content=\"index, follow, max-snippet:-1, max-image-preview:large, max-video-preview:-1\" \/>\n<link rel=\"canonical\" href=\"http:\/\/vientosur.top\/museo\/francesca-ancarola-estreno-auditorio-antar-con-cuatro-exitosos-conciertos\/\" \/>\n<meta property=\"og:locale\" content=\"es_ES\" \/>\n<meta property=\"og:type\" content=\"article\" \/>\n<meta property=\"og:title\" content=\"Francesca Ancarola estren\u00f3 auditorio \u201cAntar\u201d con cuatro exitosos conciertos - Museo Violeta Parra\" \/>\n<meta property=\"og:description\" content=\"Todo un \u00e9xito resultaron los espect\u00e1culos musicales de la cantante y compositora chilena Francesca Ancarola, quien se \u00a0present\u00f3 el 7 y 8 de noviembre en el Auditorio \u201cAntar\u201d del Museo Violeta Parra. Los conciertos, todos \u00edntimos, permitieron estrenar oficialmente el Auditorio \u201cAntar\u201d y tuvieron una excelente recepci\u00f3n por parte de los asistentes, quienes retiraron previamente [&hellip;]\" \/>\n<meta property=\"og:url\" content=\"http:\/\/vientosur.top\/museo\/francesca-ancarola-estreno-auditorio-antar-con-cuatro-exitosos-conciertos\/\" \/>\n<meta property=\"og:site_name\" content=\"Museo Violeta Parra\" \/>\n<meta property=\"article:published_time\" content=\"2015-11-09T10:00:13+00:00\" \/>\n<meta name=\"author\" content=\"admin\" \/>\n<meta name=\"twitter:card\" content=\"summary_large_image\" \/>\n<meta name=\"twitter:label1\" content=\"Escrito por\" \/>\n\t<meta name=\"twitter:data1\" content=\"admin\" \/>\n\t<meta name=\"twitter:label2\" content=\"Tiempo de lectura\" \/>\n\t<meta name=\"twitter:data2\" content=\"1 minuto\" \/>\n<script type=\"application\/ld+json\" class=\"yoast-schema-graph\">{\"@context\":\"https:\/\/schema.org\",\"@graph\":[{\"@type\":\"WebPage\",\"@id\":\"http:\/\/vientosur.top\/museo\/francesca-ancarola-estreno-auditorio-antar-con-cuatro-exitosos-conciertos\/\",\"url\":\"http:\/\/vientosur.top\/museo\/francesca-ancarola-estreno-auditorio-antar-con-cuatro-exitosos-conciertos\/\",\"name\":\"Francesca Ancarola estren\u00f3 auditorio \u201cAntar\u201d con cuatro exitosos conciertos - Museo Violeta Parra\",\"isPartOf\":{\"@id\":\"http:\/\/vientosur.top\/museo\/#website\"},\"primaryImageOfPage\":{\"@id\":\"http:\/\/vientosur.top\/museo\/francesca-ancarola-estreno-auditorio-antar-con-cuatro-exitosos-conciertos\/#primaryimage\"},\"image\":{\"@id\":\"http:\/\/vientosur.top\/museo\/francesca-ancarola-estreno-auditorio-antar-con-cuatro-exitosos-conciertos\/#primaryimage\"},\"thumbnailUrl\":\"\",\"datePublished\":\"2015-11-09T10:00:13+00:00\",\"author\":{\"@id\":\"http:\/\/vientosur.top\/museo\/#\/schema\/person\/20c79d3c38800971feec8c2693c3dd9c\"},\"breadcrumb\":{\"@id\":\"http:\/\/vientosur.top\/museo\/francesca-ancarola-estreno-auditorio-antar-con-cuatro-exitosos-conciertos\/#breadcrumb\"},\"inLanguage\":\"es\",\"potentialAction\":[{\"@type\":\"ReadAction\",\"target\":[\"http:\/\/vientosur.top\/museo\/francesca-ancarola-estreno-auditorio-antar-con-cuatro-exitosos-conciertos\/\"]}]},{\"@type\":\"ImageObject\",\"inLanguage\":\"es\",\"@id\":\"http:\/\/vientosur.top\/museo\/francesca-ancarola-estreno-auditorio-antar-con-cuatro-exitosos-conciertos\/#primaryimage\",\"url\":\"\",\"contentUrl\":\"\"},{\"@type\":\"BreadcrumbList\",\"@id\":\"http:\/\/vientosur.top\/museo\/francesca-ancarola-estreno-auditorio-antar-con-cuatro-exitosos-conciertos\/#breadcrumb\",\"itemListElement\":[{\"@type\":\"ListItem\",\"position\":1,\"name\":\"Portada\",\"item\":\"http:\/\/vientosur.top\/museo\/\"},{\"@type\":\"ListItem\",\"position\":2,\"name\":\"Francesca Ancarola estren\u00f3 auditorio \u201cAntar\u201d con cuatro exitosos conciertos\"}]},{\"@type\":\"WebSite\",\"@id\":\"http:\/\/vientosur.top\/museo\/#website\",\"url\":\"http:\/\/vientosur.top\/museo\/\",\"name\":\"Museo Violeta Parra\",\"description\":\"Espacio que alberga tanto la memoria y legado creativo de la artista\",\"potentialAction\":[{\"@type\":\"SearchAction\",\"target\":{\"@type\":\"EntryPoint\",\"urlTemplate\":\"http:\/\/vientosur.top\/museo\/?s={search_term_string}\"},\"query-input\":{\"@type\":\"PropertyValueSpecification\",\"valueRequired\":true,\"valueName\":\"search_term_string\"}}],\"inLanguage\":\"es\"},{\"@type\":\"Person\",\"@id\":\"http:\/\/vientosur.top\/museo\/#\/schema\/person\/20c79d3c38800971feec8c2693c3dd9c\",\"name\":\"admin\",\"image\":{\"@type\":\"ImageObject\",\"inLanguage\":\"es\",\"@id\":\"http:\/\/vientosur.top\/museo\/#\/schema\/person\/image\/\",\"url\":\"https:\/\/secure.gravatar.com\/avatar\/713677ece3ffa642287213a80e5b773bce9ab81c269dd6d95102a990951c922f?s=96&d=mm&r=g\",\"contentUrl\":\"https:\/\/secure.gravatar.com\/avatar\/713677ece3ffa642287213a80e5b773bce9ab81c269dd6d95102a990951c922f?s=96&d=mm&r=g\",\"caption\":\"admin\"},\"sameAs\":[\"http:\/\/vientosur.top\/museo\"],\"url\":\"http:\/\/vientosur.top\/museo\/author\/comunicacionesmvp\/\"}]}<\/script>\n<!-- \/ Yoast SEO plugin. -->","yoast_head_json":{"title":"Francesca Ancarola estren\u00f3 auditorio \u201cAntar\u201d con cuatro exitosos conciertos - Museo Violeta Parra","robots":{"index":"index","follow":"follow","max-snippet":"max-snippet:-1","max-image-preview":"max-image-preview:large","max-video-preview":"max-video-preview:-1"},"canonical":"http:\/\/vientosur.top\/museo\/francesca-ancarola-estreno-auditorio-antar-con-cuatro-exitosos-conciertos\/","og_locale":"es_ES","og_type":"article","og_title":"Francesca Ancarola estren\u00f3 auditorio \u201cAntar\u201d con cuatro exitosos conciertos - Museo Violeta Parra","og_description":"Todo un \u00e9xito resultaron los espect\u00e1culos musicales de la cantante y compositora chilena Francesca Ancarola, quien se \u00a0present\u00f3 el 7 y 8 de noviembre en el Auditorio \u201cAntar\u201d del Museo Violeta Parra. Los conciertos, todos \u00edntimos, permitieron estrenar oficialmente el Auditorio \u201cAntar\u201d y tuvieron una excelente recepci\u00f3n por parte de los asistentes, quienes retiraron previamente [&hellip;]","og_url":"http:\/\/vientosur.top\/museo\/francesca-ancarola-estreno-auditorio-antar-con-cuatro-exitosos-conciertos\/","og_site_name":"Museo Violeta Parra","article_published_time":"2015-11-09T10:00:13+00:00","author":"admin","twitter_card":"summary_large_image","twitter_misc":{"Escrito por":"admin","Tiempo de lectura":"1 minuto"},"schema":{"@context":"https:\/\/schema.org","@graph":[{"@type":"WebPage","@id":"http:\/\/vientosur.top\/museo\/francesca-ancarola-estreno-auditorio-antar-con-cuatro-exitosos-conciertos\/","url":"http:\/\/vientosur.top\/museo\/francesca-ancarola-estreno-auditorio-antar-con-cuatro-exitosos-conciertos\/","name":"Francesca Ancarola estren\u00f3 auditorio \u201cAntar\u201d con cuatro exitosos conciertos - Museo Violeta Parra","isPartOf":{"@id":"http:\/\/vientosur.top\/museo\/#website"},"primaryImageOfPage":{"@id":"http:\/\/vientosur.top\/museo\/francesca-ancarola-estreno-auditorio-antar-con-cuatro-exitosos-conciertos\/#primaryimage"},"image":{"@id":"http:\/\/vientosur.top\/museo\/francesca-ancarola-estreno-auditorio-antar-con-cuatro-exitosos-conciertos\/#primaryimage"},"thumbnailUrl":"","datePublished":"2015-11-09T10:00:13+00:00","author":{"@id":"http:\/\/vientosur.top\/museo\/#\/schema\/person\/20c79d3c38800971feec8c2693c3dd9c"},"breadcrumb":{"@id":"http:\/\/vientosur.top\/museo\/francesca-ancarola-estreno-auditorio-antar-con-cuatro-exitosos-conciertos\/#breadcrumb"},"inLanguage":"es","potentialAction":[{"@type":"ReadAction","target":["http:\/\/vientosur.top\/museo\/francesca-ancarola-estreno-auditorio-antar-con-cuatro-exitosos-conciertos\/"]}]},{"@type":"ImageObject","inLanguage":"es","@id":"http:\/\/vientosur.top\/museo\/francesca-ancarola-estreno-auditorio-antar-con-cuatro-exitosos-conciertos\/#primaryimage","url":"","contentUrl":""},{"@type":"BreadcrumbList","@id":"http:\/\/vientosur.top\/museo\/francesca-ancarola-estreno-auditorio-antar-con-cuatro-exitosos-conciertos\/#breadcrumb","itemListElement":[{"@type":"ListItem","position":1,"name":"Portada","item":"http:\/\/vientosur.top\/museo\/"},{"@type":"ListItem","position":2,"name":"Francesca Ancarola estren\u00f3 auditorio \u201cAntar\u201d con cuatro exitosos conciertos"}]},{"@type":"WebSite","@id":"http:\/\/vientosur.top\/museo\/#website","url":"http:\/\/vientosur.top\/museo\/","name":"Museo Violeta Parra","description":"Espacio que alberga tanto la memoria y legado creativo de la artista","potentialAction":[{"@type":"SearchAction","target":{"@type":"EntryPoint","urlTemplate":"http:\/\/vientosur.top\/museo\/?s={search_term_string}"},"query-input":{"@type":"PropertyValueSpecification","valueRequired":true,"valueName":"search_term_string"}}],"inLanguage":"es"},{"@type":"Person","@id":"http:\/\/vientosur.top\/museo\/#\/schema\/person\/20c79d3c38800971feec8c2693c3dd9c","name":"admin","image":{"@type":"ImageObject","inLanguage":"es","@id":"http:\/\/vientosur.top\/museo\/#\/schema\/person\/image\/","url":"https:\/\/secure.gravatar.com\/avatar\/713677ece3ffa642287213a80e5b773bce9ab81c269dd6d95102a990951c922f?s=96&d=mm&r=g","contentUrl":"https:\/\/secure.gravatar.com\/avatar\/713677ece3ffa642287213a80e5b773bce9ab81c269dd6d95102a990951c922f?s=96&d=mm&r=g","caption":"admin"},"sameAs":["http:\/\/vientosur.top\/museo"],"url":"http:\/\/vientosur.top\/museo\/author\/comunicacionesmvp\/"}]}},"_links":{"self":[{"href":"http:\/\/vientosur.top\/museo\/wp-json\/wp\/v2\/posts\/774","targetHints":{"allow":["GET"]}}],"collection":[{"href":"http:\/\/vientosur.top\/museo\/wp-json\/wp\/v2\/posts"}],"about":[{"href":"http:\/\/vientosur.top\/museo\/wp-json\/wp\/v2\/types\/post"}],"author":[{"embeddable":true,"href":"http:\/\/vientosur.top\/museo\/wp-json\/wp\/v2\/users\/5"}],"replies":[{"embeddable":true,"href":"http:\/\/vientosur.top\/museo\/wp-json\/wp\/v2\/comments?post=774"}],"version-history":[{"count":0,"href":"http:\/\/vientosur.top\/museo\/wp-json\/wp\/v2\/posts\/774\/revisions"}],"wp:featuredmedia":[{"embeddable":true,"href":"http:\/\/vientosur.top\/museo\/wp-json\/"}],"wp:attachment":[{"href":"http:\/\/vientosur.top\/museo\/wp-json\/wp\/v2\/media?parent=774"}],"wp:term":[{"taxonomy":"category","embeddable":true,"href":"http:\/\/vientosur.top\/museo\/wp-json\/wp\/v2\/categories?post=774"},{"taxonomy":"post_tag","embeddable":true,"href":"http:\/\/vientosur.top\/museo\/wp-json\/wp\/v2\/tags?post=774"}],"curies":[{"name":"wp","href":"https:\/\/api.w.org\/{rel}","templated":true}]}}