{"id":776,"date":"2015-11-20T21:04:01","date_gmt":"2015-11-20T21:04:01","guid":{"rendered":"http:\/\/vientosur.top\/museo\/\/?p=270"},"modified":"2015-11-20T21:04:01","modified_gmt":"2015-11-20T21:04:01","slug":"fin-de-semana-de-musica-y-actividades-para-ninos-y-adultos","status":"publish","type":"post","link":"http:\/\/vientosur.top\/museo\/fin-de-semana-de-musica-y-actividades-para-ninos-y-adultos\/","title":{"rendered":"Museo Violeta Parra tendr\u00e1 fin de semana de m\u00fasica y actividades para ni\u00f1os y adultos"},"content":{"rendered":"<p>Un fin de semana lleno de actividades tendr\u00e1 el Museo Violeta Parra este s\u00e1bado 21 y domingo 22 de noviembre.\u00a0Ambos d\u00edas, Isabel y Tita Parra, hija y nieta de Violeta, respectivamente, se presentar\u00e1n a las 16:00 horas en el auditorio Antar del Museo Violeta Parra.<\/p>\n<p>&nbsp;<\/p>\n<p>En la previa del show (15:00 horas), se presentar\u00e1 la cantautora emergente <a href=\"https:\/\/www.youtube.com\/watch?v=7UBIl9HliKg\" target=\"_blank\" rel=\"noopener noreferrer\">Giovanna Arce<\/a>, quien hoy trabaja en su proyecto solista \u201cCaleidoscopio\u201d, a lanzarse en diciembre de 2015.\u00a0Arce, quien adem\u00e1s aprendi\u00f3 danza y teatro en su ni\u00f1ez, se ha dedicado a la composici\u00f3n de canciones inspiradas en el amor, la gente y la alegr\u00eda de vivir. Al estudiar m\u00fasica y sonido se especializ\u00f3 en el canto.<\/p>\n<p>&nbsp;<\/p>\n<p><strong>Taller Libro Textil<\/strong><\/p>\n<p>Adem\u00e1s de la m\u00fasica, el s\u00e1bado se realizar\u00e1 el taller \u201cLibro textil\u201d, a cargo de Francisca Benavente, que tendr\u00e1 lugar de 18:00 a 16:00 horas en la Sala Educativa de museo.<\/p>\n<p>&nbsp;<\/p>\n<p>En la actividad, los asistentes aprender\u00e1n a confeccionar las p\u00e1ginas de un bello libro textil ilustrado, que se realizar\u00e1 colectivamente inspir\u00e1ndose en pasajes de las d\u00e9cimas autobiogr\u00e1ficas de Violeta Parra.\u00a0El taller es de car\u00e1cter gratuito y los ni\u00f1os de 6 a 12 a\u00f1os deber\u00e1n asistir en compa\u00f1\u00eda de un adulto.<\/p>\n<p>&nbsp;<\/p>\n<p><strong>Como cada fin de semana, se realizar\u00e1n visitas guiadas a las 11:00 y 12:00 horas, previa inscripci\u00f3n en informaciones del museo.<\/strong><\/p>\n","protected":false},"excerpt":{"rendered":"<p>Un fin de semana lleno de actividades tendr\u00e1 el Museo Violeta Parra este s\u00e1bado 21 y domingo 22 de noviembre.\u00a0Ambos d\u00edas, Isabel y Tita Parra, hija y nieta de Violeta, respectivamente, se presentar\u00e1n a las 16:00 horas en el auditorio Antar del Museo Violeta Parra. &nbsp; En la previa del show (15:00 horas), se presentar\u00e1 [&hellip;]<\/p>\n","protected":false},"author":5,"featured_media":275,"comment_status":"open","ping_status":"open","sticky":false,"template":"","format":"standard","meta":{"site-sidebar-layout":"default","site-content-layout":"","ast-site-content-layout":"default","site-content-style":"default","site-sidebar-style":"default","ast-global-header-display":"","ast-banner-title-visibility":"","ast-main-header-display":"","ast-hfb-above-header-display":"","ast-hfb-below-header-display":"","ast-hfb-mobile-header-display":"","site-post-title":"","ast-breadcrumbs-content":"","ast-featured-img":"","footer-sml-layout":"","theme-transparent-header-meta":"","adv-header-id-meta":"","stick-header-meta":"","header-above-stick-meta":"","header-main-stick-meta":"","header-below-stick-meta":"","astra-migrate-meta-layouts":"default","ast-page-background-enabled":"default","ast-page-background-meta":{"desktop":{"background-color":"var(--ast-global-color-4)","background-image":"","background-repeat":"repeat","background-position":"center center","background-size":"auto","background-attachment":"scroll","background-type":"","background-media":"","overlay-type":"","overlay-color":"","overlay-opacity":"","overlay-gradient":""},"tablet":{"background-color":"","background-image":"","background-repeat":"repeat","background-position":"center center","background-size":"auto","background-attachment":"scroll","background-type":"","background-media":"","overlay-type":"","overlay-color":"","overlay-opacity":"","overlay-gradient":""},"mobile":{"background-color":"","background-image":"","background-repeat":"repeat","background-position":"center center","background-size":"auto","background-attachment":"scroll","background-type":"","background-media":"","overlay-type":"","overlay-color":"","overlay-opacity":"","overlay-gradient":""}},"ast-content-background-meta":{"desktop":{"background-color":"var(--ast-global-color-5)","background-image":"","background-repeat":"repeat","background-position":"center center","background-size":"auto","background-attachment":"scroll","background-type":"","background-media":"","overlay-type":"","overlay-color":"","overlay-opacity":"","overlay-gradient":""},"tablet":{"background-color":"var(--ast-global-color-5)","background-image":"","background-repeat":"repeat","background-position":"center center","background-size":"auto","background-attachment":"scroll","background-type":"","background-media":"","overlay-type":"","overlay-color":"","overlay-opacity":"","overlay-gradient":""},"mobile":{"background-color":"var(--ast-global-color-5)","background-image":"","background-repeat":"repeat","background-position":"center center","background-size":"auto","background-attachment":"scroll","background-type":"","background-media":"","overlay-type":"","overlay-color":"","overlay-opacity":"","overlay-gradient":""}},"footnotes":""},"categories":[8],"tags":[],"class_list":["post-776","post","type-post","status-publish","format-standard","has-post-thumbnail","hentry","category-noticias"],"yoast_head":"<!-- This site is optimized with the Yoast SEO plugin v25.4 - https:\/\/yoast.com\/wordpress\/plugins\/seo\/ -->\n<title>Museo Violeta Parra tendr\u00e1 fin de semana de m\u00fasica y actividades para ni\u00f1os y adultos - Museo Violeta Parra<\/title>\n<meta name=\"robots\" content=\"index, follow, max-snippet:-1, max-image-preview:large, max-video-preview:-1\" \/>\n<link rel=\"canonical\" href=\"http:\/\/vientosur.top\/museo\/fin-de-semana-de-musica-y-actividades-para-ninos-y-adultos\/\" \/>\n<meta property=\"og:locale\" content=\"es_ES\" \/>\n<meta property=\"og:type\" content=\"article\" \/>\n<meta property=\"og:title\" content=\"Museo Violeta Parra tendr\u00e1 fin de semana de m\u00fasica y actividades para ni\u00f1os y adultos - Museo Violeta Parra\" \/>\n<meta property=\"og:description\" content=\"Un fin de semana lleno de actividades tendr\u00e1 el Museo Violeta Parra este s\u00e1bado 21 y domingo 22 de noviembre.\u00a0Ambos d\u00edas, Isabel y Tita Parra, hija y nieta de Violeta, respectivamente, se presentar\u00e1n a las 16:00 horas en el auditorio Antar del Museo Violeta Parra. &nbsp; En la previa del show (15:00 horas), se presentar\u00e1 [&hellip;]\" \/>\n<meta property=\"og:url\" content=\"http:\/\/vientosur.top\/museo\/fin-de-semana-de-musica-y-actividades-para-ninos-y-adultos\/\" \/>\n<meta property=\"og:site_name\" content=\"Museo Violeta Parra\" \/>\n<meta property=\"article:published_time\" content=\"2015-11-20T21:04:01+00:00\" \/>\n<meta name=\"author\" content=\"admin\" \/>\n<meta name=\"twitter:card\" content=\"summary_large_image\" \/>\n<meta name=\"twitter:label1\" content=\"Escrito por\" \/>\n\t<meta name=\"twitter:data1\" content=\"admin\" \/>\n\t<meta name=\"twitter:label2\" content=\"Tiempo de lectura\" \/>\n\t<meta name=\"twitter:data2\" content=\"1 minuto\" \/>\n<script type=\"application\/ld+json\" class=\"yoast-schema-graph\">{\"@context\":\"https:\/\/schema.org\",\"@graph\":[{\"@type\":\"WebPage\",\"@id\":\"http:\/\/vientosur.top\/museo\/fin-de-semana-de-musica-y-actividades-para-ninos-y-adultos\/\",\"url\":\"http:\/\/vientosur.top\/museo\/fin-de-semana-de-musica-y-actividades-para-ninos-y-adultos\/\",\"name\":\"Museo Violeta Parra tendr\u00e1 fin de semana de m\u00fasica y actividades para ni\u00f1os y adultos - Museo Violeta Parra\",\"isPartOf\":{\"@id\":\"http:\/\/vientosur.top\/museo\/#website\"},\"primaryImageOfPage\":{\"@id\":\"http:\/\/vientosur.top\/museo\/fin-de-semana-de-musica-y-actividades-para-ninos-y-adultos\/#primaryimage\"},\"image\":{\"@id\":\"http:\/\/vientosur.top\/museo\/fin-de-semana-de-musica-y-actividades-para-ninos-y-adultos\/#primaryimage\"},\"thumbnailUrl\":\"\",\"datePublished\":\"2015-11-20T21:04:01+00:00\",\"author\":{\"@id\":\"http:\/\/vientosur.top\/museo\/#\/schema\/person\/20c79d3c38800971feec8c2693c3dd9c\"},\"breadcrumb\":{\"@id\":\"http:\/\/vientosur.top\/museo\/fin-de-semana-de-musica-y-actividades-para-ninos-y-adultos\/#breadcrumb\"},\"inLanguage\":\"es\",\"potentialAction\":[{\"@type\":\"ReadAction\",\"target\":[\"http:\/\/vientosur.top\/museo\/fin-de-semana-de-musica-y-actividades-para-ninos-y-adultos\/\"]}]},{\"@type\":\"ImageObject\",\"inLanguage\":\"es\",\"@id\":\"http:\/\/vientosur.top\/museo\/fin-de-semana-de-musica-y-actividades-para-ninos-y-adultos\/#primaryimage\",\"url\":\"\",\"contentUrl\":\"\"},{\"@type\":\"BreadcrumbList\",\"@id\":\"http:\/\/vientosur.top\/museo\/fin-de-semana-de-musica-y-actividades-para-ninos-y-adultos\/#breadcrumb\",\"itemListElement\":[{\"@type\":\"ListItem\",\"position\":1,\"name\":\"Portada\",\"item\":\"http:\/\/vientosur.top\/museo\/\"},{\"@type\":\"ListItem\",\"position\":2,\"name\":\"Museo Violeta Parra tendr\u00e1 fin de semana de m\u00fasica y actividades para ni\u00f1os y adultos\"}]},{\"@type\":\"WebSite\",\"@id\":\"http:\/\/vientosur.top\/museo\/#website\",\"url\":\"http:\/\/vientosur.top\/museo\/\",\"name\":\"Museo Violeta Parra\",\"description\":\"Espacio que alberga tanto la memoria y legado creativo de la artista\",\"potentialAction\":[{\"@type\":\"SearchAction\",\"target\":{\"@type\":\"EntryPoint\",\"urlTemplate\":\"http:\/\/vientosur.top\/museo\/?s={search_term_string}\"},\"query-input\":{\"@type\":\"PropertyValueSpecification\",\"valueRequired\":true,\"valueName\":\"search_term_string\"}}],\"inLanguage\":\"es\"},{\"@type\":\"Person\",\"@id\":\"http:\/\/vientosur.top\/museo\/#\/schema\/person\/20c79d3c38800971feec8c2693c3dd9c\",\"name\":\"admin\",\"image\":{\"@type\":\"ImageObject\",\"inLanguage\":\"es\",\"@id\":\"http:\/\/vientosur.top\/museo\/#\/schema\/person\/image\/\",\"url\":\"https:\/\/secure.gravatar.com\/avatar\/713677ece3ffa642287213a80e5b773bce9ab81c269dd6d95102a990951c922f?s=96&d=mm&r=g\",\"contentUrl\":\"https:\/\/secure.gravatar.com\/avatar\/713677ece3ffa642287213a80e5b773bce9ab81c269dd6d95102a990951c922f?s=96&d=mm&r=g\",\"caption\":\"admin\"},\"sameAs\":[\"http:\/\/vientosur.top\/museo\"],\"url\":\"http:\/\/vientosur.top\/museo\/author\/comunicacionesmvp\/\"}]}<\/script>\n<!-- \/ Yoast SEO plugin. -->","yoast_head_json":{"title":"Museo Violeta Parra tendr\u00e1 fin de semana de m\u00fasica y actividades para ni\u00f1os y adultos - Museo Violeta Parra","robots":{"index":"index","follow":"follow","max-snippet":"max-snippet:-1","max-image-preview":"max-image-preview:large","max-video-preview":"max-video-preview:-1"},"canonical":"http:\/\/vientosur.top\/museo\/fin-de-semana-de-musica-y-actividades-para-ninos-y-adultos\/","og_locale":"es_ES","og_type":"article","og_title":"Museo Violeta Parra tendr\u00e1 fin de semana de m\u00fasica y actividades para ni\u00f1os y adultos - Museo Violeta Parra","og_description":"Un fin de semana lleno de actividades tendr\u00e1 el Museo Violeta Parra este s\u00e1bado 21 y domingo 22 de noviembre.\u00a0Ambos d\u00edas, Isabel y Tita Parra, hija y nieta de Violeta, respectivamente, se presentar\u00e1n a las 16:00 horas en el auditorio Antar del Museo Violeta Parra. &nbsp; En la previa del show (15:00 horas), se presentar\u00e1 [&hellip;]","og_url":"http:\/\/vientosur.top\/museo\/fin-de-semana-de-musica-y-actividades-para-ninos-y-adultos\/","og_site_name":"Museo Violeta Parra","article_published_time":"2015-11-20T21:04:01+00:00","author":"admin","twitter_card":"summary_large_image","twitter_misc":{"Escrito por":"admin","Tiempo de lectura":"1 minuto"},"schema":{"@context":"https:\/\/schema.org","@graph":[{"@type":"WebPage","@id":"http:\/\/vientosur.top\/museo\/fin-de-semana-de-musica-y-actividades-para-ninos-y-adultos\/","url":"http:\/\/vientosur.top\/museo\/fin-de-semana-de-musica-y-actividades-para-ninos-y-adultos\/","name":"Museo Violeta Parra tendr\u00e1 fin de semana de m\u00fasica y actividades para ni\u00f1os y adultos - Museo Violeta Parra","isPartOf":{"@id":"http:\/\/vientosur.top\/museo\/#website"},"primaryImageOfPage":{"@id":"http:\/\/vientosur.top\/museo\/fin-de-semana-de-musica-y-actividades-para-ninos-y-adultos\/#primaryimage"},"image":{"@id":"http:\/\/vientosur.top\/museo\/fin-de-semana-de-musica-y-actividades-para-ninos-y-adultos\/#primaryimage"},"thumbnailUrl":"","datePublished":"2015-11-20T21:04:01+00:00","author":{"@id":"http:\/\/vientosur.top\/museo\/#\/schema\/person\/20c79d3c38800971feec8c2693c3dd9c"},"breadcrumb":{"@id":"http:\/\/vientosur.top\/museo\/fin-de-semana-de-musica-y-actividades-para-ninos-y-adultos\/#breadcrumb"},"inLanguage":"es","potentialAction":[{"@type":"ReadAction","target":["http:\/\/vientosur.top\/museo\/fin-de-semana-de-musica-y-actividades-para-ninos-y-adultos\/"]}]},{"@type":"ImageObject","inLanguage":"es","@id":"http:\/\/vientosur.top\/museo\/fin-de-semana-de-musica-y-actividades-para-ninos-y-adultos\/#primaryimage","url":"","contentUrl":""},{"@type":"BreadcrumbList","@id":"http:\/\/vientosur.top\/museo\/fin-de-semana-de-musica-y-actividades-para-ninos-y-adultos\/#breadcrumb","itemListElement":[{"@type":"ListItem","position":1,"name":"Portada","item":"http:\/\/vientosur.top\/museo\/"},{"@type":"ListItem","position":2,"name":"Museo Violeta Parra tendr\u00e1 fin de semana de m\u00fasica y actividades para ni\u00f1os y adultos"}]},{"@type":"WebSite","@id":"http:\/\/vientosur.top\/museo\/#website","url":"http:\/\/vientosur.top\/museo\/","name":"Museo Violeta Parra","description":"Espacio que alberga tanto la memoria y legado creativo de la artista","potentialAction":[{"@type":"SearchAction","target":{"@type":"EntryPoint","urlTemplate":"http:\/\/vientosur.top\/museo\/?s={search_term_string}"},"query-input":{"@type":"PropertyValueSpecification","valueRequired":true,"valueName":"search_term_string"}}],"inLanguage":"es"},{"@type":"Person","@id":"http:\/\/vientosur.top\/museo\/#\/schema\/person\/20c79d3c38800971feec8c2693c3dd9c","name":"admin","image":{"@type":"ImageObject","inLanguage":"es","@id":"http:\/\/vientosur.top\/museo\/#\/schema\/person\/image\/","url":"https:\/\/secure.gravatar.com\/avatar\/713677ece3ffa642287213a80e5b773bce9ab81c269dd6d95102a990951c922f?s=96&d=mm&r=g","contentUrl":"https:\/\/secure.gravatar.com\/avatar\/713677ece3ffa642287213a80e5b773bce9ab81c269dd6d95102a990951c922f?s=96&d=mm&r=g","caption":"admin"},"sameAs":["http:\/\/vientosur.top\/museo"],"url":"http:\/\/vientosur.top\/museo\/author\/comunicacionesmvp\/"}]}},"_links":{"self":[{"href":"http:\/\/vientosur.top\/museo\/wp-json\/wp\/v2\/posts\/776","targetHints":{"allow":["GET"]}}],"collection":[{"href":"http:\/\/vientosur.top\/museo\/wp-json\/wp\/v2\/posts"}],"about":[{"href":"http:\/\/vientosur.top\/museo\/wp-json\/wp\/v2\/types\/post"}],"author":[{"embeddable":true,"href":"http:\/\/vientosur.top\/museo\/wp-json\/wp\/v2\/users\/5"}],"replies":[{"embeddable":true,"href":"http:\/\/vientosur.top\/museo\/wp-json\/wp\/v2\/comments?post=776"}],"version-history":[{"count":0,"href":"http:\/\/vientosur.top\/museo\/wp-json\/wp\/v2\/posts\/776\/revisions"}],"wp:featuredmedia":[{"embeddable":true,"href":"http:\/\/vientosur.top\/museo\/wp-json\/"}],"wp:attachment":[{"href":"http:\/\/vientosur.top\/museo\/wp-json\/wp\/v2\/media?parent=776"}],"wp:term":[{"taxonomy":"category","embeddable":true,"href":"http:\/\/vientosur.top\/museo\/wp-json\/wp\/v2\/categories?post=776"},{"taxonomy":"post_tag","embeddable":true,"href":"http:\/\/vientosur.top\/museo\/wp-json\/wp\/v2\/tags?post=776"}],"curies":[{"name":"wp","href":"https:\/\/api.w.org\/{rel}","templated":true}]}}