{"id":777,"date":"2015-11-30T13:14:14","date_gmt":"2015-11-30T13:14:14","guid":{"rendered":"http:\/\/vientosur.top\/museo\/\/?p=281"},"modified":"2015-11-30T13:14:14","modified_gmt":"2015-11-30T13:14:14","slug":"281-2","status":"publish","type":"post","link":"http:\/\/vientosur.top\/museo\/281-2\/","title":{"rendered":"Elizabeth Morris y Tita Parra se presentaron en Museo Violeta Parra"},"content":{"rendered":"<p>El Museo Violeta Parra volvi\u00f3 a albergar m\u00fasica durante el fin de semana del 28 y 29 de noviembre en el auditorio Antar con las presentaciones de Tita Parra y Elizabeth Morris.\u00a0Adem\u00e1s, se realiz\u00f3 el taller \u201cReciclemos Pl\u00e1stico\u201d a cargo de la agrupaci\u00f3n de reutilizaci\u00f3n La Bolsa Loca<\/p>\n<p>&nbsp;<\/p>\n<p>El Museo Violeta Parra volvi\u00f3 a albergar m\u00fasica durante el fin de semana del 28 y 29 de noviembre en el auditorio Antar. El s\u00e1bado a partir de las 15:00 horas se present\u00f3 <strong>Tita Parra<\/strong>, nieta de Violeta, quien record\u00f3 a la artista interpretando parte de sus \u00e9xitos y aquellos propios que concibi\u00f3 gracias a su recuerdo y ense\u00f1anzas.<\/p>\n<p>&nbsp;<\/p>\n<p>El domingo, en tanto, la reconocida cantautora y multi instrumentalista<a href=\"http:\/\/www.elizabethmorris.cl\/\" target=\"_blank\" rel=\"noopener noreferrer\"> Elizabeth Morris<\/a> se present\u00f3 tambi\u00e9n en el auditorio Antar, cerrando as\u00ed un fin de semana lleno de actividades.\u00a0La ganadora del primer lugar en la competencia folcl\u00f3rica del Festival de Vi\u00f1a 2015 estuvo acompa\u00f1ada por los m\u00fasicos Luis Barrueto, Patricio Osorio y C\u00e9sar G\u00f3mez, con quienes present\u00f3 lo mejor de su repertorio en un show de una hora de duraci\u00f3n.<\/p>\n<p>&nbsp;<\/p>\n<p><strong>TALLER DE RECICLAJE<\/strong><\/p>\n<p>En la Sala Educativa del Museo Violeta Parra se realiz\u00f3 \u00a0el taller \u201cReciclemos Pl\u00e1stico\u201d, a cargo de la agrupaci\u00f3n de reutilizaci\u00f3n <a href=\"http:\/\/www.labolsaloca.cl\/\" target=\"_blank\" rel=\"noopener noreferrer\">La Bolsa Loca<\/a>, quienes ense\u00f1aron la t\u00e9cnica de termo fundido de bolsas pl\u00e1sticas para confeccionar diferentes piezas art\u00edsticas y utilitarias, incentivando la conciencia medio ambiental.<\/p>\n<p>&nbsp;<\/p>\n<p>&nbsp;<\/p>\n<p><a href=\"http:\/\/vientosur.top\/museo\/\/wp-content\/uploads\/2015\/11\/MVP_Elizabeth_Morris_Insta2.jpg\"><img fetchpriority=\"high\" decoding=\"async\" class=\"aligncenter size-medium wp-image-286\" src=\"http:\/\/vientosur.top\/museo\/\/wp-content\/uploads\/2015\/11\/MVP_Elizabeth_Morris_Insta2-300x300.jpg\" alt=\"Elizabeth_Morris canta en MVioletaParra\" width=\"300\" height=\"300\" \/><\/a><\/p>\n","protected":false},"excerpt":{"rendered":"<p>El Museo Violeta Parra volvi\u00f3 a albergar m\u00fasica durante el fin de semana del 28 y 29 de noviembre en el auditorio Antar con las presentaciones de Tita Parra y Elizabeth Morris.\u00a0Adem\u00e1s, se realiz\u00f3 el taller \u201cReciclemos Pl\u00e1stico\u201d a cargo de la agrupaci\u00f3n de reutilizaci\u00f3n La Bolsa Loca &nbsp; El Museo Violeta Parra volvi\u00f3 a [&hellip;]<\/p>\n","protected":false},"author":5,"featured_media":301,"comment_status":"open","ping_status":"open","sticky":false,"template":"","format":"standard","meta":{"site-sidebar-layout":"default","site-content-layout":"","ast-site-content-layout":"default","site-content-style":"default","site-sidebar-style":"default","ast-global-header-display":"","ast-banner-title-visibility":"","ast-main-header-display":"","ast-hfb-above-header-display":"","ast-hfb-below-header-display":"","ast-hfb-mobile-header-display":"","site-post-title":"","ast-breadcrumbs-content":"","ast-featured-img":"","footer-sml-layout":"","theme-transparent-header-meta":"","adv-header-id-meta":"","stick-header-meta":"","header-above-stick-meta":"","header-main-stick-meta":"","header-below-stick-meta":"","astra-migrate-meta-layouts":"default","ast-page-background-enabled":"default","ast-page-background-meta":{"desktop":{"background-color":"var(--ast-global-color-4)","background-image":"","background-repeat":"repeat","background-position":"center center","background-size":"auto","background-attachment":"scroll","background-type":"","background-media":"","overlay-type":"","overlay-color":"","overlay-opacity":"","overlay-gradient":""},"tablet":{"background-color":"","background-image":"","background-repeat":"repeat","background-position":"center center","background-size":"auto","background-attachment":"scroll","background-type":"","background-media":"","overlay-type":"","overlay-color":"","overlay-opacity":"","overlay-gradient":""},"mobile":{"background-color":"","background-image":"","background-repeat":"repeat","background-position":"center center","background-size":"auto","background-attachment":"scroll","background-type":"","background-media":"","overlay-type":"","overlay-color":"","overlay-opacity":"","overlay-gradient":""}},"ast-content-background-meta":{"desktop":{"background-color":"var(--ast-global-color-5)","background-image":"","background-repeat":"repeat","background-position":"center center","background-size":"auto","background-attachment":"scroll","background-type":"","background-media":"","overlay-type":"","overlay-color":"","overlay-opacity":"","overlay-gradient":""},"tablet":{"background-color":"var(--ast-global-color-5)","background-image":"","background-repeat":"repeat","background-position":"center center","background-size":"auto","background-attachment":"scroll","background-type":"","background-media":"","overlay-type":"","overlay-color":"","overlay-opacity":"","overlay-gradient":""},"mobile":{"background-color":"var(--ast-global-color-5)","background-image":"","background-repeat":"repeat","background-position":"center center","background-size":"auto","background-attachment":"scroll","background-type":"","background-media":"","overlay-type":"","overlay-color":"","overlay-opacity":"","overlay-gradient":""}},"footnotes":""},"categories":[8],"tags":[],"class_list":["post-777","post","type-post","status-publish","format-standard","has-post-thumbnail","hentry","category-noticias"],"yoast_head":"<!-- This site is optimized with the Yoast SEO plugin v25.4 - https:\/\/yoast.com\/wordpress\/plugins\/seo\/ -->\n<title>Elizabeth Morris y Tita Parra se presentaron en Museo Violeta Parra - Museo Violeta Parra<\/title>\n<meta name=\"robots\" content=\"index, follow, max-snippet:-1, max-image-preview:large, max-video-preview:-1\" \/>\n<link rel=\"canonical\" href=\"http:\/\/vientosur.top\/museo\/281-2\/\" \/>\n<meta property=\"og:locale\" content=\"es_ES\" \/>\n<meta property=\"og:type\" content=\"article\" \/>\n<meta property=\"og:title\" content=\"Elizabeth Morris y Tita Parra se presentaron en Museo Violeta Parra - Museo Violeta Parra\" \/>\n<meta property=\"og:description\" content=\"El Museo Violeta Parra volvi\u00f3 a albergar m\u00fasica durante el fin de semana del 28 y 29 de noviembre en el auditorio Antar con las presentaciones de Tita Parra y Elizabeth Morris.\u00a0Adem\u00e1s, se realiz\u00f3 el taller \u201cReciclemos Pl\u00e1stico\u201d a cargo de la agrupaci\u00f3n de reutilizaci\u00f3n La Bolsa Loca &nbsp; El Museo Violeta Parra volvi\u00f3 a [&hellip;]\" \/>\n<meta property=\"og:url\" content=\"http:\/\/vientosur.top\/museo\/281-2\/\" \/>\n<meta property=\"og:site_name\" content=\"Museo Violeta Parra\" \/>\n<meta property=\"article:published_time\" content=\"2015-11-30T13:14:14+00:00\" \/>\n<meta name=\"author\" content=\"admin\" \/>\n<meta name=\"twitter:card\" content=\"summary_large_image\" \/>\n<meta name=\"twitter:label1\" content=\"Escrito por\" \/>\n\t<meta name=\"twitter:data1\" content=\"admin\" \/>\n\t<meta name=\"twitter:label2\" content=\"Tiempo de lectura\" \/>\n\t<meta name=\"twitter:data2\" content=\"1 minuto\" \/>\n<script type=\"application\/ld+json\" class=\"yoast-schema-graph\">{\"@context\":\"https:\/\/schema.org\",\"@graph\":[{\"@type\":\"WebPage\",\"@id\":\"http:\/\/vientosur.top\/museo\/281-2\/\",\"url\":\"http:\/\/vientosur.top\/museo\/281-2\/\",\"name\":\"Elizabeth Morris y Tita Parra se presentaron en Museo Violeta Parra - Museo Violeta Parra\",\"isPartOf\":{\"@id\":\"http:\/\/vientosur.top\/museo\/#website\"},\"primaryImageOfPage\":{\"@id\":\"http:\/\/vientosur.top\/museo\/281-2\/#primaryimage\"},\"image\":{\"@id\":\"http:\/\/vientosur.top\/museo\/281-2\/#primaryimage\"},\"thumbnailUrl\":\"\",\"datePublished\":\"2015-11-30T13:14:14+00:00\",\"author\":{\"@id\":\"http:\/\/vientosur.top\/museo\/#\/schema\/person\/20c79d3c38800971feec8c2693c3dd9c\"},\"breadcrumb\":{\"@id\":\"http:\/\/vientosur.top\/museo\/281-2\/#breadcrumb\"},\"inLanguage\":\"es\",\"potentialAction\":[{\"@type\":\"ReadAction\",\"target\":[\"http:\/\/vientosur.top\/museo\/281-2\/\"]}]},{\"@type\":\"ImageObject\",\"inLanguage\":\"es\",\"@id\":\"http:\/\/vientosur.top\/museo\/281-2\/#primaryimage\",\"url\":\"\",\"contentUrl\":\"\"},{\"@type\":\"BreadcrumbList\",\"@id\":\"http:\/\/vientosur.top\/museo\/281-2\/#breadcrumb\",\"itemListElement\":[{\"@type\":\"ListItem\",\"position\":1,\"name\":\"Portada\",\"item\":\"http:\/\/vientosur.top\/museo\/\"},{\"@type\":\"ListItem\",\"position\":2,\"name\":\"Elizabeth Morris y Tita Parra se presentaron en Museo Violeta Parra\"}]},{\"@type\":\"WebSite\",\"@id\":\"http:\/\/vientosur.top\/museo\/#website\",\"url\":\"http:\/\/vientosur.top\/museo\/\",\"name\":\"Museo Violeta Parra\",\"description\":\"Espacio que alberga tanto la memoria y legado creativo de la artista\",\"potentialAction\":[{\"@type\":\"SearchAction\",\"target\":{\"@type\":\"EntryPoint\",\"urlTemplate\":\"http:\/\/vientosur.top\/museo\/?s={search_term_string}\"},\"query-input\":{\"@type\":\"PropertyValueSpecification\",\"valueRequired\":true,\"valueName\":\"search_term_string\"}}],\"inLanguage\":\"es\"},{\"@type\":\"Person\",\"@id\":\"http:\/\/vientosur.top\/museo\/#\/schema\/person\/20c79d3c38800971feec8c2693c3dd9c\",\"name\":\"admin\",\"image\":{\"@type\":\"ImageObject\",\"inLanguage\":\"es\",\"@id\":\"http:\/\/vientosur.top\/museo\/#\/schema\/person\/image\/\",\"url\":\"https:\/\/secure.gravatar.com\/avatar\/713677ece3ffa642287213a80e5b773bce9ab81c269dd6d95102a990951c922f?s=96&d=mm&r=g\",\"contentUrl\":\"https:\/\/secure.gravatar.com\/avatar\/713677ece3ffa642287213a80e5b773bce9ab81c269dd6d95102a990951c922f?s=96&d=mm&r=g\",\"caption\":\"admin\"},\"sameAs\":[\"http:\/\/vientosur.top\/museo\"],\"url\":\"http:\/\/vientosur.top\/museo\/author\/comunicacionesmvp\/\"}]}<\/script>\n<!-- \/ Yoast SEO plugin. -->","yoast_head_json":{"title":"Elizabeth Morris y Tita Parra se presentaron en Museo Violeta Parra - Museo Violeta Parra","robots":{"index":"index","follow":"follow","max-snippet":"max-snippet:-1","max-image-preview":"max-image-preview:large","max-video-preview":"max-video-preview:-1"},"canonical":"http:\/\/vientosur.top\/museo\/281-2\/","og_locale":"es_ES","og_type":"article","og_title":"Elizabeth Morris y Tita Parra se presentaron en Museo Violeta Parra - Museo Violeta Parra","og_description":"El Museo Violeta Parra volvi\u00f3 a albergar m\u00fasica durante el fin de semana del 28 y 29 de noviembre en el auditorio Antar con las presentaciones de Tita Parra y Elizabeth Morris.\u00a0Adem\u00e1s, se realiz\u00f3 el taller \u201cReciclemos Pl\u00e1stico\u201d a cargo de la agrupaci\u00f3n de reutilizaci\u00f3n La Bolsa Loca &nbsp; El Museo Violeta Parra volvi\u00f3 a [&hellip;]","og_url":"http:\/\/vientosur.top\/museo\/281-2\/","og_site_name":"Museo Violeta Parra","article_published_time":"2015-11-30T13:14:14+00:00","author":"admin","twitter_card":"summary_large_image","twitter_misc":{"Escrito por":"admin","Tiempo de lectura":"1 minuto"},"schema":{"@context":"https:\/\/schema.org","@graph":[{"@type":"WebPage","@id":"http:\/\/vientosur.top\/museo\/281-2\/","url":"http:\/\/vientosur.top\/museo\/281-2\/","name":"Elizabeth Morris y Tita Parra se presentaron en Museo Violeta Parra - Museo Violeta Parra","isPartOf":{"@id":"http:\/\/vientosur.top\/museo\/#website"},"primaryImageOfPage":{"@id":"http:\/\/vientosur.top\/museo\/281-2\/#primaryimage"},"image":{"@id":"http:\/\/vientosur.top\/museo\/281-2\/#primaryimage"},"thumbnailUrl":"","datePublished":"2015-11-30T13:14:14+00:00","author":{"@id":"http:\/\/vientosur.top\/museo\/#\/schema\/person\/20c79d3c38800971feec8c2693c3dd9c"},"breadcrumb":{"@id":"http:\/\/vientosur.top\/museo\/281-2\/#breadcrumb"},"inLanguage":"es","potentialAction":[{"@type":"ReadAction","target":["http:\/\/vientosur.top\/museo\/281-2\/"]}]},{"@type":"ImageObject","inLanguage":"es","@id":"http:\/\/vientosur.top\/museo\/281-2\/#primaryimage","url":"","contentUrl":""},{"@type":"BreadcrumbList","@id":"http:\/\/vientosur.top\/museo\/281-2\/#breadcrumb","itemListElement":[{"@type":"ListItem","position":1,"name":"Portada","item":"http:\/\/vientosur.top\/museo\/"},{"@type":"ListItem","position":2,"name":"Elizabeth Morris y Tita Parra se presentaron en Museo Violeta Parra"}]},{"@type":"WebSite","@id":"http:\/\/vientosur.top\/museo\/#website","url":"http:\/\/vientosur.top\/museo\/","name":"Museo Violeta Parra","description":"Espacio que alberga tanto la memoria y legado creativo de la artista","potentialAction":[{"@type":"SearchAction","target":{"@type":"EntryPoint","urlTemplate":"http:\/\/vientosur.top\/museo\/?s={search_term_string}"},"query-input":{"@type":"PropertyValueSpecification","valueRequired":true,"valueName":"search_term_string"}}],"inLanguage":"es"},{"@type":"Person","@id":"http:\/\/vientosur.top\/museo\/#\/schema\/person\/20c79d3c38800971feec8c2693c3dd9c","name":"admin","image":{"@type":"ImageObject","inLanguage":"es","@id":"http:\/\/vientosur.top\/museo\/#\/schema\/person\/image\/","url":"https:\/\/secure.gravatar.com\/avatar\/713677ece3ffa642287213a80e5b773bce9ab81c269dd6d95102a990951c922f?s=96&d=mm&r=g","contentUrl":"https:\/\/secure.gravatar.com\/avatar\/713677ece3ffa642287213a80e5b773bce9ab81c269dd6d95102a990951c922f?s=96&d=mm&r=g","caption":"admin"},"sameAs":["http:\/\/vientosur.top\/museo"],"url":"http:\/\/vientosur.top\/museo\/author\/comunicacionesmvp\/"}]}},"_links":{"self":[{"href":"http:\/\/vientosur.top\/museo\/wp-json\/wp\/v2\/posts\/777","targetHints":{"allow":["GET"]}}],"collection":[{"href":"http:\/\/vientosur.top\/museo\/wp-json\/wp\/v2\/posts"}],"about":[{"href":"http:\/\/vientosur.top\/museo\/wp-json\/wp\/v2\/types\/post"}],"author":[{"embeddable":true,"href":"http:\/\/vientosur.top\/museo\/wp-json\/wp\/v2\/users\/5"}],"replies":[{"embeddable":true,"href":"http:\/\/vientosur.top\/museo\/wp-json\/wp\/v2\/comments?post=777"}],"version-history":[{"count":0,"href":"http:\/\/vientosur.top\/museo\/wp-json\/wp\/v2\/posts\/777\/revisions"}],"wp:featuredmedia":[{"embeddable":true,"href":"http:\/\/vientosur.top\/museo\/wp-json\/"}],"wp:attachment":[{"href":"http:\/\/vientosur.top\/museo\/wp-json\/wp\/v2\/media?parent=777"}],"wp:term":[{"taxonomy":"category","embeddable":true,"href":"http:\/\/vientosur.top\/museo\/wp-json\/wp\/v2\/categories?post=777"},{"taxonomy":"post_tag","embeddable":true,"href":"http:\/\/vientosur.top\/museo\/wp-json\/wp\/v2\/tags?post=777"}],"curies":[{"name":"wp","href":"https:\/\/api.w.org\/{rel}","templated":true}]}}