{"id":778,"date":"2015-11-30T16:46:05","date_gmt":"2015-11-30T16:46:05","guid":{"rendered":"http:\/\/vientosur.top\/museo\/\/?p=290"},"modified":"2015-11-30T16:46:05","modified_gmt":"2015-11-30T16:46:05","slug":"un-museo-es-un-lugar-de-experiencias-educativas","status":"publish","type":"post","link":"http:\/\/vientosur.top\/museo\/un-museo-es-un-lugar-de-experiencias-educativas\/","title":{"rendered":"Un museo es un lugar de experiencias educativas"},"content":{"rendered":"<p>Con esas palabras, el director ejecutivo del Museo Violeta Parra, Leonardo Mellado, invit\u00f3 a las futuras parvularias de la Universidad Central a considerar este espacio cultural como alternativa a las aulas en su labor docente.<!--more--><\/p>\n<p>El director ejecutivo del Museo Violeta Parra, Leonardo Mellado, present\u00f3 el espacio dedicado a la multifac\u00e9tica artista chilena en el seminario <a href=\"http:\/\/www.ucentral.cl\/educacion-parvularia-realizo-version-numero-once-de-su-atractivo\/prontus_ucentral2012\/2015-11-30\/125025.html\" target=\"_blank\" rel=\"noopener noreferrer\">\u201cEspacio Educativos Alternativos y su utilizaci\u00f3n en la escuela de hoy\u201d<\/a>, organizado por la carrera de Educaci\u00f3n Parvularia de la Universidad Central.<\/p>\n<p>&nbsp;<\/p>\n<p>La actividad tuvo por objeto mostrar opciones de panoramas educativos diferentes al aula y que est\u00e1n disponibles para estudiantes, docentes, acad\u00e9micos de centros de pr\u00e1ctica y para toda la comunidad.<\/p>\n<p>&nbsp;<\/p>\n<p>\u201cComo Museo Violeta Parra, es fundamental hacernos parte de instancias como la de este seminario, pues nos ayuda no s\u00f3lo a promover a la instituci\u00f3n, sino tambi\u00e9n a entregarle a las futuras y futuros educadores un significado m\u00e1s acabado de una de las m\u00e1s importantes funciones que un museo tiene: su labor educativa y con ello, la oferta en esta materia, de los servicios que hemos dise\u00f1ado para los distintos p\u00fablicos que nos visitan, ya que un museo es mucho m\u00e1s que una exhibici\u00f3n de obras, es un lugar de experiencias educativas\u201d, recalc\u00f3 Mellado.<\/p>\n<p>&nbsp;<\/p>\n<p>\u201cAprender es una de las cosas que las personas nunca dejamos de hacer, como comer, dormir y respirar y as\u00ed los museos son el nutriente, el sue\u00f1o y el aire para las sociedades\u201d, agreg\u00f3 el director ejecutivo.<\/p>\n<p>&nbsp;<\/p>\n<p>Adem\u00e1s de nuestro espacio, estuvieron presentes el <a href=\"http:\/\/www.mim.cl\" target=\"_blank\" rel=\"noopener noreferrer\">Museo Interactivo Mirador (MIM)<\/a>, el Museo Aeron\u00e1utico, la <a href=\"http:\/\/www.orquestajuvenil.cl\/foji\/\" target=\"_blank\" rel=\"noopener noreferrer\">Fundaci\u00f3n Orquestas Juveniles e Infantiles <\/a>y la <a href=\"http:\/\/fundacionilumina.cl\/\" target=\"_blank\" rel=\"noopener noreferrer\">Fundaci\u00f3n Ilumina.<\/a><\/p>\n<p>&nbsp;<\/p>\n<p>El Museo Violeta Parra cuenta con un equipo de Mediaci\u00f3n Cultural, que se encarga de realizar las visitas guiadas y los talleres para distintos niveles educacionales.<\/p>\n<p>Cabe recordar que el Museo cuenta con una Sala Educativa que incluye elementos interactivos que permiten comprender de mejor manera el contexto en que la artista desarroll\u00f3 su obra.<\/p>\n","protected":false},"excerpt":{"rendered":"<p>Con esas palabras, el director ejecutivo del Museo Violeta Parra, Leonardo Mellado, invit\u00f3 a las futuras parvularias de la Universidad Central a considerar este espacio cultural como alternativa a las aulas en su labor docente.<\/p>\n","protected":false},"author":5,"featured_media":300,"comment_status":"open","ping_status":"open","sticky":false,"template":"","format":"standard","meta":{"site-sidebar-layout":"default","site-content-layout":"","ast-site-content-layout":"default","site-content-style":"default","site-sidebar-style":"default","ast-global-header-display":"","ast-banner-title-visibility":"","ast-main-header-display":"","ast-hfb-above-header-display":"","ast-hfb-below-header-display":"","ast-hfb-mobile-header-display":"","site-post-title":"","ast-breadcrumbs-content":"","ast-featured-img":"","footer-sml-layout":"","theme-transparent-header-meta":"","adv-header-id-meta":"","stick-header-meta":"","header-above-stick-meta":"","header-main-stick-meta":"","header-below-stick-meta":"","astra-migrate-meta-layouts":"default","ast-page-background-enabled":"default","ast-page-background-meta":{"desktop":{"background-color":"var(--ast-global-color-4)","background-image":"","background-repeat":"repeat","background-position":"center center","background-size":"auto","background-attachment":"scroll","background-type":"","background-media":"","overlay-type":"","overlay-color":"","overlay-opacity":"","overlay-gradient":""},"tablet":{"background-color":"","background-image":"","background-repeat":"repeat","background-position":"center center","background-size":"auto","background-attachment":"scroll","background-type":"","background-media":"","overlay-type":"","overlay-color":"","overlay-opacity":"","overlay-gradient":""},"mobile":{"background-color":"","background-image":"","background-repeat":"repeat","background-position":"center center","background-size":"auto","background-attachment":"scroll","background-type":"","background-media":"","overlay-type":"","overlay-color":"","overlay-opacity":"","overlay-gradient":""}},"ast-content-background-meta":{"desktop":{"background-color":"var(--ast-global-color-5)","background-image":"","background-repeat":"repeat","background-position":"center center","background-size":"auto","background-attachment":"scroll","background-type":"","background-media":"","overlay-type":"","overlay-color":"","overlay-opacity":"","overlay-gradient":""},"tablet":{"background-color":"var(--ast-global-color-5)","background-image":"","background-repeat":"repeat","background-position":"center center","background-size":"auto","background-attachment":"scroll","background-type":"","background-media":"","overlay-type":"","overlay-color":"","overlay-opacity":"","overlay-gradient":""},"mobile":{"background-color":"var(--ast-global-color-5)","background-image":"","background-repeat":"repeat","background-position":"center center","background-size":"auto","background-attachment":"scroll","background-type":"","background-media":"","overlay-type":"","overlay-color":"","overlay-opacity":"","overlay-gradient":""}},"footnotes":""},"categories":[8],"tags":[],"class_list":["post-778","post","type-post","status-publish","format-standard","has-post-thumbnail","hentry","category-noticias"],"yoast_head":"<!-- This site is optimized with the Yoast SEO plugin v25.4 - https:\/\/yoast.com\/wordpress\/plugins\/seo\/ -->\n<title>Un museo es un lugar de experiencias educativas - Museo Violeta Parra<\/title>\n<meta name=\"robots\" content=\"index, follow, max-snippet:-1, max-image-preview:large, max-video-preview:-1\" \/>\n<link rel=\"canonical\" href=\"http:\/\/vientosur.top\/museo\/un-museo-es-un-lugar-de-experiencias-educativas\/\" \/>\n<meta property=\"og:locale\" content=\"es_ES\" \/>\n<meta property=\"og:type\" content=\"article\" \/>\n<meta property=\"og:title\" content=\"Un museo es un lugar de experiencias educativas - Museo Violeta Parra\" \/>\n<meta property=\"og:description\" content=\"Con esas palabras, el director ejecutivo del Museo Violeta Parra, Leonardo Mellado, invit\u00f3 a las futuras parvularias de la Universidad Central a considerar este espacio cultural como alternativa a las aulas en su labor docente.\" \/>\n<meta property=\"og:url\" content=\"http:\/\/vientosur.top\/museo\/un-museo-es-un-lugar-de-experiencias-educativas\/\" \/>\n<meta property=\"og:site_name\" content=\"Museo Violeta Parra\" \/>\n<meta property=\"article:published_time\" content=\"2015-11-30T16:46:05+00:00\" \/>\n<meta name=\"author\" content=\"admin\" \/>\n<meta name=\"twitter:card\" content=\"summary_large_image\" \/>\n<meta name=\"twitter:label1\" content=\"Escrito por\" \/>\n\t<meta name=\"twitter:data1\" content=\"admin\" \/>\n\t<meta name=\"twitter:label2\" content=\"Tiempo de lectura\" \/>\n\t<meta name=\"twitter:data2\" content=\"2 minutos\" \/>\n<script type=\"application\/ld+json\" class=\"yoast-schema-graph\">{\"@context\":\"https:\/\/schema.org\",\"@graph\":[{\"@type\":\"WebPage\",\"@id\":\"http:\/\/vientosur.top\/museo\/un-museo-es-un-lugar-de-experiencias-educativas\/\",\"url\":\"http:\/\/vientosur.top\/museo\/un-museo-es-un-lugar-de-experiencias-educativas\/\",\"name\":\"Un museo es un lugar de experiencias educativas - Museo Violeta Parra\",\"isPartOf\":{\"@id\":\"http:\/\/vientosur.top\/museo\/#website\"},\"primaryImageOfPage\":{\"@id\":\"http:\/\/vientosur.top\/museo\/un-museo-es-un-lugar-de-experiencias-educativas\/#primaryimage\"},\"image\":{\"@id\":\"http:\/\/vientosur.top\/museo\/un-museo-es-un-lugar-de-experiencias-educativas\/#primaryimage\"},\"thumbnailUrl\":\"\",\"datePublished\":\"2015-11-30T16:46:05+00:00\",\"author\":{\"@id\":\"http:\/\/vientosur.top\/museo\/#\/schema\/person\/20c79d3c38800971feec8c2693c3dd9c\"},\"breadcrumb\":{\"@id\":\"http:\/\/vientosur.top\/museo\/un-museo-es-un-lugar-de-experiencias-educativas\/#breadcrumb\"},\"inLanguage\":\"es\",\"potentialAction\":[{\"@type\":\"ReadAction\",\"target\":[\"http:\/\/vientosur.top\/museo\/un-museo-es-un-lugar-de-experiencias-educativas\/\"]}]},{\"@type\":\"ImageObject\",\"inLanguage\":\"es\",\"@id\":\"http:\/\/vientosur.top\/museo\/un-museo-es-un-lugar-de-experiencias-educativas\/#primaryimage\",\"url\":\"\",\"contentUrl\":\"\"},{\"@type\":\"BreadcrumbList\",\"@id\":\"http:\/\/vientosur.top\/museo\/un-museo-es-un-lugar-de-experiencias-educativas\/#breadcrumb\",\"itemListElement\":[{\"@type\":\"ListItem\",\"position\":1,\"name\":\"Portada\",\"item\":\"http:\/\/vientosur.top\/museo\/\"},{\"@type\":\"ListItem\",\"position\":2,\"name\":\"Un museo es un lugar de experiencias educativas\"}]},{\"@type\":\"WebSite\",\"@id\":\"http:\/\/vientosur.top\/museo\/#website\",\"url\":\"http:\/\/vientosur.top\/museo\/\",\"name\":\"Museo Violeta Parra\",\"description\":\"Espacio que alberga tanto la memoria y legado creativo de la artista\",\"potentialAction\":[{\"@type\":\"SearchAction\",\"target\":{\"@type\":\"EntryPoint\",\"urlTemplate\":\"http:\/\/vientosur.top\/museo\/?s={search_term_string}\"},\"query-input\":{\"@type\":\"PropertyValueSpecification\",\"valueRequired\":true,\"valueName\":\"search_term_string\"}}],\"inLanguage\":\"es\"},{\"@type\":\"Person\",\"@id\":\"http:\/\/vientosur.top\/museo\/#\/schema\/person\/20c79d3c38800971feec8c2693c3dd9c\",\"name\":\"admin\",\"image\":{\"@type\":\"ImageObject\",\"inLanguage\":\"es\",\"@id\":\"http:\/\/vientosur.top\/museo\/#\/schema\/person\/image\/\",\"url\":\"https:\/\/secure.gravatar.com\/avatar\/713677ece3ffa642287213a80e5b773bce9ab81c269dd6d95102a990951c922f?s=96&d=mm&r=g\",\"contentUrl\":\"https:\/\/secure.gravatar.com\/avatar\/713677ece3ffa642287213a80e5b773bce9ab81c269dd6d95102a990951c922f?s=96&d=mm&r=g\",\"caption\":\"admin\"},\"sameAs\":[\"http:\/\/vientosur.top\/museo\"],\"url\":\"http:\/\/vientosur.top\/museo\/author\/comunicacionesmvp\/\"}]}<\/script>\n<!-- \/ Yoast SEO plugin. -->","yoast_head_json":{"title":"Un museo es un lugar de experiencias educativas - Museo Violeta Parra","robots":{"index":"index","follow":"follow","max-snippet":"max-snippet:-1","max-image-preview":"max-image-preview:large","max-video-preview":"max-video-preview:-1"},"canonical":"http:\/\/vientosur.top\/museo\/un-museo-es-un-lugar-de-experiencias-educativas\/","og_locale":"es_ES","og_type":"article","og_title":"Un museo es un lugar de experiencias educativas - Museo Violeta Parra","og_description":"Con esas palabras, el director ejecutivo del Museo Violeta Parra, Leonardo Mellado, invit\u00f3 a las futuras parvularias de la Universidad Central a considerar este espacio cultural como alternativa a las aulas en su labor docente.","og_url":"http:\/\/vientosur.top\/museo\/un-museo-es-un-lugar-de-experiencias-educativas\/","og_site_name":"Museo Violeta Parra","article_published_time":"2015-11-30T16:46:05+00:00","author":"admin","twitter_card":"summary_large_image","twitter_misc":{"Escrito por":"admin","Tiempo de lectura":"2 minutos"},"schema":{"@context":"https:\/\/schema.org","@graph":[{"@type":"WebPage","@id":"http:\/\/vientosur.top\/museo\/un-museo-es-un-lugar-de-experiencias-educativas\/","url":"http:\/\/vientosur.top\/museo\/un-museo-es-un-lugar-de-experiencias-educativas\/","name":"Un museo es un lugar de experiencias educativas - Museo Violeta Parra","isPartOf":{"@id":"http:\/\/vientosur.top\/museo\/#website"},"primaryImageOfPage":{"@id":"http:\/\/vientosur.top\/museo\/un-museo-es-un-lugar-de-experiencias-educativas\/#primaryimage"},"image":{"@id":"http:\/\/vientosur.top\/museo\/un-museo-es-un-lugar-de-experiencias-educativas\/#primaryimage"},"thumbnailUrl":"","datePublished":"2015-11-30T16:46:05+00:00","author":{"@id":"http:\/\/vientosur.top\/museo\/#\/schema\/person\/20c79d3c38800971feec8c2693c3dd9c"},"breadcrumb":{"@id":"http:\/\/vientosur.top\/museo\/un-museo-es-un-lugar-de-experiencias-educativas\/#breadcrumb"},"inLanguage":"es","potentialAction":[{"@type":"ReadAction","target":["http:\/\/vientosur.top\/museo\/un-museo-es-un-lugar-de-experiencias-educativas\/"]}]},{"@type":"ImageObject","inLanguage":"es","@id":"http:\/\/vientosur.top\/museo\/un-museo-es-un-lugar-de-experiencias-educativas\/#primaryimage","url":"","contentUrl":""},{"@type":"BreadcrumbList","@id":"http:\/\/vientosur.top\/museo\/un-museo-es-un-lugar-de-experiencias-educativas\/#breadcrumb","itemListElement":[{"@type":"ListItem","position":1,"name":"Portada","item":"http:\/\/vientosur.top\/museo\/"},{"@type":"ListItem","position":2,"name":"Un museo es un lugar de experiencias educativas"}]},{"@type":"WebSite","@id":"http:\/\/vientosur.top\/museo\/#website","url":"http:\/\/vientosur.top\/museo\/","name":"Museo Violeta Parra","description":"Espacio que alberga tanto la memoria y legado creativo de la artista","potentialAction":[{"@type":"SearchAction","target":{"@type":"EntryPoint","urlTemplate":"http:\/\/vientosur.top\/museo\/?s={search_term_string}"},"query-input":{"@type":"PropertyValueSpecification","valueRequired":true,"valueName":"search_term_string"}}],"inLanguage":"es"},{"@type":"Person","@id":"http:\/\/vientosur.top\/museo\/#\/schema\/person\/20c79d3c38800971feec8c2693c3dd9c","name":"admin","image":{"@type":"ImageObject","inLanguage":"es","@id":"http:\/\/vientosur.top\/museo\/#\/schema\/person\/image\/","url":"https:\/\/secure.gravatar.com\/avatar\/713677ece3ffa642287213a80e5b773bce9ab81c269dd6d95102a990951c922f?s=96&d=mm&r=g","contentUrl":"https:\/\/secure.gravatar.com\/avatar\/713677ece3ffa642287213a80e5b773bce9ab81c269dd6d95102a990951c922f?s=96&d=mm&r=g","caption":"admin"},"sameAs":["http:\/\/vientosur.top\/museo"],"url":"http:\/\/vientosur.top\/museo\/author\/comunicacionesmvp\/"}]}},"_links":{"self":[{"href":"http:\/\/vientosur.top\/museo\/wp-json\/wp\/v2\/posts\/778","targetHints":{"allow":["GET"]}}],"collection":[{"href":"http:\/\/vientosur.top\/museo\/wp-json\/wp\/v2\/posts"}],"about":[{"href":"http:\/\/vientosur.top\/museo\/wp-json\/wp\/v2\/types\/post"}],"author":[{"embeddable":true,"href":"http:\/\/vientosur.top\/museo\/wp-json\/wp\/v2\/users\/5"}],"replies":[{"embeddable":true,"href":"http:\/\/vientosur.top\/museo\/wp-json\/wp\/v2\/comments?post=778"}],"version-history":[{"count":0,"href":"http:\/\/vientosur.top\/museo\/wp-json\/wp\/v2\/posts\/778\/revisions"}],"wp:featuredmedia":[{"embeddable":true,"href":"http:\/\/vientosur.top\/museo\/wp-json\/wp\/v2\/posts\/300"}],"wp:attachment":[{"href":"http:\/\/vientosur.top\/museo\/wp-json\/wp\/v2\/media?parent=778"}],"wp:term":[{"taxonomy":"category","embeddable":true,"href":"http:\/\/vientosur.top\/museo\/wp-json\/wp\/v2\/categories?post=778"},{"taxonomy":"post_tag","embeddable":true,"href":"http:\/\/vientosur.top\/museo\/wp-json\/wp\/v2\/tags?post=778"}],"curies":[{"name":"wp","href":"https:\/\/api.w.org\/{rel}","templated":true}]}}