{"id":779,"date":"2015-11-30T20:00:46","date_gmt":"2015-11-30T20:00:46","guid":{"rendered":"http:\/\/vientosur.top\/museo\/\/?p=294"},"modified":"2015-11-30T20:00:46","modified_gmt":"2015-11-30T20:00:46","slug":"audiovisual-la-concrecion-del-sueno-de-violeta-parra","status":"publish","type":"post","link":"http:\/\/vientosur.top\/museo\/audiovisual-la-concrecion-del-sueno-de-violeta-parra\/","title":{"rendered":"Audiovisual: La concreci\u00f3n del sue\u00f1o de Violeta Parra"},"content":{"rendered":"<p>Les invitamos a ver el micro reportaje audiovisual \u00a0que da cuenta \u00a0del proceso que culmin\u00f3 con las obras de la multifac\u00e9tica artista Violeta Parra \u00a0en su nueva casa en el museo Violeta Parra en Vicu\u00f1a Mackenna 37.\u00a0Un anhelo que, tras a\u00f1os de esfuerzo, hoy ya es una realidad que ha cautivado a miles de personas.<!--more--><\/p>\n<p>El Museo Violeta Parra, que ha sido visitado por ni\u00f1os, j\u00f3venes y adultos de Chile y otras partes del mundo, logr\u00f3 concretarse gracias al esfuerzo de a\u00f1os de los hijos de la artista, \u00c1ngel e Isabel, quienes a trav\u00e9s de la Fundaci\u00f3n Violeta Parra se encargaron de resguardar la obra que hoy se exhibe en las salas \u201cHumana\u201d y \u201cDivina\u201d del espacio.<\/p>\n<p>Los \u00f3leos, arpilleras y papel mach\u00e9 debieron superar un largo periplo antes de ser mostrados al pueblo chileno, como la propia artista quer\u00eda que fuese. Salieron desde el Centro Cultural Palacio de La Moneda, donde se exhibieron, y fueron sometidos a un proceso de conservaci\u00f3n que las dej\u00f3 en \u00f3ptimas condiciones de cara a la apertura al p\u00fablico del espacio.<\/p>\n<p>As\u00ed es como este espacio dej\u00f3, poco a poco, de ser s\u00f3lo un edificio y comenz\u00f3 a convertirse en lo que es hoy: un lugar lleno de vida donde miles de personas han podido conocer y sentir la obra de la multifac\u00e9tica Violeta Parra.<br \/>\n<iframe src=\"https:\/\/www.youtube.com\/embed\/wNrqwyVTaMI\" width=\"640\" height=\"360\" frameborder=\"0\" allowfullscreen=\"allowfullscreen\"><\/iframe><\/p>\n","protected":false},"excerpt":{"rendered":"<p>Les invitamos a ver el micro reportaje audiovisual \u00a0que da cuenta \u00a0del proceso que culmin\u00f3 con las obras de la multifac\u00e9tica artista Violeta Parra \u00a0en su nueva casa en el museo Violeta Parra en Vicu\u00f1a Mackenna 37.\u00a0Un anhelo que, tras a\u00f1os de esfuerzo, hoy ya es una realidad que ha cautivado a miles de personas.<\/p>\n","protected":false},"author":5,"featured_media":296,"comment_status":"open","ping_status":"open","sticky":false,"template":"","format":"standard","meta":{"site-sidebar-layout":"default","site-content-layout":"","ast-site-content-layout":"default","site-content-style":"default","site-sidebar-style":"default","ast-global-header-display":"","ast-banner-title-visibility":"","ast-main-header-display":"","ast-hfb-above-header-display":"","ast-hfb-below-header-display":"","ast-hfb-mobile-header-display":"","site-post-title":"","ast-breadcrumbs-content":"","ast-featured-img":"","footer-sml-layout":"","theme-transparent-header-meta":"","adv-header-id-meta":"","stick-header-meta":"","header-above-stick-meta":"","header-main-stick-meta":"","header-below-stick-meta":"","astra-migrate-meta-layouts":"default","ast-page-background-enabled":"default","ast-page-background-meta":{"desktop":{"background-color":"var(--ast-global-color-4)","background-image":"","background-repeat":"repeat","background-position":"center center","background-size":"auto","background-attachment":"scroll","background-type":"","background-media":"","overlay-type":"","overlay-color":"","overlay-opacity":"","overlay-gradient":""},"tablet":{"background-color":"","background-image":"","background-repeat":"repeat","background-position":"center center","background-size":"auto","background-attachment":"scroll","background-type":"","background-media":"","overlay-type":"","overlay-color":"","overlay-opacity":"","overlay-gradient":""},"mobile":{"background-color":"","background-image":"","background-repeat":"repeat","background-position":"center center","background-size":"auto","background-attachment":"scroll","background-type":"","background-media":"","overlay-type":"","overlay-color":"","overlay-opacity":"","overlay-gradient":""}},"ast-content-background-meta":{"desktop":{"background-color":"var(--ast-global-color-5)","background-image":"","background-repeat":"repeat","background-position":"center center","background-size":"auto","background-attachment":"scroll","background-type":"","background-media":"","overlay-type":"","overlay-color":"","overlay-opacity":"","overlay-gradient":""},"tablet":{"background-color":"var(--ast-global-color-5)","background-image":"","background-repeat":"repeat","background-position":"center center","background-size":"auto","background-attachment":"scroll","background-type":"","background-media":"","overlay-type":"","overlay-color":"","overlay-opacity":"","overlay-gradient":""},"mobile":{"background-color":"var(--ast-global-color-5)","background-image":"","background-repeat":"repeat","background-position":"center center","background-size":"auto","background-attachment":"scroll","background-type":"","background-media":"","overlay-type":"","overlay-color":"","overlay-opacity":"","overlay-gradient":""}},"footnotes":""},"categories":[8],"tags":[],"class_list":["post-779","post","type-post","status-publish","format-standard","has-post-thumbnail","hentry","category-noticias"],"yoast_head":"<!-- This site is optimized with the Yoast SEO plugin v25.4 - https:\/\/yoast.com\/wordpress\/plugins\/seo\/ -->\n<title>Audiovisual: La concreci\u00f3n del sue\u00f1o de Violeta Parra - Museo Violeta Parra<\/title>\n<meta name=\"robots\" content=\"index, follow, max-snippet:-1, max-image-preview:large, max-video-preview:-1\" \/>\n<link rel=\"canonical\" href=\"http:\/\/vientosur.top\/museo\/audiovisual-la-concrecion-del-sueno-de-violeta-parra\/\" \/>\n<meta property=\"og:locale\" content=\"es_ES\" \/>\n<meta property=\"og:type\" content=\"article\" \/>\n<meta property=\"og:title\" content=\"Audiovisual: La concreci\u00f3n del sue\u00f1o de Violeta Parra - Museo Violeta Parra\" \/>\n<meta property=\"og:description\" content=\"Les invitamos a ver el micro reportaje audiovisual \u00a0que da cuenta \u00a0del proceso que culmin\u00f3 con las obras de la multifac\u00e9tica artista Violeta Parra \u00a0en su nueva casa en el museo Violeta Parra en Vicu\u00f1a Mackenna 37.\u00a0Un anhelo que, tras a\u00f1os de esfuerzo, hoy ya es una realidad que ha cautivado a miles de personas.\" \/>\n<meta property=\"og:url\" content=\"http:\/\/vientosur.top\/museo\/audiovisual-la-concrecion-del-sueno-de-violeta-parra\/\" \/>\n<meta property=\"og:site_name\" content=\"Museo Violeta Parra\" \/>\n<meta property=\"article:published_time\" content=\"2015-11-30T20:00:46+00:00\" \/>\n<meta name=\"author\" content=\"admin\" \/>\n<meta name=\"twitter:card\" content=\"summary_large_image\" \/>\n<meta name=\"twitter:label1\" content=\"Escrito por\" \/>\n\t<meta name=\"twitter:data1\" content=\"admin\" \/>\n\t<meta name=\"twitter:label2\" content=\"Tiempo de lectura\" \/>\n\t<meta name=\"twitter:data2\" content=\"1 minuto\" \/>\n<script type=\"application\/ld+json\" class=\"yoast-schema-graph\">{\"@context\":\"https:\/\/schema.org\",\"@graph\":[{\"@type\":\"WebPage\",\"@id\":\"http:\/\/vientosur.top\/museo\/audiovisual-la-concrecion-del-sueno-de-violeta-parra\/\",\"url\":\"http:\/\/vientosur.top\/museo\/audiovisual-la-concrecion-del-sueno-de-violeta-parra\/\",\"name\":\"Audiovisual: La concreci\u00f3n del sue\u00f1o de Violeta Parra - Museo Violeta Parra\",\"isPartOf\":{\"@id\":\"http:\/\/vientosur.top\/museo\/#website\"},\"primaryImageOfPage\":{\"@id\":\"http:\/\/vientosur.top\/museo\/audiovisual-la-concrecion-del-sueno-de-violeta-parra\/#primaryimage\"},\"image\":{\"@id\":\"http:\/\/vientosur.top\/museo\/audiovisual-la-concrecion-del-sueno-de-violeta-parra\/#primaryimage\"},\"thumbnailUrl\":\"\",\"datePublished\":\"2015-11-30T20:00:46+00:00\",\"author\":{\"@id\":\"http:\/\/vientosur.top\/museo\/#\/schema\/person\/20c79d3c38800971feec8c2693c3dd9c\"},\"breadcrumb\":{\"@id\":\"http:\/\/vientosur.top\/museo\/audiovisual-la-concrecion-del-sueno-de-violeta-parra\/#breadcrumb\"},\"inLanguage\":\"es\",\"potentialAction\":[{\"@type\":\"ReadAction\",\"target\":[\"http:\/\/vientosur.top\/museo\/audiovisual-la-concrecion-del-sueno-de-violeta-parra\/\"]}]},{\"@type\":\"ImageObject\",\"inLanguage\":\"es\",\"@id\":\"http:\/\/vientosur.top\/museo\/audiovisual-la-concrecion-del-sueno-de-violeta-parra\/#primaryimage\",\"url\":\"\",\"contentUrl\":\"\"},{\"@type\":\"BreadcrumbList\",\"@id\":\"http:\/\/vientosur.top\/museo\/audiovisual-la-concrecion-del-sueno-de-violeta-parra\/#breadcrumb\",\"itemListElement\":[{\"@type\":\"ListItem\",\"position\":1,\"name\":\"Portada\",\"item\":\"http:\/\/vientosur.top\/museo\/\"},{\"@type\":\"ListItem\",\"position\":2,\"name\":\"Audiovisual: La concreci\u00f3n del sue\u00f1o de Violeta Parra\"}]},{\"@type\":\"WebSite\",\"@id\":\"http:\/\/vientosur.top\/museo\/#website\",\"url\":\"http:\/\/vientosur.top\/museo\/\",\"name\":\"Museo Violeta Parra\",\"description\":\"Espacio que alberga tanto la memoria y legado creativo de la artista\",\"potentialAction\":[{\"@type\":\"SearchAction\",\"target\":{\"@type\":\"EntryPoint\",\"urlTemplate\":\"http:\/\/vientosur.top\/museo\/?s={search_term_string}\"},\"query-input\":{\"@type\":\"PropertyValueSpecification\",\"valueRequired\":true,\"valueName\":\"search_term_string\"}}],\"inLanguage\":\"es\"},{\"@type\":\"Person\",\"@id\":\"http:\/\/vientosur.top\/museo\/#\/schema\/person\/20c79d3c38800971feec8c2693c3dd9c\",\"name\":\"admin\",\"image\":{\"@type\":\"ImageObject\",\"inLanguage\":\"es\",\"@id\":\"http:\/\/vientosur.top\/museo\/#\/schema\/person\/image\/\",\"url\":\"https:\/\/secure.gravatar.com\/avatar\/713677ece3ffa642287213a80e5b773bce9ab81c269dd6d95102a990951c922f?s=96&d=mm&r=g\",\"contentUrl\":\"https:\/\/secure.gravatar.com\/avatar\/713677ece3ffa642287213a80e5b773bce9ab81c269dd6d95102a990951c922f?s=96&d=mm&r=g\",\"caption\":\"admin\"},\"sameAs\":[\"http:\/\/vientosur.top\/museo\"],\"url\":\"http:\/\/vientosur.top\/museo\/author\/comunicacionesmvp\/\"}]}<\/script>\n<!-- \/ Yoast SEO plugin. -->","yoast_head_json":{"title":"Audiovisual: La concreci\u00f3n del sue\u00f1o de Violeta Parra - Museo Violeta Parra","robots":{"index":"index","follow":"follow","max-snippet":"max-snippet:-1","max-image-preview":"max-image-preview:large","max-video-preview":"max-video-preview:-1"},"canonical":"http:\/\/vientosur.top\/museo\/audiovisual-la-concrecion-del-sueno-de-violeta-parra\/","og_locale":"es_ES","og_type":"article","og_title":"Audiovisual: La concreci\u00f3n del sue\u00f1o de Violeta Parra - Museo Violeta Parra","og_description":"Les invitamos a ver el micro reportaje audiovisual \u00a0que da cuenta \u00a0del proceso que culmin\u00f3 con las obras de la multifac\u00e9tica artista Violeta Parra \u00a0en su nueva casa en el museo Violeta Parra en Vicu\u00f1a Mackenna 37.\u00a0Un anhelo que, tras a\u00f1os de esfuerzo, hoy ya es una realidad que ha cautivado a miles de personas.","og_url":"http:\/\/vientosur.top\/museo\/audiovisual-la-concrecion-del-sueno-de-violeta-parra\/","og_site_name":"Museo Violeta Parra","article_published_time":"2015-11-30T20:00:46+00:00","author":"admin","twitter_card":"summary_large_image","twitter_misc":{"Escrito por":"admin","Tiempo de lectura":"1 minuto"},"schema":{"@context":"https:\/\/schema.org","@graph":[{"@type":"WebPage","@id":"http:\/\/vientosur.top\/museo\/audiovisual-la-concrecion-del-sueno-de-violeta-parra\/","url":"http:\/\/vientosur.top\/museo\/audiovisual-la-concrecion-del-sueno-de-violeta-parra\/","name":"Audiovisual: La concreci\u00f3n del sue\u00f1o de Violeta Parra - Museo Violeta Parra","isPartOf":{"@id":"http:\/\/vientosur.top\/museo\/#website"},"primaryImageOfPage":{"@id":"http:\/\/vientosur.top\/museo\/audiovisual-la-concrecion-del-sueno-de-violeta-parra\/#primaryimage"},"image":{"@id":"http:\/\/vientosur.top\/museo\/audiovisual-la-concrecion-del-sueno-de-violeta-parra\/#primaryimage"},"thumbnailUrl":"","datePublished":"2015-11-30T20:00:46+00:00","author":{"@id":"http:\/\/vientosur.top\/museo\/#\/schema\/person\/20c79d3c38800971feec8c2693c3dd9c"},"breadcrumb":{"@id":"http:\/\/vientosur.top\/museo\/audiovisual-la-concrecion-del-sueno-de-violeta-parra\/#breadcrumb"},"inLanguage":"es","potentialAction":[{"@type":"ReadAction","target":["http:\/\/vientosur.top\/museo\/audiovisual-la-concrecion-del-sueno-de-violeta-parra\/"]}]},{"@type":"ImageObject","inLanguage":"es","@id":"http:\/\/vientosur.top\/museo\/audiovisual-la-concrecion-del-sueno-de-violeta-parra\/#primaryimage","url":"","contentUrl":""},{"@type":"BreadcrumbList","@id":"http:\/\/vientosur.top\/museo\/audiovisual-la-concrecion-del-sueno-de-violeta-parra\/#breadcrumb","itemListElement":[{"@type":"ListItem","position":1,"name":"Portada","item":"http:\/\/vientosur.top\/museo\/"},{"@type":"ListItem","position":2,"name":"Audiovisual: La concreci\u00f3n del sue\u00f1o de Violeta Parra"}]},{"@type":"WebSite","@id":"http:\/\/vientosur.top\/museo\/#website","url":"http:\/\/vientosur.top\/museo\/","name":"Museo Violeta Parra","description":"Espacio que alberga tanto la memoria y legado creativo de la artista","potentialAction":[{"@type":"SearchAction","target":{"@type":"EntryPoint","urlTemplate":"http:\/\/vientosur.top\/museo\/?s={search_term_string}"},"query-input":{"@type":"PropertyValueSpecification","valueRequired":true,"valueName":"search_term_string"}}],"inLanguage":"es"},{"@type":"Person","@id":"http:\/\/vientosur.top\/museo\/#\/schema\/person\/20c79d3c38800971feec8c2693c3dd9c","name":"admin","image":{"@type":"ImageObject","inLanguage":"es","@id":"http:\/\/vientosur.top\/museo\/#\/schema\/person\/image\/","url":"https:\/\/secure.gravatar.com\/avatar\/713677ece3ffa642287213a80e5b773bce9ab81c269dd6d95102a990951c922f?s=96&d=mm&r=g","contentUrl":"https:\/\/secure.gravatar.com\/avatar\/713677ece3ffa642287213a80e5b773bce9ab81c269dd6d95102a990951c922f?s=96&d=mm&r=g","caption":"admin"},"sameAs":["http:\/\/vientosur.top\/museo"],"url":"http:\/\/vientosur.top\/museo\/author\/comunicacionesmvp\/"}]}},"_links":{"self":[{"href":"http:\/\/vientosur.top\/museo\/wp-json\/wp\/v2\/posts\/779","targetHints":{"allow":["GET"]}}],"collection":[{"href":"http:\/\/vientosur.top\/museo\/wp-json\/wp\/v2\/posts"}],"about":[{"href":"http:\/\/vientosur.top\/museo\/wp-json\/wp\/v2\/types\/post"}],"author":[{"embeddable":true,"href":"http:\/\/vientosur.top\/museo\/wp-json\/wp\/v2\/users\/5"}],"replies":[{"embeddable":true,"href":"http:\/\/vientosur.top\/museo\/wp-json\/wp\/v2\/comments?post=779"}],"version-history":[{"count":0,"href":"http:\/\/vientosur.top\/museo\/wp-json\/wp\/v2\/posts\/779\/revisions"}],"wp:featuredmedia":[{"embeddable":true,"href":"http:\/\/vientosur.top\/museo\/wp-json\/"}],"wp:attachment":[{"href":"http:\/\/vientosur.top\/museo\/wp-json\/wp\/v2\/media?parent=779"}],"wp:term":[{"taxonomy":"category","embeddable":true,"href":"http:\/\/vientosur.top\/museo\/wp-json\/wp\/v2\/categories?post=779"},{"taxonomy":"post_tag","embeddable":true,"href":"http:\/\/vientosur.top\/museo\/wp-json\/wp\/v2\/tags?post=779"}],"curies":[{"name":"wp","href":"https:\/\/api.w.org\/{rel}","templated":true}]}}