{"id":780,"date":"2015-12-04T17:04:41","date_gmt":"2015-12-04T17:04:41","guid":{"rendered":"http:\/\/vientosur.top\/museo\/\/?p=306"},"modified":"2015-12-04T17:04:41","modified_gmt":"2015-12-04T17:04:41","slug":"angel-parra-padre-e-hijo-daran-concierto-gratuito-en-museo-violeta-parra","status":"publish","type":"post","link":"http:\/\/vientosur.top\/museo\/angel-parra-padre-e-hijo-daran-concierto-gratuito-en-museo-violeta-parra\/","title":{"rendered":"\u00c1ngel Parra padre e hijo dar\u00e1n concierto gratuito en Museo Violeta Parra"},"content":{"rendered":"<p>Justo cuando se cumplan dos meses desde su apertura al p\u00fablico, el domingo 6 de diciembre, los destacados m\u00fasicos \u00c1ngel Parra y su hijo, realizar\u00e1n un concierto gratuito en la explanada del museo (Vicu\u00f1a Mackenna 37), desde las 15:30 horas.<!--more--><\/p>\n<p>&nbsp;<\/p>\n<p>En s\u00f3lo dos meses este nuevo espacio cultural ya ha recibido m\u00e1s de 33 mil visitantes, cifra que fue celebrada por el\u00a0 ministro de Cultura, Ernesto Ottone. \u201cEs se\u00f1al de que la figura de la Violeta permanece viva en el imaginario colectivo, siendo un est\u00edmulo para continuar relevando su obra y su legado para el patrimonio art\u00edstico de Chile.\u00a0 Con estas espectaculares cifras de p\u00fablico, vemos que el sue\u00f1o de la construcci\u00f3n y puesta en marcha del Museo Violeta Parra es hoy una realidad que ha superado ampliamente nuestras expectativas\u201d, asegur\u00f3.<\/p>\n<p>&nbsp;<\/p>\n<p>El n\u00famero de visitantes\u00a0 es todo un r\u00e9cord considerando la realidad actual de otros museos del pa\u00eds, varios de las cuales recibieron cifras similares pero en todo el a\u00f1o 2014. Este logro es \u00a0un incentivo para el equipo del museo, que se ha esmerado en dar lo mejor de s\u00ed para lograr difundir y poner en valor el legado material e inmaterial de la gran y prol\u00edfica artista que fue Violeta Parra.<\/p>\n<p>&nbsp;<\/p>\n<p><strong>D\u00eda del Cine, talleres y m\u00fasica<\/strong><\/p>\n<p>&nbsp;<\/p>\n<p>Adem\u00e1s de la calidad de su exhibici\u00f3n, el museo ha llamado la atenci\u00f3n del p\u00fablico debido a la serie de actividades de extensi\u00f3n programadas. El espacio ha recibido a\u00a0 m\u00e1s de 40 colegios, adem\u00e1s de ni\u00f1os, j\u00f3venes y adultos quienes han participado en talleres. El p\u00fablico general ha\u00a0 presenciado shows musicales en el Auditorio Antar protagonizados por Isabel y Tita Parra, hija y nieta de la artista respectivamente,\u00a0 Francesca Ancarola y Elizabeth Morris, entre otros.<\/p>\n<p>&nbsp;<\/p>\n<p>De hecho, este jueves se realiz\u00f3 la presentaci\u00f3n del libro \u201cMitos de Chile\u201d, de la destacada antrop\u00f3loga y escritora Sonia Montecino, en la previa de un fin semana que viene cargado de actividades.<\/p>\n<p>&nbsp;<\/p>\n<p>El s\u00e1bado 5 de diciembre, en el marco del D\u00eda del Cine Chileno, se presentar\u00e1 a las 16 horas en el auditorio Antar el documental \u201cEl bot\u00f3n de N\u00e1car\u201d, de Patricio Guzm\u00e1n. En la l\u00ednea educativa, se realizar\u00e1 el taller de Micro Mu\u00f1ecos, a cargo de la artesana textil Pilar Vera, quien ense\u00f1ar\u00e1 su construcci\u00f3n con materiales reutilizados y retazos de tela. \u00a0El fin de semana ser\u00e1 coronado el domingo 6 con el show de \u00c1ngel Parra (padre), hijo de Violeta, acompa\u00f1ado de su hijo \u00c1ngel, quienes estar\u00e1n precedidos por el m\u00fasico invitado Jazm\u00edn Rojo (Claudio Rojas), quien interpretar\u00e1 m\u00fasica folcl\u00f3rica y popular en guitarra cl\u00e1sica.<\/p>\n","protected":false},"excerpt":{"rendered":"<p>Justo cuando se cumplan dos meses desde su apertura al p\u00fablico, el domingo 6 de diciembre, los destacados m\u00fasicos \u00c1ngel Parra y su hijo, realizar\u00e1n un concierto gratuito en la explanada del museo (Vicu\u00f1a Mackenna 37), desde las 15:30 horas.<\/p>\n","protected":false},"author":5,"featured_media":307,"comment_status":"open","ping_status":"open","sticky":false,"template":"","format":"standard","meta":{"site-sidebar-layout":"default","site-content-layout":"","ast-site-content-layout":"default","site-content-style":"default","site-sidebar-style":"default","ast-global-header-display":"","ast-banner-title-visibility":"","ast-main-header-display":"","ast-hfb-above-header-display":"","ast-hfb-below-header-display":"","ast-hfb-mobile-header-display":"","site-post-title":"","ast-breadcrumbs-content":"","ast-featured-img":"","footer-sml-layout":"","theme-transparent-header-meta":"","adv-header-id-meta":"","stick-header-meta":"","header-above-stick-meta":"","header-main-stick-meta":"","header-below-stick-meta":"","astra-migrate-meta-layouts":"default","ast-page-background-enabled":"default","ast-page-background-meta":{"desktop":{"background-color":"var(--ast-global-color-4)","background-image":"","background-repeat":"repeat","background-position":"center center","background-size":"auto","background-attachment":"scroll","background-type":"","background-media":"","overlay-type":"","overlay-color":"","overlay-opacity":"","overlay-gradient":""},"tablet":{"background-color":"","background-image":"","background-repeat":"repeat","background-position":"center center","background-size":"auto","background-attachment":"scroll","background-type":"","background-media":"","overlay-type":"","overlay-color":"","overlay-opacity":"","overlay-gradient":""},"mobile":{"background-color":"","background-image":"","background-repeat":"repeat","background-position":"center center","background-size":"auto","background-attachment":"scroll","background-type":"","background-media":"","overlay-type":"","overlay-color":"","overlay-opacity":"","overlay-gradient":""}},"ast-content-background-meta":{"desktop":{"background-color":"var(--ast-global-color-5)","background-image":"","background-repeat":"repeat","background-position":"center center","background-size":"auto","background-attachment":"scroll","background-type":"","background-media":"","overlay-type":"","overlay-color":"","overlay-opacity":"","overlay-gradient":""},"tablet":{"background-color":"var(--ast-global-color-5)","background-image":"","background-repeat":"repeat","background-position":"center center","background-size":"auto","background-attachment":"scroll","background-type":"","background-media":"","overlay-type":"","overlay-color":"","overlay-opacity":"","overlay-gradient":""},"mobile":{"background-color":"var(--ast-global-color-5)","background-image":"","background-repeat":"repeat","background-position":"center center","background-size":"auto","background-attachment":"scroll","background-type":"","background-media":"","overlay-type":"","overlay-color":"","overlay-opacity":"","overlay-gradient":""}},"footnotes":""},"categories":[8],"tags":[],"class_list":["post-780","post","type-post","status-publish","format-standard","has-post-thumbnail","hentry","category-noticias"],"yoast_head":"<!-- This site is optimized with the Yoast SEO plugin v25.4 - https:\/\/yoast.com\/wordpress\/plugins\/seo\/ -->\n<title>\u00c1ngel Parra padre e hijo dar\u00e1n concierto gratuito en Museo Violeta Parra - Museo Violeta Parra<\/title>\n<meta name=\"robots\" content=\"index, follow, max-snippet:-1, max-image-preview:large, max-video-preview:-1\" \/>\n<link rel=\"canonical\" href=\"http:\/\/vientosur.top\/museo\/angel-parra-padre-e-hijo-daran-concierto-gratuito-en-museo-violeta-parra\/\" \/>\n<meta property=\"og:locale\" content=\"es_ES\" \/>\n<meta property=\"og:type\" content=\"article\" \/>\n<meta property=\"og:title\" content=\"\u00c1ngel Parra padre e hijo dar\u00e1n concierto gratuito en Museo Violeta Parra - Museo Violeta Parra\" \/>\n<meta property=\"og:description\" content=\"Justo cuando se cumplan dos meses desde su apertura al p\u00fablico, el domingo 6 de diciembre, los destacados m\u00fasicos \u00c1ngel Parra y su hijo, realizar\u00e1n un concierto gratuito en la explanada del museo (Vicu\u00f1a Mackenna 37), desde las 15:30 horas.\" \/>\n<meta property=\"og:url\" content=\"http:\/\/vientosur.top\/museo\/angel-parra-padre-e-hijo-daran-concierto-gratuito-en-museo-violeta-parra\/\" \/>\n<meta property=\"og:site_name\" content=\"Museo Violeta Parra\" \/>\n<meta property=\"article:published_time\" content=\"2015-12-04T17:04:41+00:00\" \/>\n<meta name=\"author\" content=\"admin\" \/>\n<meta name=\"twitter:card\" content=\"summary_large_image\" \/>\n<meta name=\"twitter:label1\" content=\"Escrito por\" \/>\n\t<meta name=\"twitter:data1\" content=\"admin\" \/>\n\t<meta name=\"twitter:label2\" content=\"Tiempo de lectura\" \/>\n\t<meta name=\"twitter:data2\" content=\"2 minutos\" \/>\n<script type=\"application\/ld+json\" class=\"yoast-schema-graph\">{\"@context\":\"https:\/\/schema.org\",\"@graph\":[{\"@type\":\"WebPage\",\"@id\":\"http:\/\/vientosur.top\/museo\/angel-parra-padre-e-hijo-daran-concierto-gratuito-en-museo-violeta-parra\/\",\"url\":\"http:\/\/vientosur.top\/museo\/angel-parra-padre-e-hijo-daran-concierto-gratuito-en-museo-violeta-parra\/\",\"name\":\"\u00c1ngel Parra padre e hijo dar\u00e1n concierto gratuito en Museo Violeta Parra - Museo Violeta Parra\",\"isPartOf\":{\"@id\":\"http:\/\/vientosur.top\/museo\/#website\"},\"primaryImageOfPage\":{\"@id\":\"http:\/\/vientosur.top\/museo\/angel-parra-padre-e-hijo-daran-concierto-gratuito-en-museo-violeta-parra\/#primaryimage\"},\"image\":{\"@id\":\"http:\/\/vientosur.top\/museo\/angel-parra-padre-e-hijo-daran-concierto-gratuito-en-museo-violeta-parra\/#primaryimage\"},\"thumbnailUrl\":\"\",\"datePublished\":\"2015-12-04T17:04:41+00:00\",\"author\":{\"@id\":\"http:\/\/vientosur.top\/museo\/#\/schema\/person\/20c79d3c38800971feec8c2693c3dd9c\"},\"breadcrumb\":{\"@id\":\"http:\/\/vientosur.top\/museo\/angel-parra-padre-e-hijo-daran-concierto-gratuito-en-museo-violeta-parra\/#breadcrumb\"},\"inLanguage\":\"es\",\"potentialAction\":[{\"@type\":\"ReadAction\",\"target\":[\"http:\/\/vientosur.top\/museo\/angel-parra-padre-e-hijo-daran-concierto-gratuito-en-museo-violeta-parra\/\"]}]},{\"@type\":\"ImageObject\",\"inLanguage\":\"es\",\"@id\":\"http:\/\/vientosur.top\/museo\/angel-parra-padre-e-hijo-daran-concierto-gratuito-en-museo-violeta-parra\/#primaryimage\",\"url\":\"\",\"contentUrl\":\"\"},{\"@type\":\"BreadcrumbList\",\"@id\":\"http:\/\/vientosur.top\/museo\/angel-parra-padre-e-hijo-daran-concierto-gratuito-en-museo-violeta-parra\/#breadcrumb\",\"itemListElement\":[{\"@type\":\"ListItem\",\"position\":1,\"name\":\"Portada\",\"item\":\"http:\/\/vientosur.top\/museo\/\"},{\"@type\":\"ListItem\",\"position\":2,\"name\":\"\u00c1ngel Parra padre e hijo dar\u00e1n concierto gratuito en Museo Violeta Parra\"}]},{\"@type\":\"WebSite\",\"@id\":\"http:\/\/vientosur.top\/museo\/#website\",\"url\":\"http:\/\/vientosur.top\/museo\/\",\"name\":\"Museo Violeta Parra\",\"description\":\"Espacio que alberga tanto la memoria y legado creativo de la artista\",\"potentialAction\":[{\"@type\":\"SearchAction\",\"target\":{\"@type\":\"EntryPoint\",\"urlTemplate\":\"http:\/\/vientosur.top\/museo\/?s={search_term_string}\"},\"query-input\":{\"@type\":\"PropertyValueSpecification\",\"valueRequired\":true,\"valueName\":\"search_term_string\"}}],\"inLanguage\":\"es\"},{\"@type\":\"Person\",\"@id\":\"http:\/\/vientosur.top\/museo\/#\/schema\/person\/20c79d3c38800971feec8c2693c3dd9c\",\"name\":\"admin\",\"image\":{\"@type\":\"ImageObject\",\"inLanguage\":\"es\",\"@id\":\"http:\/\/vientosur.top\/museo\/#\/schema\/person\/image\/\",\"url\":\"https:\/\/secure.gravatar.com\/avatar\/713677ece3ffa642287213a80e5b773bce9ab81c269dd6d95102a990951c922f?s=96&d=mm&r=g\",\"contentUrl\":\"https:\/\/secure.gravatar.com\/avatar\/713677ece3ffa642287213a80e5b773bce9ab81c269dd6d95102a990951c922f?s=96&d=mm&r=g\",\"caption\":\"admin\"},\"sameAs\":[\"http:\/\/vientosur.top\/museo\"],\"url\":\"http:\/\/vientosur.top\/museo\/author\/comunicacionesmvp\/\"}]}<\/script>\n<!-- \/ Yoast SEO plugin. -->","yoast_head_json":{"title":"\u00c1ngel Parra padre e hijo dar\u00e1n concierto gratuito en Museo Violeta Parra - Museo Violeta Parra","robots":{"index":"index","follow":"follow","max-snippet":"max-snippet:-1","max-image-preview":"max-image-preview:large","max-video-preview":"max-video-preview:-1"},"canonical":"http:\/\/vientosur.top\/museo\/angel-parra-padre-e-hijo-daran-concierto-gratuito-en-museo-violeta-parra\/","og_locale":"es_ES","og_type":"article","og_title":"\u00c1ngel Parra padre e hijo dar\u00e1n concierto gratuito en Museo Violeta Parra - Museo Violeta Parra","og_description":"Justo cuando se cumplan dos meses desde su apertura al p\u00fablico, el domingo 6 de diciembre, los destacados m\u00fasicos \u00c1ngel Parra y su hijo, realizar\u00e1n un concierto gratuito en la explanada del museo (Vicu\u00f1a Mackenna 37), desde las 15:30 horas.","og_url":"http:\/\/vientosur.top\/museo\/angel-parra-padre-e-hijo-daran-concierto-gratuito-en-museo-violeta-parra\/","og_site_name":"Museo Violeta Parra","article_published_time":"2015-12-04T17:04:41+00:00","author":"admin","twitter_card":"summary_large_image","twitter_misc":{"Escrito por":"admin","Tiempo de lectura":"2 minutos"},"schema":{"@context":"https:\/\/schema.org","@graph":[{"@type":"WebPage","@id":"http:\/\/vientosur.top\/museo\/angel-parra-padre-e-hijo-daran-concierto-gratuito-en-museo-violeta-parra\/","url":"http:\/\/vientosur.top\/museo\/angel-parra-padre-e-hijo-daran-concierto-gratuito-en-museo-violeta-parra\/","name":"\u00c1ngel Parra padre e hijo dar\u00e1n concierto gratuito en Museo Violeta Parra - Museo Violeta Parra","isPartOf":{"@id":"http:\/\/vientosur.top\/museo\/#website"},"primaryImageOfPage":{"@id":"http:\/\/vientosur.top\/museo\/angel-parra-padre-e-hijo-daran-concierto-gratuito-en-museo-violeta-parra\/#primaryimage"},"image":{"@id":"http:\/\/vientosur.top\/museo\/angel-parra-padre-e-hijo-daran-concierto-gratuito-en-museo-violeta-parra\/#primaryimage"},"thumbnailUrl":"","datePublished":"2015-12-04T17:04:41+00:00","author":{"@id":"http:\/\/vientosur.top\/museo\/#\/schema\/person\/20c79d3c38800971feec8c2693c3dd9c"},"breadcrumb":{"@id":"http:\/\/vientosur.top\/museo\/angel-parra-padre-e-hijo-daran-concierto-gratuito-en-museo-violeta-parra\/#breadcrumb"},"inLanguage":"es","potentialAction":[{"@type":"ReadAction","target":["http:\/\/vientosur.top\/museo\/angel-parra-padre-e-hijo-daran-concierto-gratuito-en-museo-violeta-parra\/"]}]},{"@type":"ImageObject","inLanguage":"es","@id":"http:\/\/vientosur.top\/museo\/angel-parra-padre-e-hijo-daran-concierto-gratuito-en-museo-violeta-parra\/#primaryimage","url":"","contentUrl":""},{"@type":"BreadcrumbList","@id":"http:\/\/vientosur.top\/museo\/angel-parra-padre-e-hijo-daran-concierto-gratuito-en-museo-violeta-parra\/#breadcrumb","itemListElement":[{"@type":"ListItem","position":1,"name":"Portada","item":"http:\/\/vientosur.top\/museo\/"},{"@type":"ListItem","position":2,"name":"\u00c1ngel Parra padre e hijo dar\u00e1n concierto gratuito en Museo Violeta Parra"}]},{"@type":"WebSite","@id":"http:\/\/vientosur.top\/museo\/#website","url":"http:\/\/vientosur.top\/museo\/","name":"Museo Violeta Parra","description":"Espacio que alberga tanto la memoria y legado creativo de la artista","potentialAction":[{"@type":"SearchAction","target":{"@type":"EntryPoint","urlTemplate":"http:\/\/vientosur.top\/museo\/?s={search_term_string}"},"query-input":{"@type":"PropertyValueSpecification","valueRequired":true,"valueName":"search_term_string"}}],"inLanguage":"es"},{"@type":"Person","@id":"http:\/\/vientosur.top\/museo\/#\/schema\/person\/20c79d3c38800971feec8c2693c3dd9c","name":"admin","image":{"@type":"ImageObject","inLanguage":"es","@id":"http:\/\/vientosur.top\/museo\/#\/schema\/person\/image\/","url":"https:\/\/secure.gravatar.com\/avatar\/713677ece3ffa642287213a80e5b773bce9ab81c269dd6d95102a990951c922f?s=96&d=mm&r=g","contentUrl":"https:\/\/secure.gravatar.com\/avatar\/713677ece3ffa642287213a80e5b773bce9ab81c269dd6d95102a990951c922f?s=96&d=mm&r=g","caption":"admin"},"sameAs":["http:\/\/vientosur.top\/museo"],"url":"http:\/\/vientosur.top\/museo\/author\/comunicacionesmvp\/"}]}},"_links":{"self":[{"href":"http:\/\/vientosur.top\/museo\/wp-json\/wp\/v2\/posts\/780","targetHints":{"allow":["GET"]}}],"collection":[{"href":"http:\/\/vientosur.top\/museo\/wp-json\/wp\/v2\/posts"}],"about":[{"href":"http:\/\/vientosur.top\/museo\/wp-json\/wp\/v2\/types\/post"}],"author":[{"embeddable":true,"href":"http:\/\/vientosur.top\/museo\/wp-json\/wp\/v2\/users\/5"}],"replies":[{"embeddable":true,"href":"http:\/\/vientosur.top\/museo\/wp-json\/wp\/v2\/comments?post=780"}],"version-history":[{"count":0,"href":"http:\/\/vientosur.top\/museo\/wp-json\/wp\/v2\/posts\/780\/revisions"}],"wp:featuredmedia":[{"embeddable":true,"href":"http:\/\/vientosur.top\/museo\/wp-json\/"}],"wp:attachment":[{"href":"http:\/\/vientosur.top\/museo\/wp-json\/wp\/v2\/media?parent=780"}],"wp:term":[{"taxonomy":"category","embeddable":true,"href":"http:\/\/vientosur.top\/museo\/wp-json\/wp\/v2\/categories?post=780"},{"taxonomy":"post_tag","embeddable":true,"href":"http:\/\/vientosur.top\/museo\/wp-json\/wp\/v2\/tags?post=780"}],"curies":[{"name":"wp","href":"https:\/\/api.w.org\/{rel}","templated":true}]}}