{"id":781,"date":"2015-12-08T11:30:41","date_gmt":"2015-12-08T11:30:41","guid":{"rendered":"http:\/\/vientosur.top\/museo\/\/?p=314"},"modified":"2015-12-08T11:30:41","modified_gmt":"2015-12-08T11:30:41","slug":"cientos-de-personas-gozaron-con-concierto-de-angel-parra-padre-e-hijo","status":"publish","type":"post","link":"http:\/\/vientosur.top\/museo\/cientos-de-personas-gozaron-con-concierto-de-angel-parra-padre-e-hijo\/","title":{"rendered":"Cientos de personas gozaron con concierto de \u00c1ngel Parra padre e hijo"},"content":{"rendered":"<p>Todo un \u00e9xito result\u00f3 el concierto que este domingo reuni\u00f3 a los reconocidos m\u00fasicos \u00c1ngel Parra padre e hijo en la explanada del Museo Violeta Parra.<!--more--><\/p>\n<p>La presentaci\u00f3n, que pudo ser vista por cientos de personas que desde temprano se apostaron en la parte exterior del museo, estuvo dedicada al p\u00fablico infantil. Sin embargo, los m\u00e1s grandes tambi\u00e9n gozaron con la m\u00fasica de estos ic\u00f3nicos representantes de la m\u00fasica chilena.<\/p>\n<p>&nbsp;<\/p>\n<p>\u201cFue un momento muy grato, de mucha comunicaci\u00f3n, con un peque\u00f1o espect\u00e1culo que yo quer\u00eda fuera dedicado a los ni\u00f1os. Cuando es dedicado a los ni\u00f1os tambi\u00e9n es dedicado a los adultos. La reacciones de la gente fueron muy hermosas\u201d, declar\u00f3 \u00c1ngel Parra, hijo de Violeta, tras el show.<\/p>\n<p>&nbsp;<\/p>\n<p>En ese sentido, agreg\u00f3 que en esta oportunidad la m\u00fasica tuvo sabor especial por \u201chaber actuado por primera vez en el patio\u201d. \u201cMe gusta mucho porque es como acceder a la calle, as\u00ed que muy bueno. Me voy muy contento, con cari\u00f1o\u201d, cerr\u00f3 el m\u00fasico.<\/p>\n<p>&nbsp;<\/p>\n<p>El concierto al aire libre de \u00c1ngel Parra padre e hijo fue precedido por el show del guitarrista cl\u00e1sico Jazm\u00edn Rojo (Claudio Rojas), quien se present\u00f3 en el auditorio Antar del Museo Violeta Parra con amplia asistencia de p\u00fablico.<\/p>\n<p>&nbsp;<\/p>\n<p>Ambos espect\u00e1culos se suman a la serie de conciertos que se han llevado a cabo en el espacio, tanto en el auditorio Antar como en la explanada. A las presentaciones recurrentes de Isabel y Tita Parra, hija y nieta de Violeta respectivamente, se agregan Francesca Ancarola y Elizabeth Morris, entre otros.<\/p>\n<p>Revisa la <a href=\"https:\/\/www.facebook.com\/media\/set\/?set=a.1688861804690567.1073741834.1619584511618297&amp;type=3\" target=\"_blank\" rel=\"noopener noreferrer\">galer\u00eda de fotos en nuestro Facebook<\/a><\/p>\n","protected":false},"excerpt":{"rendered":"<p>Todo un \u00e9xito result\u00f3 el concierto que este domingo reuni\u00f3 a los reconocidos m\u00fasicos \u00c1ngel Parra padre e hijo en la explanada del Museo Violeta Parra.<\/p>\n","protected":false},"author":5,"featured_media":315,"comment_status":"open","ping_status":"open","sticky":false,"template":"","format":"standard","meta":{"site-sidebar-layout":"default","site-content-layout":"","ast-site-content-layout":"default","site-content-style":"default","site-sidebar-style":"default","ast-global-header-display":"","ast-banner-title-visibility":"","ast-main-header-display":"","ast-hfb-above-header-display":"","ast-hfb-below-header-display":"","ast-hfb-mobile-header-display":"","site-post-title":"","ast-breadcrumbs-content":"","ast-featured-img":"","footer-sml-layout":"","theme-transparent-header-meta":"","adv-header-id-meta":"","stick-header-meta":"","header-above-stick-meta":"","header-main-stick-meta":"","header-below-stick-meta":"","astra-migrate-meta-layouts":"default","ast-page-background-enabled":"default","ast-page-background-meta":{"desktop":{"background-color":"var(--ast-global-color-4)","background-image":"","background-repeat":"repeat","background-position":"center center","background-size":"auto","background-attachment":"scroll","background-type":"","background-media":"","overlay-type":"","overlay-color":"","overlay-opacity":"","overlay-gradient":""},"tablet":{"background-color":"","background-image":"","background-repeat":"repeat","background-position":"center center","background-size":"auto","background-attachment":"scroll","background-type":"","background-media":"","overlay-type":"","overlay-color":"","overlay-opacity":"","overlay-gradient":""},"mobile":{"background-color":"","background-image":"","background-repeat":"repeat","background-position":"center center","background-size":"auto","background-attachment":"scroll","background-type":"","background-media":"","overlay-type":"","overlay-color":"","overlay-opacity":"","overlay-gradient":""}},"ast-content-background-meta":{"desktop":{"background-color":"var(--ast-global-color-5)","background-image":"","background-repeat":"repeat","background-position":"center center","background-size":"auto","background-attachment":"scroll","background-type":"","background-media":"","overlay-type":"","overlay-color":"","overlay-opacity":"","overlay-gradient":""},"tablet":{"background-color":"var(--ast-global-color-5)","background-image":"","background-repeat":"repeat","background-position":"center center","background-size":"auto","background-attachment":"scroll","background-type":"","background-media":"","overlay-type":"","overlay-color":"","overlay-opacity":"","overlay-gradient":""},"mobile":{"background-color":"var(--ast-global-color-5)","background-image":"","background-repeat":"repeat","background-position":"center center","background-size":"auto","background-attachment":"scroll","background-type":"","background-media":"","overlay-type":"","overlay-color":"","overlay-opacity":"","overlay-gradient":""}},"footnotes":""},"categories":[8],"tags":[],"class_list":["post-781","post","type-post","status-publish","format-standard","has-post-thumbnail","hentry","category-noticias"],"yoast_head":"<!-- This site is optimized with the Yoast SEO plugin v25.4 - https:\/\/yoast.com\/wordpress\/plugins\/seo\/ -->\n<title>Cientos de personas gozaron con concierto de \u00c1ngel Parra padre e hijo - Museo Violeta Parra<\/title>\n<meta name=\"robots\" content=\"index, follow, max-snippet:-1, max-image-preview:large, max-video-preview:-1\" \/>\n<link rel=\"canonical\" href=\"http:\/\/vientosur.top\/museo\/cientos-de-personas-gozaron-con-concierto-de-angel-parra-padre-e-hijo\/\" \/>\n<meta property=\"og:locale\" content=\"es_ES\" \/>\n<meta property=\"og:type\" content=\"article\" \/>\n<meta property=\"og:title\" content=\"Cientos de personas gozaron con concierto de \u00c1ngel Parra padre e hijo - Museo Violeta Parra\" \/>\n<meta property=\"og:description\" content=\"Todo un \u00e9xito result\u00f3 el concierto que este domingo reuni\u00f3 a los reconocidos m\u00fasicos \u00c1ngel Parra padre e hijo en la explanada del Museo Violeta Parra.\" \/>\n<meta property=\"og:url\" content=\"http:\/\/vientosur.top\/museo\/cientos-de-personas-gozaron-con-concierto-de-angel-parra-padre-e-hijo\/\" \/>\n<meta property=\"og:site_name\" content=\"Museo Violeta Parra\" \/>\n<meta property=\"article:published_time\" content=\"2015-12-08T11:30:41+00:00\" \/>\n<meta name=\"author\" content=\"admin\" \/>\n<meta name=\"twitter:card\" content=\"summary_large_image\" \/>\n<meta name=\"twitter:label1\" content=\"Escrito por\" \/>\n\t<meta name=\"twitter:data1\" content=\"admin\" \/>\n\t<meta name=\"twitter:label2\" content=\"Tiempo de lectura\" \/>\n\t<meta name=\"twitter:data2\" content=\"1 minuto\" \/>\n<script type=\"application\/ld+json\" class=\"yoast-schema-graph\">{\"@context\":\"https:\/\/schema.org\",\"@graph\":[{\"@type\":\"WebPage\",\"@id\":\"http:\/\/vientosur.top\/museo\/cientos-de-personas-gozaron-con-concierto-de-angel-parra-padre-e-hijo\/\",\"url\":\"http:\/\/vientosur.top\/museo\/cientos-de-personas-gozaron-con-concierto-de-angel-parra-padre-e-hijo\/\",\"name\":\"Cientos de personas gozaron con concierto de \u00c1ngel Parra padre e hijo - Museo Violeta Parra\",\"isPartOf\":{\"@id\":\"http:\/\/vientosur.top\/museo\/#website\"},\"primaryImageOfPage\":{\"@id\":\"http:\/\/vientosur.top\/museo\/cientos-de-personas-gozaron-con-concierto-de-angel-parra-padre-e-hijo\/#primaryimage\"},\"image\":{\"@id\":\"http:\/\/vientosur.top\/museo\/cientos-de-personas-gozaron-con-concierto-de-angel-parra-padre-e-hijo\/#primaryimage\"},\"thumbnailUrl\":\"\",\"datePublished\":\"2015-12-08T11:30:41+00:00\",\"author\":{\"@id\":\"http:\/\/vientosur.top\/museo\/#\/schema\/person\/20c79d3c38800971feec8c2693c3dd9c\"},\"breadcrumb\":{\"@id\":\"http:\/\/vientosur.top\/museo\/cientos-de-personas-gozaron-con-concierto-de-angel-parra-padre-e-hijo\/#breadcrumb\"},\"inLanguage\":\"es\",\"potentialAction\":[{\"@type\":\"ReadAction\",\"target\":[\"http:\/\/vientosur.top\/museo\/cientos-de-personas-gozaron-con-concierto-de-angel-parra-padre-e-hijo\/\"]}]},{\"@type\":\"ImageObject\",\"inLanguage\":\"es\",\"@id\":\"http:\/\/vientosur.top\/museo\/cientos-de-personas-gozaron-con-concierto-de-angel-parra-padre-e-hijo\/#primaryimage\",\"url\":\"\",\"contentUrl\":\"\"},{\"@type\":\"BreadcrumbList\",\"@id\":\"http:\/\/vientosur.top\/museo\/cientos-de-personas-gozaron-con-concierto-de-angel-parra-padre-e-hijo\/#breadcrumb\",\"itemListElement\":[{\"@type\":\"ListItem\",\"position\":1,\"name\":\"Portada\",\"item\":\"http:\/\/vientosur.top\/museo\/\"},{\"@type\":\"ListItem\",\"position\":2,\"name\":\"Cientos de personas gozaron con concierto de \u00c1ngel Parra padre e hijo\"}]},{\"@type\":\"WebSite\",\"@id\":\"http:\/\/vientosur.top\/museo\/#website\",\"url\":\"http:\/\/vientosur.top\/museo\/\",\"name\":\"Museo Violeta Parra\",\"description\":\"Espacio que alberga tanto la memoria y legado creativo de la artista\",\"potentialAction\":[{\"@type\":\"SearchAction\",\"target\":{\"@type\":\"EntryPoint\",\"urlTemplate\":\"http:\/\/vientosur.top\/museo\/?s={search_term_string}\"},\"query-input\":{\"@type\":\"PropertyValueSpecification\",\"valueRequired\":true,\"valueName\":\"search_term_string\"}}],\"inLanguage\":\"es\"},{\"@type\":\"Person\",\"@id\":\"http:\/\/vientosur.top\/museo\/#\/schema\/person\/20c79d3c38800971feec8c2693c3dd9c\",\"name\":\"admin\",\"image\":{\"@type\":\"ImageObject\",\"inLanguage\":\"es\",\"@id\":\"http:\/\/vientosur.top\/museo\/#\/schema\/person\/image\/\",\"url\":\"https:\/\/secure.gravatar.com\/avatar\/713677ece3ffa642287213a80e5b773bce9ab81c269dd6d95102a990951c922f?s=96&d=mm&r=g\",\"contentUrl\":\"https:\/\/secure.gravatar.com\/avatar\/713677ece3ffa642287213a80e5b773bce9ab81c269dd6d95102a990951c922f?s=96&d=mm&r=g\",\"caption\":\"admin\"},\"sameAs\":[\"http:\/\/vientosur.top\/museo\"],\"url\":\"http:\/\/vientosur.top\/museo\/author\/comunicacionesmvp\/\"}]}<\/script>\n<!-- \/ Yoast SEO plugin. -->","yoast_head_json":{"title":"Cientos de personas gozaron con concierto de \u00c1ngel Parra padre e hijo - Museo Violeta Parra","robots":{"index":"index","follow":"follow","max-snippet":"max-snippet:-1","max-image-preview":"max-image-preview:large","max-video-preview":"max-video-preview:-1"},"canonical":"http:\/\/vientosur.top\/museo\/cientos-de-personas-gozaron-con-concierto-de-angel-parra-padre-e-hijo\/","og_locale":"es_ES","og_type":"article","og_title":"Cientos de personas gozaron con concierto de \u00c1ngel Parra padre e hijo - Museo Violeta Parra","og_description":"Todo un \u00e9xito result\u00f3 el concierto que este domingo reuni\u00f3 a los reconocidos m\u00fasicos \u00c1ngel Parra padre e hijo en la explanada del Museo Violeta Parra.","og_url":"http:\/\/vientosur.top\/museo\/cientos-de-personas-gozaron-con-concierto-de-angel-parra-padre-e-hijo\/","og_site_name":"Museo Violeta Parra","article_published_time":"2015-12-08T11:30:41+00:00","author":"admin","twitter_card":"summary_large_image","twitter_misc":{"Escrito por":"admin","Tiempo de lectura":"1 minuto"},"schema":{"@context":"https:\/\/schema.org","@graph":[{"@type":"WebPage","@id":"http:\/\/vientosur.top\/museo\/cientos-de-personas-gozaron-con-concierto-de-angel-parra-padre-e-hijo\/","url":"http:\/\/vientosur.top\/museo\/cientos-de-personas-gozaron-con-concierto-de-angel-parra-padre-e-hijo\/","name":"Cientos de personas gozaron con concierto de \u00c1ngel Parra padre e hijo - Museo Violeta Parra","isPartOf":{"@id":"http:\/\/vientosur.top\/museo\/#website"},"primaryImageOfPage":{"@id":"http:\/\/vientosur.top\/museo\/cientos-de-personas-gozaron-con-concierto-de-angel-parra-padre-e-hijo\/#primaryimage"},"image":{"@id":"http:\/\/vientosur.top\/museo\/cientos-de-personas-gozaron-con-concierto-de-angel-parra-padre-e-hijo\/#primaryimage"},"thumbnailUrl":"","datePublished":"2015-12-08T11:30:41+00:00","author":{"@id":"http:\/\/vientosur.top\/museo\/#\/schema\/person\/20c79d3c38800971feec8c2693c3dd9c"},"breadcrumb":{"@id":"http:\/\/vientosur.top\/museo\/cientos-de-personas-gozaron-con-concierto-de-angel-parra-padre-e-hijo\/#breadcrumb"},"inLanguage":"es","potentialAction":[{"@type":"ReadAction","target":["http:\/\/vientosur.top\/museo\/cientos-de-personas-gozaron-con-concierto-de-angel-parra-padre-e-hijo\/"]}]},{"@type":"ImageObject","inLanguage":"es","@id":"http:\/\/vientosur.top\/museo\/cientos-de-personas-gozaron-con-concierto-de-angel-parra-padre-e-hijo\/#primaryimage","url":"","contentUrl":""},{"@type":"BreadcrumbList","@id":"http:\/\/vientosur.top\/museo\/cientos-de-personas-gozaron-con-concierto-de-angel-parra-padre-e-hijo\/#breadcrumb","itemListElement":[{"@type":"ListItem","position":1,"name":"Portada","item":"http:\/\/vientosur.top\/museo\/"},{"@type":"ListItem","position":2,"name":"Cientos de personas gozaron con concierto de \u00c1ngel Parra padre e hijo"}]},{"@type":"WebSite","@id":"http:\/\/vientosur.top\/museo\/#website","url":"http:\/\/vientosur.top\/museo\/","name":"Museo Violeta Parra","description":"Espacio que alberga tanto la memoria y legado creativo de la artista","potentialAction":[{"@type":"SearchAction","target":{"@type":"EntryPoint","urlTemplate":"http:\/\/vientosur.top\/museo\/?s={search_term_string}"},"query-input":{"@type":"PropertyValueSpecification","valueRequired":true,"valueName":"search_term_string"}}],"inLanguage":"es"},{"@type":"Person","@id":"http:\/\/vientosur.top\/museo\/#\/schema\/person\/20c79d3c38800971feec8c2693c3dd9c","name":"admin","image":{"@type":"ImageObject","inLanguage":"es","@id":"http:\/\/vientosur.top\/museo\/#\/schema\/person\/image\/","url":"https:\/\/secure.gravatar.com\/avatar\/713677ece3ffa642287213a80e5b773bce9ab81c269dd6d95102a990951c922f?s=96&d=mm&r=g","contentUrl":"https:\/\/secure.gravatar.com\/avatar\/713677ece3ffa642287213a80e5b773bce9ab81c269dd6d95102a990951c922f?s=96&d=mm&r=g","caption":"admin"},"sameAs":["http:\/\/vientosur.top\/museo"],"url":"http:\/\/vientosur.top\/museo\/author\/comunicacionesmvp\/"}]}},"_links":{"self":[{"href":"http:\/\/vientosur.top\/museo\/wp-json\/wp\/v2\/posts\/781","targetHints":{"allow":["GET"]}}],"collection":[{"href":"http:\/\/vientosur.top\/museo\/wp-json\/wp\/v2\/posts"}],"about":[{"href":"http:\/\/vientosur.top\/museo\/wp-json\/wp\/v2\/types\/post"}],"author":[{"embeddable":true,"href":"http:\/\/vientosur.top\/museo\/wp-json\/wp\/v2\/users\/5"}],"replies":[{"embeddable":true,"href":"http:\/\/vientosur.top\/museo\/wp-json\/wp\/v2\/comments?post=781"}],"version-history":[{"count":0,"href":"http:\/\/vientosur.top\/museo\/wp-json\/wp\/v2\/posts\/781\/revisions"}],"wp:featuredmedia":[{"embeddable":true,"href":"http:\/\/vientosur.top\/museo\/wp-json\/wp\/v2\/pages\/315"}],"wp:attachment":[{"href":"http:\/\/vientosur.top\/museo\/wp-json\/wp\/v2\/media?parent=781"}],"wp:term":[{"taxonomy":"category","embeddable":true,"href":"http:\/\/vientosur.top\/museo\/wp-json\/wp\/v2\/categories?post=781"},{"taxonomy":"post_tag","embeddable":true,"href":"http:\/\/vientosur.top\/museo\/wp-json\/wp\/v2\/tags?post=781"}],"curies":[{"name":"wp","href":"https:\/\/api.w.org\/{rel}","templated":true}]}}