{"id":783,"date":"2015-12-17T16:15:14","date_gmt":"2015-12-17T16:15:14","guid":{"rendered":"http:\/\/vientosur.top\/museo\/\/?p=327"},"modified":"2015-12-17T16:15:14","modified_gmt":"2015-12-17T16:15:14","slug":"isabel-y-angel-parra-vuelven-a-tocar-juntos-tras-30-anos","status":"publish","type":"post","link":"http:\/\/vientosur.top\/museo\/isabel-y-angel-parra-vuelven-a-tocar-juntos-tras-30-anos\/","title":{"rendered":"Isabel y \u00c1ngel Parra vuelven a tocar juntos tras 30 a\u00f1os"},"content":{"rendered":"<p>Este s\u00e1bado 19 de diciembre a las 16 horas los hermanos Parra, quienes desde ni\u00f1os iniciaron su carrera musical junto a su madre, se presentar\u00e1n en un in\u00e9dito y \u00fanico concierto en el museo dedicado a Violeta (Vicu\u00f1a Mackenna 37).<\/p>\n<p><!--more--><\/p>\n<p>Estos compositores, int\u00e9rpretes, gestores culturales, crearon a fines de los 60 la memorable \u00abPe\u00f1a de los Parra\u00bb, centro fundamental de creaci\u00f3n\u00a0 y difusi\u00f3n del Canto Popular chileno y latinoamericano.<\/p>\n<p>&nbsp;<\/p>\n<p>En las d\u00e9cadas siguientes continuaron su brillante carrera art\u00edstica juntos y separadamente, tanto en Chile como en otros pa\u00edses de Am\u00e9rica Latina o Europa, cada uno con su propia discograf\u00eda amplia y contundente en tem\u00e1ticas, musicalidad y contenidos.<\/p>\n<p>&nbsp;<\/p>\n<p>Para \u00c1ngel, quien ya se present\u00f3 en el mismo escenario junto a su hijo, este espect\u00e1culo es un hito puesto que ya han pasado \u201csus buenos 30 a\u00f1os\u201d desde la \u00faltima vez que ambos hermanos tocaron juntos.<\/p>\n<p>&nbsp;<\/p>\n<p>\u201cTenemos un repertorio como solistas los dos, muy amplio, muy grande, de tal manera que por m\u00fasica no nos vamos a quedar, por textos tampoco\u201d, dijo el hijo menor de la multifac\u00e9tica Violeta Parra.<\/p>\n<p>&nbsp;<\/p>\n<p>Seg\u00fan manifest\u00f3, realizar este espect\u00e1culo le genera un \u201csentimiento de alegr\u00eda porque el concierto se hace en el museo de mi madre, se hace en este espacio de resistencia cultural como lo he llamado, y es muy emocionante, muy bello poder hacerlo aqu\u00ed\u201d. El concierto\u00a0 lo realizar\u00e1 a d\u00edas de que regrese a Francia, su pa\u00eds de residencia.<\/p>\n","protected":false},"excerpt":{"rendered":"<p>Este s\u00e1bado 19 de diciembre a las 16 horas los hermanos Parra, quienes desde ni\u00f1os iniciaron su carrera musical junto a su madre, se presentar\u00e1n en un in\u00e9dito y \u00fanico concierto en el museo dedicado a Violeta (Vicu\u00f1a Mackenna 37).<\/p>\n","protected":false},"author":5,"featured_media":328,"comment_status":"open","ping_status":"open","sticky":false,"template":"","format":"standard","meta":{"site-sidebar-layout":"default","site-content-layout":"","ast-site-content-layout":"default","site-content-style":"default","site-sidebar-style":"default","ast-global-header-display":"","ast-banner-title-visibility":"","ast-main-header-display":"","ast-hfb-above-header-display":"","ast-hfb-below-header-display":"","ast-hfb-mobile-header-display":"","site-post-title":"","ast-breadcrumbs-content":"","ast-featured-img":"","footer-sml-layout":"","theme-transparent-header-meta":"","adv-header-id-meta":"","stick-header-meta":"","header-above-stick-meta":"","header-main-stick-meta":"","header-below-stick-meta":"","astra-migrate-meta-layouts":"default","ast-page-background-enabled":"default","ast-page-background-meta":{"desktop":{"background-color":"var(--ast-global-color-4)","background-image":"","background-repeat":"repeat","background-position":"center center","background-size":"auto","background-attachment":"scroll","background-type":"","background-media":"","overlay-type":"","overlay-color":"","overlay-opacity":"","overlay-gradient":""},"tablet":{"background-color":"","background-image":"","background-repeat":"repeat","background-position":"center center","background-size":"auto","background-attachment":"scroll","background-type":"","background-media":"","overlay-type":"","overlay-color":"","overlay-opacity":"","overlay-gradient":""},"mobile":{"background-color":"","background-image":"","background-repeat":"repeat","background-position":"center center","background-size":"auto","background-attachment":"scroll","background-type":"","background-media":"","overlay-type":"","overlay-color":"","overlay-opacity":"","overlay-gradient":""}},"ast-content-background-meta":{"desktop":{"background-color":"var(--ast-global-color-5)","background-image":"","background-repeat":"repeat","background-position":"center center","background-size":"auto","background-attachment":"scroll","background-type":"","background-media":"","overlay-type":"","overlay-color":"","overlay-opacity":"","overlay-gradient":""},"tablet":{"background-color":"var(--ast-global-color-5)","background-image":"","background-repeat":"repeat","background-position":"center center","background-size":"auto","background-attachment":"scroll","background-type":"","background-media":"","overlay-type":"","overlay-color":"","overlay-opacity":"","overlay-gradient":""},"mobile":{"background-color":"var(--ast-global-color-5)","background-image":"","background-repeat":"repeat","background-position":"center center","background-size":"auto","background-attachment":"scroll","background-type":"","background-media":"","overlay-type":"","overlay-color":"","overlay-opacity":"","overlay-gradient":""}},"footnotes":""},"categories":[8],"tags":[],"class_list":["post-783","post","type-post","status-publish","format-standard","has-post-thumbnail","hentry","category-noticias"],"yoast_head":"<!-- This site is optimized with the Yoast SEO plugin v25.4 - https:\/\/yoast.com\/wordpress\/plugins\/seo\/ -->\n<title>Isabel y \u00c1ngel Parra vuelven a tocar juntos tras 30 a\u00f1os - Museo Violeta Parra<\/title>\n<meta name=\"robots\" content=\"index, follow, max-snippet:-1, max-image-preview:large, max-video-preview:-1\" \/>\n<link rel=\"canonical\" href=\"http:\/\/vientosur.top\/museo\/isabel-y-angel-parra-vuelven-a-tocar-juntos-tras-30-anos\/\" \/>\n<meta property=\"og:locale\" content=\"es_ES\" \/>\n<meta property=\"og:type\" content=\"article\" \/>\n<meta property=\"og:title\" content=\"Isabel y \u00c1ngel Parra vuelven a tocar juntos tras 30 a\u00f1os - Museo Violeta Parra\" \/>\n<meta property=\"og:description\" content=\"Este s\u00e1bado 19 de diciembre a las 16 horas los hermanos Parra, quienes desde ni\u00f1os iniciaron su carrera musical junto a su madre, se presentar\u00e1n en un in\u00e9dito y \u00fanico concierto en el museo dedicado a Violeta (Vicu\u00f1a Mackenna 37).\" \/>\n<meta property=\"og:url\" content=\"http:\/\/vientosur.top\/museo\/isabel-y-angel-parra-vuelven-a-tocar-juntos-tras-30-anos\/\" \/>\n<meta property=\"og:site_name\" content=\"Museo Violeta Parra\" \/>\n<meta property=\"article:published_time\" content=\"2015-12-17T16:15:14+00:00\" \/>\n<meta name=\"author\" content=\"admin\" \/>\n<meta name=\"twitter:card\" content=\"summary_large_image\" \/>\n<meta name=\"twitter:label1\" content=\"Escrito por\" \/>\n\t<meta name=\"twitter:data1\" content=\"admin\" \/>\n\t<meta name=\"twitter:label2\" content=\"Tiempo de lectura\" \/>\n\t<meta name=\"twitter:data2\" content=\"1 minuto\" \/>\n<script type=\"application\/ld+json\" class=\"yoast-schema-graph\">{\"@context\":\"https:\/\/schema.org\",\"@graph\":[{\"@type\":\"WebPage\",\"@id\":\"http:\/\/vientosur.top\/museo\/isabel-y-angel-parra-vuelven-a-tocar-juntos-tras-30-anos\/\",\"url\":\"http:\/\/vientosur.top\/museo\/isabel-y-angel-parra-vuelven-a-tocar-juntos-tras-30-anos\/\",\"name\":\"Isabel y \u00c1ngel Parra vuelven a tocar juntos tras 30 a\u00f1os - Museo Violeta Parra\",\"isPartOf\":{\"@id\":\"http:\/\/vientosur.top\/museo\/#website\"},\"primaryImageOfPage\":{\"@id\":\"http:\/\/vientosur.top\/museo\/isabel-y-angel-parra-vuelven-a-tocar-juntos-tras-30-anos\/#primaryimage\"},\"image\":{\"@id\":\"http:\/\/vientosur.top\/museo\/isabel-y-angel-parra-vuelven-a-tocar-juntos-tras-30-anos\/#primaryimage\"},\"thumbnailUrl\":\"\",\"datePublished\":\"2015-12-17T16:15:14+00:00\",\"author\":{\"@id\":\"http:\/\/vientosur.top\/museo\/#\/schema\/person\/20c79d3c38800971feec8c2693c3dd9c\"},\"breadcrumb\":{\"@id\":\"http:\/\/vientosur.top\/museo\/isabel-y-angel-parra-vuelven-a-tocar-juntos-tras-30-anos\/#breadcrumb\"},\"inLanguage\":\"es\",\"potentialAction\":[{\"@type\":\"ReadAction\",\"target\":[\"http:\/\/vientosur.top\/museo\/isabel-y-angel-parra-vuelven-a-tocar-juntos-tras-30-anos\/\"]}]},{\"@type\":\"ImageObject\",\"inLanguage\":\"es\",\"@id\":\"http:\/\/vientosur.top\/museo\/isabel-y-angel-parra-vuelven-a-tocar-juntos-tras-30-anos\/#primaryimage\",\"url\":\"\",\"contentUrl\":\"\"},{\"@type\":\"BreadcrumbList\",\"@id\":\"http:\/\/vientosur.top\/museo\/isabel-y-angel-parra-vuelven-a-tocar-juntos-tras-30-anos\/#breadcrumb\",\"itemListElement\":[{\"@type\":\"ListItem\",\"position\":1,\"name\":\"Portada\",\"item\":\"http:\/\/vientosur.top\/museo\/\"},{\"@type\":\"ListItem\",\"position\":2,\"name\":\"Isabel y \u00c1ngel Parra vuelven a tocar juntos tras 30 a\u00f1os\"}]},{\"@type\":\"WebSite\",\"@id\":\"http:\/\/vientosur.top\/museo\/#website\",\"url\":\"http:\/\/vientosur.top\/museo\/\",\"name\":\"Museo Violeta Parra\",\"description\":\"Espacio que alberga tanto la memoria y legado creativo de la artista\",\"potentialAction\":[{\"@type\":\"SearchAction\",\"target\":{\"@type\":\"EntryPoint\",\"urlTemplate\":\"http:\/\/vientosur.top\/museo\/?s={search_term_string}\"},\"query-input\":{\"@type\":\"PropertyValueSpecification\",\"valueRequired\":true,\"valueName\":\"search_term_string\"}}],\"inLanguage\":\"es\"},{\"@type\":\"Person\",\"@id\":\"http:\/\/vientosur.top\/museo\/#\/schema\/person\/20c79d3c38800971feec8c2693c3dd9c\",\"name\":\"admin\",\"image\":{\"@type\":\"ImageObject\",\"inLanguage\":\"es\",\"@id\":\"http:\/\/vientosur.top\/museo\/#\/schema\/person\/image\/\",\"url\":\"https:\/\/secure.gravatar.com\/avatar\/713677ece3ffa642287213a80e5b773bce9ab81c269dd6d95102a990951c922f?s=96&d=mm&r=g\",\"contentUrl\":\"https:\/\/secure.gravatar.com\/avatar\/713677ece3ffa642287213a80e5b773bce9ab81c269dd6d95102a990951c922f?s=96&d=mm&r=g\",\"caption\":\"admin\"},\"sameAs\":[\"http:\/\/vientosur.top\/museo\"],\"url\":\"http:\/\/vientosur.top\/museo\/author\/comunicacionesmvp\/\"}]}<\/script>\n<!-- \/ Yoast SEO plugin. -->","yoast_head_json":{"title":"Isabel y \u00c1ngel Parra vuelven a tocar juntos tras 30 a\u00f1os - Museo Violeta Parra","robots":{"index":"index","follow":"follow","max-snippet":"max-snippet:-1","max-image-preview":"max-image-preview:large","max-video-preview":"max-video-preview:-1"},"canonical":"http:\/\/vientosur.top\/museo\/isabel-y-angel-parra-vuelven-a-tocar-juntos-tras-30-anos\/","og_locale":"es_ES","og_type":"article","og_title":"Isabel y \u00c1ngel Parra vuelven a tocar juntos tras 30 a\u00f1os - Museo Violeta Parra","og_description":"Este s\u00e1bado 19 de diciembre a las 16 horas los hermanos Parra, quienes desde ni\u00f1os iniciaron su carrera musical junto a su madre, se presentar\u00e1n en un in\u00e9dito y \u00fanico concierto en el museo dedicado a Violeta (Vicu\u00f1a Mackenna 37).","og_url":"http:\/\/vientosur.top\/museo\/isabel-y-angel-parra-vuelven-a-tocar-juntos-tras-30-anos\/","og_site_name":"Museo Violeta Parra","article_published_time":"2015-12-17T16:15:14+00:00","author":"admin","twitter_card":"summary_large_image","twitter_misc":{"Escrito por":"admin","Tiempo de lectura":"1 minuto"},"schema":{"@context":"https:\/\/schema.org","@graph":[{"@type":"WebPage","@id":"http:\/\/vientosur.top\/museo\/isabel-y-angel-parra-vuelven-a-tocar-juntos-tras-30-anos\/","url":"http:\/\/vientosur.top\/museo\/isabel-y-angel-parra-vuelven-a-tocar-juntos-tras-30-anos\/","name":"Isabel y \u00c1ngel Parra vuelven a tocar juntos tras 30 a\u00f1os - Museo Violeta Parra","isPartOf":{"@id":"http:\/\/vientosur.top\/museo\/#website"},"primaryImageOfPage":{"@id":"http:\/\/vientosur.top\/museo\/isabel-y-angel-parra-vuelven-a-tocar-juntos-tras-30-anos\/#primaryimage"},"image":{"@id":"http:\/\/vientosur.top\/museo\/isabel-y-angel-parra-vuelven-a-tocar-juntos-tras-30-anos\/#primaryimage"},"thumbnailUrl":"","datePublished":"2015-12-17T16:15:14+00:00","author":{"@id":"http:\/\/vientosur.top\/museo\/#\/schema\/person\/20c79d3c38800971feec8c2693c3dd9c"},"breadcrumb":{"@id":"http:\/\/vientosur.top\/museo\/isabel-y-angel-parra-vuelven-a-tocar-juntos-tras-30-anos\/#breadcrumb"},"inLanguage":"es","potentialAction":[{"@type":"ReadAction","target":["http:\/\/vientosur.top\/museo\/isabel-y-angel-parra-vuelven-a-tocar-juntos-tras-30-anos\/"]}]},{"@type":"ImageObject","inLanguage":"es","@id":"http:\/\/vientosur.top\/museo\/isabel-y-angel-parra-vuelven-a-tocar-juntos-tras-30-anos\/#primaryimage","url":"","contentUrl":""},{"@type":"BreadcrumbList","@id":"http:\/\/vientosur.top\/museo\/isabel-y-angel-parra-vuelven-a-tocar-juntos-tras-30-anos\/#breadcrumb","itemListElement":[{"@type":"ListItem","position":1,"name":"Portada","item":"http:\/\/vientosur.top\/museo\/"},{"@type":"ListItem","position":2,"name":"Isabel y \u00c1ngel Parra vuelven a tocar juntos tras 30 a\u00f1os"}]},{"@type":"WebSite","@id":"http:\/\/vientosur.top\/museo\/#website","url":"http:\/\/vientosur.top\/museo\/","name":"Museo Violeta Parra","description":"Espacio que alberga tanto la memoria y legado creativo de la artista","potentialAction":[{"@type":"SearchAction","target":{"@type":"EntryPoint","urlTemplate":"http:\/\/vientosur.top\/museo\/?s={search_term_string}"},"query-input":{"@type":"PropertyValueSpecification","valueRequired":true,"valueName":"search_term_string"}}],"inLanguage":"es"},{"@type":"Person","@id":"http:\/\/vientosur.top\/museo\/#\/schema\/person\/20c79d3c38800971feec8c2693c3dd9c","name":"admin","image":{"@type":"ImageObject","inLanguage":"es","@id":"http:\/\/vientosur.top\/museo\/#\/schema\/person\/image\/","url":"https:\/\/secure.gravatar.com\/avatar\/713677ece3ffa642287213a80e5b773bce9ab81c269dd6d95102a990951c922f?s=96&d=mm&r=g","contentUrl":"https:\/\/secure.gravatar.com\/avatar\/713677ece3ffa642287213a80e5b773bce9ab81c269dd6d95102a990951c922f?s=96&d=mm&r=g","caption":"admin"},"sameAs":["http:\/\/vientosur.top\/museo"],"url":"http:\/\/vientosur.top\/museo\/author\/comunicacionesmvp\/"}]}},"_links":{"self":[{"href":"http:\/\/vientosur.top\/museo\/wp-json\/wp\/v2\/posts\/783","targetHints":{"allow":["GET"]}}],"collection":[{"href":"http:\/\/vientosur.top\/museo\/wp-json\/wp\/v2\/posts"}],"about":[{"href":"http:\/\/vientosur.top\/museo\/wp-json\/wp\/v2\/types\/post"}],"author":[{"embeddable":true,"href":"http:\/\/vientosur.top\/museo\/wp-json\/wp\/v2\/users\/5"}],"replies":[{"embeddable":true,"href":"http:\/\/vientosur.top\/museo\/wp-json\/wp\/v2\/comments?post=783"}],"version-history":[{"count":0,"href":"http:\/\/vientosur.top\/museo\/wp-json\/wp\/v2\/posts\/783\/revisions"}],"wp:featuredmedia":[{"embeddable":true,"href":"http:\/\/vientosur.top\/museo\/wp-json\/"}],"wp:attachment":[{"href":"http:\/\/vientosur.top\/museo\/wp-json\/wp\/v2\/media?parent=783"}],"wp:term":[{"taxonomy":"category","embeddable":true,"href":"http:\/\/vientosur.top\/museo\/wp-json\/wp\/v2\/categories?post=783"},{"taxonomy":"post_tag","embeddable":true,"href":"http:\/\/vientosur.top\/museo\/wp-json\/wp\/v2\/tags?post=783"}],"curies":[{"name":"wp","href":"https:\/\/api.w.org\/{rel}","templated":true}]}}