{"id":784,"date":"2016-01-27T20:52:34","date_gmt":"2016-01-27T20:52:34","guid":{"rendered":"http:\/\/vientosur.top\/museo\/\/?p=631"},"modified":"2016-01-27T20:52:34","modified_gmt":"2016-01-27T20:52:34","slug":"museo-violeta-parra-convoca-a-programa-de-voluntariados-2016","status":"publish","type":"post","link":"http:\/\/vientosur.top\/museo\/museo-violeta-parra-convoca-a-programa-de-voluntariados-2016\/","title":{"rendered":"Museo Violeta Parra convoca a programa de voluntariados 2016"},"content":{"rendered":"<p>Los\u00a0 interesados deben tener conocimiento de arte, m\u00fasica e historia de Chile, adem\u00e1s de un gran inter\u00e9s por transmitir el enorme legado de la artista, expuesto en gran medida en el espacio cultural.<\/p>\n<p><!--more--><\/p>\n<p>El Museo Violeta Parra inici\u00f3 su convocatoria al programa de voluntariados para el a\u00f1o 2016, que pretende transformar a los participantes en agentes de vinculaci\u00f3n del p\u00fablico con el legado de la artista a trav\u00e9s de acciones de mediaci\u00f3n cultural.<\/p>\n<p>El voluntariado, que tiene una duraci\u00f3n de un a\u00f1o y es ad honorem, considera en esta oportunidad a personas desde los 18 a\u00f1os, comprometidas, con disponibilidad de cuatro o m\u00e1s horas semanales para desempe\u00f1arse en el museo.<\/p>\n<p>Se requiere conocimiento de arte, m\u00fasica e historia de Chile, adem\u00e1s de un gran inter\u00e9s por transmitir el enorme legado art\u00edstico de Violeta Parra, en gran parte expuesto en el museo a trav\u00e9s de sus \u00f3leos, arpilleras y papel mach\u00e9.<\/p>\n<p>Los participantes trabajar\u00e1n bajo la tutela de los miembros del equipo de Educaci\u00f3n. Se buscar\u00e1 que aporten sus conocimientos, buen trato con el p\u00fablico y creatividad, adem\u00e1s de participar en la creaci\u00f3n de actividades de mediaci\u00f3n como visitas guiadas y talleres.<\/p>\n<p>Durante su periodo como voluntarios, experimentar\u00e1n un aprendizaje de enorme valor respecto al quehacer del \u00e1mbito museol\u00f3gico. Su desempe\u00f1o ser\u00e1 recompensado con un certificado y una carta de recomendaci\u00f3n que respaldar\u00e1 su gesti\u00f3n en futuras experiencias laborales.<\/p>\n<p><strong>Formularios postulaci\u00f3n<\/strong><\/p>\n<p>Quienes quieran formar parte del programa, deber\u00e1n <a href=\"http:\/\/vientosur.top\/museo\/\/wp-content\/uploads\/2016\/01\/FormConvocatoria-Voluntariado-Museo-Violeta-Parra-Final_final-1.doc\" target=\"_blank\" rel=\"noopener noreferrer\">descargar las bases y los documentos necesarios para la postulaci\u00f3n (ficha y formato de carta de recomendaci\u00f3n)<\/a><\/p>\n<p>Los formularios completados deben ser enviados al email:\u00a0 educacion@museovioletaparra.cl<\/p>\n<p>La convocatoria y recepci\u00f3n de antecedentes ser\u00e1 hasta el 29 de febrero.<\/p>\n<p>&nbsp;<\/p>\n","protected":false},"excerpt":{"rendered":"<p>Los\u00a0 interesados deben tener conocimiento de arte, m\u00fasica e historia de Chile, adem\u00e1s de un gran inter\u00e9s por transmitir el enorme legado de la artista, expuesto en gran medida en el espacio cultural.<\/p>\n","protected":false},"author":5,"featured_media":654,"comment_status":"open","ping_status":"open","sticky":false,"template":"","format":"standard","meta":{"site-sidebar-layout":"default","site-content-layout":"","ast-site-content-layout":"default","site-content-style":"default","site-sidebar-style":"default","ast-global-header-display":"","ast-banner-title-visibility":"","ast-main-header-display":"","ast-hfb-above-header-display":"","ast-hfb-below-header-display":"","ast-hfb-mobile-header-display":"","site-post-title":"","ast-breadcrumbs-content":"","ast-featured-img":"","footer-sml-layout":"","theme-transparent-header-meta":"","adv-header-id-meta":"","stick-header-meta":"","header-above-stick-meta":"","header-main-stick-meta":"","header-below-stick-meta":"","astra-migrate-meta-layouts":"default","ast-page-background-enabled":"default","ast-page-background-meta":{"desktop":{"background-color":"var(--ast-global-color-4)","background-image":"","background-repeat":"repeat","background-position":"center center","background-size":"auto","background-attachment":"scroll","background-type":"","background-media":"","overlay-type":"","overlay-color":"","overlay-opacity":"","overlay-gradient":""},"tablet":{"background-color":"","background-image":"","background-repeat":"repeat","background-position":"center center","background-size":"auto","background-attachment":"scroll","background-type":"","background-media":"","overlay-type":"","overlay-color":"","overlay-opacity":"","overlay-gradient":""},"mobile":{"background-color":"","background-image":"","background-repeat":"repeat","background-position":"center center","background-size":"auto","background-attachment":"scroll","background-type":"","background-media":"","overlay-type":"","overlay-color":"","overlay-opacity":"","overlay-gradient":""}},"ast-content-background-meta":{"desktop":{"background-color":"var(--ast-global-color-5)","background-image":"","background-repeat":"repeat","background-position":"center center","background-size":"auto","background-attachment":"scroll","background-type":"","background-media":"","overlay-type":"","overlay-color":"","overlay-opacity":"","overlay-gradient":""},"tablet":{"background-color":"var(--ast-global-color-5)","background-image":"","background-repeat":"repeat","background-position":"center center","background-size":"auto","background-attachment":"scroll","background-type":"","background-media":"","overlay-type":"","overlay-color":"","overlay-opacity":"","overlay-gradient":""},"mobile":{"background-color":"var(--ast-global-color-5)","background-image":"","background-repeat":"repeat","background-position":"center center","background-size":"auto","background-attachment":"scroll","background-type":"","background-media":"","overlay-type":"","overlay-color":"","overlay-opacity":"","overlay-gradient":""}},"footnotes":""},"categories":[59,8,61],"tags":[60,62,63],"class_list":["post-784","post","type-post","status-publish","format-standard","has-post-thumbnail","hentry","category-destacado-noticia","category-noticias","category-novedades","tag-educacion","tag-visitas-guiadas","tag-voluntariado"],"yoast_head":"<!-- This site is optimized with the Yoast SEO plugin v25.4 - https:\/\/yoast.com\/wordpress\/plugins\/seo\/ -->\n<title>Museo Violeta Parra convoca a programa de voluntariados 2016 - Museo Violeta Parra<\/title>\n<meta name=\"robots\" content=\"index, follow, max-snippet:-1, max-image-preview:large, max-video-preview:-1\" \/>\n<link rel=\"canonical\" href=\"http:\/\/vientosur.top\/museo\/museo-violeta-parra-convoca-a-programa-de-voluntariados-2016\/\" \/>\n<meta property=\"og:locale\" content=\"es_ES\" \/>\n<meta property=\"og:type\" content=\"article\" \/>\n<meta property=\"og:title\" content=\"Museo Violeta Parra convoca a programa de voluntariados 2016 - Museo Violeta Parra\" \/>\n<meta property=\"og:description\" content=\"Los\u00a0 interesados deben tener conocimiento de arte, m\u00fasica e historia de Chile, adem\u00e1s de un gran inter\u00e9s por transmitir el enorme legado de la artista, expuesto en gran medida en el espacio cultural.\" \/>\n<meta property=\"og:url\" content=\"http:\/\/vientosur.top\/museo\/museo-violeta-parra-convoca-a-programa-de-voluntariados-2016\/\" \/>\n<meta property=\"og:site_name\" content=\"Museo Violeta Parra\" \/>\n<meta property=\"article:published_time\" content=\"2016-01-27T20:52:34+00:00\" \/>\n<meta name=\"author\" content=\"admin\" \/>\n<meta name=\"twitter:card\" content=\"summary_large_image\" \/>\n<meta name=\"twitter:label1\" content=\"Escrito por\" \/>\n\t<meta name=\"twitter:data1\" content=\"admin\" \/>\n\t<meta name=\"twitter:label2\" content=\"Tiempo de lectura\" \/>\n\t<meta name=\"twitter:data2\" content=\"2 minutos\" \/>\n<script type=\"application\/ld+json\" class=\"yoast-schema-graph\">{\"@context\":\"https:\/\/schema.org\",\"@graph\":[{\"@type\":\"WebPage\",\"@id\":\"http:\/\/vientosur.top\/museo\/museo-violeta-parra-convoca-a-programa-de-voluntariados-2016\/\",\"url\":\"http:\/\/vientosur.top\/museo\/museo-violeta-parra-convoca-a-programa-de-voluntariados-2016\/\",\"name\":\"Museo Violeta Parra convoca a programa de voluntariados 2016 - Museo Violeta Parra\",\"isPartOf\":{\"@id\":\"http:\/\/vientosur.top\/museo\/#website\"},\"primaryImageOfPage\":{\"@id\":\"http:\/\/vientosur.top\/museo\/museo-violeta-parra-convoca-a-programa-de-voluntariados-2016\/#primaryimage\"},\"image\":{\"@id\":\"http:\/\/vientosur.top\/museo\/museo-violeta-parra-convoca-a-programa-de-voluntariados-2016\/#primaryimage\"},\"thumbnailUrl\":\"\",\"datePublished\":\"2016-01-27T20:52:34+00:00\",\"author\":{\"@id\":\"http:\/\/vientosur.top\/museo\/#\/schema\/person\/20c79d3c38800971feec8c2693c3dd9c\"},\"breadcrumb\":{\"@id\":\"http:\/\/vientosur.top\/museo\/museo-violeta-parra-convoca-a-programa-de-voluntariados-2016\/#breadcrumb\"},\"inLanguage\":\"es\",\"potentialAction\":[{\"@type\":\"ReadAction\",\"target\":[\"http:\/\/vientosur.top\/museo\/museo-violeta-parra-convoca-a-programa-de-voluntariados-2016\/\"]}]},{\"@type\":\"ImageObject\",\"inLanguage\":\"es\",\"@id\":\"http:\/\/vientosur.top\/museo\/museo-violeta-parra-convoca-a-programa-de-voluntariados-2016\/#primaryimage\",\"url\":\"\",\"contentUrl\":\"\"},{\"@type\":\"BreadcrumbList\",\"@id\":\"http:\/\/vientosur.top\/museo\/museo-violeta-parra-convoca-a-programa-de-voluntariados-2016\/#breadcrumb\",\"itemListElement\":[{\"@type\":\"ListItem\",\"position\":1,\"name\":\"Portada\",\"item\":\"http:\/\/vientosur.top\/museo\/\"},{\"@type\":\"ListItem\",\"position\":2,\"name\":\"Museo Violeta Parra convoca a programa de voluntariados 2016\"}]},{\"@type\":\"WebSite\",\"@id\":\"http:\/\/vientosur.top\/museo\/#website\",\"url\":\"http:\/\/vientosur.top\/museo\/\",\"name\":\"Museo Violeta Parra\",\"description\":\"Espacio que alberga tanto la memoria y legado creativo de la artista\",\"potentialAction\":[{\"@type\":\"SearchAction\",\"target\":{\"@type\":\"EntryPoint\",\"urlTemplate\":\"http:\/\/vientosur.top\/museo\/?s={search_term_string}\"},\"query-input\":{\"@type\":\"PropertyValueSpecification\",\"valueRequired\":true,\"valueName\":\"search_term_string\"}}],\"inLanguage\":\"es\"},{\"@type\":\"Person\",\"@id\":\"http:\/\/vientosur.top\/museo\/#\/schema\/person\/20c79d3c38800971feec8c2693c3dd9c\",\"name\":\"admin\",\"image\":{\"@type\":\"ImageObject\",\"inLanguage\":\"es\",\"@id\":\"http:\/\/vientosur.top\/museo\/#\/schema\/person\/image\/\",\"url\":\"https:\/\/secure.gravatar.com\/avatar\/713677ece3ffa642287213a80e5b773bce9ab81c269dd6d95102a990951c922f?s=96&d=mm&r=g\",\"contentUrl\":\"https:\/\/secure.gravatar.com\/avatar\/713677ece3ffa642287213a80e5b773bce9ab81c269dd6d95102a990951c922f?s=96&d=mm&r=g\",\"caption\":\"admin\"},\"sameAs\":[\"http:\/\/vientosur.top\/museo\"],\"url\":\"http:\/\/vientosur.top\/museo\/author\/comunicacionesmvp\/\"}]}<\/script>\n<!-- \/ Yoast SEO plugin. -->","yoast_head_json":{"title":"Museo Violeta Parra convoca a programa de voluntariados 2016 - Museo Violeta Parra","robots":{"index":"index","follow":"follow","max-snippet":"max-snippet:-1","max-image-preview":"max-image-preview:large","max-video-preview":"max-video-preview:-1"},"canonical":"http:\/\/vientosur.top\/museo\/museo-violeta-parra-convoca-a-programa-de-voluntariados-2016\/","og_locale":"es_ES","og_type":"article","og_title":"Museo Violeta Parra convoca a programa de voluntariados 2016 - Museo Violeta Parra","og_description":"Los\u00a0 interesados deben tener conocimiento de arte, m\u00fasica e historia de Chile, adem\u00e1s de un gran inter\u00e9s por transmitir el enorme legado de la artista, expuesto en gran medida en el espacio cultural.","og_url":"http:\/\/vientosur.top\/museo\/museo-violeta-parra-convoca-a-programa-de-voluntariados-2016\/","og_site_name":"Museo Violeta Parra","article_published_time":"2016-01-27T20:52:34+00:00","author":"admin","twitter_card":"summary_large_image","twitter_misc":{"Escrito por":"admin","Tiempo de lectura":"2 minutos"},"schema":{"@context":"https:\/\/schema.org","@graph":[{"@type":"WebPage","@id":"http:\/\/vientosur.top\/museo\/museo-violeta-parra-convoca-a-programa-de-voluntariados-2016\/","url":"http:\/\/vientosur.top\/museo\/museo-violeta-parra-convoca-a-programa-de-voluntariados-2016\/","name":"Museo Violeta Parra convoca a programa de voluntariados 2016 - Museo Violeta Parra","isPartOf":{"@id":"http:\/\/vientosur.top\/museo\/#website"},"primaryImageOfPage":{"@id":"http:\/\/vientosur.top\/museo\/museo-violeta-parra-convoca-a-programa-de-voluntariados-2016\/#primaryimage"},"image":{"@id":"http:\/\/vientosur.top\/museo\/museo-violeta-parra-convoca-a-programa-de-voluntariados-2016\/#primaryimage"},"thumbnailUrl":"","datePublished":"2016-01-27T20:52:34+00:00","author":{"@id":"http:\/\/vientosur.top\/museo\/#\/schema\/person\/20c79d3c38800971feec8c2693c3dd9c"},"breadcrumb":{"@id":"http:\/\/vientosur.top\/museo\/museo-violeta-parra-convoca-a-programa-de-voluntariados-2016\/#breadcrumb"},"inLanguage":"es","potentialAction":[{"@type":"ReadAction","target":["http:\/\/vientosur.top\/museo\/museo-violeta-parra-convoca-a-programa-de-voluntariados-2016\/"]}]},{"@type":"ImageObject","inLanguage":"es","@id":"http:\/\/vientosur.top\/museo\/museo-violeta-parra-convoca-a-programa-de-voluntariados-2016\/#primaryimage","url":"","contentUrl":""},{"@type":"BreadcrumbList","@id":"http:\/\/vientosur.top\/museo\/museo-violeta-parra-convoca-a-programa-de-voluntariados-2016\/#breadcrumb","itemListElement":[{"@type":"ListItem","position":1,"name":"Portada","item":"http:\/\/vientosur.top\/museo\/"},{"@type":"ListItem","position":2,"name":"Museo Violeta Parra convoca a programa de voluntariados 2016"}]},{"@type":"WebSite","@id":"http:\/\/vientosur.top\/museo\/#website","url":"http:\/\/vientosur.top\/museo\/","name":"Museo Violeta Parra","description":"Espacio que alberga tanto la memoria y legado creativo de la artista","potentialAction":[{"@type":"SearchAction","target":{"@type":"EntryPoint","urlTemplate":"http:\/\/vientosur.top\/museo\/?s={search_term_string}"},"query-input":{"@type":"PropertyValueSpecification","valueRequired":true,"valueName":"search_term_string"}}],"inLanguage":"es"},{"@type":"Person","@id":"http:\/\/vientosur.top\/museo\/#\/schema\/person\/20c79d3c38800971feec8c2693c3dd9c","name":"admin","image":{"@type":"ImageObject","inLanguage":"es","@id":"http:\/\/vientosur.top\/museo\/#\/schema\/person\/image\/","url":"https:\/\/secure.gravatar.com\/avatar\/713677ece3ffa642287213a80e5b773bce9ab81c269dd6d95102a990951c922f?s=96&d=mm&r=g","contentUrl":"https:\/\/secure.gravatar.com\/avatar\/713677ece3ffa642287213a80e5b773bce9ab81c269dd6d95102a990951c922f?s=96&d=mm&r=g","caption":"admin"},"sameAs":["http:\/\/vientosur.top\/museo"],"url":"http:\/\/vientosur.top\/museo\/author\/comunicacionesmvp\/"}]}},"_links":{"self":[{"href":"http:\/\/vientosur.top\/museo\/wp-json\/wp\/v2\/posts\/784","targetHints":{"allow":["GET"]}}],"collection":[{"href":"http:\/\/vientosur.top\/museo\/wp-json\/wp\/v2\/posts"}],"about":[{"href":"http:\/\/vientosur.top\/museo\/wp-json\/wp\/v2\/types\/post"}],"author":[{"embeddable":true,"href":"http:\/\/vientosur.top\/museo\/wp-json\/wp\/v2\/users\/5"}],"replies":[{"embeddable":true,"href":"http:\/\/vientosur.top\/museo\/wp-json\/wp\/v2\/comments?post=784"}],"version-history":[{"count":0,"href":"http:\/\/vientosur.top\/museo\/wp-json\/wp\/v2\/posts\/784\/revisions"}],"wp:featuredmedia":[{"embeddable":true,"href":"http:\/\/vientosur.top\/museo\/wp-json\/"}],"wp:attachment":[{"href":"http:\/\/vientosur.top\/museo\/wp-json\/wp\/v2\/media?parent=784"}],"wp:term":[{"taxonomy":"category","embeddable":true,"href":"http:\/\/vientosur.top\/museo\/wp-json\/wp\/v2\/categories?post=784"},{"taxonomy":"post_tag","embeddable":true,"href":"http:\/\/vientosur.top\/museo\/wp-json\/wp\/v2\/tags?post=784"}],"curies":[{"name":"wp","href":"https:\/\/api.w.org\/{rel}","templated":true}]}}