{"id":786,"date":"2015-12-23T12:45:37","date_gmt":"2015-12-23T12:45:37","guid":{"rendered":"http:\/\/vientosur.top\/museo\/\/?p=634"},"modified":"2015-12-23T12:45:37","modified_gmt":"2015-12-23T12:45:37","slug":"cientos-de-personas-cantaron-junto-a-isabel-y-angel-parra","status":"publish","type":"post","link":"http:\/\/vientosur.top\/museo\/cientos-de-personas-cantaron-junto-a-isabel-y-angel-parra\/","title":{"rendered":"Cientos de personas cantaron junto a Isabel y \u00c1ngel Parra"},"content":{"rendered":"<p>Completamente lleno estuvo el acceso al Museo Violeta Parra por el p\u00fablico que asisti\u00f3 al concierto que reuni\u00f3 en el escenario a Isabel y \u00c1ngel Parra, el pasado s\u00e1bado 19 de diciembre.<\/p>\n<p>Los asistentes, quienes comenzaron a llegar desde muy temprano, se emocionaron y corearon cada una de las canciones interpretadas por ambos reconocidos cantautores chilenos, en compa\u00f1\u00eda de sus \u00a0hijos \u00c1ngel y Tita.<\/p>\n<p>\u201cFue maravilloso. Verlos a ellos tocar aqu\u00ed es un lujo para los chilenos\u201d, coment\u00f3 Ana Tapia, quien presenci\u00f3 el concierto junto a su hija Josefa. \u201cEs muy emocionante escucharlos porque estas canciones son parte de nosotros\u201d, \u00a0revel\u00f3 Andr\u00e9s Carrasco, quien asisti\u00f3 con su hermano Roberto.<\/p>\n<p>\u00c1ngel Parra, uno de los protagonistas y quien est\u00e1 ad portas de volver a Francia, su pa\u00eds de residencia, asegur\u00f3 que se trat\u00f3 de un \u201cgran reencuentro\u201d familiar. \u201cFue un momento grande, precioso, muy bello. Yo creo que la gente lo recibi\u00f3 tal como lo hab\u00edamos programado, es decir, contacto cuerpo a cuerpo\u201d<\/p>\n<p>\u201cHab\u00eda que meterle de todo el repertorio que la gente conoce. Se lo cantan todo\u201d, agreg\u00f3 sobre la activa participaci\u00f3n del p\u00fablico.<\/p>\n<p>\u201cComo siempre ac\u00e1 en el museo es un privilegio\u201d, sostuvo \u00c1ngel Parra hijo, quien\u00a0 dijo haberlo pasado \u201cincre\u00edble\u201d participando en una instancia que \u201cda para pensar que el pr\u00f3ximo a\u00f1o podr\u00edamos hacer algo muy grande para conmemorar la cercan\u00eda del centenario de la Violeta.\u201d<\/p>\n<p>Al concluir el concierto el\u00a0 director ejecutivo del museo Leonardo Mellado manifest\u00f3 \u201cestamos tremendamente felices de reencontrarnos con estos grandes artistas que hoy nos regalan su m\u00fasica, pero que tambi\u00e9n han sido los art\u00edfices de este museo\u201d.<\/p>\n","protected":false},"excerpt":{"rendered":"<p>Completamente lleno estuvo el acceso al Museo Violeta Parra por el p\u00fablico que asisti\u00f3 al concierto que reuni\u00f3 en el escenario a Isabel y \u00c1ngel Parra, el pasado s\u00e1bado 19 de diciembre. Los asistentes, quienes comenzaron a llegar desde muy temprano, se emocionaron y corearon cada una de las canciones interpretadas por ambos reconocidos cantautores [&hellip;]<\/p>\n","protected":false},"author":5,"featured_media":660,"comment_status":"open","ping_status":"open","sticky":false,"template":"","format":"standard","meta":{"site-sidebar-layout":"default","site-content-layout":"","ast-site-content-layout":"default","site-content-style":"default","site-sidebar-style":"default","ast-global-header-display":"","ast-banner-title-visibility":"","ast-main-header-display":"","ast-hfb-above-header-display":"","ast-hfb-below-header-display":"","ast-hfb-mobile-header-display":"","site-post-title":"","ast-breadcrumbs-content":"","ast-featured-img":"","footer-sml-layout":"","theme-transparent-header-meta":"","adv-header-id-meta":"","stick-header-meta":"","header-above-stick-meta":"","header-main-stick-meta":"","header-below-stick-meta":"","astra-migrate-meta-layouts":"default","ast-page-background-enabled":"default","ast-page-background-meta":{"desktop":{"background-color":"var(--ast-global-color-4)","background-image":"","background-repeat":"repeat","background-position":"center center","background-size":"auto","background-attachment":"scroll","background-type":"","background-media":"","overlay-type":"","overlay-color":"","overlay-opacity":"","overlay-gradient":""},"tablet":{"background-color":"","background-image":"","background-repeat":"repeat","background-position":"center center","background-size":"auto","background-attachment":"scroll","background-type":"","background-media":"","overlay-type":"","overlay-color":"","overlay-opacity":"","overlay-gradient":""},"mobile":{"background-color":"","background-image":"","background-repeat":"repeat","background-position":"center center","background-size":"auto","background-attachment":"scroll","background-type":"","background-media":"","overlay-type":"","overlay-color":"","overlay-opacity":"","overlay-gradient":""}},"ast-content-background-meta":{"desktop":{"background-color":"var(--ast-global-color-5)","background-image":"","background-repeat":"repeat","background-position":"center center","background-size":"auto","background-attachment":"scroll","background-type":"","background-media":"","overlay-type":"","overlay-color":"","overlay-opacity":"","overlay-gradient":""},"tablet":{"background-color":"var(--ast-global-color-5)","background-image":"","background-repeat":"repeat","background-position":"center center","background-size":"auto","background-attachment":"scroll","background-type":"","background-media":"","overlay-type":"","overlay-color":"","overlay-opacity":"","overlay-gradient":""},"mobile":{"background-color":"var(--ast-global-color-5)","background-image":"","background-repeat":"repeat","background-position":"center center","background-size":"auto","background-attachment":"scroll","background-type":"","background-media":"","overlay-type":"","overlay-color":"","overlay-opacity":"","overlay-gradient":""}},"footnotes":""},"categories":[8,61],"tags":[],"class_list":["post-786","post","type-post","status-publish","format-standard","has-post-thumbnail","hentry","category-noticias","category-novedades"],"yoast_head":"<!-- This site is optimized with the Yoast SEO plugin v25.4 - https:\/\/yoast.com\/wordpress\/plugins\/seo\/ -->\n<title>Cientos de personas cantaron junto a Isabel y \u00c1ngel Parra - Museo Violeta Parra<\/title>\n<meta name=\"robots\" content=\"index, follow, max-snippet:-1, max-image-preview:large, max-video-preview:-1\" \/>\n<link rel=\"canonical\" href=\"http:\/\/vientosur.top\/museo\/cientos-de-personas-cantaron-junto-a-isabel-y-angel-parra\/\" \/>\n<meta property=\"og:locale\" content=\"es_ES\" \/>\n<meta property=\"og:type\" content=\"article\" \/>\n<meta property=\"og:title\" content=\"Cientos de personas cantaron junto a Isabel y \u00c1ngel Parra - Museo Violeta Parra\" \/>\n<meta property=\"og:description\" content=\"Completamente lleno estuvo el acceso al Museo Violeta Parra por el p\u00fablico que asisti\u00f3 al concierto que reuni\u00f3 en el escenario a Isabel y \u00c1ngel Parra, el pasado s\u00e1bado 19 de diciembre. Los asistentes, quienes comenzaron a llegar desde muy temprano, se emocionaron y corearon cada una de las canciones interpretadas por ambos reconocidos cantautores [&hellip;]\" \/>\n<meta property=\"og:url\" content=\"http:\/\/vientosur.top\/museo\/cientos-de-personas-cantaron-junto-a-isabel-y-angel-parra\/\" \/>\n<meta property=\"og:site_name\" content=\"Museo Violeta Parra\" \/>\n<meta property=\"article:published_time\" content=\"2015-12-23T12:45:37+00:00\" \/>\n<meta name=\"author\" content=\"admin\" \/>\n<meta name=\"twitter:card\" content=\"summary_large_image\" \/>\n<meta name=\"twitter:label1\" content=\"Escrito por\" \/>\n\t<meta name=\"twitter:data1\" content=\"admin\" \/>\n\t<meta name=\"twitter:label2\" content=\"Tiempo de lectura\" \/>\n\t<meta name=\"twitter:data2\" content=\"1 minuto\" \/>\n<script type=\"application\/ld+json\" class=\"yoast-schema-graph\">{\"@context\":\"https:\/\/schema.org\",\"@graph\":[{\"@type\":\"WebPage\",\"@id\":\"http:\/\/vientosur.top\/museo\/cientos-de-personas-cantaron-junto-a-isabel-y-angel-parra\/\",\"url\":\"http:\/\/vientosur.top\/museo\/cientos-de-personas-cantaron-junto-a-isabel-y-angel-parra\/\",\"name\":\"Cientos de personas cantaron junto a Isabel y \u00c1ngel Parra - Museo Violeta Parra\",\"isPartOf\":{\"@id\":\"http:\/\/vientosur.top\/museo\/#website\"},\"primaryImageOfPage\":{\"@id\":\"http:\/\/vientosur.top\/museo\/cientos-de-personas-cantaron-junto-a-isabel-y-angel-parra\/#primaryimage\"},\"image\":{\"@id\":\"http:\/\/vientosur.top\/museo\/cientos-de-personas-cantaron-junto-a-isabel-y-angel-parra\/#primaryimage\"},\"thumbnailUrl\":\"\",\"datePublished\":\"2015-12-23T12:45:37+00:00\",\"author\":{\"@id\":\"http:\/\/vientosur.top\/museo\/#\/schema\/person\/20c79d3c38800971feec8c2693c3dd9c\"},\"breadcrumb\":{\"@id\":\"http:\/\/vientosur.top\/museo\/cientos-de-personas-cantaron-junto-a-isabel-y-angel-parra\/#breadcrumb\"},\"inLanguage\":\"es\",\"potentialAction\":[{\"@type\":\"ReadAction\",\"target\":[\"http:\/\/vientosur.top\/museo\/cientos-de-personas-cantaron-junto-a-isabel-y-angel-parra\/\"]}]},{\"@type\":\"ImageObject\",\"inLanguage\":\"es\",\"@id\":\"http:\/\/vientosur.top\/museo\/cientos-de-personas-cantaron-junto-a-isabel-y-angel-parra\/#primaryimage\",\"url\":\"\",\"contentUrl\":\"\"},{\"@type\":\"BreadcrumbList\",\"@id\":\"http:\/\/vientosur.top\/museo\/cientos-de-personas-cantaron-junto-a-isabel-y-angel-parra\/#breadcrumb\",\"itemListElement\":[{\"@type\":\"ListItem\",\"position\":1,\"name\":\"Portada\",\"item\":\"http:\/\/vientosur.top\/museo\/\"},{\"@type\":\"ListItem\",\"position\":2,\"name\":\"Cientos de personas cantaron junto a Isabel y \u00c1ngel Parra\"}]},{\"@type\":\"WebSite\",\"@id\":\"http:\/\/vientosur.top\/museo\/#website\",\"url\":\"http:\/\/vientosur.top\/museo\/\",\"name\":\"Museo Violeta Parra\",\"description\":\"Espacio que alberga tanto la memoria y legado creativo de la artista\",\"potentialAction\":[{\"@type\":\"SearchAction\",\"target\":{\"@type\":\"EntryPoint\",\"urlTemplate\":\"http:\/\/vientosur.top\/museo\/?s={search_term_string}\"},\"query-input\":{\"@type\":\"PropertyValueSpecification\",\"valueRequired\":true,\"valueName\":\"search_term_string\"}}],\"inLanguage\":\"es\"},{\"@type\":\"Person\",\"@id\":\"http:\/\/vientosur.top\/museo\/#\/schema\/person\/20c79d3c38800971feec8c2693c3dd9c\",\"name\":\"admin\",\"image\":{\"@type\":\"ImageObject\",\"inLanguage\":\"es\",\"@id\":\"http:\/\/vientosur.top\/museo\/#\/schema\/person\/image\/\",\"url\":\"https:\/\/secure.gravatar.com\/avatar\/713677ece3ffa642287213a80e5b773bce9ab81c269dd6d95102a990951c922f?s=96&d=mm&r=g\",\"contentUrl\":\"https:\/\/secure.gravatar.com\/avatar\/713677ece3ffa642287213a80e5b773bce9ab81c269dd6d95102a990951c922f?s=96&d=mm&r=g\",\"caption\":\"admin\"},\"sameAs\":[\"http:\/\/vientosur.top\/museo\"],\"url\":\"http:\/\/vientosur.top\/museo\/author\/comunicacionesmvp\/\"}]}<\/script>\n<!-- \/ Yoast SEO plugin. -->","yoast_head_json":{"title":"Cientos de personas cantaron junto a Isabel y \u00c1ngel Parra - Museo Violeta Parra","robots":{"index":"index","follow":"follow","max-snippet":"max-snippet:-1","max-image-preview":"max-image-preview:large","max-video-preview":"max-video-preview:-1"},"canonical":"http:\/\/vientosur.top\/museo\/cientos-de-personas-cantaron-junto-a-isabel-y-angel-parra\/","og_locale":"es_ES","og_type":"article","og_title":"Cientos de personas cantaron junto a Isabel y \u00c1ngel Parra - Museo Violeta Parra","og_description":"Completamente lleno estuvo el acceso al Museo Violeta Parra por el p\u00fablico que asisti\u00f3 al concierto que reuni\u00f3 en el escenario a Isabel y \u00c1ngel Parra, el pasado s\u00e1bado 19 de diciembre. Los asistentes, quienes comenzaron a llegar desde muy temprano, se emocionaron y corearon cada una de las canciones interpretadas por ambos reconocidos cantautores [&hellip;]","og_url":"http:\/\/vientosur.top\/museo\/cientos-de-personas-cantaron-junto-a-isabel-y-angel-parra\/","og_site_name":"Museo Violeta Parra","article_published_time":"2015-12-23T12:45:37+00:00","author":"admin","twitter_card":"summary_large_image","twitter_misc":{"Escrito por":"admin","Tiempo de lectura":"1 minuto"},"schema":{"@context":"https:\/\/schema.org","@graph":[{"@type":"WebPage","@id":"http:\/\/vientosur.top\/museo\/cientos-de-personas-cantaron-junto-a-isabel-y-angel-parra\/","url":"http:\/\/vientosur.top\/museo\/cientos-de-personas-cantaron-junto-a-isabel-y-angel-parra\/","name":"Cientos de personas cantaron junto a Isabel y \u00c1ngel Parra - Museo Violeta Parra","isPartOf":{"@id":"http:\/\/vientosur.top\/museo\/#website"},"primaryImageOfPage":{"@id":"http:\/\/vientosur.top\/museo\/cientos-de-personas-cantaron-junto-a-isabel-y-angel-parra\/#primaryimage"},"image":{"@id":"http:\/\/vientosur.top\/museo\/cientos-de-personas-cantaron-junto-a-isabel-y-angel-parra\/#primaryimage"},"thumbnailUrl":"","datePublished":"2015-12-23T12:45:37+00:00","author":{"@id":"http:\/\/vientosur.top\/museo\/#\/schema\/person\/20c79d3c38800971feec8c2693c3dd9c"},"breadcrumb":{"@id":"http:\/\/vientosur.top\/museo\/cientos-de-personas-cantaron-junto-a-isabel-y-angel-parra\/#breadcrumb"},"inLanguage":"es","potentialAction":[{"@type":"ReadAction","target":["http:\/\/vientosur.top\/museo\/cientos-de-personas-cantaron-junto-a-isabel-y-angel-parra\/"]}]},{"@type":"ImageObject","inLanguage":"es","@id":"http:\/\/vientosur.top\/museo\/cientos-de-personas-cantaron-junto-a-isabel-y-angel-parra\/#primaryimage","url":"","contentUrl":""},{"@type":"BreadcrumbList","@id":"http:\/\/vientosur.top\/museo\/cientos-de-personas-cantaron-junto-a-isabel-y-angel-parra\/#breadcrumb","itemListElement":[{"@type":"ListItem","position":1,"name":"Portada","item":"http:\/\/vientosur.top\/museo\/"},{"@type":"ListItem","position":2,"name":"Cientos de personas cantaron junto a Isabel y \u00c1ngel Parra"}]},{"@type":"WebSite","@id":"http:\/\/vientosur.top\/museo\/#website","url":"http:\/\/vientosur.top\/museo\/","name":"Museo Violeta Parra","description":"Espacio que alberga tanto la memoria y legado creativo de la artista","potentialAction":[{"@type":"SearchAction","target":{"@type":"EntryPoint","urlTemplate":"http:\/\/vientosur.top\/museo\/?s={search_term_string}"},"query-input":{"@type":"PropertyValueSpecification","valueRequired":true,"valueName":"search_term_string"}}],"inLanguage":"es"},{"@type":"Person","@id":"http:\/\/vientosur.top\/museo\/#\/schema\/person\/20c79d3c38800971feec8c2693c3dd9c","name":"admin","image":{"@type":"ImageObject","inLanguage":"es","@id":"http:\/\/vientosur.top\/museo\/#\/schema\/person\/image\/","url":"https:\/\/secure.gravatar.com\/avatar\/713677ece3ffa642287213a80e5b773bce9ab81c269dd6d95102a990951c922f?s=96&d=mm&r=g","contentUrl":"https:\/\/secure.gravatar.com\/avatar\/713677ece3ffa642287213a80e5b773bce9ab81c269dd6d95102a990951c922f?s=96&d=mm&r=g","caption":"admin"},"sameAs":["http:\/\/vientosur.top\/museo"],"url":"http:\/\/vientosur.top\/museo\/author\/comunicacionesmvp\/"}]}},"_links":{"self":[{"href":"http:\/\/vientosur.top\/museo\/wp-json\/wp\/v2\/posts\/786","targetHints":{"allow":["GET"]}}],"collection":[{"href":"http:\/\/vientosur.top\/museo\/wp-json\/wp\/v2\/posts"}],"about":[{"href":"http:\/\/vientosur.top\/museo\/wp-json\/wp\/v2\/types\/post"}],"author":[{"embeddable":true,"href":"http:\/\/vientosur.top\/museo\/wp-json\/wp\/v2\/users\/5"}],"replies":[{"embeddable":true,"href":"http:\/\/vientosur.top\/museo\/wp-json\/wp\/v2\/comments?post=786"}],"version-history":[{"count":0,"href":"http:\/\/vientosur.top\/museo\/wp-json\/wp\/v2\/posts\/786\/revisions"}],"wp:featuredmedia":[{"embeddable":true,"href":"http:\/\/vientosur.top\/museo\/wp-json\/wp\/v2\/menu-items\/660"}],"wp:attachment":[{"href":"http:\/\/vientosur.top\/museo\/wp-json\/wp\/v2\/media?parent=786"}],"wp:term":[{"taxonomy":"category","embeddable":true,"href":"http:\/\/vientosur.top\/museo\/wp-json\/wp\/v2\/categories?post=786"},{"taxonomy":"post_tag","embeddable":true,"href":"http:\/\/vientosur.top\/museo\/wp-json\/wp\/v2\/tags?post=786"}],"curies":[{"name":"wp","href":"https:\/\/api.w.org\/{rel}","templated":true}]}}