{"id":7862,"date":"2017-12-05T14:35:56","date_gmt":"2017-12-05T14:35:56","guid":{"rendered":"http:\/\/vientosur.top\/museo\/?p=7862"},"modified":"2017-12-05T14:35:56","modified_gmt":"2017-12-05T14:35:56","slug":"curadores-e-investigadores-chilenos-se-reunieron-por-primera-vez-a-debatir-sobre-su-quehacer-en-el-museo-violeta-parra","status":"publish","type":"post","link":"http:\/\/vientosur.top\/museo\/curadores-e-investigadores-chilenos-se-reunieron-por-primera-vez-a-debatir-sobre-su-quehacer-en-el-museo-violeta-parra\/","title":{"rendered":"Curadores e investigadores chilenos se reunieron por primera vez a debatir sobre su quehacer en el Museo Violeta Parra"},"content":{"rendered":"<p>El lunes 4 de diciembre se llev\u00f3 a cabo el Primer Encuentro de Pr\u00e1cticas Curatoriales, en el que se reunieron diversos actores a reflexionar sobre su labor en torno a cuatro grandes temas: la noci\u00f3n de naci\u00f3n, la perform\u00e1tica y la oralidad, la propiedad y el rol del investigador como productor ideol\u00f3gico. Esta instancia pionera, organizada por el Museo Violeta Parra, cont\u00f3 con la participaci\u00f3n de m\u00e1s de un centenar de personas, 12 ponentes y 4 moderadoras.<\/p>\n<p>&nbsp;<\/p>\n<p>Cecilia Garc\u00eda-Huidobro, Directora del Museo Violeta Parra, se\u00f1al\u00f3: \u201cValoramos muy especialmente el trabajo curatorial que no s\u00f3lo aporta al desarrollo del arte y el patrimonio, sino que tambi\u00e9n al de las instituciones museales. Nuestro museo ha establecido un fruct\u00edfero di\u00e1logo entre vanguardia y patrimonio\u201d.<\/p>\n<p>&nbsp;<\/p>\n<p><strong>A 100 a\u00f1os del nacimiento de Violeta<\/strong><\/p>\n<p>&nbsp;<\/p>\n<p>El encuentro, coordinado por Carolina Herrera \u00c1guila, se estructur\u00f3 en cuatro grandes mesas (l\u00edneas \/ entradas \/ lecturas). La primera fue\u00a0<em>E<\/em><em>jercicios de reconocimiento: noci\u00f3n de naci\u00f3n<\/em>, que cont\u00f3 con la participaci\u00f3n de Mariairis Flores (\u201cArte y pol\u00edtica: posibilidades para abordar el arte chileno\u201d), Justo Pastor Mellado (\u201cLa presencia de Violeta Parra en el mural realizado por Julio Esc\u00e1mez en la farmacia Maluje de Concepci\u00f3n, en 1957\u201d) y Daniela Berger (\u201cUna breve excavaci\u00f3n como un homenaje. Revisi\u00f3n de pr\u00e1cticas curatoriales con mujeres artistas\u201d).<\/p>\n<p>&nbsp;<\/p>\n<p>El segundo panel abord\u00f3\u00a0<em>Ejercicios de resistencia: perform\u00e1tica y oralidad<\/em>, con las exposiciones de Sebasti\u00e1n Valenzuela (\u201cCorrelatos de un cuerpo escenificado\u201d), Claudio Guerrero (\u201cCr\u00edtica de la raz\u00f3n curatorial o la curator\u00eda como un juego de roles\u201d) y Guillermo Machuca (\u201cLa cr\u00f3nica, aproximaci\u00f3n a un modelo de artista\u201d).<\/p>\n<p>&nbsp;<\/p>\n<p>Por la tarde el coloquio continu\u00f3 con\u00a0<em>Ejercicios de propiedad: lo m\u00edo, lo tuyo, lo nuestro<\/em>, con las experiencias de: Andrea J\u00f6sch (\u201cPr\u00e1cticas curatoriales colaborativas, una construcci\u00f3n necesaria\u201d), Leslie Fern\u00e1ndez (\u201cSitu\u00e1ndose en el territorio de Coliumo, CASAPOLI residencias 2010 \u2013 2017\u201d) y Alexia Tala (\u201cLARA, itinerancia para la reflexi\u00f3n y el pensamiento cr\u00edtico: interacci\u00f3n comunitaria, creaci\u00f3n y experiencia en Am\u00e9rica Latina\u201d).<\/p>\n<p>&nbsp;<\/p>\n<p>La jornada finaliz\u00f3 con\u00a0<em>Ejercicios de lectura: el investigador como productor ideol\u00f3gico,<\/em>\u00a0con exposiciones de Ram\u00f3n Castillo (\u201cDe c\u00f3mo los asuntos de clase y naci\u00f3n se tejen entre la arpillera y el lino: una aproximaci\u00f3n al Combate Naval de Iquique\u201d), Sebasti\u00e1n Riffo (\u201cLa curadur\u00eda, una investigaci\u00f3n en riesgo, que pone a prueba una hip\u00f3tesis s\u00f3lo buscando un conocimiento inesperado\u201d) y Enrique Rivera (\u201cLa conversaci\u00f3n entre artista y curador como espacio de revelaci\u00f3n de signos, met\u00e1foras y calibraciones est\u00e9ticas, donde lo abstracto deviene en tangible\u201d).<\/p>\n<p>&nbsp;<\/p>\n<p>Las mesas estuvieron moderadas por Claudia Zald\u00edvar, directora del Museo de la Solidaridad Salvador Allende; Florencia Loewenthal, directora de la Galer\u00eda Gabriela Mistral; Beatriz Salinas, directora del Centro Nacional de Arte Contempor\u00e1neo \u2013 Cerrillos, y Varinia Brodsky, coordinadora del \u00c1rea de Artes Visuales del Consejo Nacional de la Cultura y las Artes.<\/p>\n<p><a href=\"https:\/\/www.facebook.com\/pg\/MuseoVioletaParra\/photos\/?tab=album&amp;album_id=2027785604131517\" target=\"_blank\" rel=\"noopener noreferrer\"><strong>Ver galer\u00eda de im\u00e1genes<\/strong><\/a><\/p>\n","protected":false},"excerpt":{"rendered":"<p>El lunes 4 de diciembre se llev\u00f3 a cabo el Primer Encuentro de Pr\u00e1cticas Curatoriales, en el que se reunieron diversos actores a reflexionar sobre su labor en torno a cuatro grandes temas: la noci\u00f3n de naci\u00f3n, la perform\u00e1tica y la oralidad, la propiedad y el rol del investigador como productor ideol\u00f3gico. Esta instancia pionera, [&hellip;]<\/p>\n","protected":false},"author":5,"featured_media":7863,"comment_status":"open","ping_status":"open","sticky":false,"template":"","format":"standard","meta":{"site-sidebar-layout":"default","site-content-layout":"","ast-site-content-layout":"default","site-content-style":"default","site-sidebar-style":"default","ast-global-header-display":"","ast-banner-title-visibility":"","ast-main-header-display":"","ast-hfb-above-header-display":"","ast-hfb-below-header-display":"","ast-hfb-mobile-header-display":"","site-post-title":"","ast-breadcrumbs-content":"","ast-featured-img":"","footer-sml-layout":"","theme-transparent-header-meta":"","adv-header-id-meta":"","stick-header-meta":"","header-above-stick-meta":"","header-main-stick-meta":"","header-below-stick-meta":"","astra-migrate-meta-layouts":"default","ast-page-background-enabled":"default","ast-page-background-meta":{"desktop":{"background-color":"var(--ast-global-color-4)","background-image":"","background-repeat":"repeat","background-position":"center center","background-size":"auto","background-attachment":"scroll","background-type":"","background-media":"","overlay-type":"","overlay-color":"","overlay-opacity":"","overlay-gradient":""},"tablet":{"background-color":"","background-image":"","background-repeat":"repeat","background-position":"center center","background-size":"auto","background-attachment":"scroll","background-type":"","background-media":"","overlay-type":"","overlay-color":"","overlay-opacity":"","overlay-gradient":""},"mobile":{"background-color":"","background-image":"","background-repeat":"repeat","background-position":"center center","background-size":"auto","background-attachment":"scroll","background-type":"","background-media":"","overlay-type":"","overlay-color":"","overlay-opacity":"","overlay-gradient":""}},"ast-content-background-meta":{"desktop":{"background-color":"var(--ast-global-color-5)","background-image":"","background-repeat":"repeat","background-position":"center center","background-size":"auto","background-attachment":"scroll","background-type":"","background-media":"","overlay-type":"","overlay-color":"","overlay-opacity":"","overlay-gradient":""},"tablet":{"background-color":"var(--ast-global-color-5)","background-image":"","background-repeat":"repeat","background-position":"center center","background-size":"auto","background-attachment":"scroll","background-type":"","background-media":"","overlay-type":"","overlay-color":"","overlay-opacity":"","overlay-gradient":""},"mobile":{"background-color":"var(--ast-global-color-5)","background-image":"","background-repeat":"repeat","background-position":"center center","background-size":"auto","background-attachment":"scroll","background-type":"","background-media":"","overlay-type":"","overlay-color":"","overlay-opacity":"","overlay-gradient":""}},"footnotes":""},"categories":[8],"tags":[],"class_list":["post-7862","post","type-post","status-publish","format-standard","has-post-thumbnail","hentry","category-noticias"],"yoast_head":"<!-- This site is optimized with the Yoast SEO plugin v25.4 - https:\/\/yoast.com\/wordpress\/plugins\/seo\/ -->\n<title>Curadores e investigadores chilenos se reunieron por primera vez a debatir sobre su quehacer en el Museo Violeta Parra - Museo Violeta Parra<\/title>\n<meta name=\"robots\" content=\"index, follow, max-snippet:-1, max-image-preview:large, max-video-preview:-1\" \/>\n<link rel=\"canonical\" href=\"http:\/\/vientosur.top\/museo\/curadores-e-investigadores-chilenos-se-reunieron-por-primera-vez-a-debatir-sobre-su-quehacer-en-el-museo-violeta-parra\/\" \/>\n<meta property=\"og:locale\" content=\"es_ES\" \/>\n<meta property=\"og:type\" content=\"article\" \/>\n<meta property=\"og:title\" content=\"Curadores e investigadores chilenos se reunieron por primera vez a debatir sobre su quehacer en el Museo Violeta Parra - Museo Violeta Parra\" \/>\n<meta property=\"og:description\" content=\"El lunes 4 de diciembre se llev\u00f3 a cabo el Primer Encuentro de Pr\u00e1cticas Curatoriales, en el que se reunieron diversos actores a reflexionar sobre su labor en torno a cuatro grandes temas: la noci\u00f3n de naci\u00f3n, la perform\u00e1tica y la oralidad, la propiedad y el rol del investigador como productor ideol\u00f3gico. Esta instancia pionera, [&hellip;]\" \/>\n<meta property=\"og:url\" content=\"http:\/\/vientosur.top\/museo\/curadores-e-investigadores-chilenos-se-reunieron-por-primera-vez-a-debatir-sobre-su-quehacer-en-el-museo-violeta-parra\/\" \/>\n<meta property=\"og:site_name\" content=\"Museo Violeta Parra\" \/>\n<meta property=\"article:published_time\" content=\"2017-12-05T14:35:56+00:00\" \/>\n<meta property=\"og:image\" content=\"http:\/\/vientosur.top\/museo\/wp-content\/uploads\/2017\/12\/DSC_0804-1024x681-1.jpg\" \/>\n\t<meta property=\"og:image:width\" content=\"1024\" \/>\n\t<meta property=\"og:image:height\" content=\"681\" \/>\n\t<meta property=\"og:image:type\" content=\"image\/jpeg\" \/>\n<meta name=\"author\" content=\"admin\" \/>\n<meta name=\"twitter:card\" content=\"summary_large_image\" \/>\n<meta name=\"twitter:label1\" content=\"Escrito por\" \/>\n\t<meta name=\"twitter:data1\" content=\"admin\" \/>\n\t<meta name=\"twitter:label2\" content=\"Tiempo de lectura\" \/>\n\t<meta name=\"twitter:data2\" content=\"3 minutos\" \/>\n<script type=\"application\/ld+json\" class=\"yoast-schema-graph\">{\"@context\":\"https:\/\/schema.org\",\"@graph\":[{\"@type\":\"WebPage\",\"@id\":\"http:\/\/vientosur.top\/museo\/curadores-e-investigadores-chilenos-se-reunieron-por-primera-vez-a-debatir-sobre-su-quehacer-en-el-museo-violeta-parra\/\",\"url\":\"http:\/\/vientosur.top\/museo\/curadores-e-investigadores-chilenos-se-reunieron-por-primera-vez-a-debatir-sobre-su-quehacer-en-el-museo-violeta-parra\/\",\"name\":\"Curadores e investigadores chilenos se reunieron por primera vez a debatir sobre su quehacer en el Museo Violeta Parra - Museo Violeta Parra\",\"isPartOf\":{\"@id\":\"http:\/\/vientosur.top\/museo\/#website\"},\"primaryImageOfPage\":{\"@id\":\"http:\/\/vientosur.top\/museo\/curadores-e-investigadores-chilenos-se-reunieron-por-primera-vez-a-debatir-sobre-su-quehacer-en-el-museo-violeta-parra\/#primaryimage\"},\"image\":{\"@id\":\"http:\/\/vientosur.top\/museo\/curadores-e-investigadores-chilenos-se-reunieron-por-primera-vez-a-debatir-sobre-su-quehacer-en-el-museo-violeta-parra\/#primaryimage\"},\"thumbnailUrl\":\"http:\/\/vientosur.top\/museo\/wp-content\/uploads\/2017\/12\/DSC_0804-1024x681-1.jpg\",\"datePublished\":\"2017-12-05T14:35:56+00:00\",\"author\":{\"@id\":\"http:\/\/vientosur.top\/museo\/#\/schema\/person\/20c79d3c38800971feec8c2693c3dd9c\"},\"breadcrumb\":{\"@id\":\"http:\/\/vientosur.top\/museo\/curadores-e-investigadores-chilenos-se-reunieron-por-primera-vez-a-debatir-sobre-su-quehacer-en-el-museo-violeta-parra\/#breadcrumb\"},\"inLanguage\":\"es\",\"potentialAction\":[{\"@type\":\"ReadAction\",\"target\":[\"http:\/\/vientosur.top\/museo\/curadores-e-investigadores-chilenos-se-reunieron-por-primera-vez-a-debatir-sobre-su-quehacer-en-el-museo-violeta-parra\/\"]}]},{\"@type\":\"ImageObject\",\"inLanguage\":\"es\",\"@id\":\"http:\/\/vientosur.top\/museo\/curadores-e-investigadores-chilenos-se-reunieron-por-primera-vez-a-debatir-sobre-su-quehacer-en-el-museo-violeta-parra\/#primaryimage\",\"url\":\"http:\/\/vientosur.top\/museo\/wp-content\/uploads\/2017\/12\/DSC_0804-1024x681-1.jpg\",\"contentUrl\":\"http:\/\/vientosur.top\/museo\/wp-content\/uploads\/2017\/12\/DSC_0804-1024x681-1.jpg\",\"width\":1024,\"height\":681},{\"@type\":\"BreadcrumbList\",\"@id\":\"http:\/\/vientosur.top\/museo\/curadores-e-investigadores-chilenos-se-reunieron-por-primera-vez-a-debatir-sobre-su-quehacer-en-el-museo-violeta-parra\/#breadcrumb\",\"itemListElement\":[{\"@type\":\"ListItem\",\"position\":1,\"name\":\"Portada\",\"item\":\"http:\/\/vientosur.top\/museo\/\"},{\"@type\":\"ListItem\",\"position\":2,\"name\":\"Curadores e investigadores chilenos se reunieron por primera vez a debatir sobre su quehacer en el Museo Violeta Parra\"}]},{\"@type\":\"WebSite\",\"@id\":\"http:\/\/vientosur.top\/museo\/#website\",\"url\":\"http:\/\/vientosur.top\/museo\/\",\"name\":\"Museo Violeta Parra\",\"description\":\"Espacio que alberga tanto la memoria y legado creativo de la artista\",\"potentialAction\":[{\"@type\":\"SearchAction\",\"target\":{\"@type\":\"EntryPoint\",\"urlTemplate\":\"http:\/\/vientosur.top\/museo\/?s={search_term_string}\"},\"query-input\":{\"@type\":\"PropertyValueSpecification\",\"valueRequired\":true,\"valueName\":\"search_term_string\"}}],\"inLanguage\":\"es\"},{\"@type\":\"Person\",\"@id\":\"http:\/\/vientosur.top\/museo\/#\/schema\/person\/20c79d3c38800971feec8c2693c3dd9c\",\"name\":\"admin\",\"image\":{\"@type\":\"ImageObject\",\"inLanguage\":\"es\",\"@id\":\"http:\/\/vientosur.top\/museo\/#\/schema\/person\/image\/\",\"url\":\"https:\/\/secure.gravatar.com\/avatar\/713677ece3ffa642287213a80e5b773bce9ab81c269dd6d95102a990951c922f?s=96&d=mm&r=g\",\"contentUrl\":\"https:\/\/secure.gravatar.com\/avatar\/713677ece3ffa642287213a80e5b773bce9ab81c269dd6d95102a990951c922f?s=96&d=mm&r=g\",\"caption\":\"admin\"},\"sameAs\":[\"http:\/\/vientosur.top\/museo\"],\"url\":\"http:\/\/vientosur.top\/museo\/author\/comunicacionesmvp\/\"}]}<\/script>\n<!-- \/ Yoast SEO plugin. -->","yoast_head_json":{"title":"Curadores e investigadores chilenos se reunieron por primera vez a debatir sobre su quehacer en el Museo Violeta Parra - Museo Violeta Parra","robots":{"index":"index","follow":"follow","max-snippet":"max-snippet:-1","max-image-preview":"max-image-preview:large","max-video-preview":"max-video-preview:-1"},"canonical":"http:\/\/vientosur.top\/museo\/curadores-e-investigadores-chilenos-se-reunieron-por-primera-vez-a-debatir-sobre-su-quehacer-en-el-museo-violeta-parra\/","og_locale":"es_ES","og_type":"article","og_title":"Curadores e investigadores chilenos se reunieron por primera vez a debatir sobre su quehacer en el Museo Violeta Parra - Museo Violeta Parra","og_description":"El lunes 4 de diciembre se llev\u00f3 a cabo el Primer Encuentro de Pr\u00e1cticas Curatoriales, en el que se reunieron diversos actores a reflexionar sobre su labor en torno a cuatro grandes temas: la noci\u00f3n de naci\u00f3n, la perform\u00e1tica y la oralidad, la propiedad y el rol del investigador como productor ideol\u00f3gico. Esta instancia pionera, [&hellip;]","og_url":"http:\/\/vientosur.top\/museo\/curadores-e-investigadores-chilenos-se-reunieron-por-primera-vez-a-debatir-sobre-su-quehacer-en-el-museo-violeta-parra\/","og_site_name":"Museo Violeta Parra","article_published_time":"2017-12-05T14:35:56+00:00","og_image":[{"width":1024,"height":681,"url":"http:\/\/vientosur.top\/museo\/wp-content\/uploads\/2017\/12\/DSC_0804-1024x681-1.jpg","type":"image\/jpeg"}],"author":"admin","twitter_card":"summary_large_image","twitter_misc":{"Escrito por":"admin","Tiempo de lectura":"3 minutos"},"schema":{"@context":"https:\/\/schema.org","@graph":[{"@type":"WebPage","@id":"http:\/\/vientosur.top\/museo\/curadores-e-investigadores-chilenos-se-reunieron-por-primera-vez-a-debatir-sobre-su-quehacer-en-el-museo-violeta-parra\/","url":"http:\/\/vientosur.top\/museo\/curadores-e-investigadores-chilenos-se-reunieron-por-primera-vez-a-debatir-sobre-su-quehacer-en-el-museo-violeta-parra\/","name":"Curadores e investigadores chilenos se reunieron por primera vez a debatir sobre su quehacer en el Museo Violeta Parra - Museo Violeta Parra","isPartOf":{"@id":"http:\/\/vientosur.top\/museo\/#website"},"primaryImageOfPage":{"@id":"http:\/\/vientosur.top\/museo\/curadores-e-investigadores-chilenos-se-reunieron-por-primera-vez-a-debatir-sobre-su-quehacer-en-el-museo-violeta-parra\/#primaryimage"},"image":{"@id":"http:\/\/vientosur.top\/museo\/curadores-e-investigadores-chilenos-se-reunieron-por-primera-vez-a-debatir-sobre-su-quehacer-en-el-museo-violeta-parra\/#primaryimage"},"thumbnailUrl":"http:\/\/vientosur.top\/museo\/wp-content\/uploads\/2017\/12\/DSC_0804-1024x681-1.jpg","datePublished":"2017-12-05T14:35:56+00:00","author":{"@id":"http:\/\/vientosur.top\/museo\/#\/schema\/person\/20c79d3c38800971feec8c2693c3dd9c"},"breadcrumb":{"@id":"http:\/\/vientosur.top\/museo\/curadores-e-investigadores-chilenos-se-reunieron-por-primera-vez-a-debatir-sobre-su-quehacer-en-el-museo-violeta-parra\/#breadcrumb"},"inLanguage":"es","potentialAction":[{"@type":"ReadAction","target":["http:\/\/vientosur.top\/museo\/curadores-e-investigadores-chilenos-se-reunieron-por-primera-vez-a-debatir-sobre-su-quehacer-en-el-museo-violeta-parra\/"]}]},{"@type":"ImageObject","inLanguage":"es","@id":"http:\/\/vientosur.top\/museo\/curadores-e-investigadores-chilenos-se-reunieron-por-primera-vez-a-debatir-sobre-su-quehacer-en-el-museo-violeta-parra\/#primaryimage","url":"http:\/\/vientosur.top\/museo\/wp-content\/uploads\/2017\/12\/DSC_0804-1024x681-1.jpg","contentUrl":"http:\/\/vientosur.top\/museo\/wp-content\/uploads\/2017\/12\/DSC_0804-1024x681-1.jpg","width":1024,"height":681},{"@type":"BreadcrumbList","@id":"http:\/\/vientosur.top\/museo\/curadores-e-investigadores-chilenos-se-reunieron-por-primera-vez-a-debatir-sobre-su-quehacer-en-el-museo-violeta-parra\/#breadcrumb","itemListElement":[{"@type":"ListItem","position":1,"name":"Portada","item":"http:\/\/vientosur.top\/museo\/"},{"@type":"ListItem","position":2,"name":"Curadores e investigadores chilenos se reunieron por primera vez a debatir sobre su quehacer en el Museo Violeta Parra"}]},{"@type":"WebSite","@id":"http:\/\/vientosur.top\/museo\/#website","url":"http:\/\/vientosur.top\/museo\/","name":"Museo Violeta Parra","description":"Espacio que alberga tanto la memoria y legado creativo de la artista","potentialAction":[{"@type":"SearchAction","target":{"@type":"EntryPoint","urlTemplate":"http:\/\/vientosur.top\/museo\/?s={search_term_string}"},"query-input":{"@type":"PropertyValueSpecification","valueRequired":true,"valueName":"search_term_string"}}],"inLanguage":"es"},{"@type":"Person","@id":"http:\/\/vientosur.top\/museo\/#\/schema\/person\/20c79d3c38800971feec8c2693c3dd9c","name":"admin","image":{"@type":"ImageObject","inLanguage":"es","@id":"http:\/\/vientosur.top\/museo\/#\/schema\/person\/image\/","url":"https:\/\/secure.gravatar.com\/avatar\/713677ece3ffa642287213a80e5b773bce9ab81c269dd6d95102a990951c922f?s=96&d=mm&r=g","contentUrl":"https:\/\/secure.gravatar.com\/avatar\/713677ece3ffa642287213a80e5b773bce9ab81c269dd6d95102a990951c922f?s=96&d=mm&r=g","caption":"admin"},"sameAs":["http:\/\/vientosur.top\/museo"],"url":"http:\/\/vientosur.top\/museo\/author\/comunicacionesmvp\/"}]}},"_links":{"self":[{"href":"http:\/\/vientosur.top\/museo\/wp-json\/wp\/v2\/posts\/7862","targetHints":{"allow":["GET"]}}],"collection":[{"href":"http:\/\/vientosur.top\/museo\/wp-json\/wp\/v2\/posts"}],"about":[{"href":"http:\/\/vientosur.top\/museo\/wp-json\/wp\/v2\/types\/post"}],"author":[{"embeddable":true,"href":"http:\/\/vientosur.top\/museo\/wp-json\/wp\/v2\/users\/5"}],"replies":[{"embeddable":true,"href":"http:\/\/vientosur.top\/museo\/wp-json\/wp\/v2\/comments?post=7862"}],"version-history":[{"count":0,"href":"http:\/\/vientosur.top\/museo\/wp-json\/wp\/v2\/posts\/7862\/revisions"}],"wp:featuredmedia":[{"embeddable":true,"href":"http:\/\/vientosur.top\/museo\/wp-json\/wp\/v2\/media\/7863"}],"wp:attachment":[{"href":"http:\/\/vientosur.top\/museo\/wp-json\/wp\/v2\/media?parent=7862"}],"wp:term":[{"taxonomy":"category","embeddable":true,"href":"http:\/\/vientosur.top\/museo\/wp-json\/wp\/v2\/categories?post=7862"},{"taxonomy":"post_tag","embeddable":true,"href":"http:\/\/vientosur.top\/museo\/wp-json\/wp\/v2\/tags?post=7862"}],"curies":[{"name":"wp","href":"https:\/\/api.w.org\/{rel}","templated":true}]}}