{"id":7868,"date":"2017-12-06T14:42:47","date_gmt":"2017-12-06T14:42:47","guid":{"rendered":"http:\/\/vientosur.top\/museo\/?p=7868"},"modified":"2017-12-06T14:42:47","modified_gmt":"2017-12-06T14:42:47","slug":"javiera-y-angel-parra-presentaron-las-ultimas-composiciones-de-violeta-parra-en-el-teatro-municipal-de-santiago","status":"publish","type":"post","link":"http:\/\/vientosur.top\/museo\/javiera-y-angel-parra-presentaron-las-ultimas-composiciones-de-violeta-parra-en-el-teatro-municipal-de-santiago\/","title":{"rendered":"Javiera y \u00c1ngel Parra presentaron \u201cLas \u00daltimas Composiciones de Violeta Parra\u201d en el Teatro Municipal de Santiago"},"content":{"rendered":"<p>A fines de 2016, Javiera y \u00c1ngel Parra comenzaron a trabajar en unos de los proyectos musicales m\u00e1s importantes de su historia:\u00a0<em>Las \u00daltimas Composiciones de Violeta Parra<\/em>\u00a0(LUCVP), donde\u00a0reviven este disco con los mismos instrumentos y estilos que se utilizaron en la versi\u00f3n original, acompa\u00f1ados por los destacados m\u00fasicos Ismael Odd\u00f3 (Quilapay\u00fan), Andy Baeza, Federico Faure y Eduardo del Campo.<\/p>\n<p>&nbsp;<\/p>\n<p>Adem\u00e1s del disco editado en 2017, la banda \u2013que ya se ha consagrado como lo m\u00e1s destacado en la m\u00fasica chilena\u2013 ha\u00a0tenido una serie de conciertos en diferentes partes de Chile y del mundo, reviviendo de forma \u00edntegra las interpretaciones de Violeta tanto en lo instrumental como en lo emotivo.<\/p>\n<p>&nbsp;<\/p>\n<p>Ese mismo repertorio es el que interpretaron en el\u00a0concierto en el Municipal del Santiago, acompa\u00f1ados del\u00a0Coro del Municipal de Santiago\u00a0\u2013que aportaron arreglos en algunas canciones\u2013 y de destacados m\u00fasicos nacionales:\u00a0Roberto M\u00e1rquez,\u00a0\u00c1lvaro L\u00f3pez\u00a0y\u00a0Camila Moreno.<\/p>\n","protected":false},"excerpt":{"rendered":"<p>A fines de 2016, Javiera y \u00c1ngel Parra comenzaron a trabajar en unos de los proyectos musicales m\u00e1s importantes de su historia:\u00a0Las \u00daltimas Composiciones de Violeta Parra\u00a0(LUCVP), donde\u00a0reviven este disco con los mismos instrumentos y estilos que se utilizaron en la versi\u00f3n original, acompa\u00f1ados por los destacados m\u00fasicos Ismael Odd\u00f3 (Quilapay\u00fan), Andy Baeza, Federico Faure [&hellip;]<\/p>\n","protected":false},"author":5,"featured_media":7869,"comment_status":"open","ping_status":"open","sticky":false,"template":"","format":"standard","meta":{"site-sidebar-layout":"default","site-content-layout":"","ast-site-content-layout":"default","site-content-style":"default","site-sidebar-style":"default","ast-global-header-display":"","ast-banner-title-visibility":"","ast-main-header-display":"","ast-hfb-above-header-display":"","ast-hfb-below-header-display":"","ast-hfb-mobile-header-display":"","site-post-title":"","ast-breadcrumbs-content":"","ast-featured-img":"","footer-sml-layout":"","theme-transparent-header-meta":"","adv-header-id-meta":"","stick-header-meta":"","header-above-stick-meta":"","header-main-stick-meta":"","header-below-stick-meta":"","astra-migrate-meta-layouts":"default","ast-page-background-enabled":"default","ast-page-background-meta":{"desktop":{"background-color":"var(--ast-global-color-4)","background-image":"","background-repeat":"repeat","background-position":"center center","background-size":"auto","background-attachment":"scroll","background-type":"","background-media":"","overlay-type":"","overlay-color":"","overlay-opacity":"","overlay-gradient":""},"tablet":{"background-color":"","background-image":"","background-repeat":"repeat","background-position":"center center","background-size":"auto","background-attachment":"scroll","background-type":"","background-media":"","overlay-type":"","overlay-color":"","overlay-opacity":"","overlay-gradient":""},"mobile":{"background-color":"","background-image":"","background-repeat":"repeat","background-position":"center center","background-size":"auto","background-attachment":"scroll","background-type":"","background-media":"","overlay-type":"","overlay-color":"","overlay-opacity":"","overlay-gradient":""}},"ast-content-background-meta":{"desktop":{"background-color":"var(--ast-global-color-5)","background-image":"","background-repeat":"repeat","background-position":"center center","background-size":"auto","background-attachment":"scroll","background-type":"","background-media":"","overlay-type":"","overlay-color":"","overlay-opacity":"","overlay-gradient":""},"tablet":{"background-color":"var(--ast-global-color-5)","background-image":"","background-repeat":"repeat","background-position":"center center","background-size":"auto","background-attachment":"scroll","background-type":"","background-media":"","overlay-type":"","overlay-color":"","overlay-opacity":"","overlay-gradient":""},"mobile":{"background-color":"var(--ast-global-color-5)","background-image":"","background-repeat":"repeat","background-position":"center center","background-size":"auto","background-attachment":"scroll","background-type":"","background-media":"","overlay-type":"","overlay-color":"","overlay-opacity":"","overlay-gradient":""}},"footnotes":""},"categories":[8],"tags":[],"class_list":["post-7868","post","type-post","status-publish","format-standard","has-post-thumbnail","hentry","category-noticias"],"yoast_head":"<!-- This site is optimized with the Yoast SEO plugin v25.4 - https:\/\/yoast.com\/wordpress\/plugins\/seo\/ -->\n<title>Javiera y \u00c1ngel Parra presentaron \u201cLas \u00daltimas Composiciones de Violeta Parra\u201d en el Teatro Municipal de Santiago - Museo Violeta Parra<\/title>\n<meta name=\"robots\" content=\"index, follow, max-snippet:-1, max-image-preview:large, max-video-preview:-1\" \/>\n<link rel=\"canonical\" href=\"http:\/\/vientosur.top\/museo\/javiera-y-angel-parra-presentaron-las-ultimas-composiciones-de-violeta-parra-en-el-teatro-municipal-de-santiago\/\" \/>\n<meta property=\"og:locale\" content=\"es_ES\" \/>\n<meta property=\"og:type\" content=\"article\" \/>\n<meta property=\"og:title\" content=\"Javiera y \u00c1ngel Parra presentaron \u201cLas \u00daltimas Composiciones de Violeta Parra\u201d en el Teatro Municipal de Santiago - Museo Violeta Parra\" \/>\n<meta property=\"og:description\" content=\"A fines de 2016, Javiera y \u00c1ngel Parra comenzaron a trabajar en unos de los proyectos musicales m\u00e1s importantes de su historia:\u00a0Las \u00daltimas Composiciones de Violeta Parra\u00a0(LUCVP), donde\u00a0reviven este disco con los mismos instrumentos y estilos que se utilizaron en la versi\u00f3n original, acompa\u00f1ados por los destacados m\u00fasicos Ismael Odd\u00f3 (Quilapay\u00fan), Andy Baeza, Federico Faure [&hellip;]\" \/>\n<meta property=\"og:url\" content=\"http:\/\/vientosur.top\/museo\/javiera-y-angel-parra-presentaron-las-ultimas-composiciones-de-violeta-parra-en-el-teatro-municipal-de-santiago\/\" \/>\n<meta property=\"og:site_name\" content=\"Museo Violeta Parra\" \/>\n<meta property=\"article:published_time\" content=\"2017-12-06T14:42:47+00:00\" \/>\n<meta property=\"og:image\" content=\"http:\/\/vientosur.top\/museo\/wp-content\/uploads\/2017\/12\/4-1-1024x662-1.jpg\" \/>\n\t<meta property=\"og:image:width\" content=\"1024\" \/>\n\t<meta property=\"og:image:height\" content=\"662\" \/>\n\t<meta property=\"og:image:type\" content=\"image\/jpeg\" \/>\n<meta name=\"author\" content=\"admin\" \/>\n<meta name=\"twitter:card\" content=\"summary_large_image\" \/>\n<meta name=\"twitter:label1\" content=\"Escrito por\" \/>\n\t<meta name=\"twitter:data1\" content=\"admin\" \/>\n\t<meta name=\"twitter:label2\" content=\"Tiempo de lectura\" \/>\n\t<meta name=\"twitter:data2\" content=\"1 minuto\" \/>\n<script type=\"application\/ld+json\" class=\"yoast-schema-graph\">{\"@context\":\"https:\/\/schema.org\",\"@graph\":[{\"@type\":\"WebPage\",\"@id\":\"http:\/\/vientosur.top\/museo\/javiera-y-angel-parra-presentaron-las-ultimas-composiciones-de-violeta-parra-en-el-teatro-municipal-de-santiago\/\",\"url\":\"http:\/\/vientosur.top\/museo\/javiera-y-angel-parra-presentaron-las-ultimas-composiciones-de-violeta-parra-en-el-teatro-municipal-de-santiago\/\",\"name\":\"Javiera y \u00c1ngel Parra presentaron \u201cLas \u00daltimas Composiciones de Violeta Parra\u201d en el Teatro Municipal de Santiago - Museo Violeta Parra\",\"isPartOf\":{\"@id\":\"http:\/\/vientosur.top\/museo\/#website\"},\"primaryImageOfPage\":{\"@id\":\"http:\/\/vientosur.top\/museo\/javiera-y-angel-parra-presentaron-las-ultimas-composiciones-de-violeta-parra-en-el-teatro-municipal-de-santiago\/#primaryimage\"},\"image\":{\"@id\":\"http:\/\/vientosur.top\/museo\/javiera-y-angel-parra-presentaron-las-ultimas-composiciones-de-violeta-parra-en-el-teatro-municipal-de-santiago\/#primaryimage\"},\"thumbnailUrl\":\"http:\/\/vientosur.top\/museo\/wp-content\/uploads\/2017\/12\/4-1-1024x662-1.jpg\",\"datePublished\":\"2017-12-06T14:42:47+00:00\",\"author\":{\"@id\":\"http:\/\/vientosur.top\/museo\/#\/schema\/person\/20c79d3c38800971feec8c2693c3dd9c\"},\"breadcrumb\":{\"@id\":\"http:\/\/vientosur.top\/museo\/javiera-y-angel-parra-presentaron-las-ultimas-composiciones-de-violeta-parra-en-el-teatro-municipal-de-santiago\/#breadcrumb\"},\"inLanguage\":\"es\",\"potentialAction\":[{\"@type\":\"ReadAction\",\"target\":[\"http:\/\/vientosur.top\/museo\/javiera-y-angel-parra-presentaron-las-ultimas-composiciones-de-violeta-parra-en-el-teatro-municipal-de-santiago\/\"]}]},{\"@type\":\"ImageObject\",\"inLanguage\":\"es\",\"@id\":\"http:\/\/vientosur.top\/museo\/javiera-y-angel-parra-presentaron-las-ultimas-composiciones-de-violeta-parra-en-el-teatro-municipal-de-santiago\/#primaryimage\",\"url\":\"http:\/\/vientosur.top\/museo\/wp-content\/uploads\/2017\/12\/4-1-1024x662-1.jpg\",\"contentUrl\":\"http:\/\/vientosur.top\/museo\/wp-content\/uploads\/2017\/12\/4-1-1024x662-1.jpg\",\"width\":1024,\"height\":662},{\"@type\":\"BreadcrumbList\",\"@id\":\"http:\/\/vientosur.top\/museo\/javiera-y-angel-parra-presentaron-las-ultimas-composiciones-de-violeta-parra-en-el-teatro-municipal-de-santiago\/#breadcrumb\",\"itemListElement\":[{\"@type\":\"ListItem\",\"position\":1,\"name\":\"Portada\",\"item\":\"http:\/\/vientosur.top\/museo\/\"},{\"@type\":\"ListItem\",\"position\":2,\"name\":\"Javiera y \u00c1ngel Parra presentaron \u201cLas \u00daltimas Composiciones de Violeta Parra\u201d en el Teatro Municipal de Santiago\"}]},{\"@type\":\"WebSite\",\"@id\":\"http:\/\/vientosur.top\/museo\/#website\",\"url\":\"http:\/\/vientosur.top\/museo\/\",\"name\":\"Museo Violeta Parra\",\"description\":\"Espacio que alberga tanto la memoria y legado creativo de la artista\",\"potentialAction\":[{\"@type\":\"SearchAction\",\"target\":{\"@type\":\"EntryPoint\",\"urlTemplate\":\"http:\/\/vientosur.top\/museo\/?s={search_term_string}\"},\"query-input\":{\"@type\":\"PropertyValueSpecification\",\"valueRequired\":true,\"valueName\":\"search_term_string\"}}],\"inLanguage\":\"es\"},{\"@type\":\"Person\",\"@id\":\"http:\/\/vientosur.top\/museo\/#\/schema\/person\/20c79d3c38800971feec8c2693c3dd9c\",\"name\":\"admin\",\"image\":{\"@type\":\"ImageObject\",\"inLanguage\":\"es\",\"@id\":\"http:\/\/vientosur.top\/museo\/#\/schema\/person\/image\/\",\"url\":\"https:\/\/secure.gravatar.com\/avatar\/713677ece3ffa642287213a80e5b773bce9ab81c269dd6d95102a990951c922f?s=96&d=mm&r=g\",\"contentUrl\":\"https:\/\/secure.gravatar.com\/avatar\/713677ece3ffa642287213a80e5b773bce9ab81c269dd6d95102a990951c922f?s=96&d=mm&r=g\",\"caption\":\"admin\"},\"sameAs\":[\"http:\/\/vientosur.top\/museo\"],\"url\":\"http:\/\/vientosur.top\/museo\/author\/comunicacionesmvp\/\"}]}<\/script>\n<!-- \/ Yoast SEO plugin. -->","yoast_head_json":{"title":"Javiera y \u00c1ngel Parra presentaron \u201cLas \u00daltimas Composiciones de Violeta Parra\u201d en el Teatro Municipal de Santiago - Museo Violeta Parra","robots":{"index":"index","follow":"follow","max-snippet":"max-snippet:-1","max-image-preview":"max-image-preview:large","max-video-preview":"max-video-preview:-1"},"canonical":"http:\/\/vientosur.top\/museo\/javiera-y-angel-parra-presentaron-las-ultimas-composiciones-de-violeta-parra-en-el-teatro-municipal-de-santiago\/","og_locale":"es_ES","og_type":"article","og_title":"Javiera y \u00c1ngel Parra presentaron \u201cLas \u00daltimas Composiciones de Violeta Parra\u201d en el Teatro Municipal de Santiago - Museo Violeta Parra","og_description":"A fines de 2016, Javiera y \u00c1ngel Parra comenzaron a trabajar en unos de los proyectos musicales m\u00e1s importantes de su historia:\u00a0Las \u00daltimas Composiciones de Violeta Parra\u00a0(LUCVP), donde\u00a0reviven este disco con los mismos instrumentos y estilos que se utilizaron en la versi\u00f3n original, acompa\u00f1ados por los destacados m\u00fasicos Ismael Odd\u00f3 (Quilapay\u00fan), Andy Baeza, Federico Faure [&hellip;]","og_url":"http:\/\/vientosur.top\/museo\/javiera-y-angel-parra-presentaron-las-ultimas-composiciones-de-violeta-parra-en-el-teatro-municipal-de-santiago\/","og_site_name":"Museo Violeta Parra","article_published_time":"2017-12-06T14:42:47+00:00","og_image":[{"width":1024,"height":662,"url":"http:\/\/vientosur.top\/museo\/wp-content\/uploads\/2017\/12\/4-1-1024x662-1.jpg","type":"image\/jpeg"}],"author":"admin","twitter_card":"summary_large_image","twitter_misc":{"Escrito por":"admin","Tiempo de lectura":"1 minuto"},"schema":{"@context":"https:\/\/schema.org","@graph":[{"@type":"WebPage","@id":"http:\/\/vientosur.top\/museo\/javiera-y-angel-parra-presentaron-las-ultimas-composiciones-de-violeta-parra-en-el-teatro-municipal-de-santiago\/","url":"http:\/\/vientosur.top\/museo\/javiera-y-angel-parra-presentaron-las-ultimas-composiciones-de-violeta-parra-en-el-teatro-municipal-de-santiago\/","name":"Javiera y \u00c1ngel Parra presentaron \u201cLas \u00daltimas Composiciones de Violeta Parra\u201d en el Teatro Municipal de Santiago - Museo Violeta Parra","isPartOf":{"@id":"http:\/\/vientosur.top\/museo\/#website"},"primaryImageOfPage":{"@id":"http:\/\/vientosur.top\/museo\/javiera-y-angel-parra-presentaron-las-ultimas-composiciones-de-violeta-parra-en-el-teatro-municipal-de-santiago\/#primaryimage"},"image":{"@id":"http:\/\/vientosur.top\/museo\/javiera-y-angel-parra-presentaron-las-ultimas-composiciones-de-violeta-parra-en-el-teatro-municipal-de-santiago\/#primaryimage"},"thumbnailUrl":"http:\/\/vientosur.top\/museo\/wp-content\/uploads\/2017\/12\/4-1-1024x662-1.jpg","datePublished":"2017-12-06T14:42:47+00:00","author":{"@id":"http:\/\/vientosur.top\/museo\/#\/schema\/person\/20c79d3c38800971feec8c2693c3dd9c"},"breadcrumb":{"@id":"http:\/\/vientosur.top\/museo\/javiera-y-angel-parra-presentaron-las-ultimas-composiciones-de-violeta-parra-en-el-teatro-municipal-de-santiago\/#breadcrumb"},"inLanguage":"es","potentialAction":[{"@type":"ReadAction","target":["http:\/\/vientosur.top\/museo\/javiera-y-angel-parra-presentaron-las-ultimas-composiciones-de-violeta-parra-en-el-teatro-municipal-de-santiago\/"]}]},{"@type":"ImageObject","inLanguage":"es","@id":"http:\/\/vientosur.top\/museo\/javiera-y-angel-parra-presentaron-las-ultimas-composiciones-de-violeta-parra-en-el-teatro-municipal-de-santiago\/#primaryimage","url":"http:\/\/vientosur.top\/museo\/wp-content\/uploads\/2017\/12\/4-1-1024x662-1.jpg","contentUrl":"http:\/\/vientosur.top\/museo\/wp-content\/uploads\/2017\/12\/4-1-1024x662-1.jpg","width":1024,"height":662},{"@type":"BreadcrumbList","@id":"http:\/\/vientosur.top\/museo\/javiera-y-angel-parra-presentaron-las-ultimas-composiciones-de-violeta-parra-en-el-teatro-municipal-de-santiago\/#breadcrumb","itemListElement":[{"@type":"ListItem","position":1,"name":"Portada","item":"http:\/\/vientosur.top\/museo\/"},{"@type":"ListItem","position":2,"name":"Javiera y \u00c1ngel Parra presentaron \u201cLas \u00daltimas Composiciones de Violeta Parra\u201d en el Teatro Municipal de Santiago"}]},{"@type":"WebSite","@id":"http:\/\/vientosur.top\/museo\/#website","url":"http:\/\/vientosur.top\/museo\/","name":"Museo Violeta Parra","description":"Espacio que alberga tanto la memoria y legado creativo de la artista","potentialAction":[{"@type":"SearchAction","target":{"@type":"EntryPoint","urlTemplate":"http:\/\/vientosur.top\/museo\/?s={search_term_string}"},"query-input":{"@type":"PropertyValueSpecification","valueRequired":true,"valueName":"search_term_string"}}],"inLanguage":"es"},{"@type":"Person","@id":"http:\/\/vientosur.top\/museo\/#\/schema\/person\/20c79d3c38800971feec8c2693c3dd9c","name":"admin","image":{"@type":"ImageObject","inLanguage":"es","@id":"http:\/\/vientosur.top\/museo\/#\/schema\/person\/image\/","url":"https:\/\/secure.gravatar.com\/avatar\/713677ece3ffa642287213a80e5b773bce9ab81c269dd6d95102a990951c922f?s=96&d=mm&r=g","contentUrl":"https:\/\/secure.gravatar.com\/avatar\/713677ece3ffa642287213a80e5b773bce9ab81c269dd6d95102a990951c922f?s=96&d=mm&r=g","caption":"admin"},"sameAs":["http:\/\/vientosur.top\/museo"],"url":"http:\/\/vientosur.top\/museo\/author\/comunicacionesmvp\/"}]}},"_links":{"self":[{"href":"http:\/\/vientosur.top\/museo\/wp-json\/wp\/v2\/posts\/7868","targetHints":{"allow":["GET"]}}],"collection":[{"href":"http:\/\/vientosur.top\/museo\/wp-json\/wp\/v2\/posts"}],"about":[{"href":"http:\/\/vientosur.top\/museo\/wp-json\/wp\/v2\/types\/post"}],"author":[{"embeddable":true,"href":"http:\/\/vientosur.top\/museo\/wp-json\/wp\/v2\/users\/5"}],"replies":[{"embeddable":true,"href":"http:\/\/vientosur.top\/museo\/wp-json\/wp\/v2\/comments?post=7868"}],"version-history":[{"count":0,"href":"http:\/\/vientosur.top\/museo\/wp-json\/wp\/v2\/posts\/7868\/revisions"}],"wp:featuredmedia":[{"embeddable":true,"href":"http:\/\/vientosur.top\/museo\/wp-json\/wp\/v2\/media\/7869"}],"wp:attachment":[{"href":"http:\/\/vientosur.top\/museo\/wp-json\/wp\/v2\/media?parent=7868"}],"wp:term":[{"taxonomy":"category","embeddable":true,"href":"http:\/\/vientosur.top\/museo\/wp-json\/wp\/v2\/categories?post=7868"},{"taxonomy":"post_tag","embeddable":true,"href":"http:\/\/vientosur.top\/museo\/wp-json\/wp\/v2\/tags?post=7868"}],"curies":[{"name":"wp","href":"https:\/\/api.w.org\/{rel}","templated":true}]}}