{"id":787,"date":"2016-01-05T13:19:16","date_gmt":"2016-01-05T13:19:16","guid":{"rendered":"http:\/\/vientosur.top\/museo\/\/?p=666"},"modified":"2016-01-05T13:19:16","modified_gmt":"2016-01-05T13:19:16","slug":"este-verano-ven-al-museo-violeta-parra","status":"publish","type":"post","link":"http:\/\/vientosur.top\/museo\/este-verano-ven-al-museo-violeta-parra\/","title":{"rendered":"Este verano ven al Museo Violeta Parra"},"content":{"rendered":"<p>En la semana, las familias y ni\u00f1os que visiten el espacio podr\u00e1n elaborar cester\u00eda en papel de diario, modelar animales end\u00e9micos de Chile en plasticina o bordar en arpillera, entre otras actividades.<\/p>\n<p><!--more--><\/p>\n<p>Una nutrida agenda de actividades educativas tiene preparado el Museo Violeta Parra de cara a los meses de enero y febrero, y con entrada gratuita hasta el 29 de febrero de 2016.<br \/>\nA partir del 5 de enero, las familias y sus ni\u00f1os que visiten el museo podr\u00e1n disfrutar de los\u00a0<strong>\u201ctalleres populares\u201d<\/strong>, donde aprender\u00e1n a crear cester\u00eda en papel de diario, modelado de animales end\u00e9micos de Chile en plasticina, bordado en arpillera y telar de cart\u00f3n.<strong>Estas actividades se realizar\u00e1n de martes a viernes a las 11:00 horas y est\u00e1n preparadas para padres e hijos desde los 10 a\u00f1os en adelante.<\/strong><\/p>\n<p><strong>Tambi\u00e9n de martes a viernes, desde las 15:30 horas, los peque\u00f1os desde los 5 a\u00f1os podr\u00e1n participar junto a sus padres en los juegos populares chilenos<\/strong>, instancia donde los participantes aprender\u00e1n a reciclar y crear juguetes que son parte de nuestro patrimonio cultural. Por ejemplo, podr\u00e1n confeccionar todo lo necesario para divertirse con juegos tradicionales como Las Naciones, las Quemadas, el Tombo, Domin\u00f3 o los Palitroques, que pueden ser practicados al aire libre.<\/p>\n<p>Para quienes visiten el museo los fines de semana de enero, cada s\u00e1bado se ofrecer\u00e1n talleres gratuitos en distintas disciplinas y edades.<\/p>\n<p><strong>Talleres Gratuitos\/ Enero 2016<\/strong><\/p>\n<p><strong>9 enero 15-18 hrs:\u00a0<\/strong>\u00a0Taller de creaci\u00f3n de tarjetas Pop Up (j\u00f3venes y adultos),\u00a0 para aprender a dise\u00f1ar construcciones tridimensionales en papel inspiradas en los poemas de Violeta Parra, y luego crear sus propias tarjetas o libros en casa.<\/p>\n<p><strong>16 enero:<\/strong>\u00a0Talleres de confecci\u00f3n de P\u00e1jaros Chilenos Tejidos.<\/p>\n<p><strong>23 enero:<\/strong>\u00a0Taller Reciclaje con Pl\u00e1stico PET<\/p>\n<p><strong>30 enero:<\/strong>\u00a0Taller Cester\u00eda Kaweskar con materiales reciclados<\/p>\n<p><strong>*Los s\u00e1bados y domingos las visitas guiadas seguir\u00e1n desarroll\u00e1ndose en forma normal, a las 11:00 y 12:00 horas, previa inscripci\u00f3n en informaciones del recinto.<\/strong><\/p>\n<p>M\u00e1s informaciones de talleres, fechas tambi\u00e9n en nuestras redes sociales\u00a0<a href=\"https:\/\/twitter.com\/museovparra\">Twitter<\/a>\u00a0\u2013\u00a0\u00a0<a href=\"https:\/\/www.facebook.com\/MuseoVioletaParra\/\">Facebook\u00a0<\/a>\u2013\u00a0<a href=\"https:\/\/www.instagram.com\/museovioletaparra\/\">Instagram<\/a><\/p>\n","protected":false},"excerpt":{"rendered":"<p>En la semana, las familias y ni\u00f1os que visiten el espacio podr\u00e1n elaborar cester\u00eda en papel de diario, modelar animales end\u00e9micos de Chile en plasticina o bordar en arpillera, entre otras actividades.<\/p>\n","protected":false},"author":5,"featured_media":667,"comment_status":"open","ping_status":"open","sticky":false,"template":"","format":"standard","meta":{"site-sidebar-layout":"default","site-content-layout":"","ast-site-content-layout":"default","site-content-style":"default","site-sidebar-style":"default","ast-global-header-display":"","ast-banner-title-visibility":"","ast-main-header-display":"","ast-hfb-above-header-display":"","ast-hfb-below-header-display":"","ast-hfb-mobile-header-display":"","site-post-title":"","ast-breadcrumbs-content":"","ast-featured-img":"","footer-sml-layout":"","theme-transparent-header-meta":"","adv-header-id-meta":"","stick-header-meta":"","header-above-stick-meta":"","header-main-stick-meta":"","header-below-stick-meta":"","astra-migrate-meta-layouts":"default","ast-page-background-enabled":"default","ast-page-background-meta":{"desktop":{"background-color":"var(--ast-global-color-4)","background-image":"","background-repeat":"repeat","background-position":"center center","background-size":"auto","background-attachment":"scroll","background-type":"","background-media":"","overlay-type":"","overlay-color":"","overlay-opacity":"","overlay-gradient":""},"tablet":{"background-color":"","background-image":"","background-repeat":"repeat","background-position":"center center","background-size":"auto","background-attachment":"scroll","background-type":"","background-media":"","overlay-type":"","overlay-color":"","overlay-opacity":"","overlay-gradient":""},"mobile":{"background-color":"","background-image":"","background-repeat":"repeat","background-position":"center center","background-size":"auto","background-attachment":"scroll","background-type":"","background-media":"","overlay-type":"","overlay-color":"","overlay-opacity":"","overlay-gradient":""}},"ast-content-background-meta":{"desktop":{"background-color":"var(--ast-global-color-5)","background-image":"","background-repeat":"repeat","background-position":"center center","background-size":"auto","background-attachment":"scroll","background-type":"","background-media":"","overlay-type":"","overlay-color":"","overlay-opacity":"","overlay-gradient":""},"tablet":{"background-color":"var(--ast-global-color-5)","background-image":"","background-repeat":"repeat","background-position":"center center","background-size":"auto","background-attachment":"scroll","background-type":"","background-media":"","overlay-type":"","overlay-color":"","overlay-opacity":"","overlay-gradient":""},"mobile":{"background-color":"var(--ast-global-color-5)","background-image":"","background-repeat":"repeat","background-position":"center center","background-size":"auto","background-attachment":"scroll","background-type":"","background-media":"","overlay-type":"","overlay-color":"","overlay-opacity":"","overlay-gradient":""}},"footnotes":""},"categories":[8,61],"tags":[],"class_list":["post-787","post","type-post","status-publish","format-standard","has-post-thumbnail","hentry","category-noticias","category-novedades"],"yoast_head":"<!-- This site is optimized with the Yoast SEO plugin v25.4 - https:\/\/yoast.com\/wordpress\/plugins\/seo\/ -->\n<title>Este verano ven al Museo Violeta Parra - Museo Violeta Parra<\/title>\n<meta name=\"robots\" content=\"index, follow, max-snippet:-1, max-image-preview:large, max-video-preview:-1\" \/>\n<link rel=\"canonical\" href=\"http:\/\/vientosur.top\/museo\/este-verano-ven-al-museo-violeta-parra\/\" \/>\n<meta property=\"og:locale\" content=\"es_ES\" \/>\n<meta property=\"og:type\" content=\"article\" \/>\n<meta property=\"og:title\" content=\"Este verano ven al Museo Violeta Parra - Museo Violeta Parra\" \/>\n<meta property=\"og:description\" content=\"En la semana, las familias y ni\u00f1os que visiten el espacio podr\u00e1n elaborar cester\u00eda en papel de diario, modelar animales end\u00e9micos de Chile en plasticina o bordar en arpillera, entre otras actividades.\" \/>\n<meta property=\"og:url\" content=\"http:\/\/vientosur.top\/museo\/este-verano-ven-al-museo-violeta-parra\/\" \/>\n<meta property=\"og:site_name\" content=\"Museo Violeta Parra\" \/>\n<meta property=\"article:published_time\" content=\"2016-01-05T13:19:16+00:00\" \/>\n<meta name=\"author\" content=\"admin\" \/>\n<meta name=\"twitter:card\" content=\"summary_large_image\" \/>\n<meta name=\"twitter:label1\" content=\"Escrito por\" \/>\n\t<meta name=\"twitter:data1\" content=\"admin\" \/>\n\t<meta name=\"twitter:label2\" content=\"Tiempo de lectura\" \/>\n\t<meta name=\"twitter:data2\" content=\"2 minutos\" \/>\n<script type=\"application\/ld+json\" class=\"yoast-schema-graph\">{\"@context\":\"https:\/\/schema.org\",\"@graph\":[{\"@type\":\"WebPage\",\"@id\":\"http:\/\/vientosur.top\/museo\/este-verano-ven-al-museo-violeta-parra\/\",\"url\":\"http:\/\/vientosur.top\/museo\/este-verano-ven-al-museo-violeta-parra\/\",\"name\":\"Este verano ven al Museo Violeta Parra - Museo Violeta Parra\",\"isPartOf\":{\"@id\":\"http:\/\/vientosur.top\/museo\/#website\"},\"primaryImageOfPage\":{\"@id\":\"http:\/\/vientosur.top\/museo\/este-verano-ven-al-museo-violeta-parra\/#primaryimage\"},\"image\":{\"@id\":\"http:\/\/vientosur.top\/museo\/este-verano-ven-al-museo-violeta-parra\/#primaryimage\"},\"thumbnailUrl\":\"\",\"datePublished\":\"2016-01-05T13:19:16+00:00\",\"author\":{\"@id\":\"http:\/\/vientosur.top\/museo\/#\/schema\/person\/20c79d3c38800971feec8c2693c3dd9c\"},\"breadcrumb\":{\"@id\":\"http:\/\/vientosur.top\/museo\/este-verano-ven-al-museo-violeta-parra\/#breadcrumb\"},\"inLanguage\":\"es\",\"potentialAction\":[{\"@type\":\"ReadAction\",\"target\":[\"http:\/\/vientosur.top\/museo\/este-verano-ven-al-museo-violeta-parra\/\"]}]},{\"@type\":\"ImageObject\",\"inLanguage\":\"es\",\"@id\":\"http:\/\/vientosur.top\/museo\/este-verano-ven-al-museo-violeta-parra\/#primaryimage\",\"url\":\"\",\"contentUrl\":\"\"},{\"@type\":\"BreadcrumbList\",\"@id\":\"http:\/\/vientosur.top\/museo\/este-verano-ven-al-museo-violeta-parra\/#breadcrumb\",\"itemListElement\":[{\"@type\":\"ListItem\",\"position\":1,\"name\":\"Portada\",\"item\":\"http:\/\/vientosur.top\/museo\/\"},{\"@type\":\"ListItem\",\"position\":2,\"name\":\"Este verano ven al Museo Violeta Parra\"}]},{\"@type\":\"WebSite\",\"@id\":\"http:\/\/vientosur.top\/museo\/#website\",\"url\":\"http:\/\/vientosur.top\/museo\/\",\"name\":\"Museo Violeta Parra\",\"description\":\"Espacio que alberga tanto la memoria y legado creativo de la artista\",\"potentialAction\":[{\"@type\":\"SearchAction\",\"target\":{\"@type\":\"EntryPoint\",\"urlTemplate\":\"http:\/\/vientosur.top\/museo\/?s={search_term_string}\"},\"query-input\":{\"@type\":\"PropertyValueSpecification\",\"valueRequired\":true,\"valueName\":\"search_term_string\"}}],\"inLanguage\":\"es\"},{\"@type\":\"Person\",\"@id\":\"http:\/\/vientosur.top\/museo\/#\/schema\/person\/20c79d3c38800971feec8c2693c3dd9c\",\"name\":\"admin\",\"image\":{\"@type\":\"ImageObject\",\"inLanguage\":\"es\",\"@id\":\"http:\/\/vientosur.top\/museo\/#\/schema\/person\/image\/\",\"url\":\"https:\/\/secure.gravatar.com\/avatar\/713677ece3ffa642287213a80e5b773bce9ab81c269dd6d95102a990951c922f?s=96&d=mm&r=g\",\"contentUrl\":\"https:\/\/secure.gravatar.com\/avatar\/713677ece3ffa642287213a80e5b773bce9ab81c269dd6d95102a990951c922f?s=96&d=mm&r=g\",\"caption\":\"admin\"},\"sameAs\":[\"http:\/\/vientosur.top\/museo\"],\"url\":\"http:\/\/vientosur.top\/museo\/author\/comunicacionesmvp\/\"}]}<\/script>\n<!-- \/ Yoast SEO plugin. -->","yoast_head_json":{"title":"Este verano ven al Museo Violeta Parra - Museo Violeta Parra","robots":{"index":"index","follow":"follow","max-snippet":"max-snippet:-1","max-image-preview":"max-image-preview:large","max-video-preview":"max-video-preview:-1"},"canonical":"http:\/\/vientosur.top\/museo\/este-verano-ven-al-museo-violeta-parra\/","og_locale":"es_ES","og_type":"article","og_title":"Este verano ven al Museo Violeta Parra - Museo Violeta Parra","og_description":"En la semana, las familias y ni\u00f1os que visiten el espacio podr\u00e1n elaborar cester\u00eda en papel de diario, modelar animales end\u00e9micos de Chile en plasticina o bordar en arpillera, entre otras actividades.","og_url":"http:\/\/vientosur.top\/museo\/este-verano-ven-al-museo-violeta-parra\/","og_site_name":"Museo Violeta Parra","article_published_time":"2016-01-05T13:19:16+00:00","author":"admin","twitter_card":"summary_large_image","twitter_misc":{"Escrito por":"admin","Tiempo de lectura":"2 minutos"},"schema":{"@context":"https:\/\/schema.org","@graph":[{"@type":"WebPage","@id":"http:\/\/vientosur.top\/museo\/este-verano-ven-al-museo-violeta-parra\/","url":"http:\/\/vientosur.top\/museo\/este-verano-ven-al-museo-violeta-parra\/","name":"Este verano ven al Museo Violeta Parra - Museo Violeta Parra","isPartOf":{"@id":"http:\/\/vientosur.top\/museo\/#website"},"primaryImageOfPage":{"@id":"http:\/\/vientosur.top\/museo\/este-verano-ven-al-museo-violeta-parra\/#primaryimage"},"image":{"@id":"http:\/\/vientosur.top\/museo\/este-verano-ven-al-museo-violeta-parra\/#primaryimage"},"thumbnailUrl":"","datePublished":"2016-01-05T13:19:16+00:00","author":{"@id":"http:\/\/vientosur.top\/museo\/#\/schema\/person\/20c79d3c38800971feec8c2693c3dd9c"},"breadcrumb":{"@id":"http:\/\/vientosur.top\/museo\/este-verano-ven-al-museo-violeta-parra\/#breadcrumb"},"inLanguage":"es","potentialAction":[{"@type":"ReadAction","target":["http:\/\/vientosur.top\/museo\/este-verano-ven-al-museo-violeta-parra\/"]}]},{"@type":"ImageObject","inLanguage":"es","@id":"http:\/\/vientosur.top\/museo\/este-verano-ven-al-museo-violeta-parra\/#primaryimage","url":"","contentUrl":""},{"@type":"BreadcrumbList","@id":"http:\/\/vientosur.top\/museo\/este-verano-ven-al-museo-violeta-parra\/#breadcrumb","itemListElement":[{"@type":"ListItem","position":1,"name":"Portada","item":"http:\/\/vientosur.top\/museo\/"},{"@type":"ListItem","position":2,"name":"Este verano ven al Museo Violeta Parra"}]},{"@type":"WebSite","@id":"http:\/\/vientosur.top\/museo\/#website","url":"http:\/\/vientosur.top\/museo\/","name":"Museo Violeta Parra","description":"Espacio que alberga tanto la memoria y legado creativo de la artista","potentialAction":[{"@type":"SearchAction","target":{"@type":"EntryPoint","urlTemplate":"http:\/\/vientosur.top\/museo\/?s={search_term_string}"},"query-input":{"@type":"PropertyValueSpecification","valueRequired":true,"valueName":"search_term_string"}}],"inLanguage":"es"},{"@type":"Person","@id":"http:\/\/vientosur.top\/museo\/#\/schema\/person\/20c79d3c38800971feec8c2693c3dd9c","name":"admin","image":{"@type":"ImageObject","inLanguage":"es","@id":"http:\/\/vientosur.top\/museo\/#\/schema\/person\/image\/","url":"https:\/\/secure.gravatar.com\/avatar\/713677ece3ffa642287213a80e5b773bce9ab81c269dd6d95102a990951c922f?s=96&d=mm&r=g","contentUrl":"https:\/\/secure.gravatar.com\/avatar\/713677ece3ffa642287213a80e5b773bce9ab81c269dd6d95102a990951c922f?s=96&d=mm&r=g","caption":"admin"},"sameAs":["http:\/\/vientosur.top\/museo"],"url":"http:\/\/vientosur.top\/museo\/author\/comunicacionesmvp\/"}]}},"_links":{"self":[{"href":"http:\/\/vientosur.top\/museo\/wp-json\/wp\/v2\/posts\/787","targetHints":{"allow":["GET"]}}],"collection":[{"href":"http:\/\/vientosur.top\/museo\/wp-json\/wp\/v2\/posts"}],"about":[{"href":"http:\/\/vientosur.top\/museo\/wp-json\/wp\/v2\/types\/post"}],"author":[{"embeddable":true,"href":"http:\/\/vientosur.top\/museo\/wp-json\/wp\/v2\/users\/5"}],"replies":[{"embeddable":true,"href":"http:\/\/vientosur.top\/museo\/wp-json\/wp\/v2\/comments?post=787"}],"version-history":[{"count":0,"href":"http:\/\/vientosur.top\/museo\/wp-json\/wp\/v2\/posts\/787\/revisions"}],"wp:featuredmedia":[{"embeddable":true,"href":"http:\/\/vientosur.top\/museo\/wp-json\/wp\/v2\/pages\/667"}],"wp:attachment":[{"href":"http:\/\/vientosur.top\/museo\/wp-json\/wp\/v2\/media?parent=787"}],"wp:term":[{"taxonomy":"category","embeddable":true,"href":"http:\/\/vientosur.top\/museo\/wp-json\/wp\/v2\/categories?post=787"},{"taxonomy":"post_tag","embeddable":true,"href":"http:\/\/vientosur.top\/museo\/wp-json\/wp\/v2\/tags?post=787"}],"curies":[{"name":"wp","href":"https:\/\/api.w.org\/{rel}","templated":true}]}}