{"id":7874,"date":"2017-12-06T14:46:46","date_gmt":"2017-12-06T14:46:46","guid":{"rendered":"http:\/\/vientosur.top\/museo\/?p=7874"},"modified":"2017-12-06T14:46:46","modified_gmt":"2017-12-06T14:46:46","slug":"la-maleta-de-violeta-visito-dos-jardines-infantiles-de-fundacion-integra","status":"publish","type":"post","link":"http:\/\/vientosur.top\/museo\/la-maleta-de-violeta-visito-dos-jardines-infantiles-de-fundacion-integra\/","title":{"rendered":"\u201cLa Maleta de Violeta\u201d visit\u00f3 dos jardines infantiles de Fundaci\u00f3n Integra"},"content":{"rendered":"<p>Luego de la\u00a0<a href=\"http:\/\/vientosur.top\/museo\/2017\/11\/16\/museo-violeta-parra-e-integra-firman-acuerdo-para-difundir-el-legado-de-la-artista-nacional\/\">firma del\u00a0<\/a><a href=\"http:\/\/vientosur.top\/museo\/2017\/11\/16\/museo-violeta-parra-e-integra-firman-acuerdo-para-difundir-el-legado-de-la-artista-nacional\/\" target=\"_blank\" rel=\"noopener noreferrer\">convenio entre el Museo Violeta Parra y la Fundaci\u00f3n Integra\u00a0<\/a>\u00a0\u2014suscrito el 16 de noviembre por Cecilia Garc\u00eda-Huidobro y Oriele Rossel, directoras de ambas instituciones\u2014 \u201cLa Maleta de Violeta\u201d ya ha visitado dos jardines de la red de Integra.<\/p>\n<p>El jueves 23 de noviembre el equipo del \u00c1rea Educativa del Museo Violeta Parra<a href=\"https:\/\/www.facebook.com\/pg\/MuseoVioletaParra\/photos\/?tab=album&amp;album_id=2027058384204239\" target=\"_blank\" rel=\"noopener noreferrer\">\u00a0visit\u00f3 el jard\u00edn infantil y sala cuna Kumel\u00e9n de La Pintana<\/a>. Una semana despu\u00e9s, los profesionales llegaron hasta el\u00a0<a href=\"https:\/\/www.facebook.com\/pg\/MuseoVioletaParra\/photos\/?tab=album&amp;album_id=2028392720737472\" target=\"_blank\" rel=\"noopener noreferrer\">Jard\u00edn Infantil Mujeres de Chile, ubicado en la comuna de San Bernardo.<\/a><\/p>\n<p>En ambas actividades los ni\u00f1os conocieron m\u00e1s sobre la vida y obra de la artista, experimentaron la materialidad de las arpilleras y armaron un rompecabezas de \u201cContra la guerra\u201d, que se exhibe en la Sala Divina del Museo Violeta Parra.<\/p>\n","protected":false},"excerpt":{"rendered":"<p>Luego de la\u00a0firma del\u00a0convenio entre el Museo Violeta Parra y la Fundaci\u00f3n Integra\u00a0\u00a0\u2014suscrito el 16 de noviembre por Cecilia Garc\u00eda-Huidobro y Oriele Rossel, directoras de ambas instituciones\u2014 \u201cLa Maleta de Violeta\u201d ya ha visitado dos jardines de la red de Integra. El jueves 23 de noviembre el equipo del \u00c1rea Educativa del Museo Violeta Parra\u00a0visit\u00f3 [&hellip;]<\/p>\n","protected":false},"author":5,"featured_media":7875,"comment_status":"open","ping_status":"open","sticky":false,"template":"","format":"standard","meta":{"site-sidebar-layout":"default","site-content-layout":"","ast-site-content-layout":"default","site-content-style":"default","site-sidebar-style":"default","ast-global-header-display":"","ast-banner-title-visibility":"","ast-main-header-display":"","ast-hfb-above-header-display":"","ast-hfb-below-header-display":"","ast-hfb-mobile-header-display":"","site-post-title":"","ast-breadcrumbs-content":"","ast-featured-img":"","footer-sml-layout":"","theme-transparent-header-meta":"","adv-header-id-meta":"","stick-header-meta":"","header-above-stick-meta":"","header-main-stick-meta":"","header-below-stick-meta":"","astra-migrate-meta-layouts":"default","ast-page-background-enabled":"default","ast-page-background-meta":{"desktop":{"background-color":"var(--ast-global-color-4)","background-image":"","background-repeat":"repeat","background-position":"center center","background-size":"auto","background-attachment":"scroll","background-type":"","background-media":"","overlay-type":"","overlay-color":"","overlay-opacity":"","overlay-gradient":""},"tablet":{"background-color":"","background-image":"","background-repeat":"repeat","background-position":"center center","background-size":"auto","background-attachment":"scroll","background-type":"","background-media":"","overlay-type":"","overlay-color":"","overlay-opacity":"","overlay-gradient":""},"mobile":{"background-color":"","background-image":"","background-repeat":"repeat","background-position":"center center","background-size":"auto","background-attachment":"scroll","background-type":"","background-media":"","overlay-type":"","overlay-color":"","overlay-opacity":"","overlay-gradient":""}},"ast-content-background-meta":{"desktop":{"background-color":"var(--ast-global-color-5)","background-image":"","background-repeat":"repeat","background-position":"center center","background-size":"auto","background-attachment":"scroll","background-type":"","background-media":"","overlay-type":"","overlay-color":"","overlay-opacity":"","overlay-gradient":""},"tablet":{"background-color":"var(--ast-global-color-5)","background-image":"","background-repeat":"repeat","background-position":"center center","background-size":"auto","background-attachment":"scroll","background-type":"","background-media":"","overlay-type":"","overlay-color":"","overlay-opacity":"","overlay-gradient":""},"mobile":{"background-color":"var(--ast-global-color-5)","background-image":"","background-repeat":"repeat","background-position":"center center","background-size":"auto","background-attachment":"scroll","background-type":"","background-media":"","overlay-type":"","overlay-color":"","overlay-opacity":"","overlay-gradient":""}},"footnotes":""},"categories":[8],"tags":[],"class_list":["post-7874","post","type-post","status-publish","format-standard","has-post-thumbnail","hentry","category-noticias"],"yoast_head":"<!-- This site is optimized with the Yoast SEO plugin v25.4 - https:\/\/yoast.com\/wordpress\/plugins\/seo\/ -->\n<title>\u201cLa Maleta de Violeta\u201d visit\u00f3 dos jardines infantiles de Fundaci\u00f3n Integra - Museo Violeta Parra<\/title>\n<meta name=\"robots\" content=\"index, follow, max-snippet:-1, max-image-preview:large, max-video-preview:-1\" \/>\n<link rel=\"canonical\" href=\"http:\/\/vientosur.top\/museo\/la-maleta-de-violeta-visito-dos-jardines-infantiles-de-fundacion-integra\/\" \/>\n<meta property=\"og:locale\" content=\"es_ES\" \/>\n<meta property=\"og:type\" content=\"article\" \/>\n<meta property=\"og:title\" content=\"\u201cLa Maleta de Violeta\u201d visit\u00f3 dos jardines infantiles de Fundaci\u00f3n Integra - Museo Violeta Parra\" \/>\n<meta property=\"og:description\" content=\"Luego de la\u00a0firma del\u00a0convenio entre el Museo Violeta Parra y la Fundaci\u00f3n Integra\u00a0\u00a0\u2014suscrito el 16 de noviembre por Cecilia Garc\u00eda-Huidobro y Oriele Rossel, directoras de ambas instituciones\u2014 \u201cLa Maleta de Violeta\u201d ya ha visitado dos jardines de la red de Integra. El jueves 23 de noviembre el equipo del \u00c1rea Educativa del Museo Violeta Parra\u00a0visit\u00f3 [&hellip;]\" \/>\n<meta property=\"og:url\" content=\"http:\/\/vientosur.top\/museo\/la-maleta-de-violeta-visito-dos-jardines-infantiles-de-fundacion-integra\/\" \/>\n<meta property=\"og:site_name\" content=\"Museo Violeta Parra\" \/>\n<meta property=\"article:published_time\" content=\"2017-12-06T14:46:46+00:00\" \/>\n<meta property=\"og:image\" content=\"http:\/\/vientosur.top\/museo\/wp-content\/uploads\/2017\/12\/DSC_0542-1024x681-1.jpg\" \/>\n\t<meta property=\"og:image:width\" content=\"1024\" \/>\n\t<meta property=\"og:image:height\" content=\"681\" \/>\n\t<meta property=\"og:image:type\" content=\"image\/jpeg\" \/>\n<meta name=\"author\" content=\"admin\" \/>\n<meta name=\"twitter:card\" content=\"summary_large_image\" \/>\n<meta name=\"twitter:label1\" content=\"Escrito por\" \/>\n\t<meta name=\"twitter:data1\" content=\"admin\" \/>\n\t<meta name=\"twitter:label2\" content=\"Tiempo de lectura\" \/>\n\t<meta name=\"twitter:data2\" content=\"1 minuto\" \/>\n<script type=\"application\/ld+json\" class=\"yoast-schema-graph\">{\"@context\":\"https:\/\/schema.org\",\"@graph\":[{\"@type\":\"WebPage\",\"@id\":\"http:\/\/vientosur.top\/museo\/la-maleta-de-violeta-visito-dos-jardines-infantiles-de-fundacion-integra\/\",\"url\":\"http:\/\/vientosur.top\/museo\/la-maleta-de-violeta-visito-dos-jardines-infantiles-de-fundacion-integra\/\",\"name\":\"\u201cLa Maleta de Violeta\u201d visit\u00f3 dos jardines infantiles de Fundaci\u00f3n Integra - Museo Violeta Parra\",\"isPartOf\":{\"@id\":\"http:\/\/vientosur.top\/museo\/#website\"},\"primaryImageOfPage\":{\"@id\":\"http:\/\/vientosur.top\/museo\/la-maleta-de-violeta-visito-dos-jardines-infantiles-de-fundacion-integra\/#primaryimage\"},\"image\":{\"@id\":\"http:\/\/vientosur.top\/museo\/la-maleta-de-violeta-visito-dos-jardines-infantiles-de-fundacion-integra\/#primaryimage\"},\"thumbnailUrl\":\"http:\/\/vientosur.top\/museo\/wp-content\/uploads\/2017\/12\/DSC_0542-1024x681-1.jpg\",\"datePublished\":\"2017-12-06T14:46:46+00:00\",\"author\":{\"@id\":\"http:\/\/vientosur.top\/museo\/#\/schema\/person\/20c79d3c38800971feec8c2693c3dd9c\"},\"breadcrumb\":{\"@id\":\"http:\/\/vientosur.top\/museo\/la-maleta-de-violeta-visito-dos-jardines-infantiles-de-fundacion-integra\/#breadcrumb\"},\"inLanguage\":\"es\",\"potentialAction\":[{\"@type\":\"ReadAction\",\"target\":[\"http:\/\/vientosur.top\/museo\/la-maleta-de-violeta-visito-dos-jardines-infantiles-de-fundacion-integra\/\"]}]},{\"@type\":\"ImageObject\",\"inLanguage\":\"es\",\"@id\":\"http:\/\/vientosur.top\/museo\/la-maleta-de-violeta-visito-dos-jardines-infantiles-de-fundacion-integra\/#primaryimage\",\"url\":\"http:\/\/vientosur.top\/museo\/wp-content\/uploads\/2017\/12\/DSC_0542-1024x681-1.jpg\",\"contentUrl\":\"http:\/\/vientosur.top\/museo\/wp-content\/uploads\/2017\/12\/DSC_0542-1024x681-1.jpg\",\"width\":1024,\"height\":681},{\"@type\":\"BreadcrumbList\",\"@id\":\"http:\/\/vientosur.top\/museo\/la-maleta-de-violeta-visito-dos-jardines-infantiles-de-fundacion-integra\/#breadcrumb\",\"itemListElement\":[{\"@type\":\"ListItem\",\"position\":1,\"name\":\"Portada\",\"item\":\"http:\/\/vientosur.top\/museo\/\"},{\"@type\":\"ListItem\",\"position\":2,\"name\":\"\u201cLa Maleta de Violeta\u201d visit\u00f3 dos jardines infantiles de Fundaci\u00f3n Integra\"}]},{\"@type\":\"WebSite\",\"@id\":\"http:\/\/vientosur.top\/museo\/#website\",\"url\":\"http:\/\/vientosur.top\/museo\/\",\"name\":\"Museo Violeta Parra\",\"description\":\"Espacio que alberga tanto la memoria y legado creativo de la artista\",\"potentialAction\":[{\"@type\":\"SearchAction\",\"target\":{\"@type\":\"EntryPoint\",\"urlTemplate\":\"http:\/\/vientosur.top\/museo\/?s={search_term_string}\"},\"query-input\":{\"@type\":\"PropertyValueSpecification\",\"valueRequired\":true,\"valueName\":\"search_term_string\"}}],\"inLanguage\":\"es\"},{\"@type\":\"Person\",\"@id\":\"http:\/\/vientosur.top\/museo\/#\/schema\/person\/20c79d3c38800971feec8c2693c3dd9c\",\"name\":\"admin\",\"image\":{\"@type\":\"ImageObject\",\"inLanguage\":\"es\",\"@id\":\"http:\/\/vientosur.top\/museo\/#\/schema\/person\/image\/\",\"url\":\"https:\/\/secure.gravatar.com\/avatar\/713677ece3ffa642287213a80e5b773bce9ab81c269dd6d95102a990951c922f?s=96&d=mm&r=g\",\"contentUrl\":\"https:\/\/secure.gravatar.com\/avatar\/713677ece3ffa642287213a80e5b773bce9ab81c269dd6d95102a990951c922f?s=96&d=mm&r=g\",\"caption\":\"admin\"},\"sameAs\":[\"http:\/\/vientosur.top\/museo\"],\"url\":\"http:\/\/vientosur.top\/museo\/author\/comunicacionesmvp\/\"}]}<\/script>\n<!-- \/ Yoast SEO plugin. -->","yoast_head_json":{"title":"\u201cLa Maleta de Violeta\u201d visit\u00f3 dos jardines infantiles de Fundaci\u00f3n Integra - Museo Violeta Parra","robots":{"index":"index","follow":"follow","max-snippet":"max-snippet:-1","max-image-preview":"max-image-preview:large","max-video-preview":"max-video-preview:-1"},"canonical":"http:\/\/vientosur.top\/museo\/la-maleta-de-violeta-visito-dos-jardines-infantiles-de-fundacion-integra\/","og_locale":"es_ES","og_type":"article","og_title":"\u201cLa Maleta de Violeta\u201d visit\u00f3 dos jardines infantiles de Fundaci\u00f3n Integra - Museo Violeta Parra","og_description":"Luego de la\u00a0firma del\u00a0convenio entre el Museo Violeta Parra y la Fundaci\u00f3n Integra\u00a0\u00a0\u2014suscrito el 16 de noviembre por Cecilia Garc\u00eda-Huidobro y Oriele Rossel, directoras de ambas instituciones\u2014 \u201cLa Maleta de Violeta\u201d ya ha visitado dos jardines de la red de Integra. El jueves 23 de noviembre el equipo del \u00c1rea Educativa del Museo Violeta Parra\u00a0visit\u00f3 [&hellip;]","og_url":"http:\/\/vientosur.top\/museo\/la-maleta-de-violeta-visito-dos-jardines-infantiles-de-fundacion-integra\/","og_site_name":"Museo Violeta Parra","article_published_time":"2017-12-06T14:46:46+00:00","og_image":[{"width":1024,"height":681,"url":"http:\/\/vientosur.top\/museo\/wp-content\/uploads\/2017\/12\/DSC_0542-1024x681-1.jpg","type":"image\/jpeg"}],"author":"admin","twitter_card":"summary_large_image","twitter_misc":{"Escrito por":"admin","Tiempo de lectura":"1 minuto"},"schema":{"@context":"https:\/\/schema.org","@graph":[{"@type":"WebPage","@id":"http:\/\/vientosur.top\/museo\/la-maleta-de-violeta-visito-dos-jardines-infantiles-de-fundacion-integra\/","url":"http:\/\/vientosur.top\/museo\/la-maleta-de-violeta-visito-dos-jardines-infantiles-de-fundacion-integra\/","name":"\u201cLa Maleta de Violeta\u201d visit\u00f3 dos jardines infantiles de Fundaci\u00f3n Integra - Museo Violeta Parra","isPartOf":{"@id":"http:\/\/vientosur.top\/museo\/#website"},"primaryImageOfPage":{"@id":"http:\/\/vientosur.top\/museo\/la-maleta-de-violeta-visito-dos-jardines-infantiles-de-fundacion-integra\/#primaryimage"},"image":{"@id":"http:\/\/vientosur.top\/museo\/la-maleta-de-violeta-visito-dos-jardines-infantiles-de-fundacion-integra\/#primaryimage"},"thumbnailUrl":"http:\/\/vientosur.top\/museo\/wp-content\/uploads\/2017\/12\/DSC_0542-1024x681-1.jpg","datePublished":"2017-12-06T14:46:46+00:00","author":{"@id":"http:\/\/vientosur.top\/museo\/#\/schema\/person\/20c79d3c38800971feec8c2693c3dd9c"},"breadcrumb":{"@id":"http:\/\/vientosur.top\/museo\/la-maleta-de-violeta-visito-dos-jardines-infantiles-de-fundacion-integra\/#breadcrumb"},"inLanguage":"es","potentialAction":[{"@type":"ReadAction","target":["http:\/\/vientosur.top\/museo\/la-maleta-de-violeta-visito-dos-jardines-infantiles-de-fundacion-integra\/"]}]},{"@type":"ImageObject","inLanguage":"es","@id":"http:\/\/vientosur.top\/museo\/la-maleta-de-violeta-visito-dos-jardines-infantiles-de-fundacion-integra\/#primaryimage","url":"http:\/\/vientosur.top\/museo\/wp-content\/uploads\/2017\/12\/DSC_0542-1024x681-1.jpg","contentUrl":"http:\/\/vientosur.top\/museo\/wp-content\/uploads\/2017\/12\/DSC_0542-1024x681-1.jpg","width":1024,"height":681},{"@type":"BreadcrumbList","@id":"http:\/\/vientosur.top\/museo\/la-maleta-de-violeta-visito-dos-jardines-infantiles-de-fundacion-integra\/#breadcrumb","itemListElement":[{"@type":"ListItem","position":1,"name":"Portada","item":"http:\/\/vientosur.top\/museo\/"},{"@type":"ListItem","position":2,"name":"\u201cLa Maleta de Violeta\u201d visit\u00f3 dos jardines infantiles de Fundaci\u00f3n Integra"}]},{"@type":"WebSite","@id":"http:\/\/vientosur.top\/museo\/#website","url":"http:\/\/vientosur.top\/museo\/","name":"Museo Violeta Parra","description":"Espacio que alberga tanto la memoria y legado creativo de la artista","potentialAction":[{"@type":"SearchAction","target":{"@type":"EntryPoint","urlTemplate":"http:\/\/vientosur.top\/museo\/?s={search_term_string}"},"query-input":{"@type":"PropertyValueSpecification","valueRequired":true,"valueName":"search_term_string"}}],"inLanguage":"es"},{"@type":"Person","@id":"http:\/\/vientosur.top\/museo\/#\/schema\/person\/20c79d3c38800971feec8c2693c3dd9c","name":"admin","image":{"@type":"ImageObject","inLanguage":"es","@id":"http:\/\/vientosur.top\/museo\/#\/schema\/person\/image\/","url":"https:\/\/secure.gravatar.com\/avatar\/713677ece3ffa642287213a80e5b773bce9ab81c269dd6d95102a990951c922f?s=96&d=mm&r=g","contentUrl":"https:\/\/secure.gravatar.com\/avatar\/713677ece3ffa642287213a80e5b773bce9ab81c269dd6d95102a990951c922f?s=96&d=mm&r=g","caption":"admin"},"sameAs":["http:\/\/vientosur.top\/museo"],"url":"http:\/\/vientosur.top\/museo\/author\/comunicacionesmvp\/"}]}},"_links":{"self":[{"href":"http:\/\/vientosur.top\/museo\/wp-json\/wp\/v2\/posts\/7874","targetHints":{"allow":["GET"]}}],"collection":[{"href":"http:\/\/vientosur.top\/museo\/wp-json\/wp\/v2\/posts"}],"about":[{"href":"http:\/\/vientosur.top\/museo\/wp-json\/wp\/v2\/types\/post"}],"author":[{"embeddable":true,"href":"http:\/\/vientosur.top\/museo\/wp-json\/wp\/v2\/users\/5"}],"replies":[{"embeddable":true,"href":"http:\/\/vientosur.top\/museo\/wp-json\/wp\/v2\/comments?post=7874"}],"version-history":[{"count":0,"href":"http:\/\/vientosur.top\/museo\/wp-json\/wp\/v2\/posts\/7874\/revisions"}],"wp:featuredmedia":[{"embeddable":true,"href":"http:\/\/vientosur.top\/museo\/wp-json\/wp\/v2\/media\/7875"}],"wp:attachment":[{"href":"http:\/\/vientosur.top\/museo\/wp-json\/wp\/v2\/media?parent=7874"}],"wp:term":[{"taxonomy":"category","embeddable":true,"href":"http:\/\/vientosur.top\/museo\/wp-json\/wp\/v2\/categories?post=7874"},{"taxonomy":"post_tag","embeddable":true,"href":"http:\/\/vientosur.top\/museo\/wp-json\/wp\/v2\/tags?post=7874"}],"curies":[{"name":"wp","href":"https:\/\/api.w.org\/{rel}","templated":true}]}}