{"id":788,"date":"2016-01-05T13:22:50","date_gmt":"2016-01-05T13:22:50","guid":{"rendered":"http:\/\/vientosur.top\/museo\/\/?p=669"},"modified":"2016-01-05T13:22:50","modified_gmt":"2016-01-05T13:22:50","slug":"museo-violeta-parra-presentara-documental-la-sabiduria-de-las-abuelas","status":"publish","type":"post","link":"http:\/\/vientosur.top\/museo\/museo-violeta-parra-presentara-documental-la-sabiduria-de-las-abuelas\/","title":{"rendered":"Museo Violeta Parra presentar\u00e1 documental \u201cLa sabidur\u00eda de las abuelas\u201d"},"content":{"rendered":"<p>El filme, que demor\u00f3 7 a\u00f1os en rodarse, est\u00e1 inspirado en la ense\u00f1anza ind\u00edgena que dice que \u201cno habr\u00e1 paz en la Tierra hasta que se escuchen las voces de las abuelas\u201d.<\/p>\n<p><!--more--><\/p>\n<p>Un viaje de siete a\u00f1os desde Siberia a la Patagonia produjo como resultado el documental\u00a0<a href=\"http:\/\/www.thewisdomofthegrandmothers.com\/\">\u201cLa sabidur\u00eda de las abuelas\u201d,<\/a>\u00a0que ser\u00e1 exhibido\u00a0 por primera vez en Chile, el pr\u00f3ximo jueves 7 de enero en la Sala Antar del museo. Para poder asistir, se deben retirar las entradas en el mes\u00f3n de informaciones del Museo de martes a jueves desde las 9:30.<\/p>\n<p>El proyecto fue impulsado por la periodista norteamericana Susan Christianson, busca poner en valor la experiencia y opiniones de las mujeres mayores del mundo y se inspira en la ense\u00f1anza ind\u00edgena que dice que \u201cno habr\u00e1 paz en la Tierra hasta que se escuchen las voces de las abuelas\u201d.<\/p>\n<p>Con ese norte, \u00a0la directora del filme se dispuso a entrevistar a decenas de abuelas desde Siberia hasta la Patagonia, para conocer sus opiniones y ense\u00f1anzas, y as\u00ed transmitirlas al mundo.<\/p>\n<p>La pel\u00edcula, de 53 minutos, est\u00e1 organizada dentro de distintas tem\u00e1ticas. \u201cMuchas hablan de la importancia de la comunidad, la importancia de mantener la conexi\u00f3n con la naturaleza, con la cultura, la espiritualidad\u201d, cuenta Ana Sanz, a cargo de la distribuci\u00f3n de la pel\u00edcula en Chile.<\/p>\n<p>El rodaje incluy\u00f3 un paso por la Isla de Pascua, presentada como un s\u00edmbolo de resurrecci\u00f3n, y tambi\u00e9n incorpor\u00f3 la entrevista Norma Lamb, una mujer chilena de Limache que afirma que \u201cla energ\u00eda femenina tiene que ascender para estar equilibrada con la masculina y que ambas puedan trabajar juntas\u201d.<\/p>\n<p>\u201cEs un mensaje sobre la intuici\u00f3n y la energ\u00eda femenina. Que no sea todo de la mente, de la raz\u00f3n, sino del coraz\u00f3n y la intuici\u00f3n. En general, a las abuelas se les deja aparte, no se les escucha, entonces toda su sabidur\u00eda se muere con ellas\u201d, reflexiona Sanz, quien asegura que las mujeres que vieron el filme en Estados Unidos \u201cse sintieron muy inspiradas, muy emocionadas\u201d, explica Ana Sanz.<\/p>\n<p>Antes de iniciar las grabaciones, Susan Christianson public\u00f3 el libro El proyecto de las voces de las mujeres, que recopilaba las primeras entrevistas que hizo a mujeres de Siberia en Estados Unidos.<\/p>\n<p>Christianson es una reconocida periodista que trabaj\u00f3 en el \u00e1rea de comunicaciones del gobierno de Alaska. Fund\u00f3 la firma Christianson Communications, una empresa de publicidad y relaciones p\u00fablicas y Walton Group Publications, editorial enfocada en promover el trabajo por las mujeres.<\/p>\n<p>\u201cLa sabidur\u00eda de las abuelas\u201d est\u00e1 ad portas de ser emitido por la televisi\u00f3n p\u00fablica de Alaska, EE.UU. El proyecto fue principalmente autofinanciado aunque tambi\u00e9n recibi\u00f3 donaciones a trav\u00e9s de internet.<\/p>\n","protected":false},"excerpt":{"rendered":"<p>El filme, que demor\u00f3 7 a\u00f1os en rodarse, est\u00e1 inspirado en la ense\u00f1anza ind\u00edgena que dice que \u201cno habr\u00e1 paz en la Tierra hasta que se escuchen las voces de las abuelas\u201d.<\/p>\n","protected":false},"author":5,"featured_media":670,"comment_status":"open","ping_status":"open","sticky":false,"template":"","format":"standard","meta":{"site-sidebar-layout":"default","site-content-layout":"","ast-site-content-layout":"default","site-content-style":"default","site-sidebar-style":"default","ast-global-header-display":"","ast-banner-title-visibility":"","ast-main-header-display":"","ast-hfb-above-header-display":"","ast-hfb-below-header-display":"","ast-hfb-mobile-header-display":"","site-post-title":"","ast-breadcrumbs-content":"","ast-featured-img":"","footer-sml-layout":"","theme-transparent-header-meta":"","adv-header-id-meta":"","stick-header-meta":"","header-above-stick-meta":"","header-main-stick-meta":"","header-below-stick-meta":"","astra-migrate-meta-layouts":"default","ast-page-background-enabled":"default","ast-page-background-meta":{"desktop":{"background-color":"var(--ast-global-color-4)","background-image":"","background-repeat":"repeat","background-position":"center center","background-size":"auto","background-attachment":"scroll","background-type":"","background-media":"","overlay-type":"","overlay-color":"","overlay-opacity":"","overlay-gradient":""},"tablet":{"background-color":"","background-image":"","background-repeat":"repeat","background-position":"center center","background-size":"auto","background-attachment":"scroll","background-type":"","background-media":"","overlay-type":"","overlay-color":"","overlay-opacity":"","overlay-gradient":""},"mobile":{"background-color":"","background-image":"","background-repeat":"repeat","background-position":"center center","background-size":"auto","background-attachment":"scroll","background-type":"","background-media":"","overlay-type":"","overlay-color":"","overlay-opacity":"","overlay-gradient":""}},"ast-content-background-meta":{"desktop":{"background-color":"var(--ast-global-color-5)","background-image":"","background-repeat":"repeat","background-position":"center center","background-size":"auto","background-attachment":"scroll","background-type":"","background-media":"","overlay-type":"","overlay-color":"","overlay-opacity":"","overlay-gradient":""},"tablet":{"background-color":"var(--ast-global-color-5)","background-image":"","background-repeat":"repeat","background-position":"center center","background-size":"auto","background-attachment":"scroll","background-type":"","background-media":"","overlay-type":"","overlay-color":"","overlay-opacity":"","overlay-gradient":""},"mobile":{"background-color":"var(--ast-global-color-5)","background-image":"","background-repeat":"repeat","background-position":"center center","background-size":"auto","background-attachment":"scroll","background-type":"","background-media":"","overlay-type":"","overlay-color":"","overlay-opacity":"","overlay-gradient":""}},"footnotes":""},"categories":[8,61],"tags":[],"class_list":["post-788","post","type-post","status-publish","format-standard","has-post-thumbnail","hentry","category-noticias","category-novedades"],"yoast_head":"<!-- This site is optimized with the Yoast SEO plugin v25.4 - https:\/\/yoast.com\/wordpress\/plugins\/seo\/ -->\n<title>Museo Violeta Parra presentar\u00e1 documental \u201cLa sabidur\u00eda de las abuelas\u201d - Museo Violeta Parra<\/title>\n<meta name=\"robots\" content=\"index, follow, max-snippet:-1, max-image-preview:large, max-video-preview:-1\" \/>\n<link rel=\"canonical\" href=\"http:\/\/vientosur.top\/museo\/museo-violeta-parra-presentara-documental-la-sabiduria-de-las-abuelas\/\" \/>\n<meta property=\"og:locale\" content=\"es_ES\" \/>\n<meta property=\"og:type\" content=\"article\" \/>\n<meta property=\"og:title\" content=\"Museo Violeta Parra presentar\u00e1 documental \u201cLa sabidur\u00eda de las abuelas\u201d - Museo Violeta Parra\" \/>\n<meta property=\"og:description\" content=\"El filme, que demor\u00f3 7 a\u00f1os en rodarse, est\u00e1 inspirado en la ense\u00f1anza ind\u00edgena que dice que \u201cno habr\u00e1 paz en la Tierra hasta que se escuchen las voces de las abuelas\u201d.\" \/>\n<meta property=\"og:url\" content=\"http:\/\/vientosur.top\/museo\/museo-violeta-parra-presentara-documental-la-sabiduria-de-las-abuelas\/\" \/>\n<meta property=\"og:site_name\" content=\"Museo Violeta Parra\" \/>\n<meta property=\"article:published_time\" content=\"2016-01-05T13:22:50+00:00\" \/>\n<meta property=\"og:image\" content=\"http:\/\/vientosur.top\/museo\/wp-content\/uploads\/2016\/02\/documental-abuelas-MVP-jueves07.jpg\" \/>\n\t<meta property=\"og:image:width\" content=\"405\" \/>\n\t<meta property=\"og:image:height\" content=\"270\" \/>\n\t<meta property=\"og:image:type\" content=\"image\/jpeg\" \/>\n<meta name=\"author\" content=\"admin\" \/>\n<meta name=\"twitter:card\" content=\"summary_large_image\" \/>\n<meta name=\"twitter:label1\" content=\"Escrito por\" \/>\n\t<meta name=\"twitter:data1\" content=\"admin\" \/>\n\t<meta name=\"twitter:label2\" content=\"Tiempo de lectura\" \/>\n\t<meta name=\"twitter:data2\" content=\"2 minutos\" \/>\n<script type=\"application\/ld+json\" class=\"yoast-schema-graph\">{\"@context\":\"https:\/\/schema.org\",\"@graph\":[{\"@type\":\"WebPage\",\"@id\":\"http:\/\/vientosur.top\/museo\/museo-violeta-parra-presentara-documental-la-sabiduria-de-las-abuelas\/\",\"url\":\"http:\/\/vientosur.top\/museo\/museo-violeta-parra-presentara-documental-la-sabiduria-de-las-abuelas\/\",\"name\":\"Museo Violeta Parra presentar\u00e1 documental \u201cLa sabidur\u00eda de las abuelas\u201d - Museo Violeta Parra\",\"isPartOf\":{\"@id\":\"http:\/\/vientosur.top\/museo\/#website\"},\"primaryImageOfPage\":{\"@id\":\"http:\/\/vientosur.top\/museo\/museo-violeta-parra-presentara-documental-la-sabiduria-de-las-abuelas\/#primaryimage\"},\"image\":{\"@id\":\"http:\/\/vientosur.top\/museo\/museo-violeta-parra-presentara-documental-la-sabiduria-de-las-abuelas\/#primaryimage\"},\"thumbnailUrl\":\"http:\/\/vientosur.top\/museo\/wp-content\/uploads\/2016\/02\/documental-abuelas-MVP-jueves07.jpg\",\"datePublished\":\"2016-01-05T13:22:50+00:00\",\"author\":{\"@id\":\"http:\/\/vientosur.top\/museo\/#\/schema\/person\/20c79d3c38800971feec8c2693c3dd9c\"},\"breadcrumb\":{\"@id\":\"http:\/\/vientosur.top\/museo\/museo-violeta-parra-presentara-documental-la-sabiduria-de-las-abuelas\/#breadcrumb\"},\"inLanguage\":\"es\",\"potentialAction\":[{\"@type\":\"ReadAction\",\"target\":[\"http:\/\/vientosur.top\/museo\/museo-violeta-parra-presentara-documental-la-sabiduria-de-las-abuelas\/\"]}]},{\"@type\":\"ImageObject\",\"inLanguage\":\"es\",\"@id\":\"http:\/\/vientosur.top\/museo\/museo-violeta-parra-presentara-documental-la-sabiduria-de-las-abuelas\/#primaryimage\",\"url\":\"http:\/\/vientosur.top\/museo\/wp-content\/uploads\/2016\/02\/documental-abuelas-MVP-jueves07.jpg\",\"contentUrl\":\"http:\/\/vientosur.top\/museo\/wp-content\/uploads\/2016\/02\/documental-abuelas-MVP-jueves07.jpg\",\"width\":405,\"height\":270},{\"@type\":\"BreadcrumbList\",\"@id\":\"http:\/\/vientosur.top\/museo\/museo-violeta-parra-presentara-documental-la-sabiduria-de-las-abuelas\/#breadcrumb\",\"itemListElement\":[{\"@type\":\"ListItem\",\"position\":1,\"name\":\"Portada\",\"item\":\"http:\/\/vientosur.top\/museo\/\"},{\"@type\":\"ListItem\",\"position\":2,\"name\":\"Museo Violeta Parra presentar\u00e1 documental \u201cLa sabidur\u00eda de las abuelas\u201d\"}]},{\"@type\":\"WebSite\",\"@id\":\"http:\/\/vientosur.top\/museo\/#website\",\"url\":\"http:\/\/vientosur.top\/museo\/\",\"name\":\"Museo Violeta Parra\",\"description\":\"Espacio que alberga tanto la memoria y legado creativo de la artista\",\"potentialAction\":[{\"@type\":\"SearchAction\",\"target\":{\"@type\":\"EntryPoint\",\"urlTemplate\":\"http:\/\/vientosur.top\/museo\/?s={search_term_string}\"},\"query-input\":{\"@type\":\"PropertyValueSpecification\",\"valueRequired\":true,\"valueName\":\"search_term_string\"}}],\"inLanguage\":\"es\"},{\"@type\":\"Person\",\"@id\":\"http:\/\/vientosur.top\/museo\/#\/schema\/person\/20c79d3c38800971feec8c2693c3dd9c\",\"name\":\"admin\",\"image\":{\"@type\":\"ImageObject\",\"inLanguage\":\"es\",\"@id\":\"http:\/\/vientosur.top\/museo\/#\/schema\/person\/image\/\",\"url\":\"https:\/\/secure.gravatar.com\/avatar\/713677ece3ffa642287213a80e5b773bce9ab81c269dd6d95102a990951c922f?s=96&d=mm&r=g\",\"contentUrl\":\"https:\/\/secure.gravatar.com\/avatar\/713677ece3ffa642287213a80e5b773bce9ab81c269dd6d95102a990951c922f?s=96&d=mm&r=g\",\"caption\":\"admin\"},\"sameAs\":[\"http:\/\/vientosur.top\/museo\"],\"url\":\"http:\/\/vientosur.top\/museo\/author\/comunicacionesmvp\/\"}]}<\/script>\n<!-- \/ Yoast SEO plugin. -->","yoast_head_json":{"title":"Museo Violeta Parra presentar\u00e1 documental \u201cLa sabidur\u00eda de las abuelas\u201d - Museo Violeta Parra","robots":{"index":"index","follow":"follow","max-snippet":"max-snippet:-1","max-image-preview":"max-image-preview:large","max-video-preview":"max-video-preview:-1"},"canonical":"http:\/\/vientosur.top\/museo\/museo-violeta-parra-presentara-documental-la-sabiduria-de-las-abuelas\/","og_locale":"es_ES","og_type":"article","og_title":"Museo Violeta Parra presentar\u00e1 documental \u201cLa sabidur\u00eda de las abuelas\u201d - Museo Violeta Parra","og_description":"El filme, que demor\u00f3 7 a\u00f1os en rodarse, est\u00e1 inspirado en la ense\u00f1anza ind\u00edgena que dice que \u201cno habr\u00e1 paz en la Tierra hasta que se escuchen las voces de las abuelas\u201d.","og_url":"http:\/\/vientosur.top\/museo\/museo-violeta-parra-presentara-documental-la-sabiduria-de-las-abuelas\/","og_site_name":"Museo Violeta Parra","article_published_time":"2016-01-05T13:22:50+00:00","og_image":[{"width":405,"height":270,"url":"http:\/\/vientosur.top\/museo\/wp-content\/uploads\/2016\/02\/documental-abuelas-MVP-jueves07.jpg","type":"image\/jpeg"}],"author":"admin","twitter_card":"summary_large_image","twitter_misc":{"Escrito por":"admin","Tiempo de lectura":"2 minutos"},"schema":{"@context":"https:\/\/schema.org","@graph":[{"@type":"WebPage","@id":"http:\/\/vientosur.top\/museo\/museo-violeta-parra-presentara-documental-la-sabiduria-de-las-abuelas\/","url":"http:\/\/vientosur.top\/museo\/museo-violeta-parra-presentara-documental-la-sabiduria-de-las-abuelas\/","name":"Museo Violeta Parra presentar\u00e1 documental \u201cLa sabidur\u00eda de las abuelas\u201d - Museo Violeta Parra","isPartOf":{"@id":"http:\/\/vientosur.top\/museo\/#website"},"primaryImageOfPage":{"@id":"http:\/\/vientosur.top\/museo\/museo-violeta-parra-presentara-documental-la-sabiduria-de-las-abuelas\/#primaryimage"},"image":{"@id":"http:\/\/vientosur.top\/museo\/museo-violeta-parra-presentara-documental-la-sabiduria-de-las-abuelas\/#primaryimage"},"thumbnailUrl":"http:\/\/vientosur.top\/museo\/wp-content\/uploads\/2016\/02\/documental-abuelas-MVP-jueves07.jpg","datePublished":"2016-01-05T13:22:50+00:00","author":{"@id":"http:\/\/vientosur.top\/museo\/#\/schema\/person\/20c79d3c38800971feec8c2693c3dd9c"},"breadcrumb":{"@id":"http:\/\/vientosur.top\/museo\/museo-violeta-parra-presentara-documental-la-sabiduria-de-las-abuelas\/#breadcrumb"},"inLanguage":"es","potentialAction":[{"@type":"ReadAction","target":["http:\/\/vientosur.top\/museo\/museo-violeta-parra-presentara-documental-la-sabiduria-de-las-abuelas\/"]}]},{"@type":"ImageObject","inLanguage":"es","@id":"http:\/\/vientosur.top\/museo\/museo-violeta-parra-presentara-documental-la-sabiduria-de-las-abuelas\/#primaryimage","url":"http:\/\/vientosur.top\/museo\/wp-content\/uploads\/2016\/02\/documental-abuelas-MVP-jueves07.jpg","contentUrl":"http:\/\/vientosur.top\/museo\/wp-content\/uploads\/2016\/02\/documental-abuelas-MVP-jueves07.jpg","width":405,"height":270},{"@type":"BreadcrumbList","@id":"http:\/\/vientosur.top\/museo\/museo-violeta-parra-presentara-documental-la-sabiduria-de-las-abuelas\/#breadcrumb","itemListElement":[{"@type":"ListItem","position":1,"name":"Portada","item":"http:\/\/vientosur.top\/museo\/"},{"@type":"ListItem","position":2,"name":"Museo Violeta Parra presentar\u00e1 documental \u201cLa sabidur\u00eda de las abuelas\u201d"}]},{"@type":"WebSite","@id":"http:\/\/vientosur.top\/museo\/#website","url":"http:\/\/vientosur.top\/museo\/","name":"Museo Violeta Parra","description":"Espacio que alberga tanto la memoria y legado creativo de la artista","potentialAction":[{"@type":"SearchAction","target":{"@type":"EntryPoint","urlTemplate":"http:\/\/vientosur.top\/museo\/?s={search_term_string}"},"query-input":{"@type":"PropertyValueSpecification","valueRequired":true,"valueName":"search_term_string"}}],"inLanguage":"es"},{"@type":"Person","@id":"http:\/\/vientosur.top\/museo\/#\/schema\/person\/20c79d3c38800971feec8c2693c3dd9c","name":"admin","image":{"@type":"ImageObject","inLanguage":"es","@id":"http:\/\/vientosur.top\/museo\/#\/schema\/person\/image\/","url":"https:\/\/secure.gravatar.com\/avatar\/713677ece3ffa642287213a80e5b773bce9ab81c269dd6d95102a990951c922f?s=96&d=mm&r=g","contentUrl":"https:\/\/secure.gravatar.com\/avatar\/713677ece3ffa642287213a80e5b773bce9ab81c269dd6d95102a990951c922f?s=96&d=mm&r=g","caption":"admin"},"sameAs":["http:\/\/vientosur.top\/museo"],"url":"http:\/\/vientosur.top\/museo\/author\/comunicacionesmvp\/"}]}},"_links":{"self":[{"href":"http:\/\/vientosur.top\/museo\/wp-json\/wp\/v2\/posts\/788","targetHints":{"allow":["GET"]}}],"collection":[{"href":"http:\/\/vientosur.top\/museo\/wp-json\/wp\/v2\/posts"}],"about":[{"href":"http:\/\/vientosur.top\/museo\/wp-json\/wp\/v2\/types\/post"}],"author":[{"embeddable":true,"href":"http:\/\/vientosur.top\/museo\/wp-json\/wp\/v2\/users\/5"}],"replies":[{"embeddable":true,"href":"http:\/\/vientosur.top\/museo\/wp-json\/wp\/v2\/comments?post=788"}],"version-history":[{"count":0,"href":"http:\/\/vientosur.top\/museo\/wp-json\/wp\/v2\/posts\/788\/revisions"}],"wp:featuredmedia":[{"embeddable":true,"href":"http:\/\/vientosur.top\/museo\/wp-json\/wp\/v2\/media\/670"}],"wp:attachment":[{"href":"http:\/\/vientosur.top\/museo\/wp-json\/wp\/v2\/media?parent=788"}],"wp:term":[{"taxonomy":"category","embeddable":true,"href":"http:\/\/vientosur.top\/museo\/wp-json\/wp\/v2\/categories?post=788"},{"taxonomy":"post_tag","embeddable":true,"href":"http:\/\/vientosur.top\/museo\/wp-json\/wp\/v2\/tags?post=788"}],"curies":[{"name":"wp","href":"https:\/\/api.w.org\/{rel}","templated":true}]}}