{"id":7880,"date":"2017-12-09T14:57:36","date_gmt":"2017-12-09T14:57:36","guid":{"rendered":"http:\/\/vientosur.top\/museo\/?p=7880"},"modified":"2017-12-09T14:57:36","modified_gmt":"2017-12-09T14:57:36","slug":"isabel-parra-se-presento-junto-a-cristina-narea-en-la-muestra-internacional-de-artesania-uc","status":"publish","type":"post","link":"http:\/\/vientosur.top\/museo\/isabel-parra-se-presento-junto-a-cristina-narea-en-la-muestra-internacional-de-artesania-uc\/","title":{"rendered":"Isabel Parra se present\u00f3 junto a Cristina Narea en la Muestra Internacional de Artesan\u00eda UC"},"content":{"rendered":"<p>El s\u00e1bado 9 de diciembre a las 19:30 horas Isabel Parra se present\u00f3 en la\u00a044 Muestra Internacional de Artesan\u00eda de la Universidad Cat\u00f3lica,\u00a0 en el Parque Bustamante. La Presidenta de la Fundaci\u00f3n Violeta Parra cant\u00f3 con una invitada especial: Cristina Narea, cantautora chilena radicada en Madrid.<\/p>\n\n","protected":false},"excerpt":{"rendered":"<p>El s\u00e1bado 9 de diciembre a las 19:30 horas Isabel Parra se present\u00f3 en la\u00a044 Muestra Internacional de Artesan\u00eda de la Universidad Cat\u00f3lica,\u00a0 en el Parque Bustamante. La Presidenta de la Fundaci\u00f3n Violeta Parra cant\u00f3 con una invitada especial: Cristina Narea, cantautora chilena radicada en Madrid.<\/p>\n","protected":false},"author":5,"featured_media":7884,"comment_status":"open","ping_status":"open","sticky":false,"template":"","format":"standard","meta":{"site-sidebar-layout":"default","site-content-layout":"","ast-site-content-layout":"default","site-content-style":"default","site-sidebar-style":"default","ast-global-header-display":"","ast-banner-title-visibility":"","ast-main-header-display":"","ast-hfb-above-header-display":"","ast-hfb-below-header-display":"","ast-hfb-mobile-header-display":"","site-post-title":"","ast-breadcrumbs-content":"","ast-featured-img":"","footer-sml-layout":"","theme-transparent-header-meta":"","adv-header-id-meta":"","stick-header-meta":"","header-above-stick-meta":"","header-main-stick-meta":"","header-below-stick-meta":"","astra-migrate-meta-layouts":"default","ast-page-background-enabled":"default","ast-page-background-meta":{"desktop":{"background-color":"var(--ast-global-color-4)","background-image":"","background-repeat":"repeat","background-position":"center center","background-size":"auto","background-attachment":"scroll","background-type":"","background-media":"","overlay-type":"","overlay-color":"","overlay-opacity":"","overlay-gradient":""},"tablet":{"background-color":"","background-image":"","background-repeat":"repeat","background-position":"center center","background-size":"auto","background-attachment":"scroll","background-type":"","background-media":"","overlay-type":"","overlay-color":"","overlay-opacity":"","overlay-gradient":""},"mobile":{"background-color":"","background-image":"","background-repeat":"repeat","background-position":"center center","background-size":"auto","background-attachment":"scroll","background-type":"","background-media":"","overlay-type":"","overlay-color":"","overlay-opacity":"","overlay-gradient":""}},"ast-content-background-meta":{"desktop":{"background-color":"var(--ast-global-color-5)","background-image":"","background-repeat":"repeat","background-position":"center center","background-size":"auto","background-attachment":"scroll","background-type":"","background-media":"","overlay-type":"","overlay-color":"","overlay-opacity":"","overlay-gradient":""},"tablet":{"background-color":"var(--ast-global-color-5)","background-image":"","background-repeat":"repeat","background-position":"center center","background-size":"auto","background-attachment":"scroll","background-type":"","background-media":"","overlay-type":"","overlay-color":"","overlay-opacity":"","overlay-gradient":""},"mobile":{"background-color":"var(--ast-global-color-5)","background-image":"","background-repeat":"repeat","background-position":"center center","background-size":"auto","background-attachment":"scroll","background-type":"","background-media":"","overlay-type":"","overlay-color":"","overlay-opacity":"","overlay-gradient":""}},"footnotes":""},"categories":[8],"tags":[],"class_list":["post-7880","post","type-post","status-publish","format-standard","has-post-thumbnail","hentry","category-noticias"],"yoast_head":"<!-- This site is optimized with the Yoast SEO plugin v25.4 - https:\/\/yoast.com\/wordpress\/plugins\/seo\/ -->\n<title>Isabel Parra se present\u00f3 junto a Cristina Narea en la Muestra Internacional de Artesan\u00eda UC - Museo Violeta Parra<\/title>\n<meta name=\"robots\" content=\"index, follow, max-snippet:-1, max-image-preview:large, max-video-preview:-1\" \/>\n<link rel=\"canonical\" href=\"http:\/\/vientosur.top\/museo\/isabel-parra-se-presento-junto-a-cristina-narea-en-la-muestra-internacional-de-artesania-uc\/\" \/>\n<meta property=\"og:locale\" content=\"es_ES\" \/>\n<meta property=\"og:type\" content=\"article\" \/>\n<meta property=\"og:title\" content=\"Isabel Parra se present\u00f3 junto a Cristina Narea en la Muestra Internacional de Artesan\u00eda UC - Museo Violeta Parra\" \/>\n<meta property=\"og:description\" content=\"El s\u00e1bado 9 de diciembre a las 19:30 horas Isabel Parra se present\u00f3 en la\u00a044 Muestra Internacional de Artesan\u00eda de la Universidad Cat\u00f3lica,\u00a0 en el Parque Bustamante. La Presidenta de la Fundaci\u00f3n Violeta Parra cant\u00f3 con una invitada especial: Cristina Narea, cantautora chilena radicada en Madrid.\" \/>\n<meta property=\"og:url\" content=\"http:\/\/vientosur.top\/museo\/isabel-parra-se-presento-junto-a-cristina-narea-en-la-muestra-internacional-de-artesania-uc\/\" \/>\n<meta property=\"og:site_name\" content=\"Museo Violeta Parra\" \/>\n<meta property=\"article:published_time\" content=\"2017-12-09T14:57:36+00:00\" \/>\n<meta property=\"og:image\" content=\"http:\/\/vientosur.top\/museo\/wp-content\/uploads\/2017\/12\/24883367_2030092613900816_1058840616688837500_o-1024x768-1.jpg\" \/>\n\t<meta property=\"og:image:width\" content=\"1024\" \/>\n\t<meta property=\"og:image:height\" content=\"768\" \/>\n\t<meta property=\"og:image:type\" content=\"image\/jpeg\" \/>\n<meta name=\"author\" content=\"admin\" \/>\n<meta name=\"twitter:card\" content=\"summary_large_image\" \/>\n<meta name=\"twitter:label1\" content=\"Escrito por\" \/>\n\t<meta name=\"twitter:data1\" content=\"admin\" \/>\n<script type=\"application\/ld+json\" class=\"yoast-schema-graph\">{\"@context\":\"https:\/\/schema.org\",\"@graph\":[{\"@type\":\"WebPage\",\"@id\":\"http:\/\/vientosur.top\/museo\/isabel-parra-se-presento-junto-a-cristina-narea-en-la-muestra-internacional-de-artesania-uc\/\",\"url\":\"http:\/\/vientosur.top\/museo\/isabel-parra-se-presento-junto-a-cristina-narea-en-la-muestra-internacional-de-artesania-uc\/\",\"name\":\"Isabel Parra se present\u00f3 junto a Cristina Narea en la Muestra Internacional de Artesan\u00eda UC - Museo Violeta Parra\",\"isPartOf\":{\"@id\":\"http:\/\/vientosur.top\/museo\/#website\"},\"primaryImageOfPage\":{\"@id\":\"http:\/\/vientosur.top\/museo\/isabel-parra-se-presento-junto-a-cristina-narea-en-la-muestra-internacional-de-artesania-uc\/#primaryimage\"},\"image\":{\"@id\":\"http:\/\/vientosur.top\/museo\/isabel-parra-se-presento-junto-a-cristina-narea-en-la-muestra-internacional-de-artesania-uc\/#primaryimage\"},\"thumbnailUrl\":\"http:\/\/vientosur.top\/museo\/wp-content\/uploads\/2017\/12\/24883367_2030092613900816_1058840616688837500_o-1024x768-1.jpg\",\"datePublished\":\"2017-12-09T14:57:36+00:00\",\"author\":{\"@id\":\"http:\/\/vientosur.top\/museo\/#\/schema\/person\/20c79d3c38800971feec8c2693c3dd9c\"},\"breadcrumb\":{\"@id\":\"http:\/\/vientosur.top\/museo\/isabel-parra-se-presento-junto-a-cristina-narea-en-la-muestra-internacional-de-artesania-uc\/#breadcrumb\"},\"inLanguage\":\"es\",\"potentialAction\":[{\"@type\":\"ReadAction\",\"target\":[\"http:\/\/vientosur.top\/museo\/isabel-parra-se-presento-junto-a-cristina-narea-en-la-muestra-internacional-de-artesania-uc\/\"]}]},{\"@type\":\"ImageObject\",\"inLanguage\":\"es\",\"@id\":\"http:\/\/vientosur.top\/museo\/isabel-parra-se-presento-junto-a-cristina-narea-en-la-muestra-internacional-de-artesania-uc\/#primaryimage\",\"url\":\"http:\/\/vientosur.top\/museo\/wp-content\/uploads\/2017\/12\/24883367_2030092613900816_1058840616688837500_o-1024x768-1.jpg\",\"contentUrl\":\"http:\/\/vientosur.top\/museo\/wp-content\/uploads\/2017\/12\/24883367_2030092613900816_1058840616688837500_o-1024x768-1.jpg\",\"width\":1024,\"height\":768},{\"@type\":\"BreadcrumbList\",\"@id\":\"http:\/\/vientosur.top\/museo\/isabel-parra-se-presento-junto-a-cristina-narea-en-la-muestra-internacional-de-artesania-uc\/#breadcrumb\",\"itemListElement\":[{\"@type\":\"ListItem\",\"position\":1,\"name\":\"Portada\",\"item\":\"http:\/\/vientosur.top\/museo\/\"},{\"@type\":\"ListItem\",\"position\":2,\"name\":\"Isabel Parra se present\u00f3 junto a Cristina Narea en la Muestra Internacional de Artesan\u00eda UC\"}]},{\"@type\":\"WebSite\",\"@id\":\"http:\/\/vientosur.top\/museo\/#website\",\"url\":\"http:\/\/vientosur.top\/museo\/\",\"name\":\"Museo Violeta Parra\",\"description\":\"Espacio que alberga tanto la memoria y legado creativo de la artista\",\"potentialAction\":[{\"@type\":\"SearchAction\",\"target\":{\"@type\":\"EntryPoint\",\"urlTemplate\":\"http:\/\/vientosur.top\/museo\/?s={search_term_string}\"},\"query-input\":{\"@type\":\"PropertyValueSpecification\",\"valueRequired\":true,\"valueName\":\"search_term_string\"}}],\"inLanguage\":\"es\"},{\"@type\":\"Person\",\"@id\":\"http:\/\/vientosur.top\/museo\/#\/schema\/person\/20c79d3c38800971feec8c2693c3dd9c\",\"name\":\"admin\",\"image\":{\"@type\":\"ImageObject\",\"inLanguage\":\"es\",\"@id\":\"http:\/\/vientosur.top\/museo\/#\/schema\/person\/image\/\",\"url\":\"https:\/\/secure.gravatar.com\/avatar\/713677ece3ffa642287213a80e5b773bce9ab81c269dd6d95102a990951c922f?s=96&d=mm&r=g\",\"contentUrl\":\"https:\/\/secure.gravatar.com\/avatar\/713677ece3ffa642287213a80e5b773bce9ab81c269dd6d95102a990951c922f?s=96&d=mm&r=g\",\"caption\":\"admin\"},\"sameAs\":[\"http:\/\/vientosur.top\/museo\"],\"url\":\"http:\/\/vientosur.top\/museo\/author\/comunicacionesmvp\/\"}]}<\/script>\n<!-- \/ Yoast SEO plugin. -->","yoast_head_json":{"title":"Isabel Parra se present\u00f3 junto a Cristina Narea en la Muestra Internacional de Artesan\u00eda UC - Museo Violeta Parra","robots":{"index":"index","follow":"follow","max-snippet":"max-snippet:-1","max-image-preview":"max-image-preview:large","max-video-preview":"max-video-preview:-1"},"canonical":"http:\/\/vientosur.top\/museo\/isabel-parra-se-presento-junto-a-cristina-narea-en-la-muestra-internacional-de-artesania-uc\/","og_locale":"es_ES","og_type":"article","og_title":"Isabel Parra se present\u00f3 junto a Cristina Narea en la Muestra Internacional de Artesan\u00eda UC - Museo Violeta Parra","og_description":"El s\u00e1bado 9 de diciembre a las 19:30 horas Isabel Parra se present\u00f3 en la\u00a044 Muestra Internacional de Artesan\u00eda de la Universidad Cat\u00f3lica,\u00a0 en el Parque Bustamante. La Presidenta de la Fundaci\u00f3n Violeta Parra cant\u00f3 con una invitada especial: Cristina Narea, cantautora chilena radicada en Madrid.","og_url":"http:\/\/vientosur.top\/museo\/isabel-parra-se-presento-junto-a-cristina-narea-en-la-muestra-internacional-de-artesania-uc\/","og_site_name":"Museo Violeta Parra","article_published_time":"2017-12-09T14:57:36+00:00","og_image":[{"width":1024,"height":768,"url":"http:\/\/vientosur.top\/museo\/wp-content\/uploads\/2017\/12\/24883367_2030092613900816_1058840616688837500_o-1024x768-1.jpg","type":"image\/jpeg"}],"author":"admin","twitter_card":"summary_large_image","twitter_misc":{"Escrito por":"admin"},"schema":{"@context":"https:\/\/schema.org","@graph":[{"@type":"WebPage","@id":"http:\/\/vientosur.top\/museo\/isabel-parra-se-presento-junto-a-cristina-narea-en-la-muestra-internacional-de-artesania-uc\/","url":"http:\/\/vientosur.top\/museo\/isabel-parra-se-presento-junto-a-cristina-narea-en-la-muestra-internacional-de-artesania-uc\/","name":"Isabel Parra se present\u00f3 junto a Cristina Narea en la Muestra Internacional de Artesan\u00eda UC - Museo Violeta Parra","isPartOf":{"@id":"http:\/\/vientosur.top\/museo\/#website"},"primaryImageOfPage":{"@id":"http:\/\/vientosur.top\/museo\/isabel-parra-se-presento-junto-a-cristina-narea-en-la-muestra-internacional-de-artesania-uc\/#primaryimage"},"image":{"@id":"http:\/\/vientosur.top\/museo\/isabel-parra-se-presento-junto-a-cristina-narea-en-la-muestra-internacional-de-artesania-uc\/#primaryimage"},"thumbnailUrl":"http:\/\/vientosur.top\/museo\/wp-content\/uploads\/2017\/12\/24883367_2030092613900816_1058840616688837500_o-1024x768-1.jpg","datePublished":"2017-12-09T14:57:36+00:00","author":{"@id":"http:\/\/vientosur.top\/museo\/#\/schema\/person\/20c79d3c38800971feec8c2693c3dd9c"},"breadcrumb":{"@id":"http:\/\/vientosur.top\/museo\/isabel-parra-se-presento-junto-a-cristina-narea-en-la-muestra-internacional-de-artesania-uc\/#breadcrumb"},"inLanguage":"es","potentialAction":[{"@type":"ReadAction","target":["http:\/\/vientosur.top\/museo\/isabel-parra-se-presento-junto-a-cristina-narea-en-la-muestra-internacional-de-artesania-uc\/"]}]},{"@type":"ImageObject","inLanguage":"es","@id":"http:\/\/vientosur.top\/museo\/isabel-parra-se-presento-junto-a-cristina-narea-en-la-muestra-internacional-de-artesania-uc\/#primaryimage","url":"http:\/\/vientosur.top\/museo\/wp-content\/uploads\/2017\/12\/24883367_2030092613900816_1058840616688837500_o-1024x768-1.jpg","contentUrl":"http:\/\/vientosur.top\/museo\/wp-content\/uploads\/2017\/12\/24883367_2030092613900816_1058840616688837500_o-1024x768-1.jpg","width":1024,"height":768},{"@type":"BreadcrumbList","@id":"http:\/\/vientosur.top\/museo\/isabel-parra-se-presento-junto-a-cristina-narea-en-la-muestra-internacional-de-artesania-uc\/#breadcrumb","itemListElement":[{"@type":"ListItem","position":1,"name":"Portada","item":"http:\/\/vientosur.top\/museo\/"},{"@type":"ListItem","position":2,"name":"Isabel Parra se present\u00f3 junto a Cristina Narea en la Muestra Internacional de Artesan\u00eda UC"}]},{"@type":"WebSite","@id":"http:\/\/vientosur.top\/museo\/#website","url":"http:\/\/vientosur.top\/museo\/","name":"Museo Violeta Parra","description":"Espacio que alberga tanto la memoria y legado creativo de la artista","potentialAction":[{"@type":"SearchAction","target":{"@type":"EntryPoint","urlTemplate":"http:\/\/vientosur.top\/museo\/?s={search_term_string}"},"query-input":{"@type":"PropertyValueSpecification","valueRequired":true,"valueName":"search_term_string"}}],"inLanguage":"es"},{"@type":"Person","@id":"http:\/\/vientosur.top\/museo\/#\/schema\/person\/20c79d3c38800971feec8c2693c3dd9c","name":"admin","image":{"@type":"ImageObject","inLanguage":"es","@id":"http:\/\/vientosur.top\/museo\/#\/schema\/person\/image\/","url":"https:\/\/secure.gravatar.com\/avatar\/713677ece3ffa642287213a80e5b773bce9ab81c269dd6d95102a990951c922f?s=96&d=mm&r=g","contentUrl":"https:\/\/secure.gravatar.com\/avatar\/713677ece3ffa642287213a80e5b773bce9ab81c269dd6d95102a990951c922f?s=96&d=mm&r=g","caption":"admin"},"sameAs":["http:\/\/vientosur.top\/museo"],"url":"http:\/\/vientosur.top\/museo\/author\/comunicacionesmvp\/"}]}},"_links":{"self":[{"href":"http:\/\/vientosur.top\/museo\/wp-json\/wp\/v2\/posts\/7880","targetHints":{"allow":["GET"]}}],"collection":[{"href":"http:\/\/vientosur.top\/museo\/wp-json\/wp\/v2\/posts"}],"about":[{"href":"http:\/\/vientosur.top\/museo\/wp-json\/wp\/v2\/types\/post"}],"author":[{"embeddable":true,"href":"http:\/\/vientosur.top\/museo\/wp-json\/wp\/v2\/users\/5"}],"replies":[{"embeddable":true,"href":"http:\/\/vientosur.top\/museo\/wp-json\/wp\/v2\/comments?post=7880"}],"version-history":[{"count":0,"href":"http:\/\/vientosur.top\/museo\/wp-json\/wp\/v2\/posts\/7880\/revisions"}],"wp:featuredmedia":[{"embeddable":true,"href":"http:\/\/vientosur.top\/museo\/wp-json\/wp\/v2\/media\/7884"}],"wp:attachment":[{"href":"http:\/\/vientosur.top\/museo\/wp-json\/wp\/v2\/media?parent=7880"}],"wp:term":[{"taxonomy":"category","embeddable":true,"href":"http:\/\/vientosur.top\/museo\/wp-json\/wp\/v2\/categories?post=7880"},{"taxonomy":"post_tag","embeddable":true,"href":"http:\/\/vientosur.top\/museo\/wp-json\/wp\/v2\/tags?post=7880"}],"curies":[{"name":"wp","href":"https:\/\/api.w.org\/{rel}","templated":true}]}}