{"id":789,"date":"2016-01-06T13:27:53","date_gmt":"2016-01-06T13:27:53","guid":{"rendered":"http:\/\/vientosur.top\/museo\/\/?p=672"},"modified":"2016-01-06T13:27:53","modified_gmt":"2016-01-06T13:27:53","slug":"la-musica-se-toma-el-museo-violeta-parra-este-9-y-10-de-enero","status":"publish","type":"post","link":"http:\/\/vientosur.top\/museo\/la-musica-se-toma-el-museo-violeta-parra-este-9-y-10-de-enero\/","title":{"rendered":"La m\u00fasica se toma el Museo Violeta Parra este 9 y 10 de enero"},"content":{"rendered":"<p>Tres conciertos se desarrollar\u00e1n este fin de semana en el Auditorio Antar. Quienes quieran asistir deber\u00e1n retirar sus invitaciones en el mes\u00f3n de informaciones, de 09:30 a 18:00 horas.<\/p>\n<p><!--more--><\/p>\n<p>El fin de semana del 9 y 10 de enero, el Museo Violeta Parra viene cargado de m\u00fasica. Reconocidos artistas chilenos se presentar\u00e1n en el Auditorio Antar en forma totalmente gratuita para los asistentes.<\/p>\n<p>Quienes quieran presenciar estos espect\u00e1culos, s\u00f3lo deber\u00e1n retirar sus entradas en informaciones del Museo Violeta Parra en su horario de funcionamiento, de martes a domingo de 9:30 a 18:00 horas. Cabe recordar que son cupos limitados.<\/p>\n<p>La\u00a0<strong>primera presentaci\u00f3n es el s\u00e1bado 9 de enero a las 16:00 horas<\/strong>\u00a0y promete mezclar m\u00fasica y humor. Estar\u00e1 a cargo de los reconocidos trovadores y payadores\u00a0<strong>Eduardo Peralta y Felo<\/strong>, quienes junto a sus guitarras presentar\u00e1n canciones propias y algunas versiones irrepetibles y originales de Violeta Parra, Eduardo Gatti y Joan Manuel Serrat, entre otros artistas.<\/p>\n<p><strong>El domingo 10 de enero,<\/strong>\u00a0la m\u00fasica ser\u00e1 por partida doble, con los conciertos de\u00a0<strong>Natalia Contesse (15:00)<\/strong>\u00a0y\u00a0<strong>Fabiola Gonz\u00e1lez (16:00)<\/strong>, la Chinganera.<\/p>\n<p>En el primero, la compositora, cantautora e investigadora de la cultura tradicional chilena, interpretar\u00e1 las canciones de sus discos \u201cPu\u00f1ado de Tierra\u201d y \u201cCorra la voz\u201d. Adem\u00e1s, repasar\u00e1 tonadas y cuecas del repertorio cancionero tradicional campesino y urbano, acompa\u00f1ada de Camila Vaccaro en el acorde\u00f3n. M\u00e1s adelante, la Chinganera Fabiola Gonz\u00e1lez dar\u00e1 a conocer su disco \u201cTodas \u00edbamos a ser Violeta\u201d, basado en los finares de la guitarra campesina y la poes\u00eda popular. Cuecas, d\u00e9cimas, sonetos y verso libre acompa\u00f1ar\u00e1n tambi\u00e9n otras obras in\u00e9ditas de la poeta popular, cantora y compositora oriunda de Concepci\u00f3n.<\/p>\n<p><strong>*Para asistir a estas presentaciones se pueden retirar en Informaciones del museo entre 09.30 y 18 horas.<\/strong><\/p>\n","protected":false},"excerpt":{"rendered":"<p>Tres conciertos se desarrollar\u00e1n este fin de semana en el Auditorio Antar. Quienes quieran asistir deber\u00e1n retirar sus invitaciones en el mes\u00f3n de informaciones, de 09:30 a 18:00 horas.<\/p>\n","protected":false},"author":5,"featured_media":675,"comment_status":"open","ping_status":"open","sticky":false,"template":"","format":"standard","meta":{"site-sidebar-layout":"default","site-content-layout":"","ast-site-content-layout":"default","site-content-style":"default","site-sidebar-style":"default","ast-global-header-display":"","ast-banner-title-visibility":"","ast-main-header-display":"","ast-hfb-above-header-display":"","ast-hfb-below-header-display":"","ast-hfb-mobile-header-display":"","site-post-title":"","ast-breadcrumbs-content":"","ast-featured-img":"","footer-sml-layout":"","theme-transparent-header-meta":"","adv-header-id-meta":"","stick-header-meta":"","header-above-stick-meta":"","header-main-stick-meta":"","header-below-stick-meta":"","astra-migrate-meta-layouts":"default","ast-page-background-enabled":"default","ast-page-background-meta":{"desktop":{"background-color":"var(--ast-global-color-4)","background-image":"","background-repeat":"repeat","background-position":"center center","background-size":"auto","background-attachment":"scroll","background-type":"","background-media":"","overlay-type":"","overlay-color":"","overlay-opacity":"","overlay-gradient":""},"tablet":{"background-color":"","background-image":"","background-repeat":"repeat","background-position":"center center","background-size":"auto","background-attachment":"scroll","background-type":"","background-media":"","overlay-type":"","overlay-color":"","overlay-opacity":"","overlay-gradient":""},"mobile":{"background-color":"","background-image":"","background-repeat":"repeat","background-position":"center center","background-size":"auto","background-attachment":"scroll","background-type":"","background-media":"","overlay-type":"","overlay-color":"","overlay-opacity":"","overlay-gradient":""}},"ast-content-background-meta":{"desktop":{"background-color":"var(--ast-global-color-5)","background-image":"","background-repeat":"repeat","background-position":"center center","background-size":"auto","background-attachment":"scroll","background-type":"","background-media":"","overlay-type":"","overlay-color":"","overlay-opacity":"","overlay-gradient":""},"tablet":{"background-color":"var(--ast-global-color-5)","background-image":"","background-repeat":"repeat","background-position":"center center","background-size":"auto","background-attachment":"scroll","background-type":"","background-media":"","overlay-type":"","overlay-color":"","overlay-opacity":"","overlay-gradient":""},"mobile":{"background-color":"var(--ast-global-color-5)","background-image":"","background-repeat":"repeat","background-position":"center center","background-size":"auto","background-attachment":"scroll","background-type":"","background-media":"","overlay-type":"","overlay-color":"","overlay-opacity":"","overlay-gradient":""}},"footnotes":""},"categories":[8,61],"tags":[66,67],"class_list":["post-789","post","type-post","status-publish","format-standard","has-post-thumbnail","hentry","category-noticias","category-novedades","tag-auditorio-antar","tag-musica"],"yoast_head":"<!-- This site is optimized with the Yoast SEO plugin v25.4 - https:\/\/yoast.com\/wordpress\/plugins\/seo\/ -->\n<title>La m\u00fasica se toma el Museo Violeta Parra este 9 y 10 de enero - Museo Violeta Parra<\/title>\n<meta name=\"robots\" content=\"index, follow, max-snippet:-1, max-image-preview:large, max-video-preview:-1\" \/>\n<link rel=\"canonical\" href=\"http:\/\/vientosur.top\/museo\/la-musica-se-toma-el-museo-violeta-parra-este-9-y-10-de-enero\/\" \/>\n<meta property=\"og:locale\" content=\"es_ES\" \/>\n<meta property=\"og:type\" content=\"article\" \/>\n<meta property=\"og:title\" content=\"La m\u00fasica se toma el Museo Violeta Parra este 9 y 10 de enero - Museo Violeta Parra\" \/>\n<meta property=\"og:description\" content=\"Tres conciertos se desarrollar\u00e1n este fin de semana en el Auditorio Antar. Quienes quieran asistir deber\u00e1n retirar sus invitaciones en el mes\u00f3n de informaciones, de 09:30 a 18:00 horas.\" \/>\n<meta property=\"og:url\" content=\"http:\/\/vientosur.top\/museo\/la-musica-se-toma-el-museo-violeta-parra-este-9-y-10-de-enero\/\" \/>\n<meta property=\"og:site_name\" content=\"Museo Violeta Parra\" \/>\n<meta property=\"article:published_time\" content=\"2016-01-06T13:27:53+00:00\" \/>\n<meta property=\"og:image\" content=\"http:\/\/vientosur.top\/museo\/wp-content\/uploads\/2015\/01\/MVP-noticiaweb9y10enero.jpg\" \/>\n\t<meta property=\"og:image:width\" content=\"447\" \/>\n\t<meta property=\"og:image:height\" content=\"410\" \/>\n\t<meta property=\"og:image:type\" content=\"image\/jpeg\" \/>\n<meta name=\"author\" content=\"admin\" \/>\n<meta name=\"twitter:card\" content=\"summary_large_image\" \/>\n<meta name=\"twitter:label1\" content=\"Escrito por\" \/>\n\t<meta name=\"twitter:data1\" content=\"admin\" \/>\n\t<meta name=\"twitter:label2\" content=\"Tiempo de lectura\" \/>\n\t<meta name=\"twitter:data2\" content=\"2 minutos\" \/>\n<script type=\"application\/ld+json\" class=\"yoast-schema-graph\">{\"@context\":\"https:\/\/schema.org\",\"@graph\":[{\"@type\":\"WebPage\",\"@id\":\"http:\/\/vientosur.top\/museo\/la-musica-se-toma-el-museo-violeta-parra-este-9-y-10-de-enero\/\",\"url\":\"http:\/\/vientosur.top\/museo\/la-musica-se-toma-el-museo-violeta-parra-este-9-y-10-de-enero\/\",\"name\":\"La m\u00fasica se toma el Museo Violeta Parra este 9 y 10 de enero - Museo Violeta Parra\",\"isPartOf\":{\"@id\":\"http:\/\/vientosur.top\/museo\/#website\"},\"primaryImageOfPage\":{\"@id\":\"http:\/\/vientosur.top\/museo\/la-musica-se-toma-el-museo-violeta-parra-este-9-y-10-de-enero\/#primaryimage\"},\"image\":{\"@id\":\"http:\/\/vientosur.top\/museo\/la-musica-se-toma-el-museo-violeta-parra-este-9-y-10-de-enero\/#primaryimage\"},\"thumbnailUrl\":\"http:\/\/vientosur.top\/museo\/wp-content\/uploads\/2015\/01\/MVP-noticiaweb9y10enero.jpg\",\"datePublished\":\"2016-01-06T13:27:53+00:00\",\"author\":{\"@id\":\"http:\/\/vientosur.top\/museo\/#\/schema\/person\/20c79d3c38800971feec8c2693c3dd9c\"},\"breadcrumb\":{\"@id\":\"http:\/\/vientosur.top\/museo\/la-musica-se-toma-el-museo-violeta-parra-este-9-y-10-de-enero\/#breadcrumb\"},\"inLanguage\":\"es\",\"potentialAction\":[{\"@type\":\"ReadAction\",\"target\":[\"http:\/\/vientosur.top\/museo\/la-musica-se-toma-el-museo-violeta-parra-este-9-y-10-de-enero\/\"]}]},{\"@type\":\"ImageObject\",\"inLanguage\":\"es\",\"@id\":\"http:\/\/vientosur.top\/museo\/la-musica-se-toma-el-museo-violeta-parra-este-9-y-10-de-enero\/#primaryimage\",\"url\":\"http:\/\/vientosur.top\/museo\/wp-content\/uploads\/2015\/01\/MVP-noticiaweb9y10enero.jpg\",\"contentUrl\":\"http:\/\/vientosur.top\/museo\/wp-content\/uploads\/2015\/01\/MVP-noticiaweb9y10enero.jpg\",\"width\":447,\"height\":410},{\"@type\":\"BreadcrumbList\",\"@id\":\"http:\/\/vientosur.top\/museo\/la-musica-se-toma-el-museo-violeta-parra-este-9-y-10-de-enero\/#breadcrumb\",\"itemListElement\":[{\"@type\":\"ListItem\",\"position\":1,\"name\":\"Portada\",\"item\":\"http:\/\/vientosur.top\/museo\/\"},{\"@type\":\"ListItem\",\"position\":2,\"name\":\"La m\u00fasica se toma el Museo Violeta Parra este 9 y 10 de enero\"}]},{\"@type\":\"WebSite\",\"@id\":\"http:\/\/vientosur.top\/museo\/#website\",\"url\":\"http:\/\/vientosur.top\/museo\/\",\"name\":\"Museo Violeta Parra\",\"description\":\"Espacio que alberga tanto la memoria y legado creativo de la artista\",\"potentialAction\":[{\"@type\":\"SearchAction\",\"target\":{\"@type\":\"EntryPoint\",\"urlTemplate\":\"http:\/\/vientosur.top\/museo\/?s={search_term_string}\"},\"query-input\":{\"@type\":\"PropertyValueSpecification\",\"valueRequired\":true,\"valueName\":\"search_term_string\"}}],\"inLanguage\":\"es\"},{\"@type\":\"Person\",\"@id\":\"http:\/\/vientosur.top\/museo\/#\/schema\/person\/20c79d3c38800971feec8c2693c3dd9c\",\"name\":\"admin\",\"image\":{\"@type\":\"ImageObject\",\"inLanguage\":\"es\",\"@id\":\"http:\/\/vientosur.top\/museo\/#\/schema\/person\/image\/\",\"url\":\"https:\/\/secure.gravatar.com\/avatar\/713677ece3ffa642287213a80e5b773bce9ab81c269dd6d95102a990951c922f?s=96&d=mm&r=g\",\"contentUrl\":\"https:\/\/secure.gravatar.com\/avatar\/713677ece3ffa642287213a80e5b773bce9ab81c269dd6d95102a990951c922f?s=96&d=mm&r=g\",\"caption\":\"admin\"},\"sameAs\":[\"http:\/\/vientosur.top\/museo\"],\"url\":\"http:\/\/vientosur.top\/museo\/author\/comunicacionesmvp\/\"}]}<\/script>\n<!-- \/ Yoast SEO plugin. -->","yoast_head_json":{"title":"La m\u00fasica se toma el Museo Violeta Parra este 9 y 10 de enero - Museo Violeta Parra","robots":{"index":"index","follow":"follow","max-snippet":"max-snippet:-1","max-image-preview":"max-image-preview:large","max-video-preview":"max-video-preview:-1"},"canonical":"http:\/\/vientosur.top\/museo\/la-musica-se-toma-el-museo-violeta-parra-este-9-y-10-de-enero\/","og_locale":"es_ES","og_type":"article","og_title":"La m\u00fasica se toma el Museo Violeta Parra este 9 y 10 de enero - Museo Violeta Parra","og_description":"Tres conciertos se desarrollar\u00e1n este fin de semana en el Auditorio Antar. Quienes quieran asistir deber\u00e1n retirar sus invitaciones en el mes\u00f3n de informaciones, de 09:30 a 18:00 horas.","og_url":"http:\/\/vientosur.top\/museo\/la-musica-se-toma-el-museo-violeta-parra-este-9-y-10-de-enero\/","og_site_name":"Museo Violeta Parra","article_published_time":"2016-01-06T13:27:53+00:00","og_image":[{"width":447,"height":410,"url":"http:\/\/vientosur.top\/museo\/wp-content\/uploads\/2015\/01\/MVP-noticiaweb9y10enero.jpg","type":"image\/jpeg"}],"author":"admin","twitter_card":"summary_large_image","twitter_misc":{"Escrito por":"admin","Tiempo de lectura":"2 minutos"},"schema":{"@context":"https:\/\/schema.org","@graph":[{"@type":"WebPage","@id":"http:\/\/vientosur.top\/museo\/la-musica-se-toma-el-museo-violeta-parra-este-9-y-10-de-enero\/","url":"http:\/\/vientosur.top\/museo\/la-musica-se-toma-el-museo-violeta-parra-este-9-y-10-de-enero\/","name":"La m\u00fasica se toma el Museo Violeta Parra este 9 y 10 de enero - Museo Violeta Parra","isPartOf":{"@id":"http:\/\/vientosur.top\/museo\/#website"},"primaryImageOfPage":{"@id":"http:\/\/vientosur.top\/museo\/la-musica-se-toma-el-museo-violeta-parra-este-9-y-10-de-enero\/#primaryimage"},"image":{"@id":"http:\/\/vientosur.top\/museo\/la-musica-se-toma-el-museo-violeta-parra-este-9-y-10-de-enero\/#primaryimage"},"thumbnailUrl":"http:\/\/vientosur.top\/museo\/wp-content\/uploads\/2015\/01\/MVP-noticiaweb9y10enero.jpg","datePublished":"2016-01-06T13:27:53+00:00","author":{"@id":"http:\/\/vientosur.top\/museo\/#\/schema\/person\/20c79d3c38800971feec8c2693c3dd9c"},"breadcrumb":{"@id":"http:\/\/vientosur.top\/museo\/la-musica-se-toma-el-museo-violeta-parra-este-9-y-10-de-enero\/#breadcrumb"},"inLanguage":"es","potentialAction":[{"@type":"ReadAction","target":["http:\/\/vientosur.top\/museo\/la-musica-se-toma-el-museo-violeta-parra-este-9-y-10-de-enero\/"]}]},{"@type":"ImageObject","inLanguage":"es","@id":"http:\/\/vientosur.top\/museo\/la-musica-se-toma-el-museo-violeta-parra-este-9-y-10-de-enero\/#primaryimage","url":"http:\/\/vientosur.top\/museo\/wp-content\/uploads\/2015\/01\/MVP-noticiaweb9y10enero.jpg","contentUrl":"http:\/\/vientosur.top\/museo\/wp-content\/uploads\/2015\/01\/MVP-noticiaweb9y10enero.jpg","width":447,"height":410},{"@type":"BreadcrumbList","@id":"http:\/\/vientosur.top\/museo\/la-musica-se-toma-el-museo-violeta-parra-este-9-y-10-de-enero\/#breadcrumb","itemListElement":[{"@type":"ListItem","position":1,"name":"Portada","item":"http:\/\/vientosur.top\/museo\/"},{"@type":"ListItem","position":2,"name":"La m\u00fasica se toma el Museo Violeta Parra este 9 y 10 de enero"}]},{"@type":"WebSite","@id":"http:\/\/vientosur.top\/museo\/#website","url":"http:\/\/vientosur.top\/museo\/","name":"Museo Violeta Parra","description":"Espacio que alberga tanto la memoria y legado creativo de la artista","potentialAction":[{"@type":"SearchAction","target":{"@type":"EntryPoint","urlTemplate":"http:\/\/vientosur.top\/museo\/?s={search_term_string}"},"query-input":{"@type":"PropertyValueSpecification","valueRequired":true,"valueName":"search_term_string"}}],"inLanguage":"es"},{"@type":"Person","@id":"http:\/\/vientosur.top\/museo\/#\/schema\/person\/20c79d3c38800971feec8c2693c3dd9c","name":"admin","image":{"@type":"ImageObject","inLanguage":"es","@id":"http:\/\/vientosur.top\/museo\/#\/schema\/person\/image\/","url":"https:\/\/secure.gravatar.com\/avatar\/713677ece3ffa642287213a80e5b773bce9ab81c269dd6d95102a990951c922f?s=96&d=mm&r=g","contentUrl":"https:\/\/secure.gravatar.com\/avatar\/713677ece3ffa642287213a80e5b773bce9ab81c269dd6d95102a990951c922f?s=96&d=mm&r=g","caption":"admin"},"sameAs":["http:\/\/vientosur.top\/museo"],"url":"http:\/\/vientosur.top\/museo\/author\/comunicacionesmvp\/"}]}},"_links":{"self":[{"href":"http:\/\/vientosur.top\/museo\/wp-json\/wp\/v2\/posts\/789","targetHints":{"allow":["GET"]}}],"collection":[{"href":"http:\/\/vientosur.top\/museo\/wp-json\/wp\/v2\/posts"}],"about":[{"href":"http:\/\/vientosur.top\/museo\/wp-json\/wp\/v2\/types\/post"}],"author":[{"embeddable":true,"href":"http:\/\/vientosur.top\/museo\/wp-json\/wp\/v2\/users\/5"}],"replies":[{"embeddable":true,"href":"http:\/\/vientosur.top\/museo\/wp-json\/wp\/v2\/comments?post=789"}],"version-history":[{"count":0,"href":"http:\/\/vientosur.top\/museo\/wp-json\/wp\/v2\/posts\/789\/revisions"}],"wp:featuredmedia":[{"embeddable":true,"href":"http:\/\/vientosur.top\/museo\/wp-json\/wp\/v2\/media\/675"}],"wp:attachment":[{"href":"http:\/\/vientosur.top\/museo\/wp-json\/wp\/v2\/media?parent=789"}],"wp:term":[{"taxonomy":"category","embeddable":true,"href":"http:\/\/vientosur.top\/museo\/wp-json\/wp\/v2\/categories?post=789"},{"taxonomy":"post_tag","embeddable":true,"href":"http:\/\/vientosur.top\/museo\/wp-json\/wp\/v2\/tags?post=789"}],"curies":[{"name":"wp","href":"https:\/\/api.w.org\/{rel}","templated":true}]}}