{"id":7890,"date":"2017-12-11T14:58:51","date_gmt":"2017-12-11T14:58:51","guid":{"rendered":"http:\/\/vientosur.top\/museo\/?p=7890"},"modified":"2017-12-11T14:58:51","modified_gmt":"2017-12-11T14:58:51","slug":"isabel-parra-presento-el-domingo-10-de-diciembre-conversaciones-musicales-en-sala-antar","status":"publish","type":"post","link":"http:\/\/vientosur.top\/museo\/isabel-parra-presento-el-domingo-10-de-diciembre-conversaciones-musicales-en-sala-antar\/","title":{"rendered":"Isabel Parra present\u00f3 el domingo 10 de diciembre \u201cConversaciones musicales\u201d en Sala Antar"},"content":{"rendered":"<div class=\"m_2554237617603357293gmail-\">\n<div class=\"m_2554237617603357293gmail-_1mf m_2554237617603357293gmail-_1mj\">\n<p>El domingo 10 de diciembre se llev\u00f3 a cabo: \u201cConversaciones musicales\u201d con Isabel Parra, quien abri\u00f3 \u00a0con las siguientes palabras:\u00a0\u201cQuer\u00eda conversar con ustedes acerca de lo que significa hacer una canci\u00f3n. Ese era el tema que me daba vueltas en la cabeza y en el coraz\u00f3n porque yo creo que todo el mundo hace canciones; canciones buenas, canciones m\u00e1s o menos, canciones estupendas, pero lo importante, yo creo, es atreverse a hacer una canci\u00f3n, una melod\u00eda\u2026\u201d<\/p>\n<p>Personas del p\u00fablico tuvieron la oportunidad de mostrar alguna composici\u00f3n, antes de iniciar la presentaci\u00f3n, junto a\u00a0Milena Rojas y Sim\u00f3n Gonz\u00e1lez.<\/p>\n<p>Isabel Parra invit\u00f3 al catedr\u00e1tico, investigador y escritor \u00a0Fernando Venegas, autor del libro \u201cVioleta Parra en Concepci\u00f3n y la frontera del Bio- B\u00edo: 1957-1960\u201d a mostrar su trabajo, que considera la mejor investigaci\u00f3n \u00a0del a\u00f1o, en lo que se refiere a Violeta Parra. El museo organizar\u00e1 prontamente un lanzamiento del libro.<\/p>\n<\/div>\n<\/div>\n<div><\/div>\n<div><a href=\"https:\/\/www.facebook.com\/pg\/MuseoVioletaParra\/photos\/?tab=album&amp;album_id=2030779297165481\" target=\"_blank\" rel=\"noopener noreferrer\">Galer\u00eda de im\u00e1genes<\/a><\/div>\n","protected":false},"excerpt":{"rendered":"<p>El domingo 10 de diciembre se llev\u00f3 a cabo: \u201cConversaciones musicales\u201d con Isabel Parra, quien abri\u00f3 \u00a0con las siguientes palabras:\u00a0\u201cQuer\u00eda conversar con ustedes acerca de lo que significa hacer una canci\u00f3n. Ese era el tema que me daba vueltas en la cabeza y en el coraz\u00f3n porque yo creo que todo el mundo hace canciones; [&hellip;]<\/p>\n","protected":false},"author":5,"featured_media":7891,"comment_status":"open","ping_status":"open","sticky":false,"template":"","format":"standard","meta":{"site-sidebar-layout":"default","site-content-layout":"","ast-site-content-layout":"default","site-content-style":"default","site-sidebar-style":"default","ast-global-header-display":"","ast-banner-title-visibility":"","ast-main-header-display":"","ast-hfb-above-header-display":"","ast-hfb-below-header-display":"","ast-hfb-mobile-header-display":"","site-post-title":"","ast-breadcrumbs-content":"","ast-featured-img":"","footer-sml-layout":"","theme-transparent-header-meta":"","adv-header-id-meta":"","stick-header-meta":"","header-above-stick-meta":"","header-main-stick-meta":"","header-below-stick-meta":"","astra-migrate-meta-layouts":"default","ast-page-background-enabled":"default","ast-page-background-meta":{"desktop":{"background-color":"var(--ast-global-color-4)","background-image":"","background-repeat":"repeat","background-position":"center center","background-size":"auto","background-attachment":"scroll","background-type":"","background-media":"","overlay-type":"","overlay-color":"","overlay-opacity":"","overlay-gradient":""},"tablet":{"background-color":"","background-image":"","background-repeat":"repeat","background-position":"center center","background-size":"auto","background-attachment":"scroll","background-type":"","background-media":"","overlay-type":"","overlay-color":"","overlay-opacity":"","overlay-gradient":""},"mobile":{"background-color":"","background-image":"","background-repeat":"repeat","background-position":"center center","background-size":"auto","background-attachment":"scroll","background-type":"","background-media":"","overlay-type":"","overlay-color":"","overlay-opacity":"","overlay-gradient":""}},"ast-content-background-meta":{"desktop":{"background-color":"var(--ast-global-color-5)","background-image":"","background-repeat":"repeat","background-position":"center center","background-size":"auto","background-attachment":"scroll","background-type":"","background-media":"","overlay-type":"","overlay-color":"","overlay-opacity":"","overlay-gradient":""},"tablet":{"background-color":"var(--ast-global-color-5)","background-image":"","background-repeat":"repeat","background-position":"center center","background-size":"auto","background-attachment":"scroll","background-type":"","background-media":"","overlay-type":"","overlay-color":"","overlay-opacity":"","overlay-gradient":""},"mobile":{"background-color":"var(--ast-global-color-5)","background-image":"","background-repeat":"repeat","background-position":"center center","background-size":"auto","background-attachment":"scroll","background-type":"","background-media":"","overlay-type":"","overlay-color":"","overlay-opacity":"","overlay-gradient":""}},"footnotes":""},"categories":[8],"tags":[],"class_list":["post-7890","post","type-post","status-publish","format-standard","has-post-thumbnail","hentry","category-noticias"],"yoast_head":"<!-- This site is optimized with the Yoast SEO plugin v25.4 - https:\/\/yoast.com\/wordpress\/plugins\/seo\/ -->\n<title>Isabel Parra present\u00f3 el domingo 10 de diciembre \u201cConversaciones musicales\u201d en Sala Antar - Museo Violeta Parra<\/title>\n<meta name=\"robots\" content=\"index, follow, max-snippet:-1, max-image-preview:large, max-video-preview:-1\" \/>\n<link rel=\"canonical\" href=\"http:\/\/vientosur.top\/museo\/isabel-parra-presento-el-domingo-10-de-diciembre-conversaciones-musicales-en-sala-antar\/\" \/>\n<meta property=\"og:locale\" content=\"es_ES\" \/>\n<meta property=\"og:type\" content=\"article\" \/>\n<meta property=\"og:title\" content=\"Isabel Parra present\u00f3 el domingo 10 de diciembre \u201cConversaciones musicales\u201d en Sala Antar - Museo Violeta Parra\" \/>\n<meta property=\"og:description\" content=\"El domingo 10 de diciembre se llev\u00f3 a cabo: \u201cConversaciones musicales\u201d con Isabel Parra, quien abri\u00f3 \u00a0con las siguientes palabras:\u00a0\u201cQuer\u00eda conversar con ustedes acerca de lo que significa hacer una canci\u00f3n. Ese era el tema que me daba vueltas en la cabeza y en el coraz\u00f3n porque yo creo que todo el mundo hace canciones; [&hellip;]\" \/>\n<meta property=\"og:url\" content=\"http:\/\/vientosur.top\/museo\/isabel-parra-presento-el-domingo-10-de-diciembre-conversaciones-musicales-en-sala-antar\/\" \/>\n<meta property=\"og:site_name\" content=\"Museo Violeta Parra\" \/>\n<meta property=\"article:published_time\" content=\"2017-12-11T14:58:51+00:00\" \/>\n<meta property=\"og:image\" content=\"http:\/\/vientosur.top\/museo\/wp-content\/uploads\/2017\/12\/DSC_0246-1024x681-1.jpg\" \/>\n\t<meta property=\"og:image:width\" content=\"1024\" \/>\n\t<meta property=\"og:image:height\" content=\"681\" \/>\n\t<meta property=\"og:image:type\" content=\"image\/jpeg\" \/>\n<meta name=\"author\" content=\"admin\" \/>\n<meta name=\"twitter:card\" content=\"summary_large_image\" \/>\n<meta name=\"twitter:label1\" content=\"Escrito por\" \/>\n\t<meta name=\"twitter:data1\" content=\"admin\" \/>\n\t<meta name=\"twitter:label2\" content=\"Tiempo de lectura\" \/>\n\t<meta name=\"twitter:data2\" content=\"1 minuto\" \/>\n<script type=\"application\/ld+json\" class=\"yoast-schema-graph\">{\"@context\":\"https:\/\/schema.org\",\"@graph\":[{\"@type\":\"WebPage\",\"@id\":\"http:\/\/vientosur.top\/museo\/isabel-parra-presento-el-domingo-10-de-diciembre-conversaciones-musicales-en-sala-antar\/\",\"url\":\"http:\/\/vientosur.top\/museo\/isabel-parra-presento-el-domingo-10-de-diciembre-conversaciones-musicales-en-sala-antar\/\",\"name\":\"Isabel Parra present\u00f3 el domingo 10 de diciembre \u201cConversaciones musicales\u201d en Sala Antar - Museo Violeta Parra\",\"isPartOf\":{\"@id\":\"http:\/\/vientosur.top\/museo\/#website\"},\"primaryImageOfPage\":{\"@id\":\"http:\/\/vientosur.top\/museo\/isabel-parra-presento-el-domingo-10-de-diciembre-conversaciones-musicales-en-sala-antar\/#primaryimage\"},\"image\":{\"@id\":\"http:\/\/vientosur.top\/museo\/isabel-parra-presento-el-domingo-10-de-diciembre-conversaciones-musicales-en-sala-antar\/#primaryimage\"},\"thumbnailUrl\":\"http:\/\/vientosur.top\/museo\/wp-content\/uploads\/2017\/12\/DSC_0246-1024x681-1.jpg\",\"datePublished\":\"2017-12-11T14:58:51+00:00\",\"author\":{\"@id\":\"http:\/\/vientosur.top\/museo\/#\/schema\/person\/20c79d3c38800971feec8c2693c3dd9c\"},\"breadcrumb\":{\"@id\":\"http:\/\/vientosur.top\/museo\/isabel-parra-presento-el-domingo-10-de-diciembre-conversaciones-musicales-en-sala-antar\/#breadcrumb\"},\"inLanguage\":\"es\",\"potentialAction\":[{\"@type\":\"ReadAction\",\"target\":[\"http:\/\/vientosur.top\/museo\/isabel-parra-presento-el-domingo-10-de-diciembre-conversaciones-musicales-en-sala-antar\/\"]}]},{\"@type\":\"ImageObject\",\"inLanguage\":\"es\",\"@id\":\"http:\/\/vientosur.top\/museo\/isabel-parra-presento-el-domingo-10-de-diciembre-conversaciones-musicales-en-sala-antar\/#primaryimage\",\"url\":\"http:\/\/vientosur.top\/museo\/wp-content\/uploads\/2017\/12\/DSC_0246-1024x681-1.jpg\",\"contentUrl\":\"http:\/\/vientosur.top\/museo\/wp-content\/uploads\/2017\/12\/DSC_0246-1024x681-1.jpg\",\"width\":1024,\"height\":681},{\"@type\":\"BreadcrumbList\",\"@id\":\"http:\/\/vientosur.top\/museo\/isabel-parra-presento-el-domingo-10-de-diciembre-conversaciones-musicales-en-sala-antar\/#breadcrumb\",\"itemListElement\":[{\"@type\":\"ListItem\",\"position\":1,\"name\":\"Portada\",\"item\":\"http:\/\/vientosur.top\/museo\/\"},{\"@type\":\"ListItem\",\"position\":2,\"name\":\"Isabel Parra present\u00f3 el domingo 10 de diciembre \u201cConversaciones musicales\u201d en Sala Antar\"}]},{\"@type\":\"WebSite\",\"@id\":\"http:\/\/vientosur.top\/museo\/#website\",\"url\":\"http:\/\/vientosur.top\/museo\/\",\"name\":\"Museo Violeta Parra\",\"description\":\"Espacio que alberga tanto la memoria y legado creativo de la artista\",\"potentialAction\":[{\"@type\":\"SearchAction\",\"target\":{\"@type\":\"EntryPoint\",\"urlTemplate\":\"http:\/\/vientosur.top\/museo\/?s={search_term_string}\"},\"query-input\":{\"@type\":\"PropertyValueSpecification\",\"valueRequired\":true,\"valueName\":\"search_term_string\"}}],\"inLanguage\":\"es\"},{\"@type\":\"Person\",\"@id\":\"http:\/\/vientosur.top\/museo\/#\/schema\/person\/20c79d3c38800971feec8c2693c3dd9c\",\"name\":\"admin\",\"image\":{\"@type\":\"ImageObject\",\"inLanguage\":\"es\",\"@id\":\"http:\/\/vientosur.top\/museo\/#\/schema\/person\/image\/\",\"url\":\"https:\/\/secure.gravatar.com\/avatar\/713677ece3ffa642287213a80e5b773bce9ab81c269dd6d95102a990951c922f?s=96&d=mm&r=g\",\"contentUrl\":\"https:\/\/secure.gravatar.com\/avatar\/713677ece3ffa642287213a80e5b773bce9ab81c269dd6d95102a990951c922f?s=96&d=mm&r=g\",\"caption\":\"admin\"},\"sameAs\":[\"http:\/\/vientosur.top\/museo\"],\"url\":\"http:\/\/vientosur.top\/museo\/author\/comunicacionesmvp\/\"}]}<\/script>\n<!-- \/ Yoast SEO plugin. -->","yoast_head_json":{"title":"Isabel Parra present\u00f3 el domingo 10 de diciembre \u201cConversaciones musicales\u201d en Sala Antar - Museo Violeta Parra","robots":{"index":"index","follow":"follow","max-snippet":"max-snippet:-1","max-image-preview":"max-image-preview:large","max-video-preview":"max-video-preview:-1"},"canonical":"http:\/\/vientosur.top\/museo\/isabel-parra-presento-el-domingo-10-de-diciembre-conversaciones-musicales-en-sala-antar\/","og_locale":"es_ES","og_type":"article","og_title":"Isabel Parra present\u00f3 el domingo 10 de diciembre \u201cConversaciones musicales\u201d en Sala Antar - Museo Violeta Parra","og_description":"El domingo 10 de diciembre se llev\u00f3 a cabo: \u201cConversaciones musicales\u201d con Isabel Parra, quien abri\u00f3 \u00a0con las siguientes palabras:\u00a0\u201cQuer\u00eda conversar con ustedes acerca de lo que significa hacer una canci\u00f3n. Ese era el tema que me daba vueltas en la cabeza y en el coraz\u00f3n porque yo creo que todo el mundo hace canciones; [&hellip;]","og_url":"http:\/\/vientosur.top\/museo\/isabel-parra-presento-el-domingo-10-de-diciembre-conversaciones-musicales-en-sala-antar\/","og_site_name":"Museo Violeta Parra","article_published_time":"2017-12-11T14:58:51+00:00","og_image":[{"width":1024,"height":681,"url":"http:\/\/vientosur.top\/museo\/wp-content\/uploads\/2017\/12\/DSC_0246-1024x681-1.jpg","type":"image\/jpeg"}],"author":"admin","twitter_card":"summary_large_image","twitter_misc":{"Escrito por":"admin","Tiempo de lectura":"1 minuto"},"schema":{"@context":"https:\/\/schema.org","@graph":[{"@type":"WebPage","@id":"http:\/\/vientosur.top\/museo\/isabel-parra-presento-el-domingo-10-de-diciembre-conversaciones-musicales-en-sala-antar\/","url":"http:\/\/vientosur.top\/museo\/isabel-parra-presento-el-domingo-10-de-diciembre-conversaciones-musicales-en-sala-antar\/","name":"Isabel Parra present\u00f3 el domingo 10 de diciembre \u201cConversaciones musicales\u201d en Sala Antar - Museo Violeta Parra","isPartOf":{"@id":"http:\/\/vientosur.top\/museo\/#website"},"primaryImageOfPage":{"@id":"http:\/\/vientosur.top\/museo\/isabel-parra-presento-el-domingo-10-de-diciembre-conversaciones-musicales-en-sala-antar\/#primaryimage"},"image":{"@id":"http:\/\/vientosur.top\/museo\/isabel-parra-presento-el-domingo-10-de-diciembre-conversaciones-musicales-en-sala-antar\/#primaryimage"},"thumbnailUrl":"http:\/\/vientosur.top\/museo\/wp-content\/uploads\/2017\/12\/DSC_0246-1024x681-1.jpg","datePublished":"2017-12-11T14:58:51+00:00","author":{"@id":"http:\/\/vientosur.top\/museo\/#\/schema\/person\/20c79d3c38800971feec8c2693c3dd9c"},"breadcrumb":{"@id":"http:\/\/vientosur.top\/museo\/isabel-parra-presento-el-domingo-10-de-diciembre-conversaciones-musicales-en-sala-antar\/#breadcrumb"},"inLanguage":"es","potentialAction":[{"@type":"ReadAction","target":["http:\/\/vientosur.top\/museo\/isabel-parra-presento-el-domingo-10-de-diciembre-conversaciones-musicales-en-sala-antar\/"]}]},{"@type":"ImageObject","inLanguage":"es","@id":"http:\/\/vientosur.top\/museo\/isabel-parra-presento-el-domingo-10-de-diciembre-conversaciones-musicales-en-sala-antar\/#primaryimage","url":"http:\/\/vientosur.top\/museo\/wp-content\/uploads\/2017\/12\/DSC_0246-1024x681-1.jpg","contentUrl":"http:\/\/vientosur.top\/museo\/wp-content\/uploads\/2017\/12\/DSC_0246-1024x681-1.jpg","width":1024,"height":681},{"@type":"BreadcrumbList","@id":"http:\/\/vientosur.top\/museo\/isabel-parra-presento-el-domingo-10-de-diciembre-conversaciones-musicales-en-sala-antar\/#breadcrumb","itemListElement":[{"@type":"ListItem","position":1,"name":"Portada","item":"http:\/\/vientosur.top\/museo\/"},{"@type":"ListItem","position":2,"name":"Isabel Parra present\u00f3 el domingo 10 de diciembre \u201cConversaciones musicales\u201d en Sala Antar"}]},{"@type":"WebSite","@id":"http:\/\/vientosur.top\/museo\/#website","url":"http:\/\/vientosur.top\/museo\/","name":"Museo Violeta Parra","description":"Espacio que alberga tanto la memoria y legado creativo de la artista","potentialAction":[{"@type":"SearchAction","target":{"@type":"EntryPoint","urlTemplate":"http:\/\/vientosur.top\/museo\/?s={search_term_string}"},"query-input":{"@type":"PropertyValueSpecification","valueRequired":true,"valueName":"search_term_string"}}],"inLanguage":"es"},{"@type":"Person","@id":"http:\/\/vientosur.top\/museo\/#\/schema\/person\/20c79d3c38800971feec8c2693c3dd9c","name":"admin","image":{"@type":"ImageObject","inLanguage":"es","@id":"http:\/\/vientosur.top\/museo\/#\/schema\/person\/image\/","url":"https:\/\/secure.gravatar.com\/avatar\/713677ece3ffa642287213a80e5b773bce9ab81c269dd6d95102a990951c922f?s=96&d=mm&r=g","contentUrl":"https:\/\/secure.gravatar.com\/avatar\/713677ece3ffa642287213a80e5b773bce9ab81c269dd6d95102a990951c922f?s=96&d=mm&r=g","caption":"admin"},"sameAs":["http:\/\/vientosur.top\/museo"],"url":"http:\/\/vientosur.top\/museo\/author\/comunicacionesmvp\/"}]}},"_links":{"self":[{"href":"http:\/\/vientosur.top\/museo\/wp-json\/wp\/v2\/posts\/7890","targetHints":{"allow":["GET"]}}],"collection":[{"href":"http:\/\/vientosur.top\/museo\/wp-json\/wp\/v2\/posts"}],"about":[{"href":"http:\/\/vientosur.top\/museo\/wp-json\/wp\/v2\/types\/post"}],"author":[{"embeddable":true,"href":"http:\/\/vientosur.top\/museo\/wp-json\/wp\/v2\/users\/5"}],"replies":[{"embeddable":true,"href":"http:\/\/vientosur.top\/museo\/wp-json\/wp\/v2\/comments?post=7890"}],"version-history":[{"count":0,"href":"http:\/\/vientosur.top\/museo\/wp-json\/wp\/v2\/posts\/7890\/revisions"}],"wp:featuredmedia":[{"embeddable":true,"href":"http:\/\/vientosur.top\/museo\/wp-json\/wp\/v2\/media\/7891"}],"wp:attachment":[{"href":"http:\/\/vientosur.top\/museo\/wp-json\/wp\/v2\/media?parent=7890"}],"wp:term":[{"taxonomy":"category","embeddable":true,"href":"http:\/\/vientosur.top\/museo\/wp-json\/wp\/v2\/categories?post=7890"},{"taxonomy":"post_tag","embeddable":true,"href":"http:\/\/vientosur.top\/museo\/wp-json\/wp\/v2\/tags?post=7890"}],"curies":[{"name":"wp","href":"https:\/\/api.w.org\/{rel}","templated":true}]}}