{"id":790,"date":"2016-01-15T13:48:14","date_gmt":"2016-01-15T13:48:14","guid":{"rendered":"http:\/\/vientosur.top\/museo\/\/?p=677"},"modified":"2016-01-15T13:48:14","modified_gmt":"2016-01-15T13:48:14","slug":"museo-violeta-parra-ofrece-tres-presentaciones-gratuitas-este-16-y-17-de-enero","status":"publish","type":"post","link":"http:\/\/vientosur.top\/museo\/museo-violeta-parra-ofrece-tres-presentaciones-gratuitas-este-16-y-17-de-enero\/","title":{"rendered":"Museo Violeta Parra ofrece tres presentaciones gratuitas este 16 y 17 de enero"},"content":{"rendered":"<p>Nuevamente el Museo Violeta Parra albergar\u00e1 este fin de semana del 16 y 17 de enero presentaciones musicales de primer nivel que estar\u00e1n disponibles para nuestros visitantes en forma totalmente gratuita.<!--more-->El primero en presentarse en el Auditorio Antar ser\u00e1<strong>\u00a0<a href=\"https:\/\/es.wikipedia.org\/wiki\/Ismael_Odd{9ad45858cf65d5dbd28c293160045998eabc8b7a5d99a9051855ea2e64ecdf24}C3{9ad45858cf65d5dbd28c293160045998eabc8b7a5d99a9051855ea2e64ecdf24}B3_M{9ad45858cf65d5dbd28c293160045998eabc8b7a5d99a9051855ea2e64ecdf24}C3{9ad45858cf65d5dbd28c293160045998eabc8b7a5d99a9051855ea2e64ecdf24}A9ndez\">Ismael Odd\u00f3<\/a>,<\/strong>\u00a0multiinstrumentalista reconocido por ser una de las principales voces de<strong>\u00a0Quilapay\u00fan<\/strong>, e<strong>l s\u00e1bado 16 de enero a las 15 horas.<\/strong>\u00a0El artista presentar\u00e1 su repertorio como solista, que contempla parte de sus dos discos editados \u201cBando N\u00b01 y \u201cECCE HOMO\u201d. Quienes quieran asistir deber\u00e1n retirar sus invitaciones en informaciones del Museo.<strong>El domingo 17 a las 15:00 horas, Tita Parra<\/strong>\u00a0se reencontrar\u00e1 con nuestros visitantes en un espect\u00e1culo donde estar\u00e1 acompa\u00f1ada del percusionista Greco Acu\u00f1a y en el que dar\u00e1 a conocer sus m\u00e1s recientes e in\u00e9ditas obras que forman parte de su nuevo CD.<strong>Posteriormente, a las 16:00 horas, ser\u00e1 el turno Rodrigo Gonz\u00e1lez<\/strong>, tambi\u00e9n integrante de\u00a0<strong>Quilapay\u00fan<\/strong>\u00a0y multiinstrumentalista radicado en Francia, quien repasar\u00e1 lo mejor de su repertorio junto a Daniel Delgado, Carlos Basilo y Alekos Vuscovich.\u00a0<strong>El acceso al concierto es gratuito retirando invitaciones en el mes\u00f3n del Museo desde las 9:30 de la ma\u00f1ana hasta las 18:00hrs.<\/strong>El Museo se encuentra en Av. Vicu\u00f1a Mackenna 37, Santiago.<\/p>\n","protected":false},"excerpt":{"rendered":"<p>Nuevamente el Museo Violeta Parra albergar\u00e1 este fin de semana del 16 y 17 de enero presentaciones musicales de primer nivel que estar\u00e1n disponibles para nuestros visitantes en forma totalmente gratuita.<\/p>\n","protected":false},"author":5,"featured_media":678,"comment_status":"open","ping_status":"open","sticky":false,"template":"","format":"standard","meta":{"site-sidebar-layout":"default","site-content-layout":"","ast-site-content-layout":"default","site-content-style":"default","site-sidebar-style":"default","ast-global-header-display":"","ast-banner-title-visibility":"","ast-main-header-display":"","ast-hfb-above-header-display":"","ast-hfb-below-header-display":"","ast-hfb-mobile-header-display":"","site-post-title":"","ast-breadcrumbs-content":"","ast-featured-img":"","footer-sml-layout":"","theme-transparent-header-meta":"","adv-header-id-meta":"","stick-header-meta":"","header-above-stick-meta":"","header-main-stick-meta":"","header-below-stick-meta":"","astra-migrate-meta-layouts":"default","ast-page-background-enabled":"default","ast-page-background-meta":{"desktop":{"background-color":"var(--ast-global-color-4)","background-image":"","background-repeat":"repeat","background-position":"center center","background-size":"auto","background-attachment":"scroll","background-type":"","background-media":"","overlay-type":"","overlay-color":"","overlay-opacity":"","overlay-gradient":""},"tablet":{"background-color":"","background-image":"","background-repeat":"repeat","background-position":"center center","background-size":"auto","background-attachment":"scroll","background-type":"","background-media":"","overlay-type":"","overlay-color":"","overlay-opacity":"","overlay-gradient":""},"mobile":{"background-color":"","background-image":"","background-repeat":"repeat","background-position":"center center","background-size":"auto","background-attachment":"scroll","background-type":"","background-media":"","overlay-type":"","overlay-color":"","overlay-opacity":"","overlay-gradient":""}},"ast-content-background-meta":{"desktop":{"background-color":"var(--ast-global-color-5)","background-image":"","background-repeat":"repeat","background-position":"center center","background-size":"auto","background-attachment":"scroll","background-type":"","background-media":"","overlay-type":"","overlay-color":"","overlay-opacity":"","overlay-gradient":""},"tablet":{"background-color":"var(--ast-global-color-5)","background-image":"","background-repeat":"repeat","background-position":"center center","background-size":"auto","background-attachment":"scroll","background-type":"","background-media":"","overlay-type":"","overlay-color":"","overlay-opacity":"","overlay-gradient":""},"mobile":{"background-color":"var(--ast-global-color-5)","background-image":"","background-repeat":"repeat","background-position":"center center","background-size":"auto","background-attachment":"scroll","background-type":"","background-media":"","overlay-type":"","overlay-color":"","overlay-opacity":"","overlay-gradient":""}},"footnotes":""},"categories":[8,61],"tags":[66,67],"class_list":["post-790","post","type-post","status-publish","format-standard","has-post-thumbnail","hentry","category-noticias","category-novedades","tag-auditorio-antar","tag-musica"],"yoast_head":"<!-- This site is optimized with the Yoast SEO plugin v25.4 - https:\/\/yoast.com\/wordpress\/plugins\/seo\/ -->\n<title>Museo Violeta Parra ofrece tres presentaciones gratuitas este 16 y 17 de enero - Museo Violeta Parra<\/title>\n<meta name=\"robots\" content=\"index, follow, max-snippet:-1, max-image-preview:large, max-video-preview:-1\" \/>\n<link rel=\"canonical\" href=\"http:\/\/vientosur.top\/museo\/museo-violeta-parra-ofrece-tres-presentaciones-gratuitas-este-16-y-17-de-enero\/\" \/>\n<meta property=\"og:locale\" content=\"es_ES\" \/>\n<meta property=\"og:type\" content=\"article\" \/>\n<meta property=\"og:title\" content=\"Museo Violeta Parra ofrece tres presentaciones gratuitas este 16 y 17 de enero - Museo Violeta Parra\" \/>\n<meta property=\"og:description\" content=\"Nuevamente el Museo Violeta Parra albergar\u00e1 este fin de semana del 16 y 17 de enero presentaciones musicales de primer nivel que estar\u00e1n disponibles para nuestros visitantes en forma totalmente gratuita.\" \/>\n<meta property=\"og:url\" content=\"http:\/\/vientosur.top\/museo\/museo-violeta-parra-ofrece-tres-presentaciones-gratuitas-este-16-y-17-de-enero\/\" \/>\n<meta property=\"og:site_name\" content=\"Museo Violeta Parra\" \/>\n<meta property=\"article:published_time\" content=\"2016-01-15T13:48:14+00:00\" \/>\n<meta name=\"author\" content=\"admin\" \/>\n<meta name=\"twitter:card\" content=\"summary_large_image\" \/>\n<meta name=\"twitter:label1\" content=\"Escrito por\" \/>\n\t<meta name=\"twitter:data1\" content=\"admin\" \/>\n\t<meta name=\"twitter:label2\" content=\"Tiempo de lectura\" \/>\n\t<meta name=\"twitter:data2\" content=\"1 minuto\" \/>\n<script type=\"application\/ld+json\" class=\"yoast-schema-graph\">{\"@context\":\"https:\/\/schema.org\",\"@graph\":[{\"@type\":\"WebPage\",\"@id\":\"http:\/\/vientosur.top\/museo\/museo-violeta-parra-ofrece-tres-presentaciones-gratuitas-este-16-y-17-de-enero\/\",\"url\":\"http:\/\/vientosur.top\/museo\/museo-violeta-parra-ofrece-tres-presentaciones-gratuitas-este-16-y-17-de-enero\/\",\"name\":\"Museo Violeta Parra ofrece tres presentaciones gratuitas este 16 y 17 de enero - Museo Violeta Parra\",\"isPartOf\":{\"@id\":\"http:\/\/vientosur.top\/museo\/#website\"},\"primaryImageOfPage\":{\"@id\":\"http:\/\/vientosur.top\/museo\/museo-violeta-parra-ofrece-tres-presentaciones-gratuitas-este-16-y-17-de-enero\/#primaryimage\"},\"image\":{\"@id\":\"http:\/\/vientosur.top\/museo\/museo-violeta-parra-ofrece-tres-presentaciones-gratuitas-este-16-y-17-de-enero\/#primaryimage\"},\"thumbnailUrl\":\"\",\"datePublished\":\"2016-01-15T13:48:14+00:00\",\"author\":{\"@id\":\"http:\/\/vientosur.top\/museo\/#\/schema\/person\/20c79d3c38800971feec8c2693c3dd9c\"},\"breadcrumb\":{\"@id\":\"http:\/\/vientosur.top\/museo\/museo-violeta-parra-ofrece-tres-presentaciones-gratuitas-este-16-y-17-de-enero\/#breadcrumb\"},\"inLanguage\":\"es\",\"potentialAction\":[{\"@type\":\"ReadAction\",\"target\":[\"http:\/\/vientosur.top\/museo\/museo-violeta-parra-ofrece-tres-presentaciones-gratuitas-este-16-y-17-de-enero\/\"]}]},{\"@type\":\"ImageObject\",\"inLanguage\":\"es\",\"@id\":\"http:\/\/vientosur.top\/museo\/museo-violeta-parra-ofrece-tres-presentaciones-gratuitas-este-16-y-17-de-enero\/#primaryimage\",\"url\":\"\",\"contentUrl\":\"\"},{\"@type\":\"BreadcrumbList\",\"@id\":\"http:\/\/vientosur.top\/museo\/museo-violeta-parra-ofrece-tres-presentaciones-gratuitas-este-16-y-17-de-enero\/#breadcrumb\",\"itemListElement\":[{\"@type\":\"ListItem\",\"position\":1,\"name\":\"Portada\",\"item\":\"http:\/\/vientosur.top\/museo\/\"},{\"@type\":\"ListItem\",\"position\":2,\"name\":\"Museo Violeta Parra ofrece tres presentaciones gratuitas este 16 y 17 de enero\"}]},{\"@type\":\"WebSite\",\"@id\":\"http:\/\/vientosur.top\/museo\/#website\",\"url\":\"http:\/\/vientosur.top\/museo\/\",\"name\":\"Museo Violeta Parra\",\"description\":\"Espacio que alberga tanto la memoria y legado creativo de la artista\",\"potentialAction\":[{\"@type\":\"SearchAction\",\"target\":{\"@type\":\"EntryPoint\",\"urlTemplate\":\"http:\/\/vientosur.top\/museo\/?s={search_term_string}\"},\"query-input\":{\"@type\":\"PropertyValueSpecification\",\"valueRequired\":true,\"valueName\":\"search_term_string\"}}],\"inLanguage\":\"es\"},{\"@type\":\"Person\",\"@id\":\"http:\/\/vientosur.top\/museo\/#\/schema\/person\/20c79d3c38800971feec8c2693c3dd9c\",\"name\":\"admin\",\"image\":{\"@type\":\"ImageObject\",\"inLanguage\":\"es\",\"@id\":\"http:\/\/vientosur.top\/museo\/#\/schema\/person\/image\/\",\"url\":\"https:\/\/secure.gravatar.com\/avatar\/713677ece3ffa642287213a80e5b773bce9ab81c269dd6d95102a990951c922f?s=96&d=mm&r=g\",\"contentUrl\":\"https:\/\/secure.gravatar.com\/avatar\/713677ece3ffa642287213a80e5b773bce9ab81c269dd6d95102a990951c922f?s=96&d=mm&r=g\",\"caption\":\"admin\"},\"sameAs\":[\"http:\/\/vientosur.top\/museo\"],\"url\":\"http:\/\/vientosur.top\/museo\/author\/comunicacionesmvp\/\"}]}<\/script>\n<!-- \/ Yoast SEO plugin. -->","yoast_head_json":{"title":"Museo Violeta Parra ofrece tres presentaciones gratuitas este 16 y 17 de enero - Museo Violeta Parra","robots":{"index":"index","follow":"follow","max-snippet":"max-snippet:-1","max-image-preview":"max-image-preview:large","max-video-preview":"max-video-preview:-1"},"canonical":"http:\/\/vientosur.top\/museo\/museo-violeta-parra-ofrece-tres-presentaciones-gratuitas-este-16-y-17-de-enero\/","og_locale":"es_ES","og_type":"article","og_title":"Museo Violeta Parra ofrece tres presentaciones gratuitas este 16 y 17 de enero - Museo Violeta Parra","og_description":"Nuevamente el Museo Violeta Parra albergar\u00e1 este fin de semana del 16 y 17 de enero presentaciones musicales de primer nivel que estar\u00e1n disponibles para nuestros visitantes en forma totalmente gratuita.","og_url":"http:\/\/vientosur.top\/museo\/museo-violeta-parra-ofrece-tres-presentaciones-gratuitas-este-16-y-17-de-enero\/","og_site_name":"Museo Violeta Parra","article_published_time":"2016-01-15T13:48:14+00:00","author":"admin","twitter_card":"summary_large_image","twitter_misc":{"Escrito por":"admin","Tiempo de lectura":"1 minuto"},"schema":{"@context":"https:\/\/schema.org","@graph":[{"@type":"WebPage","@id":"http:\/\/vientosur.top\/museo\/museo-violeta-parra-ofrece-tres-presentaciones-gratuitas-este-16-y-17-de-enero\/","url":"http:\/\/vientosur.top\/museo\/museo-violeta-parra-ofrece-tres-presentaciones-gratuitas-este-16-y-17-de-enero\/","name":"Museo Violeta Parra ofrece tres presentaciones gratuitas este 16 y 17 de enero - Museo Violeta Parra","isPartOf":{"@id":"http:\/\/vientosur.top\/museo\/#website"},"primaryImageOfPage":{"@id":"http:\/\/vientosur.top\/museo\/museo-violeta-parra-ofrece-tres-presentaciones-gratuitas-este-16-y-17-de-enero\/#primaryimage"},"image":{"@id":"http:\/\/vientosur.top\/museo\/museo-violeta-parra-ofrece-tres-presentaciones-gratuitas-este-16-y-17-de-enero\/#primaryimage"},"thumbnailUrl":"","datePublished":"2016-01-15T13:48:14+00:00","author":{"@id":"http:\/\/vientosur.top\/museo\/#\/schema\/person\/20c79d3c38800971feec8c2693c3dd9c"},"breadcrumb":{"@id":"http:\/\/vientosur.top\/museo\/museo-violeta-parra-ofrece-tres-presentaciones-gratuitas-este-16-y-17-de-enero\/#breadcrumb"},"inLanguage":"es","potentialAction":[{"@type":"ReadAction","target":["http:\/\/vientosur.top\/museo\/museo-violeta-parra-ofrece-tres-presentaciones-gratuitas-este-16-y-17-de-enero\/"]}]},{"@type":"ImageObject","inLanguage":"es","@id":"http:\/\/vientosur.top\/museo\/museo-violeta-parra-ofrece-tres-presentaciones-gratuitas-este-16-y-17-de-enero\/#primaryimage","url":"","contentUrl":""},{"@type":"BreadcrumbList","@id":"http:\/\/vientosur.top\/museo\/museo-violeta-parra-ofrece-tres-presentaciones-gratuitas-este-16-y-17-de-enero\/#breadcrumb","itemListElement":[{"@type":"ListItem","position":1,"name":"Portada","item":"http:\/\/vientosur.top\/museo\/"},{"@type":"ListItem","position":2,"name":"Museo Violeta Parra ofrece tres presentaciones gratuitas este 16 y 17 de enero"}]},{"@type":"WebSite","@id":"http:\/\/vientosur.top\/museo\/#website","url":"http:\/\/vientosur.top\/museo\/","name":"Museo Violeta Parra","description":"Espacio que alberga tanto la memoria y legado creativo de la artista","potentialAction":[{"@type":"SearchAction","target":{"@type":"EntryPoint","urlTemplate":"http:\/\/vientosur.top\/museo\/?s={search_term_string}"},"query-input":{"@type":"PropertyValueSpecification","valueRequired":true,"valueName":"search_term_string"}}],"inLanguage":"es"},{"@type":"Person","@id":"http:\/\/vientosur.top\/museo\/#\/schema\/person\/20c79d3c38800971feec8c2693c3dd9c","name":"admin","image":{"@type":"ImageObject","inLanguage":"es","@id":"http:\/\/vientosur.top\/museo\/#\/schema\/person\/image\/","url":"https:\/\/secure.gravatar.com\/avatar\/713677ece3ffa642287213a80e5b773bce9ab81c269dd6d95102a990951c922f?s=96&d=mm&r=g","contentUrl":"https:\/\/secure.gravatar.com\/avatar\/713677ece3ffa642287213a80e5b773bce9ab81c269dd6d95102a990951c922f?s=96&d=mm&r=g","caption":"admin"},"sameAs":["http:\/\/vientosur.top\/museo"],"url":"http:\/\/vientosur.top\/museo\/author\/comunicacionesmvp\/"}]}},"_links":{"self":[{"href":"http:\/\/vientosur.top\/museo\/wp-json\/wp\/v2\/posts\/790","targetHints":{"allow":["GET"]}}],"collection":[{"href":"http:\/\/vientosur.top\/museo\/wp-json\/wp\/v2\/posts"}],"about":[{"href":"http:\/\/vientosur.top\/museo\/wp-json\/wp\/v2\/types\/post"}],"author":[{"embeddable":true,"href":"http:\/\/vientosur.top\/museo\/wp-json\/wp\/v2\/users\/5"}],"replies":[{"embeddable":true,"href":"http:\/\/vientosur.top\/museo\/wp-json\/wp\/v2\/comments?post=790"}],"version-history":[{"count":0,"href":"http:\/\/vientosur.top\/museo\/wp-json\/wp\/v2\/posts\/790\/revisions"}],"wp:featuredmedia":[{"embeddable":true,"href":"http:\/\/vientosur.top\/museo\/wp-json\/"}],"wp:attachment":[{"href":"http:\/\/vientosur.top\/museo\/wp-json\/wp\/v2\/media?parent=790"}],"wp:term":[{"taxonomy":"category","embeddable":true,"href":"http:\/\/vientosur.top\/museo\/wp-json\/wp\/v2\/categories?post=790"},{"taxonomy":"post_tag","embeddable":true,"href":"http:\/\/vientosur.top\/museo\/wp-json\/wp\/v2\/tags?post=790"}],"curies":[{"name":"wp","href":"https:\/\/api.w.org\/{rel}","templated":true}]}}