{"id":7902,"date":"2017-12-13T15:04:43","date_gmt":"2017-12-13T15:04:43","guid":{"rendered":"http:\/\/vientosur.top\/museo\/?p=7902"},"modified":"2017-12-13T15:04:43","modified_gmt":"2017-12-13T15:04:43","slug":"asociacion-de-exportadores-y-de-manufacturas-otorga-reconocimiento-forjadores-para-el-desarrollo-de-chile-al-legado-de-violeta-parra","status":"publish","type":"post","link":"http:\/\/vientosur.top\/museo\/asociacion-de-exportadores-y-de-manufacturas-otorga-reconocimiento-forjadores-para-el-desarrollo-de-chile-al-legado-de-violeta-parra\/","title":{"rendered":"Asociaci\u00f3n de Exportadores y de Manufacturas otorga reconocimiento \u201cForjadores para el desarrollo de Chile\u201d al legado de Violeta Parra"},"content":{"rendered":"<p>Ernesto Ottone Ram\u00edrez, Ministro Presidente del Consejo Nacional de la Cultura y las Artes, asisti\u00f3 el martes 12 de diciembre a la trig\u00e9sima tercera versi\u00f3n de la Junta Anual de la Asociaci\u00f3n de Exportadores y de Manufacturas (ASEXMA) para recibir en honor al legado de Violeta Parra el reconocimiento \u201cForjadores para el desarrollo de Chile\u201d.<\/p>\n<p>El Ministro asisti\u00f3 a este encuentro gremial en compa\u00f1\u00eda de Cecilia Garc\u00eda-Huidobro, Directora del Museo Violeta Parra (en la imagen).<\/p>\n<p>&nbsp;<\/p>\n<p>Fotograf\u00edas por el Consejo Nacional de la Cultura y las Artes<\/p>\n","protected":false},"excerpt":{"rendered":"<p>Ernesto Ottone Ram\u00edrez, Ministro Presidente del Consejo Nacional de la Cultura y las Artes, asisti\u00f3 el martes 12 de diciembre a la trig\u00e9sima tercera versi\u00f3n de la Junta Anual de la Asociaci\u00f3n de Exportadores y de Manufacturas (ASEXMA) para recibir en honor al legado de Violeta Parra el reconocimiento \u201cForjadores para el desarrollo de Chile\u201d. [&hellip;]<\/p>\n","protected":false},"author":5,"featured_media":7903,"comment_status":"open","ping_status":"open","sticky":false,"template":"","format":"standard","meta":{"site-sidebar-layout":"default","site-content-layout":"","ast-site-content-layout":"default","site-content-style":"default","site-sidebar-style":"default","ast-global-header-display":"","ast-banner-title-visibility":"","ast-main-header-display":"","ast-hfb-above-header-display":"","ast-hfb-below-header-display":"","ast-hfb-mobile-header-display":"","site-post-title":"","ast-breadcrumbs-content":"","ast-featured-img":"","footer-sml-layout":"","theme-transparent-header-meta":"","adv-header-id-meta":"","stick-header-meta":"","header-above-stick-meta":"","header-main-stick-meta":"","header-below-stick-meta":"","astra-migrate-meta-layouts":"default","ast-page-background-enabled":"default","ast-page-background-meta":{"desktop":{"background-color":"var(--ast-global-color-4)","background-image":"","background-repeat":"repeat","background-position":"center center","background-size":"auto","background-attachment":"scroll","background-type":"","background-media":"","overlay-type":"","overlay-color":"","overlay-opacity":"","overlay-gradient":""},"tablet":{"background-color":"","background-image":"","background-repeat":"repeat","background-position":"center center","background-size":"auto","background-attachment":"scroll","background-type":"","background-media":"","overlay-type":"","overlay-color":"","overlay-opacity":"","overlay-gradient":""},"mobile":{"background-color":"","background-image":"","background-repeat":"repeat","background-position":"center center","background-size":"auto","background-attachment":"scroll","background-type":"","background-media":"","overlay-type":"","overlay-color":"","overlay-opacity":"","overlay-gradient":""}},"ast-content-background-meta":{"desktop":{"background-color":"var(--ast-global-color-5)","background-image":"","background-repeat":"repeat","background-position":"center center","background-size":"auto","background-attachment":"scroll","background-type":"","background-media":"","overlay-type":"","overlay-color":"","overlay-opacity":"","overlay-gradient":""},"tablet":{"background-color":"var(--ast-global-color-5)","background-image":"","background-repeat":"repeat","background-position":"center center","background-size":"auto","background-attachment":"scroll","background-type":"","background-media":"","overlay-type":"","overlay-color":"","overlay-opacity":"","overlay-gradient":""},"mobile":{"background-color":"var(--ast-global-color-5)","background-image":"","background-repeat":"repeat","background-position":"center center","background-size":"auto","background-attachment":"scroll","background-type":"","background-media":"","overlay-type":"","overlay-color":"","overlay-opacity":"","overlay-gradient":""}},"footnotes":""},"categories":[8],"tags":[],"class_list":["post-7902","post","type-post","status-publish","format-standard","has-post-thumbnail","hentry","category-noticias"],"yoast_head":"<!-- This site is optimized with the Yoast SEO plugin v25.4 - https:\/\/yoast.com\/wordpress\/plugins\/seo\/ -->\n<title>Asociaci\u00f3n de Exportadores y de Manufacturas otorga reconocimiento \u201cForjadores para el desarrollo de Chile\u201d al legado de Violeta Parra - Museo Violeta Parra<\/title>\n<meta name=\"robots\" content=\"index, follow, max-snippet:-1, max-image-preview:large, max-video-preview:-1\" \/>\n<link rel=\"canonical\" href=\"http:\/\/vientosur.top\/museo\/asociacion-de-exportadores-y-de-manufacturas-otorga-reconocimiento-forjadores-para-el-desarrollo-de-chile-al-legado-de-violeta-parra\/\" \/>\n<meta property=\"og:locale\" content=\"es_ES\" \/>\n<meta property=\"og:type\" content=\"article\" \/>\n<meta property=\"og:title\" content=\"Asociaci\u00f3n de Exportadores y de Manufacturas otorga reconocimiento \u201cForjadores para el desarrollo de Chile\u201d al legado de Violeta Parra - Museo Violeta Parra\" \/>\n<meta property=\"og:description\" content=\"Ernesto Ottone Ram\u00edrez, Ministro Presidente del Consejo Nacional de la Cultura y las Artes, asisti\u00f3 el martes 12 de diciembre a la trig\u00e9sima tercera versi\u00f3n de la Junta Anual de la Asociaci\u00f3n de Exportadores y de Manufacturas (ASEXMA) para recibir en honor al legado de Violeta Parra el reconocimiento \u201cForjadores para el desarrollo de Chile\u201d. [&hellip;]\" \/>\n<meta property=\"og:url\" content=\"http:\/\/vientosur.top\/museo\/asociacion-de-exportadores-y-de-manufacturas-otorga-reconocimiento-forjadores-para-el-desarrollo-de-chile-al-legado-de-violeta-parra\/\" \/>\n<meta property=\"og:site_name\" content=\"Museo Violeta Parra\" \/>\n<meta property=\"article:published_time\" content=\"2017-12-13T15:04:43+00:00\" \/>\n<meta property=\"og:image\" content=\"http:\/\/vientosur.top\/museo\/wp-content\/uploads\/2017\/12\/asexma1-1024x683-1.jpg\" \/>\n\t<meta property=\"og:image:width\" content=\"1024\" \/>\n\t<meta property=\"og:image:height\" content=\"683\" \/>\n\t<meta property=\"og:image:type\" content=\"image\/jpeg\" \/>\n<meta name=\"author\" content=\"admin\" \/>\n<meta name=\"twitter:card\" content=\"summary_large_image\" \/>\n<meta name=\"twitter:label1\" content=\"Escrito por\" \/>\n\t<meta name=\"twitter:data1\" content=\"admin\" \/>\n<script type=\"application\/ld+json\" class=\"yoast-schema-graph\">{\"@context\":\"https:\/\/schema.org\",\"@graph\":[{\"@type\":\"WebPage\",\"@id\":\"http:\/\/vientosur.top\/museo\/asociacion-de-exportadores-y-de-manufacturas-otorga-reconocimiento-forjadores-para-el-desarrollo-de-chile-al-legado-de-violeta-parra\/\",\"url\":\"http:\/\/vientosur.top\/museo\/asociacion-de-exportadores-y-de-manufacturas-otorga-reconocimiento-forjadores-para-el-desarrollo-de-chile-al-legado-de-violeta-parra\/\",\"name\":\"Asociaci\u00f3n de Exportadores y de Manufacturas otorga reconocimiento \u201cForjadores para el desarrollo de Chile\u201d al legado de Violeta Parra - Museo Violeta Parra\",\"isPartOf\":{\"@id\":\"http:\/\/vientosur.top\/museo\/#website\"},\"primaryImageOfPage\":{\"@id\":\"http:\/\/vientosur.top\/museo\/asociacion-de-exportadores-y-de-manufacturas-otorga-reconocimiento-forjadores-para-el-desarrollo-de-chile-al-legado-de-violeta-parra\/#primaryimage\"},\"image\":{\"@id\":\"http:\/\/vientosur.top\/museo\/asociacion-de-exportadores-y-de-manufacturas-otorga-reconocimiento-forjadores-para-el-desarrollo-de-chile-al-legado-de-violeta-parra\/#primaryimage\"},\"thumbnailUrl\":\"http:\/\/vientosur.top\/museo\/wp-content\/uploads\/2017\/12\/asexma1-1024x683-1.jpg\",\"datePublished\":\"2017-12-13T15:04:43+00:00\",\"author\":{\"@id\":\"http:\/\/vientosur.top\/museo\/#\/schema\/person\/20c79d3c38800971feec8c2693c3dd9c\"},\"breadcrumb\":{\"@id\":\"http:\/\/vientosur.top\/museo\/asociacion-de-exportadores-y-de-manufacturas-otorga-reconocimiento-forjadores-para-el-desarrollo-de-chile-al-legado-de-violeta-parra\/#breadcrumb\"},\"inLanguage\":\"es\",\"potentialAction\":[{\"@type\":\"ReadAction\",\"target\":[\"http:\/\/vientosur.top\/museo\/asociacion-de-exportadores-y-de-manufacturas-otorga-reconocimiento-forjadores-para-el-desarrollo-de-chile-al-legado-de-violeta-parra\/\"]}]},{\"@type\":\"ImageObject\",\"inLanguage\":\"es\",\"@id\":\"http:\/\/vientosur.top\/museo\/asociacion-de-exportadores-y-de-manufacturas-otorga-reconocimiento-forjadores-para-el-desarrollo-de-chile-al-legado-de-violeta-parra\/#primaryimage\",\"url\":\"http:\/\/vientosur.top\/museo\/wp-content\/uploads\/2017\/12\/asexma1-1024x683-1.jpg\",\"contentUrl\":\"http:\/\/vientosur.top\/museo\/wp-content\/uploads\/2017\/12\/asexma1-1024x683-1.jpg\",\"width\":1024,\"height\":683},{\"@type\":\"BreadcrumbList\",\"@id\":\"http:\/\/vientosur.top\/museo\/asociacion-de-exportadores-y-de-manufacturas-otorga-reconocimiento-forjadores-para-el-desarrollo-de-chile-al-legado-de-violeta-parra\/#breadcrumb\",\"itemListElement\":[{\"@type\":\"ListItem\",\"position\":1,\"name\":\"Portada\",\"item\":\"http:\/\/vientosur.top\/museo\/\"},{\"@type\":\"ListItem\",\"position\":2,\"name\":\"Asociaci\u00f3n de Exportadores y de Manufacturas otorga reconocimiento \u201cForjadores para el desarrollo de Chile\u201d al legado de Violeta Parra\"}]},{\"@type\":\"WebSite\",\"@id\":\"http:\/\/vientosur.top\/museo\/#website\",\"url\":\"http:\/\/vientosur.top\/museo\/\",\"name\":\"Museo Violeta Parra\",\"description\":\"Espacio que alberga tanto la memoria y legado creativo de la artista\",\"potentialAction\":[{\"@type\":\"SearchAction\",\"target\":{\"@type\":\"EntryPoint\",\"urlTemplate\":\"http:\/\/vientosur.top\/museo\/?s={search_term_string}\"},\"query-input\":{\"@type\":\"PropertyValueSpecification\",\"valueRequired\":true,\"valueName\":\"search_term_string\"}}],\"inLanguage\":\"es\"},{\"@type\":\"Person\",\"@id\":\"http:\/\/vientosur.top\/museo\/#\/schema\/person\/20c79d3c38800971feec8c2693c3dd9c\",\"name\":\"admin\",\"image\":{\"@type\":\"ImageObject\",\"inLanguage\":\"es\",\"@id\":\"http:\/\/vientosur.top\/museo\/#\/schema\/person\/image\/\",\"url\":\"https:\/\/secure.gravatar.com\/avatar\/713677ece3ffa642287213a80e5b773bce9ab81c269dd6d95102a990951c922f?s=96&d=mm&r=g\",\"contentUrl\":\"https:\/\/secure.gravatar.com\/avatar\/713677ece3ffa642287213a80e5b773bce9ab81c269dd6d95102a990951c922f?s=96&d=mm&r=g\",\"caption\":\"admin\"},\"sameAs\":[\"http:\/\/vientosur.top\/museo\"],\"url\":\"http:\/\/vientosur.top\/museo\/author\/comunicacionesmvp\/\"}]}<\/script>\n<!-- \/ Yoast SEO plugin. -->","yoast_head_json":{"title":"Asociaci\u00f3n de Exportadores y de Manufacturas otorga reconocimiento \u201cForjadores para el desarrollo de Chile\u201d al legado de Violeta Parra - Museo Violeta Parra","robots":{"index":"index","follow":"follow","max-snippet":"max-snippet:-1","max-image-preview":"max-image-preview:large","max-video-preview":"max-video-preview:-1"},"canonical":"http:\/\/vientosur.top\/museo\/asociacion-de-exportadores-y-de-manufacturas-otorga-reconocimiento-forjadores-para-el-desarrollo-de-chile-al-legado-de-violeta-parra\/","og_locale":"es_ES","og_type":"article","og_title":"Asociaci\u00f3n de Exportadores y de Manufacturas otorga reconocimiento \u201cForjadores para el desarrollo de Chile\u201d al legado de Violeta Parra - Museo Violeta Parra","og_description":"Ernesto Ottone Ram\u00edrez, Ministro Presidente del Consejo Nacional de la Cultura y las Artes, asisti\u00f3 el martes 12 de diciembre a la trig\u00e9sima tercera versi\u00f3n de la Junta Anual de la Asociaci\u00f3n de Exportadores y de Manufacturas (ASEXMA) para recibir en honor al legado de Violeta Parra el reconocimiento \u201cForjadores para el desarrollo de Chile\u201d. [&hellip;]","og_url":"http:\/\/vientosur.top\/museo\/asociacion-de-exportadores-y-de-manufacturas-otorga-reconocimiento-forjadores-para-el-desarrollo-de-chile-al-legado-de-violeta-parra\/","og_site_name":"Museo Violeta Parra","article_published_time":"2017-12-13T15:04:43+00:00","og_image":[{"width":1024,"height":683,"url":"http:\/\/vientosur.top\/museo\/wp-content\/uploads\/2017\/12\/asexma1-1024x683-1.jpg","type":"image\/jpeg"}],"author":"admin","twitter_card":"summary_large_image","twitter_misc":{"Escrito por":"admin"},"schema":{"@context":"https:\/\/schema.org","@graph":[{"@type":"WebPage","@id":"http:\/\/vientosur.top\/museo\/asociacion-de-exportadores-y-de-manufacturas-otorga-reconocimiento-forjadores-para-el-desarrollo-de-chile-al-legado-de-violeta-parra\/","url":"http:\/\/vientosur.top\/museo\/asociacion-de-exportadores-y-de-manufacturas-otorga-reconocimiento-forjadores-para-el-desarrollo-de-chile-al-legado-de-violeta-parra\/","name":"Asociaci\u00f3n de Exportadores y de Manufacturas otorga reconocimiento \u201cForjadores para el desarrollo de Chile\u201d al legado de Violeta Parra - Museo Violeta Parra","isPartOf":{"@id":"http:\/\/vientosur.top\/museo\/#website"},"primaryImageOfPage":{"@id":"http:\/\/vientosur.top\/museo\/asociacion-de-exportadores-y-de-manufacturas-otorga-reconocimiento-forjadores-para-el-desarrollo-de-chile-al-legado-de-violeta-parra\/#primaryimage"},"image":{"@id":"http:\/\/vientosur.top\/museo\/asociacion-de-exportadores-y-de-manufacturas-otorga-reconocimiento-forjadores-para-el-desarrollo-de-chile-al-legado-de-violeta-parra\/#primaryimage"},"thumbnailUrl":"http:\/\/vientosur.top\/museo\/wp-content\/uploads\/2017\/12\/asexma1-1024x683-1.jpg","datePublished":"2017-12-13T15:04:43+00:00","author":{"@id":"http:\/\/vientosur.top\/museo\/#\/schema\/person\/20c79d3c38800971feec8c2693c3dd9c"},"breadcrumb":{"@id":"http:\/\/vientosur.top\/museo\/asociacion-de-exportadores-y-de-manufacturas-otorga-reconocimiento-forjadores-para-el-desarrollo-de-chile-al-legado-de-violeta-parra\/#breadcrumb"},"inLanguage":"es","potentialAction":[{"@type":"ReadAction","target":["http:\/\/vientosur.top\/museo\/asociacion-de-exportadores-y-de-manufacturas-otorga-reconocimiento-forjadores-para-el-desarrollo-de-chile-al-legado-de-violeta-parra\/"]}]},{"@type":"ImageObject","inLanguage":"es","@id":"http:\/\/vientosur.top\/museo\/asociacion-de-exportadores-y-de-manufacturas-otorga-reconocimiento-forjadores-para-el-desarrollo-de-chile-al-legado-de-violeta-parra\/#primaryimage","url":"http:\/\/vientosur.top\/museo\/wp-content\/uploads\/2017\/12\/asexma1-1024x683-1.jpg","contentUrl":"http:\/\/vientosur.top\/museo\/wp-content\/uploads\/2017\/12\/asexma1-1024x683-1.jpg","width":1024,"height":683},{"@type":"BreadcrumbList","@id":"http:\/\/vientosur.top\/museo\/asociacion-de-exportadores-y-de-manufacturas-otorga-reconocimiento-forjadores-para-el-desarrollo-de-chile-al-legado-de-violeta-parra\/#breadcrumb","itemListElement":[{"@type":"ListItem","position":1,"name":"Portada","item":"http:\/\/vientosur.top\/museo\/"},{"@type":"ListItem","position":2,"name":"Asociaci\u00f3n de Exportadores y de Manufacturas otorga reconocimiento \u201cForjadores para el desarrollo de Chile\u201d al legado de Violeta Parra"}]},{"@type":"WebSite","@id":"http:\/\/vientosur.top\/museo\/#website","url":"http:\/\/vientosur.top\/museo\/","name":"Museo Violeta Parra","description":"Espacio que alberga tanto la memoria y legado creativo de la artista","potentialAction":[{"@type":"SearchAction","target":{"@type":"EntryPoint","urlTemplate":"http:\/\/vientosur.top\/museo\/?s={search_term_string}"},"query-input":{"@type":"PropertyValueSpecification","valueRequired":true,"valueName":"search_term_string"}}],"inLanguage":"es"},{"@type":"Person","@id":"http:\/\/vientosur.top\/museo\/#\/schema\/person\/20c79d3c38800971feec8c2693c3dd9c","name":"admin","image":{"@type":"ImageObject","inLanguage":"es","@id":"http:\/\/vientosur.top\/museo\/#\/schema\/person\/image\/","url":"https:\/\/secure.gravatar.com\/avatar\/713677ece3ffa642287213a80e5b773bce9ab81c269dd6d95102a990951c922f?s=96&d=mm&r=g","contentUrl":"https:\/\/secure.gravatar.com\/avatar\/713677ece3ffa642287213a80e5b773bce9ab81c269dd6d95102a990951c922f?s=96&d=mm&r=g","caption":"admin"},"sameAs":["http:\/\/vientosur.top\/museo"],"url":"http:\/\/vientosur.top\/museo\/author\/comunicacionesmvp\/"}]}},"_links":{"self":[{"href":"http:\/\/vientosur.top\/museo\/wp-json\/wp\/v2\/posts\/7902","targetHints":{"allow":["GET"]}}],"collection":[{"href":"http:\/\/vientosur.top\/museo\/wp-json\/wp\/v2\/posts"}],"about":[{"href":"http:\/\/vientosur.top\/museo\/wp-json\/wp\/v2\/types\/post"}],"author":[{"embeddable":true,"href":"http:\/\/vientosur.top\/museo\/wp-json\/wp\/v2\/users\/5"}],"replies":[{"embeddable":true,"href":"http:\/\/vientosur.top\/museo\/wp-json\/wp\/v2\/comments?post=7902"}],"version-history":[{"count":0,"href":"http:\/\/vientosur.top\/museo\/wp-json\/wp\/v2\/posts\/7902\/revisions"}],"wp:featuredmedia":[{"embeddable":true,"href":"http:\/\/vientosur.top\/museo\/wp-json\/wp\/v2\/media\/7903"}],"wp:attachment":[{"href":"http:\/\/vientosur.top\/museo\/wp-json\/wp\/v2\/media?parent=7902"}],"wp:term":[{"taxonomy":"category","embeddable":true,"href":"http:\/\/vientosur.top\/museo\/wp-json\/wp\/v2\/categories?post=7902"},{"taxonomy":"post_tag","embeddable":true,"href":"http:\/\/vientosur.top\/museo\/wp-json\/wp\/v2\/tags?post=7902"}],"curies":[{"name":"wp","href":"https:\/\/api.w.org\/{rel}","templated":true}]}}